{"id":9640,"date":"2025-09-11T16:36:44","date_gmt":"2025-09-11T14:36:44","guid":{"rendered":"https:\/\/www.haverskerque.fr\/?p=9640"},"modified":"2025-09-25T14:14:46","modified_gmt":"2025-09-25T12:14:46","slug":"conseil-municipal-du-19-septembre-2025","status":"publish","type":"post","link":"https:\/\/www.haverskerque.fr\/index.php\/2025\/09\/11\/conseil-municipal-du-19-septembre-2025\/","title":{"rendered":"Conseil municipal du 19 septembre 2025"},"content":{"rendered":"\n<h3 class=\"wp-block-heading\">ORDRE DU JOUR<\/h3>\n\n\n\n<ul class=\"wp-block-list\">\n<li>\u00c9lection du secr\u00e9taire de s\u00e9ance<\/li>\n<\/ul>\n\n\n\n<p><\/p>\n\n\n\n<ul class=\"wp-block-list\">\n<li>Approbation du proc\u00e8s-verbal du conseil municipal du 13 juin 2025<\/li>\n<\/ul>\n\n\n\n<p><\/p>\n\n\n\n<ul class=\"wp-block-list\">\n<li>Information de d\u00e9cision du Maire dans le cadre de ses d\u00e9l\u00e9gations<\/li>\n<\/ul>\n\n\n\n<p><strong>INTERCOMMUNALIT\u00c9<\/strong><\/p>\n\n\n\n<p>1. Annulation sollicitation fonds de concours &#8211; 2023 &#8211; Lutte contre le gaspillage alimentaire.<\/p>\n\n\n\n<p>2. Avis du conseil concernant le projet SMICTOM.<\/p>\n\n\n\n<p><strong>URBANISME<\/strong><\/p>\n\n\n\n<p>3. Adh\u00e9sion \u00e0 la convention de mise \u00e0 disposition du service commun d&rsquo;instruction des autorisations de travaux avec la Communaut\u00e9 de communes Flandres Lys (CCFL).<\/p>\n\n\n\n<p><strong>RESSOURCES HUMAINES<\/strong><\/p>\n\n\n\n<p>4. Cr\u00e9ation d&rsquo;un emploi non-permanent pour faire face \u00e0 un besoin li\u00e9 \u00e0 un accroissement temporaire d&rsquo;activit\u00e9 en p\u00e9riscolaire.<\/p>\n\n\n\n<p>5. Cr\u00e9ation d&rsquo;un emploi non-permanent pour faire face \u00e0 un besoin li\u00e9 \u00e0 un accroissement temporaire d&rsquo;activit\u00e9 en administratif.<\/p>\n\n\n\n<p>6. Suppression poste adjoint principal administratif 2\u00e8me classe.<\/p>\n\n\n\n<p>7. Mise \u00e0 jour tableau effectifs.<\/p>\n\n\n\n<p>8. Intervention sportive &#8211; milieu scolaire<\/p>\n\n\n\n<p>9. Intervention musicale &#8211; milieu scolaire<\/p>\n\n\n\n<p><strong>URBANISME<\/strong><\/p>\n\n\n\n<p>10. Acquisition du lot A N\u00b01877 et A N\u00b01835 Rue Louis Martel.<\/p>\n\n\n\n<p><strong>DIVERS<\/strong><\/p>\n\n\n\n<p>11. Approbation du nouveau nom de la m\u00e9diath\u00e8que.<\/p>\n\n\n\n<p>12. Achat de tickets de man\u00e8ge pour la ducasse.<\/p>\n\n\n\n<p>13. Proposition de r\u00e8glement de l&rsquo;atelier danse.<\/p>\n\n\n\n<div class=\"wp-block-file\"><a id=\"wp-block-file--media-1596257a-e097-497b-b480-301e388014de\" href=\"https:\/\/www.haverskerque.fr\/wp-content\/uploads\/2025\/09\/Convocation-CM-19-septembre-2025.pdf\" target=\"_blank\" rel=\"noreferrer noopener\">Convocation CM 19 septembre 2025<\/a><a href=\"https:\/\/www.haverskerque.fr\/wp-content\/uploads\/2025\/09\/Convocation-CM-19-septembre-2025.pdf\" class=\"wp-block-file__button wp-element-button\" download aria-describedby=\"wp-block-file--media-1596257a-e097-497b-b480-301e388014de\">T\u00e9l\u00e9charger<\/a><\/div>\n\n\n\n<div class=\"wp-block-file\"><a id=\"wp-block-file--media-25526eed-e1c1-49b5-b887-e37d57d86189\" href=\"https:\/\/www.haverskerque.fr\/wp-content\/uploads\/2025\/09\/PV-du-CM-du-19-09-25-tampon.pdf\" target=\"_blank\" rel=\"noreferrer noopener\">PV du CM du 19-09-25-tampon<\/a><a href=\"https:\/\/www.haverskerque.fr\/wp-content\/uploads\/2025\/09\/PV-du-CM-du-19-09-25-tampon.pdf\" class=\"wp-block-file__button wp-element-button\" download aria-describedby=\"wp-block-file--media-25526eed-e1c1-49b5-b887-e37d57d86189\">T\u00e9l\u00e9charger<\/a><\/div>\n\n\n\n<div class=\"wp-block-file\"><a id=\"wp-block-file--media-e81096b5-7e21-432a-8315-df0701fa6898\" href=\"https:\/\/www.haverskerque.fr\/wp-content\/uploads\/2025\/09\/031-Annulation-de-la-sollicitation-du-fonds-de-concours-2023-Lutte-contre-le-gaspillage-alimentaire.tampon.pdf\" target=\"_blank\" rel=\"noreferrer noopener\">031-Annulation de la sollicitation du fonds de concours-2023-Lutte contre le gaspillage alimentaire.tampon<\/a><a href=\"https:\/\/www.haverskerque.fr\/wp-content\/uploads\/2025\/09\/031-Annulation-de-la-sollicitation-du-fonds-de-concours-2023-Lutte-contre-le-gaspillage-alimentaire.tampon.pdf\" class=\"wp-block-file__button wp-element-button\" download aria-describedby=\"wp-block-file--media-e81096b5-7e21-432a-8315-df0701fa6898\">T\u00e9l\u00e9charger<\/a><\/div>\n\n\n\n<div class=\"wp-block-file\"><a id=\"wp-block-file--media-7def94d1-2a99-4f94-a3ef-f722f64f31f6\" href=\"https:\/\/www.haverskerque.fr\/wp-content\/uploads\/2025\/09\/032-Avis-du-Conseil-Municipal-concernant-le-projet-du-SMICTOM-relatif-a-la-creation-dune-nouvelle-installation-de-collecte-de-dechets-dangereux.pdf\" target=\"_blank\" rel=\"noreferrer noopener\">032-Avis du Conseil Municipal concernant le projet du SMICTOM relatif \u00e0 la cr\u00e9ation d&rsquo;une nouvelle installation de collecte de d\u00e9chets dangereux<\/a><a href=\"https:\/\/www.haverskerque.fr\/wp-content\/uploads\/2025\/09\/032-Avis-du-Conseil-Municipal-concernant-le-projet-du-SMICTOM-relatif-a-la-creation-dune-nouvelle-installation-de-collecte-de-dechets-dangereux.pdf\" class=\"wp-block-file__button wp-element-button\" download aria-describedby=\"wp-block-file--media-7def94d1-2a99-4f94-a3ef-f722f64f31f6\">T\u00e9l\u00e9charger<\/a><\/div>\n\n\n\n<div class=\"wp-block-file\"><a id=\"wp-block-file--media-074c992c-61b1-430a-8ad6-82e06589d007\" href=\"https:\/\/www.haverskerque.fr\/wp-content\/uploads\/2025\/09\/033-Adhesion-a-la-convention-de-mise-a-disposition-du-service-commun-d-instruction-des-autorisations-de-travaux-avec-la-Communaute-de-Communes-F.pdf\" target=\"_blank\" rel=\"noreferrer noopener\">033-Adhesion a la convention de mise a disposition du service commun d instruction des autorisations de travaux avec la Communaut\u00e9 de Communes F<\/a><a href=\"https:\/\/www.haverskerque.fr\/wp-content\/uploads\/2025\/09\/033-Adhesion-a-la-convention-de-mise-a-disposition-du-service-commun-d-instruction-des-autorisations-de-travaux-avec-la-Communaute-de-Communes-F.pdf\" class=\"wp-block-file__button wp-element-button\" download aria-describedby=\"wp-block-file--media-074c992c-61b1-430a-8ad6-82e06589d007\">T\u00e9l\u00e9charger<\/a><\/div>\n\n\n\n<div class=\"wp-block-file\"><a id=\"wp-block-file--media-ee94deb7-cc69-4fe0-8e3f-8ca2e10fd45a\" href=\"https:\/\/www.haverskerque.fr\/wp-content\/uploads\/2025\/09\/034-Deliberation-ponctuelle-portant-creation-d-un-emploi-non-permanent-pour-faire-face-a-un-besoin-lie-a-un-accroissement-temporaire-dactivite-.pdf\" target=\"_blank\" rel=\"noreferrer noopener\">034-Delib\u00e9ration ponctuelle portant creation d un emploi non permanent pour faire face a un besoin lie a un accroissement temporaire d&rsquo;activit\u00e9<\/a><a href=\"https:\/\/www.haverskerque.fr\/wp-content\/uploads\/2025\/09\/034-Deliberation-ponctuelle-portant-creation-d-un-emploi-non-permanent-pour-faire-face-a-un-besoin-lie-a-un-accroissement-temporaire-dactivite-.pdf\" class=\"wp-block-file__button wp-element-button\" download aria-describedby=\"wp-block-file--media-ee94deb7-cc69-4fe0-8e3f-8ca2e10fd45a\">T\u00e9l\u00e9charger<\/a><\/div>\n\n\n\n<div class=\"wp-block-file\"><a id=\"wp-block-file--media-26c1eff7-f487-48ac-8f36-c57e81767fae\" href=\"https:\/\/www.haverskerque.fr\/wp-content\/uploads\/2025\/09\/035-Deliberation-ponctuelle-portant-creation-dun-emploi-non-permanent-pour-faire-face-a-un-besoin-lie-a-un-accroissment-d-activite-admin-tampon.pdf\" target=\"_blank\" rel=\"noreferrer noopener\">035-D\u00e9lib\u00e9ration ponctuelle portant cr\u00e9ation d&rsquo;un emploi non permanent pour faire face a un besoin lie a un accroissment d activit\u00e9-admin-tampon<\/a><a href=\"https:\/\/www.haverskerque.fr\/wp-content\/uploads\/2025\/09\/035-Deliberation-ponctuelle-portant-creation-dun-emploi-non-permanent-pour-faire-face-a-un-besoin-lie-a-un-accroissment-d-activite-admin-tampon.pdf\" class=\"wp-block-file__button wp-element-button\" download aria-describedby=\"wp-block-file--media-26c1eff7-f487-48ac-8f36-c57e81767fae\">T\u00e9l\u00e9charger<\/a><\/div>\n\n\n\n<div class=\"wp-block-file\"><a id=\"wp-block-file--media-73fe80c5-b8ff-4390-83cf-be4943ad087c\" href=\"https:\/\/www.haverskerque.fr\/wp-content\/uploads\/2025\/09\/036-Suppression-dun-poste-adjoint-administratif-principal-de-2eme-classe.tampon.pdf\" target=\"_blank\" rel=\"noreferrer noopener\">036-Suppression d&rsquo;un poste adjoint administratif principal de 2\u00e8me classe.tampon<\/a><a href=\"https:\/\/www.haverskerque.fr\/wp-content\/uploads\/2025\/09\/036-Suppression-dun-poste-adjoint-administratif-principal-de-2eme-classe.tampon.pdf\" class=\"wp-block-file__button wp-element-button\" download aria-describedby=\"wp-block-file--media-73fe80c5-b8ff-4390-83cf-be4943ad087c\">T\u00e9l\u00e9charger<\/a><\/div>\n\n\n\n<div class=\"wp-block-file\"><a id=\"wp-block-file--media-125a347b-870d-4325-b0c1-1317fc4da0cb\" href=\"https:\/\/www.haverskerque.fr\/wp-content\/uploads\/2025\/09\/037-Personnel-communal-Mise-a-jour-du-tableau-des-effectifs.tampon.pdf\" target=\"_blank\" rel=\"noreferrer noopener\">037-Personnel communal &#8211; Mise \u00e0 jour du tableau des effectifs.tampon<\/a><a href=\"https:\/\/www.haverskerque.fr\/wp-content\/uploads\/2025\/09\/037-Personnel-communal-Mise-a-jour-du-tableau-des-effectifs.tampon.pdf\" class=\"wp-block-file__button wp-element-button\" download aria-describedby=\"wp-block-file--media-125a347b-870d-4325-b0c1-1317fc4da0cb\">T\u00e9l\u00e9charger<\/a><\/div>\n\n\n\n<div class=\"wp-block-file\"><a id=\"wp-block-file--media-b226f5b0-abca-48cf-a875-c9abfbce71ec\" href=\"https:\/\/www.haverskerque.fr\/wp-content\/uploads\/2025\/09\/038-Intervention-sportive-en-milieu-scolaire-Recrutement-et-remuneration-pour-lannee-2025-2026.tampon.pdf\" target=\"_blank\" rel=\"noreferrer noopener\">038-Intervention sportive en milieu scolaire &#8211; Recrutement et r\u00e9mun\u00e9ration pour l&rsquo;ann\u00e9e 2025-2026.tampon<\/a><a href=\"https:\/\/www.haverskerque.fr\/wp-content\/uploads\/2025\/09\/038-Intervention-sportive-en-milieu-scolaire-Recrutement-et-remuneration-pour-lannee-2025-2026.tampon.pdf\" class=\"wp-block-file__button wp-element-button\" download aria-describedby=\"wp-block-file--media-b226f5b0-abca-48cf-a875-c9abfbce71ec\">T\u00e9l\u00e9charger<\/a><\/div>\n\n\n\n<div class=\"wp-block-file\"><a id=\"wp-block-file--media-c28f0262-3824-46f8-a076-67b8dcc3404c\" href=\"https:\/\/www.haverskerque.fr\/wp-content\/uploads\/2025\/09\/039-Intervention-musicale-en-milieu-scolaire-Recrutement-et-remuneration-pour-lannee-scolaire-2025-2026.tampon.pdf\" target=\"_blank\" rel=\"noreferrer noopener\">039-Intervention musicale en milieu scolaire &#8211; Recrutement et r\u00e9mun\u00e9ration pour l&rsquo;ann\u00e9e scolaire 2025-2026.tampon<\/a><a href=\"https:\/\/www.haverskerque.fr\/wp-content\/uploads\/2025\/09\/039-Intervention-musicale-en-milieu-scolaire-Recrutement-et-remuneration-pour-lannee-scolaire-2025-2026.tampon.pdf\" class=\"wp-block-file__button wp-element-button\" download aria-describedby=\"wp-block-file--media-c28f0262-3824-46f8-a076-67b8dcc3404c\">T\u00e9l\u00e9charger<\/a><\/div>\n\n\n\n<div class=\"wp-block-file\"><a id=\"wp-block-file--media-4cdf9f04-e85d-4098-8907-481288657a9d\" href=\"https:\/\/www.haverskerque.fr\/wp-content\/uploads\/2025\/09\/040-Acquisition-de-deux-parcelles-Rue-Louis-Martel.tampon.pdf\" target=\"_blank\" rel=\"noreferrer noopener\">040-Acquisition de deux parcelles &#8211; Rue Louis Martel.tampon<\/a><a href=\"https:\/\/www.haverskerque.fr\/wp-content\/uploads\/2025\/09\/040-Acquisition-de-deux-parcelles-Rue-Louis-Martel.tampon.pdf\" class=\"wp-block-file__button wp-element-button\" download aria-describedby=\"wp-block-file--media-4cdf9f04-e85d-4098-8907-481288657a9d\">T\u00e9l\u00e9charger<\/a><\/div>\n\n\n\n<div class=\"wp-block-file\"><a id=\"wp-block-file--media-740f51ce-9d40-4166-8609-f04b4a6f9f5e\" href=\"https:\/\/www.haverskerque.fr\/wp-content\/uploads\/2025\/09\/041-Approbation-du-nouveau-nom-de-la-mediatheque.tampon.pdf\" target=\"_blank\" rel=\"noreferrer noopener\">041-Approbation du nouveau nom de la mediatheque.tampon<\/a><a href=\"https:\/\/www.haverskerque.fr\/wp-content\/uploads\/2025\/09\/041-Approbation-du-nouveau-nom-de-la-mediatheque.tampon.pdf\" class=\"wp-block-file__button wp-element-button\" download aria-describedby=\"wp-block-file--media-740f51ce-9d40-4166-8609-f04b4a6f9f5e\">T\u00e9l\u00e9charger<\/a><\/div>\n\n\n\n<div class=\"wp-block-file\"><a id=\"wp-block-file--media-e9dcf140-5846-49c7-bfbd-d9ef7d5e6847\" href=\"https:\/\/www.haverskerque.fr\/wp-content\/uploads\/2025\/09\/042-Ducasse-dHaverskerque-prise-en-charge-de-tickets-de-manege-par-la-commune.tampon.pdf\" target=\"_blank\" rel=\"noreferrer noopener\">042-Ducasse d&rsquo;Haverskerque &#8211; prise en charge de tickets de manege par la commune.tampon<\/a><a href=\"https:\/\/www.haverskerque.fr\/wp-content\/uploads\/2025\/09\/042-Ducasse-dHaverskerque-prise-en-charge-de-tickets-de-manege-par-la-commune.tampon.pdf\" class=\"wp-block-file__button wp-element-button\" download aria-describedby=\"wp-block-file--media-e9dcf140-5846-49c7-bfbd-d9ef7d5e6847\">T\u00e9l\u00e9charger<\/a><\/div>\n\n\n\n<div class=\"wp-block-file\"><a id=\"wp-block-file--media-b57395a2-c689-458f-9c6b-c0a3631b22be\" href=\"https:\/\/www.haverskerque.fr\/wp-content\/uploads\/2025\/09\/043-Proposition-de-reglement-de-lecole-de-danse.tampon.pdf\" target=\"_blank\" rel=\"noreferrer noopener\">043-Proposition de r\u00e8glement de l&rsquo;\u00e9cole de danse.tampon<\/a><a href=\"https:\/\/www.haverskerque.fr\/wp-content\/uploads\/2025\/09\/043-Proposition-de-reglement-de-lecole-de-danse.tampon.pdf\" class=\"wp-block-file__button wp-element-button\" download aria-describedby=\"wp-block-file--media-b57395a2-c689-458f-9c6b-c0a3631b22be\">T\u00e9l\u00e9charger<\/a><\/div>\n\n\n\n<div class=\"wp-block-file\"><a id=\"wp-block-file--media-4c710af8-c411-4d0e-b9d3-abd626e0178d\" href=\"https:\/\/www.haverskerque.fr\/wp-content\/uploads\/2025\/09\/044-Avis-sur-la-demande-daffiliation-volontaire-au-CDG-59-du-Syndicat-mixte-des-ports-interieurs-du-canal-Seine-Nord-Europe.tampon.pdf\" target=\"_blank\" rel=\"noreferrer noopener\">044-Avis sur la demande d&rsquo;affiliation volontaire au CDG 59 du Syndicat mixte des ports int\u00e9rieurs du canal Seine-Nord-Europe.tampon<\/a><a href=\"https:\/\/www.haverskerque.fr\/wp-content\/uploads\/2025\/09\/044-Avis-sur-la-demande-daffiliation-volontaire-au-CDG-59-du-Syndicat-mixte-des-ports-interieurs-du-canal-Seine-Nord-Europe.tampon.pdf\" class=\"wp-block-file__button wp-element-button\" download aria-describedby=\"wp-block-file--media-4c710af8-c411-4d0e-b9d3-abd626e0178d\">T\u00e9l\u00e9charger<\/a><\/div>\n\n\n\n<div class=\"wp-block-file\"><a id=\"wp-block-file--media-2ddb7b9b-f7d1-49e2-8760-a454ba66216c\" href=\"https:\/\/www.haverskerque.fr\/wp-content\/uploads\/2025\/09\/045-Designation-dun-correspondant-communal-pour-la-lutte-contre-linvasion-du-moustique-tigre.tampon.pdf\" target=\"_blank\" rel=\"noreferrer noopener\">045-Designation d&rsquo;un correspondant communal pour la lutte contre l&rsquo;invasion du moustique tigre.tampon<\/a><a href=\"https:\/\/www.haverskerque.fr\/wp-content\/uploads\/2025\/09\/045-Designation-dun-correspondant-communal-pour-la-lutte-contre-linvasion-du-moustique-tigre.tampon.pdf\" class=\"wp-block-file__button wp-element-button\" download aria-describedby=\"wp-block-file--media-2ddb7b9b-f7d1-49e2-8760-a454ba66216c\">T\u00e9l\u00e9charger<\/a><\/div>\n","protected":false},"excerpt":{"rendered":"<p>ORDRE DU JOUR INTERCOMMUNALIT\u00c9 1. Annulation sollicitation fonds de concours &#8211; 2023 &#8211; Lutte contre le gaspillage alimentaire. 2. Avis du conseil concernant le projet SMICTOM. URBANISME 3. Adh\u00e9sion \u00e0 la convention de mise \u00e0 disposition du service commun d&rsquo;instruction des autorisations de travaux avec la Communaut\u00e9 de communes Flandres Lys (CCFL). RESSOURCES HUMAINES 4. Cr\u00e9ation d&rsquo;un emploi non-permanent pour faire face \u00e0 un besoin li\u00e9 \u00e0 un accroissement temporaire d&rsquo;activit\u00e9 en p\u00e9riscolaire. 5. Cr\u00e9ation d&rsquo;un emploi non-permanent pour faire face \u00e0 un besoin li\u00e9 \u00e0 un accroissement temporaire d&rsquo;activit\u00e9 en administratif. 6. Suppression poste adjoint principal administratif 2\u00e8me classe. 7. Mise \u00e0 jour tableau effectifs. 8. Intervention sportive &#8211; milieu scolaire 9. Intervention musicale &#8211; milieu scolaire URBANISME 10. Acquisition du lot A N\u00b01877 et A N\u00b01835 Rue Louis Martel. DIVERS 11. Approbation du nouveau nom de la m\u00e9diath\u00e8que. 12. Achat de tickets de man\u00e8ge pour la ducasse. 13. Proposition de r\u00e8glement de l&rsquo;atelier danse.<\/p>\n","protected":false},"author":2,"featured_media":568,"comment_status":"closed","ping_status":"closed","sticky":false,"template":"","format":"standard","meta":{"cybocfi_hide_featured_image":"yes","footnotes":""},"categories":[10],"tags":[],"class_list":["post-9640","post","type-post","status-publish","format-standard","has-post-thumbnail","hentry","category-conseil-mnicipal"],"yoast_head":"<!-- This site is optimized with the Yoast SEO plugin v27.5 - https:\/\/yoast.com\/product\/yoast-seo-wordpress\/ -->\n<title>Conseil municipal du 19 septembre 2025 * Haverskerque, 100% Nature !*<\/title>\n<meta name=\"robots\" content=\"index, follow, max-snippet:-1, max-image-preview:large, max-video-preview:-1\" \/>\n<link rel=\"canonical\" href=\"https:\/\/www.haverskerque.fr\/index.php\/2025\/09\/11\/conseil-municipal-du-19-septembre-2025\/\" \/>\n<meta property=\"og:locale\" content=\"fr_FR\" \/>\n<meta property=\"og:type\" content=\"article\" \/>\n<meta property=\"og:title\" content=\"Conseil municipal du 19 septembre 2025 * Haverskerque, 100% Nature !*\" \/>\n<meta property=\"og:description\" content=\"ORDRE DU JOUR INTERCOMMUNALIT\u00c9 1. Annulation sollicitation fonds de concours &#8211; 2023 &#8211; Lutte contre le gaspillage alimentaire. 2. Avis du conseil concernant le projet SMICTOM. URBANISME 3. Adh\u00e9sion \u00e0 la convention de mise \u00e0 disposition du service commun d&rsquo;instruction des autorisations de travaux avec la Communaut\u00e9 de communes Flandres Lys (CCFL). RESSOURCES HUMAINES 4. Cr\u00e9ation d&rsquo;un emploi non-permanent pour faire face \u00e0 un besoin li\u00e9 \u00e0 un accroissement temporaire d&rsquo;activit\u00e9 en p\u00e9riscolaire. 5. Cr\u00e9ation d&rsquo;un emploi non-permanent pour faire face \u00e0 un besoin li\u00e9 \u00e0 un accroissement temporaire d&rsquo;activit\u00e9 en administratif. 6. Suppression poste adjoint principal administratif 2\u00e8me classe. 7. Mise \u00e0 jour tableau effectifs. 8. Intervention sportive &#8211; milieu scolaire 9. Intervention musicale &#8211; milieu scolaire URBANISME 10. Acquisition du lot A N\u00b01877 et A N\u00b01835 Rue Louis Martel. DIVERS 11. Approbation du nouveau nom de la m\u00e9diath\u00e8que. 12. Achat de tickets de man\u00e8ge pour la ducasse. 13. Proposition de r\u00e8glement de l&rsquo;atelier danse.\" \/>\n<meta property=\"og:url\" content=\"https:\/\/www.haverskerque.fr\/index.php\/2025\/09\/11\/conseil-municipal-du-19-septembre-2025\/\" \/>\n<meta property=\"og:site_name\" content=\"Haverskerque, 100% Nature !*\" \/>\n<meta property=\"article:publisher\" content=\"https:\/\/www.facebook.com\/communehaverskerque\" \/>\n<meta property=\"article:published_time\" content=\"2025-09-11T14:36:44+00:00\" \/>\n<meta property=\"article:modified_time\" content=\"2025-09-25T12:14:46+00:00\" \/>\n<meta property=\"og:image\" content=\"https:\/\/www.haverskerque.fr\/wp-content\/uploads\/2023\/02\/conseil_municipal.jpg\" \/>\n\t<meta property=\"og:image:width\" content=\"1200\" \/>\n\t<meta property=\"og:image:height\" content=\"630\" \/>\n\t<meta property=\"og:image:type\" content=\"image\/jpeg\" \/>\n<meta name=\"author\" content=\"Communication\" \/>\n<meta name=\"twitter:card\" content=\"summary_large_image\" \/>\n<meta name=\"twitter:label1\" content=\"\u00c9crit par\" \/>\n\t<meta name=\"twitter:data1\" content=\"Communication\" \/>\n\t<meta name=\"twitter:label2\" content=\"Dur\u00e9e de lecture estim\u00e9e\" \/>\n\t<meta name=\"twitter:data2\" content=\"3 minutes\" \/>\n<script type=\"application\/ld+json\" class=\"yoast-schema-graph\">{\"@context\":\"https:\\\/\\\/schema.org\",\"@graph\":[{\"@type\":\"Article\",\"@id\":\"https:\\\/\\\/www.haverskerque.fr\\\/index.php\\\/2025\\\/09\\\/11\\\/conseil-municipal-du-19-septembre-2025\\\/#article\",\"isPartOf\":{\"@id\":\"https:\\\/\\\/www.haverskerque.fr\\\/index.php\\\/2025\\\/09\\\/11\\\/conseil-municipal-du-19-septembre-2025\\\/\"},\"author\":{\"name\":\"Communication\",\"@id\":\"https:\\\/\\\/haverskerque.fr\\\/#\\\/schema\\\/person\\\/aafb858b21dd4f2d37a7ab8c59b836ad\"},\"headline\":\"Conseil municipal du 19 septembre 2025\",\"datePublished\":\"2025-09-11T14:36:44+00:00\",\"dateModified\":\"2025-09-25T12:14:46+00:00\",\"mainEntityOfPage\":{\"@id\":\"https:\\\/\\\/www.haverskerque.fr\\\/index.php\\\/2025\\\/09\\\/11\\\/conseil-municipal-du-19-septembre-2025\\\/\"},\"wordCount\":485,\"publisher\":{\"@id\":\"https:\\\/\\\/haverskerque.fr\\\/#organization\"},\"image\":{\"@id\":\"https:\\\/\\\/www.haverskerque.fr\\\/index.php\\\/2025\\\/09\\\/11\\\/conseil-municipal-du-19-septembre-2025\\\/#primaryimage\"},\"thumbnailUrl\":\"https:\\\/\\\/www.haverskerque.fr\\\/wp-content\\\/uploads\\\/2023\\\/02\\\/conseil_municipal.jpg\",\"articleSection\":[\"Conseil municipal\"],\"inLanguage\":\"fr-FR\"},{\"@type\":\"WebPage\",\"@id\":\"https:\\\/\\\/www.haverskerque.fr\\\/index.php\\\/2025\\\/09\\\/11\\\/conseil-municipal-du-19-septembre-2025\\\/\",\"url\":\"https:\\\/\\\/www.haverskerque.fr\\\/index.php\\\/2025\\\/09\\\/11\\\/conseil-municipal-du-19-septembre-2025\\\/\",\"name\":\"Conseil municipal du 19 septembre 2025 * Haverskerque, 100% Nature !*\",\"isPartOf\":{\"@id\":\"https:\\\/\\\/haverskerque.fr\\\/#website\"},\"primaryImageOfPage\":{\"@id\":\"https:\\\/\\\/www.haverskerque.fr\\\/index.php\\\/2025\\\/09\\\/11\\\/conseil-municipal-du-19-septembre-2025\\\/#primaryimage\"},\"image\":{\"@id\":\"https:\\\/\\\/www.haverskerque.fr\\\/index.php\\\/2025\\\/09\\\/11\\\/conseil-municipal-du-19-septembre-2025\\\/#primaryimage\"},\"thumbnailUrl\":\"https:\\\/\\\/www.haverskerque.fr\\\/wp-content\\\/uploads\\\/2023\\\/02\\\/conseil_municipal.jpg\",\"datePublished\":\"2025-09-11T14:36:44+00:00\",\"dateModified\":\"2025-09-25T12:14:46+00:00\",\"breadcrumb\":{\"@id\":\"https:\\\/\\\/www.haverskerque.fr\\\/index.php\\\/2025\\\/09\\\/11\\\/conseil-municipal-du-19-septembre-2025\\\/#breadcrumb\"},\"inLanguage\":\"fr-FR\",\"potentialAction\":[{\"@type\":\"ReadAction\",\"target\":[\"https:\\\/\\\/www.haverskerque.fr\\\/index.php\\\/2025\\\/09\\\/11\\\/conseil-municipal-du-19-septembre-2025\\\/\"]}]},{\"@type\":\"BreadcrumbList\",\"@id\":\"https:\\\/\\\/www.haverskerque.fr\\\/index.php\\\/2025\\\/09\\\/11\\\/conseil-municipal-du-19-septembre-2025\\\/#breadcrumb\",\"itemListElement\":[{\"@type\":\"ListItem\",\"position\":1,\"name\":\"Accueil\",\"item\":\"https:\\\/\\\/www.haverskerque.fr\\\/\"},{\"@type\":\"ListItem\",\"position\":2,\"name\":\"Conseil municipal du 19 septembre 2025\"}]},{\"@type\":\"WebSite\",\"@id\":\"https:\\\/\\\/haverskerque.fr\\\/#website\",\"url\":\"https:\\\/\\\/haverskerque.fr\\\/\",\"name\":\"Haverskerque\",\"description\":\"Haverskerque, 100% Nature !\",\"publisher\":{\"@id\":\"https:\\\/\\\/haverskerque.fr\\\/#organization\"},\"alternateName\":\"Haverskerque\",\"potentialAction\":[{\"@type\":\"SearchAction\",\"target\":{\"@type\":\"EntryPoint\",\"urlTemplate\":\"https:\\\/\\\/haverskerque.fr\\\/?s={search_term_string}\"},\"query-input\":{\"@type\":\"PropertyValueSpecification\",\"valueRequired\":true,\"valueName\":\"search_term_string\"}}],\"inLanguage\":\"fr-FR\"},{\"@type\":\"Organization\",\"@id\":\"https:\\\/\\\/haverskerque.fr\\\/#organization\",\"name\":\"Commune d'Haverskerque\",\"alternateName\":\"Commune d'Haverskerque\",\"url\":\"https:\\\/\\\/haverskerque.fr\\\/\",\"logo\":{\"@type\":\"ImageObject\",\"inLanguage\":\"fr-FR\",\"@id\":\"https:\\\/\\\/haverskerque.fr\\\/#\\\/schema\\\/logo\\\/image\\\/\",\"url\":\"https:\\\/\\\/haverskerque.fr\\\/wp-content\\\/uploads\\\/2024\\\/01\\\/siteon0-e5814-1.png\",\"contentUrl\":\"https:\\\/\\\/haverskerque.fr\\\/wp-content\\\/uploads\\\/2024\\\/01\\\/siteon0-e5814-1.png\",\"width\":236,\"height\":102,\"caption\":\"Commune d'Haverskerque\"},\"image\":{\"@id\":\"https:\\\/\\\/haverskerque.fr\\\/#\\\/schema\\\/logo\\\/image\\\/\"},\"sameAs\":[\"https:\\\/\\\/www.facebook.com\\\/communehaverskerque\",\"https:\\\/\\\/www.instagram.com\\\/communehaverskerque\\\/\"]},{\"@type\":\"Person\",\"@id\":\"https:\\\/\\\/haverskerque.fr\\\/#\\\/schema\\\/person\\\/aafb858b21dd4f2d37a7ab8c59b836ad\",\"name\":\"Communication\",\"image\":{\"@type\":\"ImageObject\",\"inLanguage\":\"fr-FR\",\"@id\":\"https:\\\/\\\/secure.gravatar.com\\\/avatar\\\/f1f32f6a5fe89824a018e48a8d0132dc8a2017a5c81ea8ad1f3bdfd5fe9dddc4?s=96&d=mm&r=g\",\"url\":\"https:\\\/\\\/secure.gravatar.com\\\/avatar\\\/f1f32f6a5fe89824a018e48a8d0132dc8a2017a5c81ea8ad1f3bdfd5fe9dddc4?s=96&d=mm&r=g\",\"contentUrl\":\"https:\\\/\\\/secure.gravatar.com\\\/avatar\\\/f1f32f6a5fe89824a018e48a8d0132dc8a2017a5c81ea8ad1f3bdfd5fe9dddc4?s=96&d=mm&r=g\",\"caption\":\"Communication\"},\"url\":\"https:\\\/\\\/www.haverskerque.fr\\\/index.php\\\/author\\\/clement\\\/\"}]}<\/script>\n<!-- \/ Yoast SEO plugin. -->","yoast_head_json":{"title":"Conseil municipal du 19 septembre 2025 * Haverskerque, 100% Nature !*","robots":{"index":"index","follow":"follow","max-snippet":"max-snippet:-1","max-image-preview":"max-image-preview:large","max-video-preview":"max-video-preview:-1"},"canonical":"https:\/\/www.haverskerque.fr\/index.php\/2025\/09\/11\/conseil-municipal-du-19-septembre-2025\/","og_locale":"fr_FR","og_type":"article","og_title":"Conseil municipal du 19 septembre 2025 * Haverskerque, 100% Nature !*","og_description":"ORDRE DU JOUR INTERCOMMUNALIT\u00c9 1. Annulation sollicitation fonds de concours &#8211; 2023 &#8211; Lutte contre le gaspillage alimentaire. 2. Avis du conseil concernant le projet SMICTOM. URBANISME 3. Adh\u00e9sion \u00e0 la convention de mise \u00e0 disposition du service commun d&rsquo;instruction des autorisations de travaux avec la Communaut\u00e9 de communes Flandres Lys (CCFL). RESSOURCES HUMAINES 4. Cr\u00e9ation d&rsquo;un emploi non-permanent pour faire face \u00e0 un besoin li\u00e9 \u00e0 un accroissement temporaire d&rsquo;activit\u00e9 en p\u00e9riscolaire. 5. Cr\u00e9ation d&rsquo;un emploi non-permanent pour faire face \u00e0 un besoin li\u00e9 \u00e0 un accroissement temporaire d&rsquo;activit\u00e9 en administratif. 6. Suppression poste adjoint principal administratif 2\u00e8me classe. 7. Mise \u00e0 jour tableau effectifs. 8. Intervention sportive &#8211; milieu scolaire 9. Intervention musicale &#8211; milieu scolaire URBANISME 10. Acquisition du lot A N\u00b01877 et A N\u00b01835 Rue Louis Martel. DIVERS 11. Approbation du nouveau nom de la m\u00e9diath\u00e8que. 12. Achat de tickets de man\u00e8ge pour la ducasse. 13. Proposition de r\u00e8glement de l&rsquo;atelier danse.","og_url":"https:\/\/www.haverskerque.fr\/index.php\/2025\/09\/11\/conseil-municipal-du-19-septembre-2025\/","og_site_name":"Haverskerque, 100% Nature !*","article_publisher":"https:\/\/www.facebook.com\/communehaverskerque","article_published_time":"2025-09-11T14:36:44+00:00","article_modified_time":"2025-09-25T12:14:46+00:00","og_image":[{"width":1200,"height":630,"url":"https:\/\/www.haverskerque.fr\/wp-content\/uploads\/2023\/02\/conseil_municipal.jpg","type":"image\/jpeg"}],"author":"Communication","twitter_card":"summary_large_image","twitter_misc":{"\u00c9crit par":"Communication","Dur\u00e9e de lecture estim\u00e9e":"3 minutes"},"schema":{"@context":"https:\/\/schema.org","@graph":[{"@type":"Article","@id":"https:\/\/www.haverskerque.fr\/index.php\/2025\/09\/11\/conseil-municipal-du-19-septembre-2025\/#article","isPartOf":{"@id":"https:\/\/www.haverskerque.fr\/index.php\/2025\/09\/11\/conseil-municipal-du-19-septembre-2025\/"},"author":{"name":"Communication","@id":"https:\/\/haverskerque.fr\/#\/schema\/person\/aafb858b21dd4f2d37a7ab8c59b836ad"},"headline":"Conseil municipal du 19 septembre 2025","datePublished":"2025-09-11T14:36:44+00:00","dateModified":"2025-09-25T12:14:46+00:00","mainEntityOfPage":{"@id":"https:\/\/www.haverskerque.fr\/index.php\/2025\/09\/11\/conseil-municipal-du-19-septembre-2025\/"},"wordCount":485,"publisher":{"@id":"https:\/\/haverskerque.fr\/#organization"},"image":{"@id":"https:\/\/www.haverskerque.fr\/index.php\/2025\/09\/11\/conseil-municipal-du-19-septembre-2025\/#primaryimage"},"thumbnailUrl":"https:\/\/www.haverskerque.fr\/wp-content\/uploads\/2023\/02\/conseil_municipal.jpg","articleSection":["Conseil municipal"],"inLanguage":"fr-FR"},{"@type":"WebPage","@id":"https:\/\/www.haverskerque.fr\/index.php\/2025\/09\/11\/conseil-municipal-du-19-septembre-2025\/","url":"https:\/\/www.haverskerque.fr\/index.php\/2025\/09\/11\/conseil-municipal-du-19-septembre-2025\/","name":"Conseil municipal du 19 septembre 2025 * Haverskerque, 100% Nature !*","isPartOf":{"@id":"https:\/\/haverskerque.fr\/#website"},"primaryImageOfPage":{"@id":"https:\/\/www.haverskerque.fr\/index.php\/2025\/09\/11\/conseil-municipal-du-19-septembre-2025\/#primaryimage"},"image":{"@id":"https:\/\/www.haverskerque.fr\/index.php\/2025\/09\/11\/conseil-municipal-du-19-septembre-2025\/#primaryimage"},"thumbnailUrl":"https:\/\/www.haverskerque.fr\/wp-content\/uploads\/2023\/02\/conseil_municipal.jpg","datePublished":"2025-09-11T14:36:44+00:00","dateModified":"2025-09-25T12:14:46+00:00","breadcrumb":{"@id":"https:\/\/www.haverskerque.fr\/index.php\/2025\/09\/11\/conseil-municipal-du-19-septembre-2025\/#breadcrumb"},"inLanguage":"fr-FR","potentialAction":[{"@type":"ReadAction","target":["https:\/\/www.haverskerque.fr\/index.php\/2025\/09\/11\/conseil-municipal-du-19-septembre-2025\/"]}]},{"@type":"BreadcrumbList","@id":"https:\/\/www.haverskerque.fr\/index.php\/2025\/09\/11\/conseil-municipal-du-19-septembre-2025\/#breadcrumb","itemListElement":[{"@type":"ListItem","position":1,"name":"Accueil","item":"https:\/\/www.haverskerque.fr\/"},{"@type":"ListItem","position":2,"name":"Conseil municipal du 19 septembre 2025"}]},{"@type":"WebSite","@id":"https:\/\/haverskerque.fr\/#website","url":"https:\/\/haverskerque.fr\/","name":"Haverskerque","description":"Haverskerque, 100% Nature !","publisher":{"@id":"https:\/\/haverskerque.fr\/#organization"},"alternateName":"Haverskerque","potentialAction":[{"@type":"SearchAction","target":{"@type":"EntryPoint","urlTemplate":"https:\/\/haverskerque.fr\/?s={search_term_string}"},"query-input":{"@type":"PropertyValueSpecification","valueRequired":true,"valueName":"search_term_string"}}],"inLanguage":"fr-FR"},{"@type":"Organization","@id":"https:\/\/haverskerque.fr\/#organization","name":"Commune d'Haverskerque","alternateName":"Commune d'Haverskerque","url":"https:\/\/haverskerque.fr\/","logo":{"@type":"ImageObject","inLanguage":"fr-FR","@id":"https:\/\/haverskerque.fr\/#\/schema\/logo\/image\/","url":"https:\/\/haverskerque.fr\/wp-content\/uploads\/2024\/01\/siteon0-e5814-1.png","contentUrl":"https:\/\/haverskerque.fr\/wp-content\/uploads\/2024\/01\/siteon0-e5814-1.png","width":236,"height":102,"caption":"Commune d'Haverskerque"},"image":{"@id":"https:\/\/haverskerque.fr\/#\/schema\/logo\/image\/"},"sameAs":["https:\/\/www.facebook.com\/communehaverskerque","https:\/\/www.instagram.com\/communehaverskerque\/"]},{"@type":"Person","@id":"https:\/\/haverskerque.fr\/#\/schema\/person\/aafb858b21dd4f2d37a7ab8c59b836ad","name":"Communication","image":{"@type":"ImageObject","inLanguage":"fr-FR","@id":"https:\/\/secure.gravatar.com\/avatar\/f1f32f6a5fe89824a018e48a8d0132dc8a2017a5c81ea8ad1f3bdfd5fe9dddc4?s=96&d=mm&r=g","url":"https:\/\/secure.gravatar.com\/avatar\/f1f32f6a5fe89824a018e48a8d0132dc8a2017a5c81ea8ad1f3bdfd5fe9dddc4?s=96&d=mm&r=g","contentUrl":"https:\/\/secure.gravatar.com\/avatar\/f1f32f6a5fe89824a018e48a8d0132dc8a2017a5c81ea8ad1f3bdfd5fe9dddc4?s=96&d=mm&r=g","caption":"Communication"},"url":"https:\/\/www.haverskerque.fr\/index.php\/author\/clement\/"}]}},"_links":{"self":[{"href":"https:\/\/www.haverskerque.fr\/index.php\/wp-json\/wp\/v2\/posts\/9640","targetHints":{"allow":["GET"]}}],"collection":[{"href":"https:\/\/www.haverskerque.fr\/index.php\/wp-json\/wp\/v2\/posts"}],"about":[{"href":"https:\/\/www.haverskerque.fr\/index.php\/wp-json\/wp\/v2\/types\/post"}],"author":[{"embeddable":true,"href":"https:\/\/www.haverskerque.fr\/index.php\/wp-json\/wp\/v2\/users\/2"}],"replies":[{"embeddable":true,"href":"https:\/\/www.haverskerque.fr\/index.php\/wp-json\/wp\/v2\/comments?post=9640"}],"version-history":[{"count":3,"href":"https:\/\/www.haverskerque.fr\/index.php\/wp-json\/wp\/v2\/posts\/9640\/revisions"}],"predecessor-version":[{"id":9678,"href":"https:\/\/www.haverskerque.fr\/index.php\/wp-json\/wp\/v2\/posts\/9640\/revisions\/9678"}],"wp:featuredmedia":[{"embeddable":true,"href":"https:\/\/www.haverskerque.fr\/index.php\/wp-json\/wp\/v2\/media\/568"}],"wp:attachment":[{"href":"https:\/\/www.haverskerque.fr\/index.php\/wp-json\/wp\/v2\/media?parent=9640"}],"wp:term":[{"taxonomy":"category","embeddable":true,"href":"https:\/\/www.haverskerque.fr\/index.php\/wp-json\/wp\/v2\/categories?post=9640"},{"taxonomy":"post_tag","embeddable":true,"href":"https:\/\/www.haverskerque.fr\/index.php\/wp-json\/wp\/v2\/tags?post=9640"}],"curies":[{"name":"wp","href":"https:\/\/api.w.org\/{rel}","templated":true}]}}