{"id":9418,"date":"2025-06-06T17:20:20","date_gmt":"2025-06-06T15:20:20","guid":{"rendered":"https:\/\/www.haverskerque.fr\/?p=9418"},"modified":"2025-07-03T11:05:22","modified_gmt":"2025-07-03T09:05:22","slug":"conseil-municipal-du-13-juin-2025","status":"publish","type":"post","link":"https:\/\/www.haverskerque.fr\/index.php\/2025\/06\/06\/conseil-municipal-du-13-juin-2025\/","title":{"rendered":"Conseil municipal du 13 juin 2025"},"content":{"rendered":"\n<h3 class=\"wp-block-heading\">ORDRE DU JOUR<\/h3>\n\n\n\n<ul class=\"wp-block-list\">\n<li>\u00c9lection du secr\u00e9taire de s\u00e9ance<\/li>\n<\/ul>\n\n\n\n<p><\/p>\n\n\n\n<ul class=\"wp-block-list\">\n<li>Approbation du proc\u00e8s-verbal du conseil municipal du 14 avril 2025<\/li>\n<\/ul>\n\n\n\n<p><\/p>\n\n\n\n<p><strong>INTERCOMMUNALIT\u00c9<\/strong><\/p>\n\n\n\n<p>1. Adh\u00e9sion \u00e0 \u00ab\u00a0LA CANUT\u00a0\u00bb march\u00e9 t\u00e9l\u00e9com.<\/p>\n\n\n\n<p>2. March\u00e9 public fournitures administratives, groupement de commande CCFL.<\/p>\n\n\n\n<p>3. Modification des statuts de la CCFL.<\/p>\n\n\n\n<p><strong>URBANISME<\/strong><\/p>\n\n\n\n<p>4. Attribution de nouveaux num\u00e9ros Rue du Bellot.<\/p>\n\n\n\n<p>5. Acquisition d&rsquo;une parcelle &#8211; Rue du Bellot.<\/p>\n\n\n\n<p><strong>CCAS<\/strong><\/p>\n\n\n\n<p>6. \u00c9mission d&rsquo;un mandat \u00e0 l&rsquo;attention du CCAS.<\/p>\n\n\n\n<p><strong>\u00c9TAT CIVIL<\/strong><\/p>\n\n\n\n<p>7. Proposition de r\u00e8glement du cimeti\u00e8re.<\/p>\n\n\n\n<p><strong>DIVERS<\/strong><\/p>\n\n\n\n<p>8. Modification des tarifs municipaux.<\/p>\n\n\n\n<p>9. Information de la commission de rapport d&rsquo;activit\u00e9 2024 de Territoire d&rsquo;\u00c9nergie Flandre.<\/p>\n\n\n\n<p>10. Information, convention au dispositif de signalement du CDG 59.  <\/p>\n\n\n\n<p>11. Adh\u00e9sion \u00e0 l&rsquo;association du don d&rsquo;organe.  <\/p>\n\n\n\n<p>12. Information : appel \u00e0 la manifestation pour une recherche pour le \u00ab\u00a0petit march\u00e9 hebdomadaire\u00a0\u00bb.<\/p>\n\n\n\n<p>13. Information de l&rsquo;abandon de l&rsquo;association \u00ab\u00a0Fous Rires\u00a0\u00bb. <\/p>\n\n\n\n<div class=\"wp-block-file\"><a id=\"wp-block-file--media-62c7cf4d-7ce0-444d-a7a7-f99d129f05b0\" href=\"https:\/\/www.haverskerque.fr\/wp-content\/uploads\/2025\/06\/Convocation-conseil-13-juin-2025.pdf\" target=\"_blank\" rel=\"noreferrer noopener\">Convocation conseil 13 juin 2025<\/a><a href=\"https:\/\/www.haverskerque.fr\/wp-content\/uploads\/2025\/06\/Convocation-conseil-13-juin-2025.pdf\" class=\"wp-block-file__button wp-element-button\" download aria-describedby=\"wp-block-file--media-62c7cf4d-7ce0-444d-a7a7-f99d129f05b0\">T\u00e9l\u00e9charger<\/a><\/div>\n\n\n\n<div class=\"wp-block-file\"><a id=\"wp-block-file--media-b7b86f91-1045-444e-9fdd-09a27316e93d\" href=\"https:\/\/www.haverskerque.fr\/wp-content\/uploads\/2025\/06\/PV-DU-13-06-tampon.pdf\" target=\"_blank\" rel=\"noreferrer noopener\">PV DU 13-06-tampon<\/a><a href=\"https:\/\/www.haverskerque.fr\/wp-content\/uploads\/2025\/06\/PV-DU-13-06-tampon.pdf\" class=\"wp-block-file__button wp-element-button\" download aria-describedby=\"wp-block-file--media-b7b86f91-1045-444e-9fdd-09a27316e93d\">T\u00e9l\u00e9charger<\/a><\/div>\n\n\n\n<div class=\"wp-block-file\"><a id=\"wp-block-file--media-ebb6f786-c366-484b-b038-5950ebc9a9b6\" href=\"https:\/\/www.haverskerque.fr\/wp-content\/uploads\/2025\/06\/020-2025-Adhesion-a-une-centrale-achat-dans-le-cadre-du-renouvellement-du-marche-de-telecommunications.pdf\" target=\"_blank\" rel=\"noreferrer noopener\">020-2025 Adh\u00e9sion \u00e0 une centrale achat dans le cadre du renouvellement du march\u00e9 de t\u00e9l\u00e9communications<\/a><a href=\"https:\/\/www.haverskerque.fr\/wp-content\/uploads\/2025\/06\/020-2025-Adhesion-a-une-centrale-achat-dans-le-cadre-du-renouvellement-du-marche-de-telecommunications.pdf\" class=\"wp-block-file__button wp-element-button\" download aria-describedby=\"wp-block-file--media-ebb6f786-c366-484b-b038-5950ebc9a9b6\">T\u00e9l\u00e9charger<\/a><\/div>\n\n\n\n<div class=\"wp-block-file\"><a id=\"wp-block-file--media-d5d1a850-4b6e-48c0-8f5c-2874219fe2e0\" href=\"https:\/\/www.haverskerque.fr\/wp-content\/uploads\/2025\/06\/021-2025-Adhesion-groupement-de-commandes-coordonne-par-CCFL-pr-passation-dun-marche-public-de-fournitures-administratives-et-scolaires.pdf\" target=\"_blank\" rel=\"noreferrer noopener\">021-2025 Adhesion groupement de commandes coordonn\u00e9 par CCFL pr passation dun march\u00e9 public de fournitures administratives et scolaires<\/a><a href=\"https:\/\/www.haverskerque.fr\/wp-content\/uploads\/2025\/06\/021-2025-Adhesion-groupement-de-commandes-coordonne-par-CCFL-pr-passation-dun-marche-public-de-fournitures-administratives-et-scolaires.pdf\" class=\"wp-block-file__button wp-element-button\" download aria-describedby=\"wp-block-file--media-d5d1a850-4b6e-48c0-8f5c-2874219fe2e0\">T\u00e9l\u00e9charger<\/a><\/div>\n\n\n\n<div class=\"wp-block-file\"><a id=\"wp-block-file--media-51b8d067-fe3d-4d9a-b852-6fea80c737e8\" href=\"https:\/\/www.haverskerque.fr\/wp-content\/uploads\/2025\/06\/022-2025-CCFL-Modification-des-statuts-CCFL.pdf\" target=\"_blank\" rel=\"noreferrer noopener\">022-2025 CCFL &#8211; Modification des statuts CCFL<\/a><a href=\"https:\/\/www.haverskerque.fr\/wp-content\/uploads\/2025\/06\/022-2025-CCFL-Modification-des-statuts-CCFL.pdf\" class=\"wp-block-file__button wp-element-button\" download aria-describedby=\"wp-block-file--media-51b8d067-fe3d-4d9a-b852-6fea80c737e8\">T\u00e9l\u00e9charger<\/a><\/div>\n\n\n\n<div class=\"wp-block-file\"><a id=\"wp-block-file--media-047ea99e-d9a1-4233-80de-65f3cf65b2f0\" href=\"https:\/\/www.haverskerque.fr\/wp-content\/uploads\/2025\/06\/023-2025-Attribution-de-nouveaux-numeros-de-maison-rue-du-Bellot.pdf\" target=\"_blank\" rel=\"noreferrer noopener\">023-2025 Attribution de nouveaux numeros de maison &#8211; rue du Bellot<\/a><a href=\"https:\/\/www.haverskerque.fr\/wp-content\/uploads\/2025\/06\/023-2025-Attribution-de-nouveaux-numeros-de-maison-rue-du-Bellot.pdf\" class=\"wp-block-file__button wp-element-button\" download aria-describedby=\"wp-block-file--media-047ea99e-d9a1-4233-80de-65f3cf65b2f0\">T\u00e9l\u00e9charger<\/a><\/div>\n\n\n\n<div class=\"wp-block-file\"><a id=\"wp-block-file--media-f6610b9a-16a1-49c9-9336-2d4aee9e74ea\" href=\"https:\/\/www.haverskerque.fr\/wp-content\/uploads\/2025\/06\/024-2025-Acquisition-d-une-parcelle-de-terrain-situee-rue-du-Bellot.pdf\" target=\"_blank\" rel=\"noreferrer noopener\">024-2025 Acquisition d une parcelle de terrain situ\u00e9e rue du Bellot<\/a><a href=\"https:\/\/www.haverskerque.fr\/wp-content\/uploads\/2025\/06\/024-2025-Acquisition-d-une-parcelle-de-terrain-situee-rue-du-Bellot.pdf\" class=\"wp-block-file__button wp-element-button\" download aria-describedby=\"wp-block-file--media-f6610b9a-16a1-49c9-9336-2d4aee9e74ea\">T\u00e9l\u00e9charger<\/a><\/div>\n\n\n\n<div class=\"wp-block-file\"><a id=\"wp-block-file--media-0a63ce64-870a-4ab4-a16d-64f1ff97435d\" href=\"https:\/\/www.haverskerque.fr\/wp-content\/uploads\/2025\/06\/025-2025-Attribution-d-un-mandat-de-10-000-E-au-CCAS-de-la-commune.pdf\" target=\"_blank\" rel=\"noreferrer noopener\">025-2025 Attribution d un mandat de 10 000 \u20ac au CCAS de la commune<\/a><a href=\"https:\/\/www.haverskerque.fr\/wp-content\/uploads\/2025\/06\/025-2025-Attribution-d-un-mandat-de-10-000-E-au-CCAS-de-la-commune.pdf\" class=\"wp-block-file__button wp-element-button\" download aria-describedby=\"wp-block-file--media-0a63ce64-870a-4ab4-a16d-64f1ff97435d\">T\u00e9l\u00e9charger<\/a><\/div>\n\n\n\n<div class=\"wp-block-file\"><a id=\"wp-block-file--media-3ebab5f0-dbe8-44a7-8bcf-bb577c28faa9\" href=\"https:\/\/www.haverskerque.fr\/wp-content\/uploads\/2025\/06\/026-2025-Approbation-du-reglement-du-cimetiere-communal.pdf\" target=\"_blank\" rel=\"noreferrer noopener\">026-2025 Approbation du reglement du cimeti\u00e8re communal<\/a><a href=\"https:\/\/www.haverskerque.fr\/wp-content\/uploads\/2025\/06\/026-2025-Approbation-du-reglement-du-cimetiere-communal.pdf\" class=\"wp-block-file__button wp-element-button\" download aria-describedby=\"wp-block-file--media-3ebab5f0-dbe8-44a7-8bcf-bb577c28faa9\">T\u00e9l\u00e9charger<\/a><\/div>\n\n\n\n<div class=\"wp-block-file\"><a id=\"wp-block-file--media-1cbebf5a-0170-4198-a588-e41a6852a8b6\" href=\"https:\/\/www.haverskerque.fr\/wp-content\/uploads\/2025\/06\/027-2025-Modification-partielle-d-une-deliberation-relative-aux-tarifs-municipaux.pdf\" target=\"_blank\" rel=\"noreferrer noopener\">027-2025 Modification partielle d une d\u00e9lib\u00e9ration relative aux tarifs municipaux<\/a><a href=\"https:\/\/www.haverskerque.fr\/wp-content\/uploads\/2025\/06\/027-2025-Modification-partielle-d-une-deliberation-relative-aux-tarifs-municipaux.pdf\" class=\"wp-block-file__button wp-element-button\" download aria-describedby=\"wp-block-file--media-1cbebf5a-0170-4198-a588-e41a6852a8b6\">T\u00e9l\u00e9charger<\/a><\/div>\n\n\n\n<div class=\"wp-block-file\"><a id=\"wp-block-file--media-e6c2b29e-9884-49e2-bc3e-9d79417eed26\" href=\"https:\/\/www.haverskerque.fr\/wp-content\/uploads\/2025\/06\/BIS-Modification-tarifs-municipaux-2025-tampon.pdf\" target=\"_blank\" rel=\"noreferrer noopener\">BIS-Modification tarifs municipaux 2025-tampon<\/a><a href=\"https:\/\/www.haverskerque.fr\/wp-content\/uploads\/2025\/06\/BIS-Modification-tarifs-municipaux-2025-tampon.pdf\" class=\"wp-block-file__button wp-element-button\" download aria-describedby=\"wp-block-file--media-e6c2b29e-9884-49e2-bc3e-9d79417eed26\">T\u00e9l\u00e9charger<\/a><\/div>\n\n\n\n<div class=\"wp-block-file\"><a id=\"wp-block-file--media-25cbf6ef-93dd-434f-a355-95375a17de1d\" href=\"https:\/\/www.haverskerque.fr\/wp-content\/uploads\/2025\/06\/028-2025-Rapport-annuel-Territoire-d-Energie-Flandre-2024.pdf\" target=\"_blank\" rel=\"noreferrer noopener\">028-2025 Rapport annuel Territoire d Energie Flandre &#8211; 2024<\/a><a href=\"https:\/\/www.haverskerque.fr\/wp-content\/uploads\/2025\/06\/028-2025-Rapport-annuel-Territoire-d-Energie-Flandre-2024.pdf\" class=\"wp-block-file__button wp-element-button\" download aria-describedby=\"wp-block-file--media-25cbf6ef-93dd-434f-a355-95375a17de1d\">T\u00e9l\u00e9charger<\/a><\/div>\n\n\n\n<div class=\"wp-block-file\"><a id=\"wp-block-file--media-9aa1e8dc-91cf-4258-b459-f46bc7f6ff3f\" href=\"https:\/\/www.haverskerque.fr\/wp-content\/uploads\/2025\/06\/029-2025-Renouvellement-d-adhesion-au-dispositif-interne-de-signalement-du-CDG59autorisation-de-signature-de-la-convention-d-adhesion.pdf\" target=\"_blank\" rel=\"noreferrer noopener\">029-2025 Renouvellement d adh\u00e9sion au dispositif interne de signalement du CDG59+autorisation de signature de la convention d adh\u00e9sion<\/a><a href=\"https:\/\/www.haverskerque.fr\/wp-content\/uploads\/2025\/06\/029-2025-Renouvellement-d-adhesion-au-dispositif-interne-de-signalement-du-CDG59autorisation-de-signature-de-la-convention-d-adhesion.pdf\" class=\"wp-block-file__button wp-element-button\" download aria-describedby=\"wp-block-file--media-9aa1e8dc-91cf-4258-b459-f46bc7f6ff3f\">T\u00e9l\u00e9charger<\/a><\/div>\n\n\n\n<div class=\"wp-block-file\"><a id=\"wp-block-file--media-78705e2b-7902-40e2-9be3-c4eaad296112\" href=\"https:\/\/www.haverskerque.fr\/wp-content\/uploads\/2025\/06\/030-2025-Adhesion-de-la-commune-a-l-association-du-don-d-organes.pdf\" target=\"_blank\" rel=\"noreferrer noopener\">030-2025 Adhesion de la commune \u00e0 l association du don d organes<\/a><a href=\"https:\/\/www.haverskerque.fr\/wp-content\/uploads\/2025\/06\/030-2025-Adhesion-de-la-commune-a-l-association-du-don-d-organes.pdf\" class=\"wp-block-file__button wp-element-button\" download aria-describedby=\"wp-block-file--media-78705e2b-7902-40e2-9be3-c4eaad296112\">T\u00e9l\u00e9charger<\/a><\/div>\n","protected":false},"excerpt":{"rendered":"<p>ORDRE DU JOUR INTERCOMMUNALIT\u00c9 1. Adh\u00e9sion \u00e0 \u00ab\u00a0LA CANUT\u00a0\u00bb march\u00e9 t\u00e9l\u00e9com. 2. March\u00e9 public fournitures administratives, groupement de commande CCFL. 3. Modification des statuts de la CCFL. URBANISME 4. Attribution de nouveaux num\u00e9ros Rue du Bellot. 5. Acquisition d&rsquo;une parcelle &#8211; Rue du Bellot. CCAS 6. \u00c9mission d&rsquo;un mandat \u00e0 l&rsquo;attention du CCAS. \u00c9TAT CIVIL 7. Proposition de r\u00e8glement du cimeti\u00e8re. DIVERS 8. Modification des tarifs municipaux. 9. Information de la commission de rapport d&rsquo;activit\u00e9 2024 de Territoire d&rsquo;\u00c9nergie Flandre. 10. Information, convention au dispositif de signalement du CDG 59. 11. Adh\u00e9sion \u00e0 l&rsquo;association du don d&rsquo;organe. 12. Information : appel \u00e0 la manifestation pour une recherche pour le \u00ab\u00a0petit march\u00e9 hebdomadaire\u00a0\u00bb. 13. Information de l&rsquo;abandon de l&rsquo;association \u00ab\u00a0Fous Rires\u00a0\u00bb.<\/p>\n","protected":false},"author":2,"featured_media":568,"comment_status":"closed","ping_status":"closed","sticky":false,"template":"","format":"standard","meta":{"cybocfi_hide_featured_image":"yes","footnotes":""},"categories":[10],"tags":[],"class_list":["post-9418","post","type-post","status-publish","format-standard","has-post-thumbnail","hentry","category-conseil-mnicipal"],"yoast_head":"<!-- This site is optimized with the Yoast SEO plugin v27.5 - https:\/\/yoast.com\/product\/yoast-seo-wordpress\/ -->\n<title>Conseil municipal du 13 juin 2025 * Haverskerque, 100% Nature !*<\/title>\n<meta name=\"robots\" content=\"index, follow, max-snippet:-1, max-image-preview:large, max-video-preview:-1\" \/>\n<link rel=\"canonical\" href=\"https:\/\/www.haverskerque.fr\/index.php\/2025\/06\/06\/conseil-municipal-du-13-juin-2025\/\" \/>\n<meta property=\"og:locale\" content=\"fr_FR\" \/>\n<meta property=\"og:type\" content=\"article\" \/>\n<meta property=\"og:title\" content=\"Conseil municipal du 13 juin 2025 * Haverskerque, 100% Nature !*\" \/>\n<meta property=\"og:description\" content=\"ORDRE DU JOUR INTERCOMMUNALIT\u00c9 1. Adh\u00e9sion \u00e0 \u00ab\u00a0LA CANUT\u00a0\u00bb march\u00e9 t\u00e9l\u00e9com. 2. March\u00e9 public fournitures administratives, groupement de commande CCFL. 3. Modification des statuts de la CCFL. URBANISME 4. Attribution de nouveaux num\u00e9ros Rue du Bellot. 5. Acquisition d&rsquo;une parcelle &#8211; Rue du Bellot. CCAS 6. \u00c9mission d&rsquo;un mandat \u00e0 l&rsquo;attention du CCAS. \u00c9TAT CIVIL 7. Proposition de r\u00e8glement du cimeti\u00e8re. DIVERS 8. Modification des tarifs municipaux. 9. Information de la commission de rapport d&rsquo;activit\u00e9 2024 de Territoire d&rsquo;\u00c9nergie Flandre. 10. Information, convention au dispositif de signalement du CDG 59. 11. Adh\u00e9sion \u00e0 l&rsquo;association du don d&rsquo;organe. 12. Information : appel \u00e0 la manifestation pour une recherche pour le \u00ab\u00a0petit march\u00e9 hebdomadaire\u00a0\u00bb. 13. Information de l&rsquo;abandon de l&rsquo;association \u00ab\u00a0Fous Rires\u00a0\u00bb.\" \/>\n<meta property=\"og:url\" content=\"https:\/\/www.haverskerque.fr\/index.php\/2025\/06\/06\/conseil-municipal-du-13-juin-2025\/\" \/>\n<meta property=\"og:site_name\" content=\"Haverskerque, 100% Nature !*\" \/>\n<meta property=\"article:publisher\" content=\"https:\/\/www.facebook.com\/communehaverskerque\" \/>\n<meta property=\"article:published_time\" content=\"2025-06-06T15:20:20+00:00\" \/>\n<meta property=\"article:modified_time\" content=\"2025-07-03T09:05:22+00:00\" \/>\n<meta property=\"og:image\" content=\"https:\/\/www.haverskerque.fr\/wp-content\/uploads\/2023\/02\/conseil_municipal.jpg\" \/>\n\t<meta property=\"og:image:width\" content=\"1200\" \/>\n\t<meta property=\"og:image:height\" content=\"630\" \/>\n\t<meta property=\"og:image:type\" content=\"image\/jpeg\" \/>\n<meta name=\"author\" content=\"Communication\" \/>\n<meta name=\"twitter:card\" content=\"summary_large_image\" \/>\n<meta name=\"twitter:label1\" content=\"\u00c9crit par\" \/>\n\t<meta name=\"twitter:data1\" content=\"Communication\" \/>\n\t<meta name=\"twitter:label2\" content=\"Dur\u00e9e de lecture estim\u00e9e\" \/>\n\t<meta name=\"twitter:data2\" content=\"2 minutes\" \/>\n<script type=\"application\/ld+json\" class=\"yoast-schema-graph\">{\"@context\":\"https:\\\/\\\/schema.org\",\"@graph\":[{\"@type\":\"Article\",\"@id\":\"https:\\\/\\\/www.haverskerque.fr\\\/index.php\\\/2025\\\/06\\\/06\\\/conseil-municipal-du-13-juin-2025\\\/#article\",\"isPartOf\":{\"@id\":\"https:\\\/\\\/www.haverskerque.fr\\\/index.php\\\/2025\\\/06\\\/06\\\/conseil-municipal-du-13-juin-2025\\\/\"},\"author\":{\"name\":\"Communication\",\"@id\":\"https:\\\/\\\/haverskerque.fr\\\/#\\\/schema\\\/person\\\/aafb858b21dd4f2d37a7ab8c59b836ad\"},\"headline\":\"Conseil municipal du 13 juin 2025\",\"datePublished\":\"2025-06-06T15:20:20+00:00\",\"dateModified\":\"2025-07-03T09:05:22+00:00\",\"mainEntityOfPage\":{\"@id\":\"https:\\\/\\\/www.haverskerque.fr\\\/index.php\\\/2025\\\/06\\\/06\\\/conseil-municipal-du-13-juin-2025\\\/\"},\"wordCount\":325,\"publisher\":{\"@id\":\"https:\\\/\\\/haverskerque.fr\\\/#organization\"},\"image\":{\"@id\":\"https:\\\/\\\/www.haverskerque.fr\\\/index.php\\\/2025\\\/06\\\/06\\\/conseil-municipal-du-13-juin-2025\\\/#primaryimage\"},\"thumbnailUrl\":\"https:\\\/\\\/www.haverskerque.fr\\\/wp-content\\\/uploads\\\/2023\\\/02\\\/conseil_municipal.jpg\",\"articleSection\":[\"Conseil municipal\"],\"inLanguage\":\"fr-FR\"},{\"@type\":\"WebPage\",\"@id\":\"https:\\\/\\\/www.haverskerque.fr\\\/index.php\\\/2025\\\/06\\\/06\\\/conseil-municipal-du-13-juin-2025\\\/\",\"url\":\"https:\\\/\\\/www.haverskerque.fr\\\/index.php\\\/2025\\\/06\\\/06\\\/conseil-municipal-du-13-juin-2025\\\/\",\"name\":\"Conseil municipal du 13 juin 2025 * Haverskerque, 100% Nature !*\",\"isPartOf\":{\"@id\":\"https:\\\/\\\/haverskerque.fr\\\/#website\"},\"primaryImageOfPage\":{\"@id\":\"https:\\\/\\\/www.haverskerque.fr\\\/index.php\\\/2025\\\/06\\\/06\\\/conseil-municipal-du-13-juin-2025\\\/#primaryimage\"},\"image\":{\"@id\":\"https:\\\/\\\/www.haverskerque.fr\\\/index.php\\\/2025\\\/06\\\/06\\\/conseil-municipal-du-13-juin-2025\\\/#primaryimage\"},\"thumbnailUrl\":\"https:\\\/\\\/www.haverskerque.fr\\\/wp-content\\\/uploads\\\/2023\\\/02\\\/conseil_municipal.jpg\",\"datePublished\":\"2025-06-06T15:20:20+00:00\",\"dateModified\":\"2025-07-03T09:05:22+00:00\",\"breadcrumb\":{\"@id\":\"https:\\\/\\\/www.haverskerque.fr\\\/index.php\\\/2025\\\/06\\\/06\\\/conseil-municipal-du-13-juin-2025\\\/#breadcrumb\"},\"inLanguage\":\"fr-FR\",\"potentialAction\":[{\"@type\":\"ReadAction\",\"target\":[\"https:\\\/\\\/www.haverskerque.fr\\\/index.php\\\/2025\\\/06\\\/06\\\/conseil-municipal-du-13-juin-2025\\\/\"]}]},{\"@type\":\"BreadcrumbList\",\"@id\":\"https:\\\/\\\/www.haverskerque.fr\\\/index.php\\\/2025\\\/06\\\/06\\\/conseil-municipal-du-13-juin-2025\\\/#breadcrumb\",\"itemListElement\":[{\"@type\":\"ListItem\",\"position\":1,\"name\":\"Accueil\",\"item\":\"https:\\\/\\\/www.haverskerque.fr\\\/\"},{\"@type\":\"ListItem\",\"position\":2,\"name\":\"Conseil municipal du 13 juin 2025\"}]},{\"@type\":\"WebSite\",\"@id\":\"https:\\\/\\\/haverskerque.fr\\\/#website\",\"url\":\"https:\\\/\\\/haverskerque.fr\\\/\",\"name\":\"Haverskerque\",\"description\":\"Haverskerque, 100% Nature !\",\"publisher\":{\"@id\":\"https:\\\/\\\/haverskerque.fr\\\/#organization\"},\"alternateName\":\"Haverskerque\",\"potentialAction\":[{\"@type\":\"SearchAction\",\"target\":{\"@type\":\"EntryPoint\",\"urlTemplate\":\"https:\\\/\\\/haverskerque.fr\\\/?s={search_term_string}\"},\"query-input\":{\"@type\":\"PropertyValueSpecification\",\"valueRequired\":true,\"valueName\":\"search_term_string\"}}],\"inLanguage\":\"fr-FR\"},{\"@type\":\"Organization\",\"@id\":\"https:\\\/\\\/haverskerque.fr\\\/#organization\",\"name\":\"Commune d'Haverskerque\",\"alternateName\":\"Commune d'Haverskerque\",\"url\":\"https:\\\/\\\/haverskerque.fr\\\/\",\"logo\":{\"@type\":\"ImageObject\",\"inLanguage\":\"fr-FR\",\"@id\":\"https:\\\/\\\/haverskerque.fr\\\/#\\\/schema\\\/logo\\\/image\\\/\",\"url\":\"https:\\\/\\\/haverskerque.fr\\\/wp-content\\\/uploads\\\/2024\\\/01\\\/siteon0-e5814-1.png\",\"contentUrl\":\"https:\\\/\\\/haverskerque.fr\\\/wp-content\\\/uploads\\\/2024\\\/01\\\/siteon0-e5814-1.png\",\"width\":236,\"height\":102,\"caption\":\"Commune d'Haverskerque\"},\"image\":{\"@id\":\"https:\\\/\\\/haverskerque.fr\\\/#\\\/schema\\\/logo\\\/image\\\/\"},\"sameAs\":[\"https:\\\/\\\/www.facebook.com\\\/communehaverskerque\",\"https:\\\/\\\/www.instagram.com\\\/communehaverskerque\\\/\"]},{\"@type\":\"Person\",\"@id\":\"https:\\\/\\\/haverskerque.fr\\\/#\\\/schema\\\/person\\\/aafb858b21dd4f2d37a7ab8c59b836ad\",\"name\":\"Communication\",\"image\":{\"@type\":\"ImageObject\",\"inLanguage\":\"fr-FR\",\"@id\":\"https:\\\/\\\/secure.gravatar.com\\\/avatar\\\/f1f32f6a5fe89824a018e48a8d0132dc8a2017a5c81ea8ad1f3bdfd5fe9dddc4?s=96&d=mm&r=g\",\"url\":\"https:\\\/\\\/secure.gravatar.com\\\/avatar\\\/f1f32f6a5fe89824a018e48a8d0132dc8a2017a5c81ea8ad1f3bdfd5fe9dddc4?s=96&d=mm&r=g\",\"contentUrl\":\"https:\\\/\\\/secure.gravatar.com\\\/avatar\\\/f1f32f6a5fe89824a018e48a8d0132dc8a2017a5c81ea8ad1f3bdfd5fe9dddc4?s=96&d=mm&r=g\",\"caption\":\"Communication\"},\"url\":\"https:\\\/\\\/www.haverskerque.fr\\\/index.php\\\/author\\\/clement\\\/\"}]}<\/script>\n<!-- \/ Yoast SEO plugin. -->","yoast_head_json":{"title":"Conseil municipal du 13 juin 2025 * Haverskerque, 100% Nature !*","robots":{"index":"index","follow":"follow","max-snippet":"max-snippet:-1","max-image-preview":"max-image-preview:large","max-video-preview":"max-video-preview:-1"},"canonical":"https:\/\/www.haverskerque.fr\/index.php\/2025\/06\/06\/conseil-municipal-du-13-juin-2025\/","og_locale":"fr_FR","og_type":"article","og_title":"Conseil municipal du 13 juin 2025 * Haverskerque, 100% Nature !*","og_description":"ORDRE DU JOUR INTERCOMMUNALIT\u00c9 1. Adh\u00e9sion \u00e0 \u00ab\u00a0LA CANUT\u00a0\u00bb march\u00e9 t\u00e9l\u00e9com. 2. March\u00e9 public fournitures administratives, groupement de commande CCFL. 3. Modification des statuts de la CCFL. URBANISME 4. Attribution de nouveaux num\u00e9ros Rue du Bellot. 5. Acquisition d&rsquo;une parcelle &#8211; Rue du Bellot. CCAS 6. \u00c9mission d&rsquo;un mandat \u00e0 l&rsquo;attention du CCAS. \u00c9TAT CIVIL 7. Proposition de r\u00e8glement du cimeti\u00e8re. DIVERS 8. Modification des tarifs municipaux. 9. Information de la commission de rapport d&rsquo;activit\u00e9 2024 de Territoire d&rsquo;\u00c9nergie Flandre. 10. Information, convention au dispositif de signalement du CDG 59. 11. Adh\u00e9sion \u00e0 l&rsquo;association du don d&rsquo;organe. 12. Information : appel \u00e0 la manifestation pour une recherche pour le \u00ab\u00a0petit march\u00e9 hebdomadaire\u00a0\u00bb. 13. Information de l&rsquo;abandon de l&rsquo;association \u00ab\u00a0Fous Rires\u00a0\u00bb.","og_url":"https:\/\/www.haverskerque.fr\/index.php\/2025\/06\/06\/conseil-municipal-du-13-juin-2025\/","og_site_name":"Haverskerque, 100% Nature !*","article_publisher":"https:\/\/www.facebook.com\/communehaverskerque","article_published_time":"2025-06-06T15:20:20+00:00","article_modified_time":"2025-07-03T09:05:22+00:00","og_image":[{"width":1200,"height":630,"url":"https:\/\/www.haverskerque.fr\/wp-content\/uploads\/2023\/02\/conseil_municipal.jpg","type":"image\/jpeg"}],"author":"Communication","twitter_card":"summary_large_image","twitter_misc":{"\u00c9crit par":"Communication","Dur\u00e9e de lecture estim\u00e9e":"2 minutes"},"schema":{"@context":"https:\/\/schema.org","@graph":[{"@type":"Article","@id":"https:\/\/www.haverskerque.fr\/index.php\/2025\/06\/06\/conseil-municipal-du-13-juin-2025\/#article","isPartOf":{"@id":"https:\/\/www.haverskerque.fr\/index.php\/2025\/06\/06\/conseil-municipal-du-13-juin-2025\/"},"author":{"name":"Communication","@id":"https:\/\/haverskerque.fr\/#\/schema\/person\/aafb858b21dd4f2d37a7ab8c59b836ad"},"headline":"Conseil municipal du 13 juin 2025","datePublished":"2025-06-06T15:20:20+00:00","dateModified":"2025-07-03T09:05:22+00:00","mainEntityOfPage":{"@id":"https:\/\/www.haverskerque.fr\/index.php\/2025\/06\/06\/conseil-municipal-du-13-juin-2025\/"},"wordCount":325,"publisher":{"@id":"https:\/\/haverskerque.fr\/#organization"},"image":{"@id":"https:\/\/www.haverskerque.fr\/index.php\/2025\/06\/06\/conseil-municipal-du-13-juin-2025\/#primaryimage"},"thumbnailUrl":"https:\/\/www.haverskerque.fr\/wp-content\/uploads\/2023\/02\/conseil_municipal.jpg","articleSection":["Conseil municipal"],"inLanguage":"fr-FR"},{"@type":"WebPage","@id":"https:\/\/www.haverskerque.fr\/index.php\/2025\/06\/06\/conseil-municipal-du-13-juin-2025\/","url":"https:\/\/www.haverskerque.fr\/index.php\/2025\/06\/06\/conseil-municipal-du-13-juin-2025\/","name":"Conseil municipal du 13 juin 2025 * Haverskerque, 100% Nature !*","isPartOf":{"@id":"https:\/\/haverskerque.fr\/#website"},"primaryImageOfPage":{"@id":"https:\/\/www.haverskerque.fr\/index.php\/2025\/06\/06\/conseil-municipal-du-13-juin-2025\/#primaryimage"},"image":{"@id":"https:\/\/www.haverskerque.fr\/index.php\/2025\/06\/06\/conseil-municipal-du-13-juin-2025\/#primaryimage"},"thumbnailUrl":"https:\/\/www.haverskerque.fr\/wp-content\/uploads\/2023\/02\/conseil_municipal.jpg","datePublished":"2025-06-06T15:20:20+00:00","dateModified":"2025-07-03T09:05:22+00:00","breadcrumb":{"@id":"https:\/\/www.haverskerque.fr\/index.php\/2025\/06\/06\/conseil-municipal-du-13-juin-2025\/#breadcrumb"},"inLanguage":"fr-FR","potentialAction":[{"@type":"ReadAction","target":["https:\/\/www.haverskerque.fr\/index.php\/2025\/06\/06\/conseil-municipal-du-13-juin-2025\/"]}]},{"@type":"BreadcrumbList","@id":"https:\/\/www.haverskerque.fr\/index.php\/2025\/06\/06\/conseil-municipal-du-13-juin-2025\/#breadcrumb","itemListElement":[{"@type":"ListItem","position":1,"name":"Accueil","item":"https:\/\/www.haverskerque.fr\/"},{"@type":"ListItem","position":2,"name":"Conseil municipal du 13 juin 2025"}]},{"@type":"WebSite","@id":"https:\/\/haverskerque.fr\/#website","url":"https:\/\/haverskerque.fr\/","name":"Haverskerque","description":"Haverskerque, 100% Nature !","publisher":{"@id":"https:\/\/haverskerque.fr\/#organization"},"alternateName":"Haverskerque","potentialAction":[{"@type":"SearchAction","target":{"@type":"EntryPoint","urlTemplate":"https:\/\/haverskerque.fr\/?s={search_term_string}"},"query-input":{"@type":"PropertyValueSpecification","valueRequired":true,"valueName":"search_term_string"}}],"inLanguage":"fr-FR"},{"@type":"Organization","@id":"https:\/\/haverskerque.fr\/#organization","name":"Commune d'Haverskerque","alternateName":"Commune d'Haverskerque","url":"https:\/\/haverskerque.fr\/","logo":{"@type":"ImageObject","inLanguage":"fr-FR","@id":"https:\/\/haverskerque.fr\/#\/schema\/logo\/image\/","url":"https:\/\/haverskerque.fr\/wp-content\/uploads\/2024\/01\/siteon0-e5814-1.png","contentUrl":"https:\/\/haverskerque.fr\/wp-content\/uploads\/2024\/01\/siteon0-e5814-1.png","width":236,"height":102,"caption":"Commune d'Haverskerque"},"image":{"@id":"https:\/\/haverskerque.fr\/#\/schema\/logo\/image\/"},"sameAs":["https:\/\/www.facebook.com\/communehaverskerque","https:\/\/www.instagram.com\/communehaverskerque\/"]},{"@type":"Person","@id":"https:\/\/haverskerque.fr\/#\/schema\/person\/aafb858b21dd4f2d37a7ab8c59b836ad","name":"Communication","image":{"@type":"ImageObject","inLanguage":"fr-FR","@id":"https:\/\/secure.gravatar.com\/avatar\/f1f32f6a5fe89824a018e48a8d0132dc8a2017a5c81ea8ad1f3bdfd5fe9dddc4?s=96&d=mm&r=g","url":"https:\/\/secure.gravatar.com\/avatar\/f1f32f6a5fe89824a018e48a8d0132dc8a2017a5c81ea8ad1f3bdfd5fe9dddc4?s=96&d=mm&r=g","contentUrl":"https:\/\/secure.gravatar.com\/avatar\/f1f32f6a5fe89824a018e48a8d0132dc8a2017a5c81ea8ad1f3bdfd5fe9dddc4?s=96&d=mm&r=g","caption":"Communication"},"url":"https:\/\/www.haverskerque.fr\/index.php\/author\/clement\/"}]}},"_links":{"self":[{"href":"https:\/\/www.haverskerque.fr\/index.php\/wp-json\/wp\/v2\/posts\/9418","targetHints":{"allow":["GET"]}}],"collection":[{"href":"https:\/\/www.haverskerque.fr\/index.php\/wp-json\/wp\/v2\/posts"}],"about":[{"href":"https:\/\/www.haverskerque.fr\/index.php\/wp-json\/wp\/v2\/types\/post"}],"author":[{"embeddable":true,"href":"https:\/\/www.haverskerque.fr\/index.php\/wp-json\/wp\/v2\/users\/2"}],"replies":[{"embeddable":true,"href":"https:\/\/www.haverskerque.fr\/index.php\/wp-json\/wp\/v2\/comments?post=9418"}],"version-history":[{"count":3,"href":"https:\/\/www.haverskerque.fr\/index.php\/wp-json\/wp\/v2\/posts\/9418\/revisions"}],"predecessor-version":[{"id":9510,"href":"https:\/\/www.haverskerque.fr\/index.php\/wp-json\/wp\/v2\/posts\/9418\/revisions\/9510"}],"wp:featuredmedia":[{"embeddable":true,"href":"https:\/\/www.haverskerque.fr\/index.php\/wp-json\/wp\/v2\/media\/568"}],"wp:attachment":[{"href":"https:\/\/www.haverskerque.fr\/index.php\/wp-json\/wp\/v2\/media?parent=9418"}],"wp:term":[{"taxonomy":"category","embeddable":true,"href":"https:\/\/www.haverskerque.fr\/index.php\/wp-json\/wp\/v2\/categories?post=9418"},{"taxonomy":"post_tag","embeddable":true,"href":"https:\/\/www.haverskerque.fr\/index.php\/wp-json\/wp\/v2\/tags?post=9418"}],"curies":[{"name":"wp","href":"https:\/\/api.w.org\/{rel}","templated":true}]}}