{"id":9146,"date":"2025-02-20T11:20:24","date_gmt":"2025-02-20T10:20:24","guid":{"rendered":"https:\/\/www.haverskerque.fr\/?p=9146"},"modified":"2025-04-03T10:11:30","modified_gmt":"2025-04-03T08:11:30","slug":"conseil-municipal-du-24-fevrier-2025","status":"publish","type":"post","link":"https:\/\/www.haverskerque.fr\/index.php\/2025\/02\/20\/conseil-municipal-du-24-fevrier-2025\/","title":{"rendered":"Conseil municipal du 24 f\u00e9vrier 2025"},"content":{"rendered":"\n<h3 class=\"wp-block-heading\">ORDRE DU JOUR<\/h3>\n\n\n\n<ul class=\"wp-block-list\">\n<li>\u00c9lection du secr\u00e9taire de s\u00e9ance<\/li>\n<\/ul>\n\n\n\n<p><\/p>\n\n\n\n<ul class=\"wp-block-list\">\n<li>Approbation du proc\u00e8s-verbal du conseil municipal du 16 d\u00e9cembre 2024<\/li>\n<\/ul>\n\n\n\n<p><\/p>\n\n\n\n<ul class=\"wp-block-list\">\n<li>Informations de d\u00e9cisions du Maire dans le cadre de ses d\u00e9l\u00e9gations <\/li>\n<\/ul>\n\n\n\n<p><\/p>\n\n\n\n<p><strong>INTERCOMMUNALIT\u00c9<\/strong><\/p>\n\n\n\n<p>1. Sollicitation d&rsquo;un fond de concours dans le cadre de la fourniture d&rsquo;une faucheuse et d&rsquo;une saleuse.<\/p>\n\n\n\n<p>2. Sollicitation d&rsquo;un fond de concours dans le cadre de la fourniture de points lumineux.<\/p>\n\n\n\n<p>3. Sollicitation d&rsquo;un fond de concours dans le cadre de la fourniture de mat\u00e9riaux pour les services techniques de la commune.<\/p>\n\n\n\n<p>4. Sollicitation d&rsquo;un fond de concours dans le cadre de la fourniture de mat\u00e9riel informatique.<\/p>\n\n\n\n<p>5. Sollicitation d&rsquo;un fond de concours dans le cadre du renforcement des berges.<\/p>\n\n\n\n<p><strong>DIVERS<\/strong><\/p>\n\n\n\n<p>6. Convention avec le Centre de Gestion de la fonction publique territoriale du Nord pour une mission d&rsquo;archivage.<\/p>\n\n\n\n<p>7. R\u00e9seau de lecture publique Esperluette Flandre Lys : Modification du r\u00e8glement int\u00e9rieur et convention de partenariat.<\/p>\n\n\n\n<div class=\"wp-block-file\"><a id=\"wp-block-file--media-9dc83091-d736-4eb5-9da1-d65b86585fef\" href=\"https:\/\/www.haverskerque.fr\/wp-content\/uploads\/2025\/02\/Convocation-CM-24-02-2025.pdf\" target=\"_blank\" rel=\"noreferrer noopener\">Convocation CM 24-02-2025<\/a><a href=\"https:\/\/www.haverskerque.fr\/wp-content\/uploads\/2025\/02\/Convocation-CM-24-02-2025.pdf\" class=\"wp-block-file__button wp-element-button\" download aria-describedby=\"wp-block-file--media-9dc83091-d736-4eb5-9da1-d65b86585fef\">T\u00e9l\u00e9charger<\/a><\/div>\n\n\n\n<div class=\"wp-block-file\"><a id=\"wp-block-file--media-5fc86557-3354-485e-bcb0-714964c91742\" href=\"https:\/\/www.haverskerque.fr\/wp-content\/uploads\/2025\/02\/PV-DU-24-02-25-tampon.pdf\" target=\"_blank\" rel=\"noreferrer noopener\">PV DU 24-02-25-tampon<\/a><a href=\"https:\/\/www.haverskerque.fr\/wp-content\/uploads\/2025\/02\/PV-DU-24-02-25-tampon.pdf\" class=\"wp-block-file__button wp-element-button\" download aria-describedby=\"wp-block-file--media-5fc86557-3354-485e-bcb0-714964c91742\">T\u00e9l\u00e9charger<\/a><\/div>\n\n\n\n<div class=\"wp-block-file\"><a id=\"wp-block-file--media-90dd9daf-0a99-48d3-b82f-d8844f43f3a1\" href=\"https:\/\/www.haverskerque.fr\/wp-content\/uploads\/2025\/02\/003-2025-Sollicitation-dun-fond-de-concours-dans-le-cadre-de-la-fourniture-dune-faucheuse-et-dune-saleuse_.pdf\" target=\"_blank\" rel=\"noreferrer noopener\">003-2025 Sollicitation d&rsquo;un fond de concours dans le cadre de la fourniture d&rsquo;une faucheuse et d&rsquo;une saleuse_<\/a><a href=\"https:\/\/www.haverskerque.fr\/wp-content\/uploads\/2025\/02\/003-2025-Sollicitation-dun-fond-de-concours-dans-le-cadre-de-la-fourniture-dune-faucheuse-et-dune-saleuse_.pdf\" class=\"wp-block-file__button wp-element-button\" download aria-describedby=\"wp-block-file--media-90dd9daf-0a99-48d3-b82f-d8844f43f3a1\">T\u00e9l\u00e9charger<\/a><\/div>\n\n\n\n<div class=\"wp-block-file\"><a id=\"wp-block-file--media-50d33607-60bf-4e3c-b1e2-c47867596cf1\" href=\"https:\/\/www.haverskerque.fr\/wp-content\/uploads\/2025\/02\/004-2025-Sollicitation-dun-fond-de-concours-dans-le-cadre-de-la-fourniture-et-pose-de-points-lumineux_.pdf\" target=\"_blank\" rel=\"noreferrer noopener\">004-2025 Sollicitation d&rsquo;un fond de concours dans le cadre de la fourniture et pose de points lumineux_<\/a><a href=\"https:\/\/www.haverskerque.fr\/wp-content\/uploads\/2025\/02\/004-2025-Sollicitation-dun-fond-de-concours-dans-le-cadre-de-la-fourniture-et-pose-de-points-lumineux_.pdf\" class=\"wp-block-file__button wp-element-button\" download aria-describedby=\"wp-block-file--media-50d33607-60bf-4e3c-b1e2-c47867596cf1\">T\u00e9l\u00e9charger<\/a><\/div>\n\n\n\n<div class=\"wp-block-file\"><a id=\"wp-block-file--media-029bd7ed-3e48-40f9-8ba5-ef4028d1f153\" href=\"https:\/\/www.haverskerque.fr\/wp-content\/uploads\/2025\/02\/005-2025-Sollicitation-dun-fond-de-concours-dans-le-cadre-de-la-fourniture-de-materiels-pour-les-services-techniques_.pdf\" target=\"_blank\" rel=\"noreferrer noopener\">005-2025 Sollicitation d&rsquo;un fond de concours dans le cadre de la fourniture de mat\u00e9riels pour les services techniques_<\/a><a href=\"https:\/\/www.haverskerque.fr\/wp-content\/uploads\/2025\/02\/005-2025-Sollicitation-dun-fond-de-concours-dans-le-cadre-de-la-fourniture-de-materiels-pour-les-services-techniques_.pdf\" class=\"wp-block-file__button wp-element-button\" download aria-describedby=\"wp-block-file--media-029bd7ed-3e48-40f9-8ba5-ef4028d1f153\">T\u00e9l\u00e9charger<\/a><\/div>\n\n\n\n<div class=\"wp-block-file\"><a id=\"wp-block-file--media-0f30ab06-fa71-49d7-bf07-5c911a965d7d\" href=\"https:\/\/www.haverskerque.fr\/wp-content\/uploads\/2025\/02\/006-2025-Sollicitation-dun-fond-de-concours-dans-le-cadre-de-la-fourniture-de-materiel-informatique_.pdf\" target=\"_blank\" rel=\"noreferrer noopener\">006-2025 Sollicitation d&rsquo;un fond de concours dans le cadre de la fourniture de mat\u00e9riel informatique_<\/a><a href=\"https:\/\/www.haverskerque.fr\/wp-content\/uploads\/2025\/02\/006-2025-Sollicitation-dun-fond-de-concours-dans-le-cadre-de-la-fourniture-de-materiel-informatique_.pdf\" class=\"wp-block-file__button wp-element-button\" download aria-describedby=\"wp-block-file--media-0f30ab06-fa71-49d7-bf07-5c911a965d7d\">T\u00e9l\u00e9charger<\/a><\/div>\n\n\n\n<div class=\"wp-block-file\"><a id=\"wp-block-file--media-f9f8f6d2-f378-4cab-8990-e8cf8847c528\" href=\"https:\/\/www.haverskerque.fr\/wp-content\/uploads\/2025\/02\/007-2025-Sollicitation-dun-fond-de-concours-dans-le-cadre-du-confortement-des-berges_.pdf\" target=\"_blank\" rel=\"noreferrer noopener\">007-2025 Sollicitation d&rsquo;un fond de concours dans le cadre du confortement des berges_<\/a><a href=\"https:\/\/www.haverskerque.fr\/wp-content\/uploads\/2025\/02\/007-2025-Sollicitation-dun-fond-de-concours-dans-le-cadre-du-confortement-des-berges_.pdf\" class=\"wp-block-file__button wp-element-button\" download aria-describedby=\"wp-block-file--media-f9f8f6d2-f378-4cab-8990-e8cf8847c528\">T\u00e9l\u00e9charger<\/a><\/div>\n\n\n\n<div class=\"wp-block-file\"><a id=\"wp-block-file--media-31b7d274-2634-4ee8-9a86-a8849902ca02\" href=\"https:\/\/www.haverskerque.fr\/wp-content\/uploads\/2025\/02\/001-2025-Convention-avec-le-Centre-de-la-fonction-publique-territoriale-du-Nord-pour-une-mission-darchivage.pdf\" target=\"_blank\" rel=\"noreferrer noopener\">001-2025 Convention avec le Centre de la fonction publique territoriale du Nord pour une mission d&rsquo;archivage<\/a><a href=\"https:\/\/www.haverskerque.fr\/wp-content\/uploads\/2025\/02\/001-2025-Convention-avec-le-Centre-de-la-fonction-publique-territoriale-du-Nord-pour-une-mission-darchivage.pdf\" class=\"wp-block-file__button wp-element-button\" download aria-describedby=\"wp-block-file--media-31b7d274-2634-4ee8-9a86-a8849902ca02\">T\u00e9l\u00e9charger<\/a><\/div>\n\n\n\n<div class=\"wp-block-file\"><a id=\"wp-block-file--media-f8c08349-938c-4528-b17d-aaed5b272743\" href=\"https:\/\/www.haverskerque.fr\/wp-content\/uploads\/2025\/02\/002-2025-Reseau-de-Lecture-publique-Esperluette-Flandre-Lys-Modification-du-reglement-interieur-et-convention-de-partenariat_.pdf\" target=\"_blank\" rel=\"noreferrer noopener\">002-2025 R\u00e9seau de Lecture publique Esperluette Flandre Lys Modification du r\u00e8glement int\u00e9rieur et convention de partenariat_<\/a><a href=\"https:\/\/www.haverskerque.fr\/wp-content\/uploads\/2025\/02\/002-2025-Reseau-de-Lecture-publique-Esperluette-Flandre-Lys-Modification-du-reglement-interieur-et-convention-de-partenariat_.pdf\" class=\"wp-block-file__button wp-element-button\" download aria-describedby=\"wp-block-file--media-f8c08349-938c-4528-b17d-aaed5b272743\">T\u00e9l\u00e9charger<\/a><\/div>\n\n\n\n<div class=\"wp-block-file\"><a id=\"wp-block-file--media-e7e971ce-bfd7-4113-b0a6-f2eb878650de\" href=\"https:\/\/www.haverskerque.fr\/wp-content\/uploads\/2025\/02\/008-2025-Sollicitation-dun-fond-de-concours-dans-le-cadre-de-la-fourniture-de-mobilier-pour-la-mediatheque_.pdf\" target=\"_blank\" rel=\"noreferrer noopener\">008-2025 Sollicitation d&rsquo;un fond de concours dans le cadre de la fourniture de mobilier pour la m\u00e9diath\u00e8que_<\/a><a href=\"https:\/\/www.haverskerque.fr\/wp-content\/uploads\/2025\/02\/008-2025-Sollicitation-dun-fond-de-concours-dans-le-cadre-de-la-fourniture-de-mobilier-pour-la-mediatheque_.pdf\" class=\"wp-block-file__button wp-element-button\" download aria-describedby=\"wp-block-file--media-e7e971ce-bfd7-4113-b0a6-f2eb878650de\">T\u00e9l\u00e9charger<\/a><\/div>\n\n\n\n<div class=\"wp-block-file\"><a id=\"wp-block-file--media-4e3e4a92-8d0e-4b3d-b3a0-cc93f70d2158\" href=\"https:\/\/www.haverskerque.fr\/wp-content\/uploads\/2025\/02\/009-2025-Sollicitation-dun-fond-de-concours-dans-le-cadre-dun-busage-rue-Cronde_.pdf\" target=\"_blank\" rel=\"noreferrer noopener\">009-2025 Sollicitation d&rsquo;un fond de concours dans le cadre d&rsquo;un busage rue Cronde_<\/a><a href=\"https:\/\/www.haverskerque.fr\/wp-content\/uploads\/2025\/02\/009-2025-Sollicitation-dun-fond-de-concours-dans-le-cadre-dun-busage-rue-Cronde_.pdf\" class=\"wp-block-file__button wp-element-button\" download aria-describedby=\"wp-block-file--media-4e3e4a92-8d0e-4b3d-b3a0-cc93f70d2158\">T\u00e9l\u00e9charger<\/a><\/div>\n\n\n\n<div class=\"wp-block-file\"><a id=\"wp-block-file--media-b4fb17a6-f6b7-4701-b5a7-13e097f19f65\" href=\"https:\/\/www.haverskerque.fr\/wp-content\/uploads\/2025\/02\/0010-2025-Sollicitation-dun-fond-de-concours-dans-le-cadre-de-travaux-de-voirie_.pdf\" target=\"_blank\" rel=\"noreferrer noopener\">0010-2025 Sollicitation d&rsquo;un fond de concours dans le cadre de travaux de voirie_<\/a><a href=\"https:\/\/www.haverskerque.fr\/wp-content\/uploads\/2025\/02\/0010-2025-Sollicitation-dun-fond-de-concours-dans-le-cadre-de-travaux-de-voirie_.pdf\" class=\"wp-block-file__button wp-element-button\" download aria-describedby=\"wp-block-file--media-b4fb17a6-f6b7-4701-b5a7-13e097f19f65\">T\u00e9l\u00e9charger<\/a><\/div>\n\n\n\n<div class=\"wp-block-file\"><a id=\"wp-block-file--media-35a26c38-00ff-4c7a-9fee-90edfd56cf27\" href=\"https:\/\/www.haverskerque.fr\/wp-content\/uploads\/2025\/02\/0011-2025-Modification-du-fond-de-concours-2024-voirie.pdf\" target=\"_blank\" rel=\"noreferrer noopener\">0011-2025 Modification du fond de concours 2024 &#8211; voirie<\/a><a href=\"https:\/\/www.haverskerque.fr\/wp-content\/uploads\/2025\/02\/0011-2025-Modification-du-fond-de-concours-2024-voirie.pdf\" class=\"wp-block-file__button wp-element-button\" download aria-describedby=\"wp-block-file--media-35a26c38-00ff-4c7a-9fee-90edfd56cf27\">T\u00e9l\u00e9charger<\/a><\/div>\n","protected":false},"excerpt":{"rendered":"<p>ORDRE DU JOUR INTERCOMMUNALIT\u00c9 1. Sollicitation d&rsquo;un fond de concours dans le cadre de la fourniture d&rsquo;une faucheuse et d&rsquo;une saleuse. 2. Sollicitation d&rsquo;un fond de concours dans le cadre de la fourniture de points lumineux. 3. Sollicitation d&rsquo;un fond de concours dans le cadre de la fourniture de mat\u00e9riaux pour les services techniques de la commune. 4. Sollicitation d&rsquo;un fond de concours dans le cadre de la fourniture de mat\u00e9riel informatique. 5. Sollicitation d&rsquo;un fond de concours dans le cadre du renforcement des berges. DIVERS 6. Convention avec le Centre de Gestion de la fonction publique territoriale du Nord pour une mission d&rsquo;archivage. 7. R\u00e9seau de lecture publique Esperluette Flandre Lys : Modification du r\u00e8glement int\u00e9rieur et convention de partenariat.<\/p>\n","protected":false},"author":2,"featured_media":568,"comment_status":"closed","ping_status":"closed","sticky":false,"template":"","format":"standard","meta":{"cybocfi_hide_featured_image":"yes","footnotes":""},"categories":[10],"tags":[],"class_list":["post-9146","post","type-post","status-publish","format-standard","has-post-thumbnail","hentry","category-conseil-mnicipal"],"yoast_head":"<!-- This site is optimized with the Yoast SEO plugin v27.5 - https:\/\/yoast.com\/product\/yoast-seo-wordpress\/ -->\n<title>Conseil municipal du 24 f\u00e9vrier 2025 * Haverskerque, 100% Nature !*<\/title>\n<meta name=\"robots\" content=\"index, follow, max-snippet:-1, max-image-preview:large, max-video-preview:-1\" \/>\n<link rel=\"canonical\" href=\"https:\/\/www.haverskerque.fr\/index.php\/2025\/02\/20\/conseil-municipal-du-24-fevrier-2025\/\" \/>\n<meta property=\"og:locale\" content=\"fr_FR\" \/>\n<meta property=\"og:type\" content=\"article\" \/>\n<meta property=\"og:title\" content=\"Conseil municipal du 24 f\u00e9vrier 2025 * Haverskerque, 100% Nature !*\" \/>\n<meta property=\"og:description\" content=\"ORDRE DU JOUR INTERCOMMUNALIT\u00c9 1. Sollicitation d&rsquo;un fond de concours dans le cadre de la fourniture d&rsquo;une faucheuse et d&rsquo;une saleuse. 2. Sollicitation d&rsquo;un fond de concours dans le cadre de la fourniture de points lumineux. 3. Sollicitation d&rsquo;un fond de concours dans le cadre de la fourniture de mat\u00e9riaux pour les services techniques de la commune. 4. Sollicitation d&rsquo;un fond de concours dans le cadre de la fourniture de mat\u00e9riel informatique. 5. Sollicitation d&rsquo;un fond de concours dans le cadre du renforcement des berges. DIVERS 6. Convention avec le Centre de Gestion de la fonction publique territoriale du Nord pour une mission d&rsquo;archivage. 7. R\u00e9seau de lecture publique Esperluette Flandre Lys : Modification du r\u00e8glement int\u00e9rieur et convention de partenariat.\" \/>\n<meta property=\"og:url\" content=\"https:\/\/www.haverskerque.fr\/index.php\/2025\/02\/20\/conseil-municipal-du-24-fevrier-2025\/\" \/>\n<meta property=\"og:site_name\" content=\"Haverskerque, 100% Nature !*\" \/>\n<meta property=\"article:publisher\" content=\"https:\/\/www.facebook.com\/communehaverskerque\" \/>\n<meta property=\"article:published_time\" content=\"2025-02-20T10:20:24+00:00\" \/>\n<meta property=\"article:modified_time\" content=\"2025-04-03T08:11:30+00:00\" \/>\n<meta property=\"og:image\" content=\"https:\/\/www.haverskerque.fr\/wp-content\/uploads\/2023\/02\/conseil_municipal.jpg\" \/>\n\t<meta property=\"og:image:width\" content=\"1200\" \/>\n\t<meta property=\"og:image:height\" content=\"630\" \/>\n\t<meta property=\"og:image:type\" content=\"image\/jpeg\" \/>\n<meta name=\"author\" content=\"Communication\" \/>\n<meta name=\"twitter:card\" content=\"summary_large_image\" \/>\n<meta name=\"twitter:label1\" content=\"\u00c9crit par\" \/>\n\t<meta name=\"twitter:data1\" content=\"Communication\" \/>\n\t<meta name=\"twitter:label2\" content=\"Dur\u00e9e de lecture estim\u00e9e\" \/>\n\t<meta name=\"twitter:data2\" content=\"2 minutes\" \/>\n<script type=\"application\/ld+json\" class=\"yoast-schema-graph\">{\"@context\":\"https:\\\/\\\/schema.org\",\"@graph\":[{\"@type\":\"Article\",\"@id\":\"https:\\\/\\\/www.haverskerque.fr\\\/index.php\\\/2025\\\/02\\\/20\\\/conseil-municipal-du-24-fevrier-2025\\\/#article\",\"isPartOf\":{\"@id\":\"https:\\\/\\\/www.haverskerque.fr\\\/index.php\\\/2025\\\/02\\\/20\\\/conseil-municipal-du-24-fevrier-2025\\\/\"},\"author\":{\"name\":\"Communication\",\"@id\":\"https:\\\/\\\/haverskerque.fr\\\/#\\\/schema\\\/person\\\/aafb858b21dd4f2d37a7ab8c59b836ad\"},\"headline\":\"Conseil municipal du 24 f\u00e9vrier 2025\",\"datePublished\":\"2025-02-20T10:20:24+00:00\",\"dateModified\":\"2025-04-03T08:11:30+00:00\",\"mainEntityOfPage\":{\"@id\":\"https:\\\/\\\/www.haverskerque.fr\\\/index.php\\\/2025\\\/02\\\/20\\\/conseil-municipal-du-24-fevrier-2025\\\/\"},\"wordCount\":392,\"publisher\":{\"@id\":\"https:\\\/\\\/haverskerque.fr\\\/#organization\"},\"image\":{\"@id\":\"https:\\\/\\\/www.haverskerque.fr\\\/index.php\\\/2025\\\/02\\\/20\\\/conseil-municipal-du-24-fevrier-2025\\\/#primaryimage\"},\"thumbnailUrl\":\"https:\\\/\\\/www.haverskerque.fr\\\/wp-content\\\/uploads\\\/2023\\\/02\\\/conseil_municipal.jpg\",\"articleSection\":[\"Conseil municipal\"],\"inLanguage\":\"fr-FR\"},{\"@type\":\"WebPage\",\"@id\":\"https:\\\/\\\/www.haverskerque.fr\\\/index.php\\\/2025\\\/02\\\/20\\\/conseil-municipal-du-24-fevrier-2025\\\/\",\"url\":\"https:\\\/\\\/www.haverskerque.fr\\\/index.php\\\/2025\\\/02\\\/20\\\/conseil-municipal-du-24-fevrier-2025\\\/\",\"name\":\"Conseil municipal du 24 f\u00e9vrier 2025 * Haverskerque, 100% Nature !*\",\"isPartOf\":{\"@id\":\"https:\\\/\\\/haverskerque.fr\\\/#website\"},\"primaryImageOfPage\":{\"@id\":\"https:\\\/\\\/www.haverskerque.fr\\\/index.php\\\/2025\\\/02\\\/20\\\/conseil-municipal-du-24-fevrier-2025\\\/#primaryimage\"},\"image\":{\"@id\":\"https:\\\/\\\/www.haverskerque.fr\\\/index.php\\\/2025\\\/02\\\/20\\\/conseil-municipal-du-24-fevrier-2025\\\/#primaryimage\"},\"thumbnailUrl\":\"https:\\\/\\\/www.haverskerque.fr\\\/wp-content\\\/uploads\\\/2023\\\/02\\\/conseil_municipal.jpg\",\"datePublished\":\"2025-02-20T10:20:24+00:00\",\"dateModified\":\"2025-04-03T08:11:30+00:00\",\"breadcrumb\":{\"@id\":\"https:\\\/\\\/www.haverskerque.fr\\\/index.php\\\/2025\\\/02\\\/20\\\/conseil-municipal-du-24-fevrier-2025\\\/#breadcrumb\"},\"inLanguage\":\"fr-FR\",\"potentialAction\":[{\"@type\":\"ReadAction\",\"target\":[\"https:\\\/\\\/www.haverskerque.fr\\\/index.php\\\/2025\\\/02\\\/20\\\/conseil-municipal-du-24-fevrier-2025\\\/\"]}]},{\"@type\":\"BreadcrumbList\",\"@id\":\"https:\\\/\\\/www.haverskerque.fr\\\/index.php\\\/2025\\\/02\\\/20\\\/conseil-municipal-du-24-fevrier-2025\\\/#breadcrumb\",\"itemListElement\":[{\"@type\":\"ListItem\",\"position\":1,\"name\":\"Accueil\",\"item\":\"https:\\\/\\\/www.haverskerque.fr\\\/\"},{\"@type\":\"ListItem\",\"position\":2,\"name\":\"Conseil municipal du 24 f\u00e9vrier 2025\"}]},{\"@type\":\"WebSite\",\"@id\":\"https:\\\/\\\/haverskerque.fr\\\/#website\",\"url\":\"https:\\\/\\\/haverskerque.fr\\\/\",\"name\":\"Haverskerque\",\"description\":\"Haverskerque, 100% Nature !\",\"publisher\":{\"@id\":\"https:\\\/\\\/haverskerque.fr\\\/#organization\"},\"alternateName\":\"Haverskerque\",\"potentialAction\":[{\"@type\":\"SearchAction\",\"target\":{\"@type\":\"EntryPoint\",\"urlTemplate\":\"https:\\\/\\\/haverskerque.fr\\\/?s={search_term_string}\"},\"query-input\":{\"@type\":\"PropertyValueSpecification\",\"valueRequired\":true,\"valueName\":\"search_term_string\"}}],\"inLanguage\":\"fr-FR\"},{\"@type\":\"Organization\",\"@id\":\"https:\\\/\\\/haverskerque.fr\\\/#organization\",\"name\":\"Commune d'Haverskerque\",\"alternateName\":\"Commune d'Haverskerque\",\"url\":\"https:\\\/\\\/haverskerque.fr\\\/\",\"logo\":{\"@type\":\"ImageObject\",\"inLanguage\":\"fr-FR\",\"@id\":\"https:\\\/\\\/haverskerque.fr\\\/#\\\/schema\\\/logo\\\/image\\\/\",\"url\":\"https:\\\/\\\/haverskerque.fr\\\/wp-content\\\/uploads\\\/2024\\\/01\\\/siteon0-e5814-1.png\",\"contentUrl\":\"https:\\\/\\\/haverskerque.fr\\\/wp-content\\\/uploads\\\/2024\\\/01\\\/siteon0-e5814-1.png\",\"width\":236,\"height\":102,\"caption\":\"Commune d'Haverskerque\"},\"image\":{\"@id\":\"https:\\\/\\\/haverskerque.fr\\\/#\\\/schema\\\/logo\\\/image\\\/\"},\"sameAs\":[\"https:\\\/\\\/www.facebook.com\\\/communehaverskerque\",\"https:\\\/\\\/www.instagram.com\\\/communehaverskerque\\\/\"]},{\"@type\":\"Person\",\"@id\":\"https:\\\/\\\/haverskerque.fr\\\/#\\\/schema\\\/person\\\/aafb858b21dd4f2d37a7ab8c59b836ad\",\"name\":\"Communication\",\"image\":{\"@type\":\"ImageObject\",\"inLanguage\":\"fr-FR\",\"@id\":\"https:\\\/\\\/secure.gravatar.com\\\/avatar\\\/f1f32f6a5fe89824a018e48a8d0132dc8a2017a5c81ea8ad1f3bdfd5fe9dddc4?s=96&d=mm&r=g\",\"url\":\"https:\\\/\\\/secure.gravatar.com\\\/avatar\\\/f1f32f6a5fe89824a018e48a8d0132dc8a2017a5c81ea8ad1f3bdfd5fe9dddc4?s=96&d=mm&r=g\",\"contentUrl\":\"https:\\\/\\\/secure.gravatar.com\\\/avatar\\\/f1f32f6a5fe89824a018e48a8d0132dc8a2017a5c81ea8ad1f3bdfd5fe9dddc4?s=96&d=mm&r=g\",\"caption\":\"Communication\"},\"url\":\"https:\\\/\\\/www.haverskerque.fr\\\/index.php\\\/author\\\/clement\\\/\"}]}<\/script>\n<!-- \/ Yoast SEO plugin. -->","yoast_head_json":{"title":"Conseil municipal du 24 f\u00e9vrier 2025 * Haverskerque, 100% Nature !*","robots":{"index":"index","follow":"follow","max-snippet":"max-snippet:-1","max-image-preview":"max-image-preview:large","max-video-preview":"max-video-preview:-1"},"canonical":"https:\/\/www.haverskerque.fr\/index.php\/2025\/02\/20\/conseil-municipal-du-24-fevrier-2025\/","og_locale":"fr_FR","og_type":"article","og_title":"Conseil municipal du 24 f\u00e9vrier 2025 * Haverskerque, 100% Nature !*","og_description":"ORDRE DU JOUR INTERCOMMUNALIT\u00c9 1. Sollicitation d&rsquo;un fond de concours dans le cadre de la fourniture d&rsquo;une faucheuse et d&rsquo;une saleuse. 2. Sollicitation d&rsquo;un fond de concours dans le cadre de la fourniture de points lumineux. 3. Sollicitation d&rsquo;un fond de concours dans le cadre de la fourniture de mat\u00e9riaux pour les services techniques de la commune. 4. Sollicitation d&rsquo;un fond de concours dans le cadre de la fourniture de mat\u00e9riel informatique. 5. Sollicitation d&rsquo;un fond de concours dans le cadre du renforcement des berges. DIVERS 6. Convention avec le Centre de Gestion de la fonction publique territoriale du Nord pour une mission d&rsquo;archivage. 7. R\u00e9seau de lecture publique Esperluette Flandre Lys : Modification du r\u00e8glement int\u00e9rieur et convention de partenariat.","og_url":"https:\/\/www.haverskerque.fr\/index.php\/2025\/02\/20\/conseil-municipal-du-24-fevrier-2025\/","og_site_name":"Haverskerque, 100% Nature !*","article_publisher":"https:\/\/www.facebook.com\/communehaverskerque","article_published_time":"2025-02-20T10:20:24+00:00","article_modified_time":"2025-04-03T08:11:30+00:00","og_image":[{"width":1200,"height":630,"url":"https:\/\/www.haverskerque.fr\/wp-content\/uploads\/2023\/02\/conseil_municipal.jpg","type":"image\/jpeg"}],"author":"Communication","twitter_card":"summary_large_image","twitter_misc":{"\u00c9crit par":"Communication","Dur\u00e9e de lecture estim\u00e9e":"2 minutes"},"schema":{"@context":"https:\/\/schema.org","@graph":[{"@type":"Article","@id":"https:\/\/www.haverskerque.fr\/index.php\/2025\/02\/20\/conseil-municipal-du-24-fevrier-2025\/#article","isPartOf":{"@id":"https:\/\/www.haverskerque.fr\/index.php\/2025\/02\/20\/conseil-municipal-du-24-fevrier-2025\/"},"author":{"name":"Communication","@id":"https:\/\/haverskerque.fr\/#\/schema\/person\/aafb858b21dd4f2d37a7ab8c59b836ad"},"headline":"Conseil municipal du 24 f\u00e9vrier 2025","datePublished":"2025-02-20T10:20:24+00:00","dateModified":"2025-04-03T08:11:30+00:00","mainEntityOfPage":{"@id":"https:\/\/www.haverskerque.fr\/index.php\/2025\/02\/20\/conseil-municipal-du-24-fevrier-2025\/"},"wordCount":392,"publisher":{"@id":"https:\/\/haverskerque.fr\/#organization"},"image":{"@id":"https:\/\/www.haverskerque.fr\/index.php\/2025\/02\/20\/conseil-municipal-du-24-fevrier-2025\/#primaryimage"},"thumbnailUrl":"https:\/\/www.haverskerque.fr\/wp-content\/uploads\/2023\/02\/conseil_municipal.jpg","articleSection":["Conseil municipal"],"inLanguage":"fr-FR"},{"@type":"WebPage","@id":"https:\/\/www.haverskerque.fr\/index.php\/2025\/02\/20\/conseil-municipal-du-24-fevrier-2025\/","url":"https:\/\/www.haverskerque.fr\/index.php\/2025\/02\/20\/conseil-municipal-du-24-fevrier-2025\/","name":"Conseil municipal du 24 f\u00e9vrier 2025 * Haverskerque, 100% Nature !*","isPartOf":{"@id":"https:\/\/haverskerque.fr\/#website"},"primaryImageOfPage":{"@id":"https:\/\/www.haverskerque.fr\/index.php\/2025\/02\/20\/conseil-municipal-du-24-fevrier-2025\/#primaryimage"},"image":{"@id":"https:\/\/www.haverskerque.fr\/index.php\/2025\/02\/20\/conseil-municipal-du-24-fevrier-2025\/#primaryimage"},"thumbnailUrl":"https:\/\/www.haverskerque.fr\/wp-content\/uploads\/2023\/02\/conseil_municipal.jpg","datePublished":"2025-02-20T10:20:24+00:00","dateModified":"2025-04-03T08:11:30+00:00","breadcrumb":{"@id":"https:\/\/www.haverskerque.fr\/index.php\/2025\/02\/20\/conseil-municipal-du-24-fevrier-2025\/#breadcrumb"},"inLanguage":"fr-FR","potentialAction":[{"@type":"ReadAction","target":["https:\/\/www.haverskerque.fr\/index.php\/2025\/02\/20\/conseil-municipal-du-24-fevrier-2025\/"]}]},{"@type":"BreadcrumbList","@id":"https:\/\/www.haverskerque.fr\/index.php\/2025\/02\/20\/conseil-municipal-du-24-fevrier-2025\/#breadcrumb","itemListElement":[{"@type":"ListItem","position":1,"name":"Accueil","item":"https:\/\/www.haverskerque.fr\/"},{"@type":"ListItem","position":2,"name":"Conseil municipal du 24 f\u00e9vrier 2025"}]},{"@type":"WebSite","@id":"https:\/\/haverskerque.fr\/#website","url":"https:\/\/haverskerque.fr\/","name":"Haverskerque","description":"Haverskerque, 100% Nature !","publisher":{"@id":"https:\/\/haverskerque.fr\/#organization"},"alternateName":"Haverskerque","potentialAction":[{"@type":"SearchAction","target":{"@type":"EntryPoint","urlTemplate":"https:\/\/haverskerque.fr\/?s={search_term_string}"},"query-input":{"@type":"PropertyValueSpecification","valueRequired":true,"valueName":"search_term_string"}}],"inLanguage":"fr-FR"},{"@type":"Organization","@id":"https:\/\/haverskerque.fr\/#organization","name":"Commune d'Haverskerque","alternateName":"Commune d'Haverskerque","url":"https:\/\/haverskerque.fr\/","logo":{"@type":"ImageObject","inLanguage":"fr-FR","@id":"https:\/\/haverskerque.fr\/#\/schema\/logo\/image\/","url":"https:\/\/haverskerque.fr\/wp-content\/uploads\/2024\/01\/siteon0-e5814-1.png","contentUrl":"https:\/\/haverskerque.fr\/wp-content\/uploads\/2024\/01\/siteon0-e5814-1.png","width":236,"height":102,"caption":"Commune d'Haverskerque"},"image":{"@id":"https:\/\/haverskerque.fr\/#\/schema\/logo\/image\/"},"sameAs":["https:\/\/www.facebook.com\/communehaverskerque","https:\/\/www.instagram.com\/communehaverskerque\/"]},{"@type":"Person","@id":"https:\/\/haverskerque.fr\/#\/schema\/person\/aafb858b21dd4f2d37a7ab8c59b836ad","name":"Communication","image":{"@type":"ImageObject","inLanguage":"fr-FR","@id":"https:\/\/secure.gravatar.com\/avatar\/f1f32f6a5fe89824a018e48a8d0132dc8a2017a5c81ea8ad1f3bdfd5fe9dddc4?s=96&d=mm&r=g","url":"https:\/\/secure.gravatar.com\/avatar\/f1f32f6a5fe89824a018e48a8d0132dc8a2017a5c81ea8ad1f3bdfd5fe9dddc4?s=96&d=mm&r=g","contentUrl":"https:\/\/secure.gravatar.com\/avatar\/f1f32f6a5fe89824a018e48a8d0132dc8a2017a5c81ea8ad1f3bdfd5fe9dddc4?s=96&d=mm&r=g","caption":"Communication"},"url":"https:\/\/www.haverskerque.fr\/index.php\/author\/clement\/"}]}},"_links":{"self":[{"href":"https:\/\/www.haverskerque.fr\/index.php\/wp-json\/wp\/v2\/posts\/9146","targetHints":{"allow":["GET"]}}],"collection":[{"href":"https:\/\/www.haverskerque.fr\/index.php\/wp-json\/wp\/v2\/posts"}],"about":[{"href":"https:\/\/www.haverskerque.fr\/index.php\/wp-json\/wp\/v2\/types\/post"}],"author":[{"embeddable":true,"href":"https:\/\/www.haverskerque.fr\/index.php\/wp-json\/wp\/v2\/users\/2"}],"replies":[{"embeddable":true,"href":"https:\/\/www.haverskerque.fr\/index.php\/wp-json\/wp\/v2\/comments?post=9146"}],"version-history":[{"count":3,"href":"https:\/\/www.haverskerque.fr\/index.php\/wp-json\/wp\/v2\/posts\/9146\/revisions"}],"predecessor-version":[{"id":9265,"href":"https:\/\/www.haverskerque.fr\/index.php\/wp-json\/wp\/v2\/posts\/9146\/revisions\/9265"}],"wp:featuredmedia":[{"embeddable":true,"href":"https:\/\/www.haverskerque.fr\/index.php\/wp-json\/wp\/v2\/media\/568"}],"wp:attachment":[{"href":"https:\/\/www.haverskerque.fr\/index.php\/wp-json\/wp\/v2\/media?parent=9146"}],"wp:term":[{"taxonomy":"category","embeddable":true,"href":"https:\/\/www.haverskerque.fr\/index.php\/wp-json\/wp\/v2\/categories?post=9146"},{"taxonomy":"post_tag","embeddable":true,"href":"https:\/\/www.haverskerque.fr\/index.php\/wp-json\/wp\/v2\/tags?post=9146"}],"curies":[{"name":"wp","href":"https:\/\/api.w.org\/{rel}","templated":true}]}}