{"id":8664,"date":"2024-09-18T11:48:42","date_gmt":"2024-09-18T09:48:42","guid":{"rendered":"https:\/\/haverskerque.fr\/?p=8664"},"modified":"2024-10-08T10:54:54","modified_gmt":"2024-10-08T08:54:54","slug":"conseil-municipal-du-19-septembre-2024","status":"publish","type":"post","link":"https:\/\/www.haverskerque.fr\/index.php\/2024\/09\/18\/conseil-municipal-du-19-septembre-2024\/","title":{"rendered":"Conseil municipal du 19 septembre 2024"},"content":{"rendered":"\n<h3 class=\"wp-block-heading\">ORDRE DU JOUR<\/h3>\n\n\n\n<ul class=\"wp-block-list\">\n<li>\u00c9lection du secr\u00e9taire de s\u00e9ance<\/li>\n<\/ul>\n\n\n\n<p><\/p>\n\n\n\n<ul class=\"wp-block-list\">\n<li>Approbation du proc\u00e8s-verbal du conseil municipal du 24 juin 2024<\/li>\n<\/ul>\n\n\n\n<p><\/p>\n\n\n\n<ul class=\"wp-block-list\">\n<li>Informations de d\u00e9cisions du Maire dans le cadre de ses d\u00e9l\u00e9gations <\/li>\n<\/ul>\n\n\n\n<p><\/p>\n\n\n\n<p><strong>INTERCOMMUNALIT\u00c9<\/strong><\/p>\n\n\n\n<p>1. Convention &#8211; conseillers num\u00e9riques<\/p>\n\n\n\n<p>2. Modification des statuts de la CCFL<\/p>\n\n\n\n<p><strong>URBANISME<\/strong><\/p>\n\n\n\n<p>3. Convention de mise \u00e0 disposition de personnel par la mairie de Saint-Venant<\/p>\n\n\n\n<p><strong>RESSOURCES HUMAINES<\/strong><\/p>\n\n\n\n<p>4. Modification du tableau des effectifs<\/p>\n\n\n\n<p><strong>DIVERS<\/strong><\/p>\n\n\n\n<p>5. Prise en charge de deux tours de tickets de man\u00e8ge par enfant demeurant ou scolaris\u00e9 \u00e0 Haverskerque<\/p>\n\n\n\n<p>6. Intervention sportive en milieu scolaire &#8211; Ann\u00e9e scolaire 2024-2025<\/p>\n\n\n\n<p>7. Intervention musicale en milieu scolaire &#8211; Ann\u00e9e scolaire 2024-2025<\/p>\n\n\n\n<p>8. Modification du r\u00e8glement des salles communales<\/p>\n\n\n\n<p>9. Participation de la commune \u00e0 la classe de neige de l&rsquo;\u00e9cole Antoine de St-Exup\u00e9ry<\/p>\n\n\n\n<p>10. Convention &#8211; Centre Local d&rsquo;Information et de Coordination (C.L.I.C.) de l&rsquo;association Flandre &amp; Lys Autonomie<\/p>\n\n\n\n<div class=\"wp-block-file\"><a id=\"wp-block-file--media-2d109223-8408-4427-9d49-567a7bafb91f\" href=\"https:\/\/haverskerque.fr\/wp-content\/uploads\/2024\/09\/convocation-cm.pdf\" target=\"_blank\" rel=\"noreferrer noopener\">Convocation CM du 19 septembre 2024<\/a><a href=\"https:\/\/haverskerque.fr\/wp-content\/uploads\/2024\/09\/convocation-cm.pdf\" class=\"wp-block-file__button wp-element-button\" download aria-describedby=\"wp-block-file--media-2d109223-8408-4427-9d49-567a7bafb91f\">T\u00e9l\u00e9charger<\/a><\/div>\n\n\n\n<div class=\"wp-block-file\"><a id=\"wp-block-file--media-4f835288-2867-4718-a8f4-6b8736e45977\" href=\"https:\/\/www.haverskerque.fr\/wp-content\/uploads\/2024\/09\/PROCES-VERBAL-DU-24-JUIN-2024.pdf\" target=\"_blank\" rel=\"noreferrer noopener\">PROCES VERBAL DU 24 JUIN 2024<\/a><a href=\"https:\/\/www.haverskerque.fr\/wp-content\/uploads\/2024\/09\/PROCES-VERBAL-DU-24-JUIN-2024.pdf\" class=\"wp-block-file__button wp-element-button\" download aria-describedby=\"wp-block-file--media-4f835288-2867-4718-a8f4-6b8736e45977\">T\u00e9l\u00e9charger<\/a><\/div>\n\n\n\n<div class=\"wp-block-file\"><a id=\"wp-block-file--media-070f1d7c-de51-41c7-8d2a-6d0f4fdd1576\" href=\"https:\/\/www.haverskerque.fr\/wp-content\/uploads\/2024\/09\/036-CCFL-Autorisation-de-signature-de-la-convention-de-partenariat-conseillers-numeriques-tampon.pdf\" target=\"_blank\" rel=\"noreferrer noopener\">036-CCFL-Autorisation de signature de la convention de partenariat conseillers num\u00e9riques-tampon<\/a><a href=\"https:\/\/www.haverskerque.fr\/wp-content\/uploads\/2024\/09\/036-CCFL-Autorisation-de-signature-de-la-convention-de-partenariat-conseillers-numeriques-tampon.pdf\" class=\"wp-block-file__button wp-element-button\" download aria-describedby=\"wp-block-file--media-070f1d7c-de51-41c7-8d2a-6d0f4fdd1576\">T\u00e9l\u00e9charger<\/a><\/div>\n\n\n\n<div class=\"wp-block-file\"><a id=\"wp-block-file--media-d7d7a002-9111-46ad-a903-b4f5c517514a\" href=\"https:\/\/www.haverskerque.fr\/wp-content\/uploads\/2024\/09\/037-Modification-des-statuts-et-redefinition-de-linteret-communautaire-tampon.pdf\" target=\"_blank\" rel=\"noreferrer noopener\">037-Modification des statuts et red\u00e9finition de l&rsquo;int\u00e9r\u00eat communautaire-tampon<\/a><a href=\"https:\/\/www.haverskerque.fr\/wp-content\/uploads\/2024\/09\/037-Modification-des-statuts-et-redefinition-de-linteret-communautaire-tampon.pdf\" class=\"wp-block-file__button wp-element-button\" download aria-describedby=\"wp-block-file--media-d7d7a002-9111-46ad-a903-b4f5c517514a\">T\u00e9l\u00e9charger<\/a><\/div>\n\n\n\n<div class=\"wp-block-file\"><a id=\"wp-block-file--media-3a1a7626-12ec-4315-83b0-c62e78f9a32f\" href=\"https:\/\/www.haverskerque.fr\/wp-content\/uploads\/2024\/09\/038-Convention-de-mise-a-disposition-dun-fonctionnaire-tampon.pdf\" target=\"_blank\" rel=\"noreferrer noopener\">038-Convention de mise \u00e0 disposition d&rsquo;un fonctionnaire-tampon<\/a><a href=\"https:\/\/www.haverskerque.fr\/wp-content\/uploads\/2024\/09\/038-Convention-de-mise-a-disposition-dun-fonctionnaire-tampon.pdf\" class=\"wp-block-file__button wp-element-button\" download aria-describedby=\"wp-block-file--media-3a1a7626-12ec-4315-83b0-c62e78f9a32f\">T\u00e9l\u00e9charger<\/a><\/div>\n\n\n\n<div class=\"wp-block-file\"><a id=\"wp-block-file--media-cc9518ca-b3b4-4508-a2db-01b6492a535c\" href=\"https:\/\/www.haverskerque.fr\/wp-content\/uploads\/2024\/09\/039-Personnel-communal-Mise-a-jour-du-tableau-des-effectifs-tampon.pdf\" target=\"_blank\" rel=\"noreferrer noopener\">039-Personnel communal-Mise \u00e0 jour du tableau des effectifs-tampon<\/a><a href=\"https:\/\/www.haverskerque.fr\/wp-content\/uploads\/2024\/09\/039-Personnel-communal-Mise-a-jour-du-tableau-des-effectifs-tampon.pdf\" class=\"wp-block-file__button wp-element-button\" download aria-describedby=\"wp-block-file--media-cc9518ca-b3b4-4508-a2db-01b6492a535c\">T\u00e9l\u00e9charger<\/a><\/div>\n\n\n\n<div class=\"wp-block-file\"><a id=\"wp-block-file--media-6031c621-a97b-4c97-9e6f-39994637071a\" href=\"https:\/\/www.haverskerque.fr\/wp-content\/uploads\/2024\/09\/040-Ducasse-dHaverskerque-Prise-en-charge-de-deux-tours-de-tickets-de-manege-par-enfant-demeurant-ou-scolarise-dans-la-commune-tampon.pdf\" target=\"_blank\" rel=\"noreferrer noopener\">040-Ducasse d&rsquo;Haverskerque-Prise en charge de deux tours de tickets de man\u00e8ge par enfant demeurant ou scolaris\u00e9 dans la commune-tampon<\/a><a href=\"https:\/\/www.haverskerque.fr\/wp-content\/uploads\/2024\/09\/040-Ducasse-dHaverskerque-Prise-en-charge-de-deux-tours-de-tickets-de-manege-par-enfant-demeurant-ou-scolarise-dans-la-commune-tampon.pdf\" class=\"wp-block-file__button wp-element-button\" download aria-describedby=\"wp-block-file--media-6031c621-a97b-4c97-9e6f-39994637071a\">T\u00e9l\u00e9charger<\/a><\/div>\n\n\n\n<div class=\"wp-block-file\"><a id=\"wp-block-file--media-d977fa97-b7af-453b-a42b-48647bc4923a\" href=\"https:\/\/www.haverskerque.fr\/wp-content\/uploads\/2024\/09\/041-Intervention-sportive-en-milieu-scolaire-Recrutement-et-remuneration-pour-lannee-2024-2025-tampon.pdf\" target=\"_blank\" rel=\"noreferrer noopener\">041-Intervention sportive en milieu scolaire-Recrutement et r\u00e9mun\u00e9ration pour l&rsquo;ann\u00e9e 2024-2025-tampon<\/a><a href=\"https:\/\/www.haverskerque.fr\/wp-content\/uploads\/2024\/09\/041-Intervention-sportive-en-milieu-scolaire-Recrutement-et-remuneration-pour-lannee-2024-2025-tampon.pdf\" class=\"wp-block-file__button wp-element-button\" download aria-describedby=\"wp-block-file--media-d977fa97-b7af-453b-a42b-48647bc4923a\">T\u00e9l\u00e9charger<\/a><\/div>\n\n\n\n<div class=\"wp-block-file\"><a id=\"wp-block-file--media-f6136860-3dca-4ca2-9896-1ed127b214e2\" href=\"https:\/\/www.haverskerque.fr\/wp-content\/uploads\/2024\/09\/042-Intervention-musicale-en-milieu-scolaire-Recrutement-et-remuneration-pour-lannee-2024-2025-tampon.pdf\" target=\"_blank\" rel=\"noreferrer noopener\">042-Intervention musicale en milieu scolaire-Recrutement et r\u00e9mun\u00e9ration pour l&rsquo;ann\u00e9e 2024-2025-tampon<\/a><a href=\"https:\/\/www.haverskerque.fr\/wp-content\/uploads\/2024\/09\/042-Intervention-musicale-en-milieu-scolaire-Recrutement-et-remuneration-pour-lannee-2024-2025-tampon.pdf\" class=\"wp-block-file__button wp-element-button\" download aria-describedby=\"wp-block-file--media-f6136860-3dca-4ca2-9896-1ed127b214e2\">T\u00e9l\u00e9charger<\/a><\/div>\n\n\n\n<div class=\"wp-block-file\"><a id=\"wp-block-file--media-9e2fac4d-6995-4b2d-819f-f786a5076ff7\" href=\"https:\/\/www.haverskerque.fr\/wp-content\/uploads\/2024\/09\/043-Modification-reglement-interieur-salles-des-fetes-tampon.pdf\" target=\"_blank\" rel=\"noreferrer noopener\">043-Modification r\u00e8glement int\u00e9rieur salles des f\u00eates-tampon<\/a><a href=\"https:\/\/www.haverskerque.fr\/wp-content\/uploads\/2024\/09\/043-Modification-reglement-interieur-salles-des-fetes-tampon.pdf\" class=\"wp-block-file__button wp-element-button\" download aria-describedby=\"wp-block-file--media-9e2fac4d-6995-4b2d-819f-f786a5076ff7\">T\u00e9l\u00e9charger<\/a><\/div>\n\n\n\n<div class=\"wp-block-file\"><a id=\"wp-block-file--media-ccd14ac7-7645-4c4c-a6c1-0c2c1990f29d\" href=\"https:\/\/www.haverskerque.fr\/wp-content\/uploads\/2024\/09\/044-Ecole-St-Exupery-Demande-de-subvention-exceptionnelle-au-titre-du-voyage-de-classe-des-classes-de-CM-en-2025-tampon.pdf\" target=\"_blank\" rel=\"noreferrer noopener\">044-Ecole St Exup\u00e9ry-Demande de subvention exceptionnelle au titre du voyage de classe des classes de CM en 2025-tampon<\/a><a href=\"https:\/\/www.haverskerque.fr\/wp-content\/uploads\/2024\/09\/044-Ecole-St-Exupery-Demande-de-subvention-exceptionnelle-au-titre-du-voyage-de-classe-des-classes-de-CM-en-2025-tampon.pdf\" class=\"wp-block-file__button wp-element-button\" download aria-describedby=\"wp-block-file--media-ccd14ac7-7645-4c4c-a6c1-0c2c1990f29d\">T\u00e9l\u00e9charger<\/a><\/div>\n\n\n\n<div class=\"wp-block-file\"><a id=\"wp-block-file--media-d00d05f1-56b7-4c33-b6a8-3c68d40bdc53\" href=\"https:\/\/www.haverskerque.fr\/wp-content\/uploads\/2024\/09\/045-Convention-de-partenariat-et-de-paiement-avec-le-Centre-Local-dInformation-et-de-Coordination-de-lassociation-Flandre-et-Lys-autonomie-tam.pdf\" target=\"_blank\" rel=\"noreferrer noopener\">045-Convention de partenariat et de paiement avec le Centre Local d&rsquo;Information et de Coordination de l&rsquo;association Flandre et Lys autonomie-tam<\/a><a href=\"https:\/\/www.haverskerque.fr\/wp-content\/uploads\/2024\/09\/045-Convention-de-partenariat-et-de-paiement-avec-le-Centre-Local-dInformation-et-de-Coordination-de-lassociation-Flandre-et-Lys-autonomie-tam.pdf\" class=\"wp-block-file__button wp-element-button\" download aria-describedby=\"wp-block-file--media-d00d05f1-56b7-4c33-b6a8-3c68d40bdc53\">T\u00e9l\u00e9charger<\/a><\/div>\n","protected":false},"excerpt":{"rendered":"<p>ORDRE DU JOUR INTERCOMMUNALIT\u00c9 1. Convention &#8211; conseillers num\u00e9riques 2. Modification des statuts de la CCFL URBANISME 3. Convention de mise \u00e0 disposition de personnel par la mairie de Saint-Venant RESSOURCES HUMAINES 4. Modification du tableau des effectifs DIVERS 5. Prise en charge de deux tours de tickets de man\u00e8ge par enfant demeurant ou scolaris\u00e9 \u00e0 Haverskerque 6. Intervention sportive en milieu scolaire &#8211; Ann\u00e9e scolaire 2024-2025 7. Intervention musicale en milieu scolaire &#8211; Ann\u00e9e scolaire 2024-2025 8. Modification du r\u00e8glement des salles communales 9. Participation de la commune \u00e0 la classe de neige de l&rsquo;\u00e9cole Antoine de St-Exup\u00e9ry 10. Convention &#8211; Centre Local d&rsquo;Information et de Coordination (C.L.I.C.) de l&rsquo;association Flandre &amp; Lys Autonomie<\/p>\n","protected":false},"author":2,"featured_media":568,"comment_status":"closed","ping_status":"closed","sticky":false,"template":"","format":"standard","meta":{"cybocfi_hide_featured_image":"yes","footnotes":""},"categories":[10],"tags":[],"class_list":["post-8664","post","type-post","status-publish","format-standard","has-post-thumbnail","hentry","category-conseil-mnicipal"],"yoast_head":"<!-- This site is optimized with the Yoast SEO plugin v27.5 - https:\/\/yoast.com\/product\/yoast-seo-wordpress\/ -->\n<title>Conseil municipal du 19 septembre 2024 * Haverskerque, 100% Nature !*<\/title>\n<meta name=\"robots\" content=\"index, follow, max-snippet:-1, max-image-preview:large, max-video-preview:-1\" \/>\n<link rel=\"canonical\" href=\"https:\/\/www.haverskerque.fr\/index.php\/2024\/09\/18\/conseil-municipal-du-19-septembre-2024\/\" \/>\n<meta property=\"og:locale\" content=\"fr_FR\" \/>\n<meta property=\"og:type\" content=\"article\" \/>\n<meta property=\"og:title\" content=\"Conseil municipal du 19 septembre 2024 * Haverskerque, 100% Nature !*\" \/>\n<meta property=\"og:description\" content=\"ORDRE DU JOUR INTERCOMMUNALIT\u00c9 1. Convention &#8211; conseillers num\u00e9riques 2. Modification des statuts de la CCFL URBANISME 3. Convention de mise \u00e0 disposition de personnel par la mairie de Saint-Venant RESSOURCES HUMAINES 4. Modification du tableau des effectifs DIVERS 5. Prise en charge de deux tours de tickets de man\u00e8ge par enfant demeurant ou scolaris\u00e9 \u00e0 Haverskerque 6. Intervention sportive en milieu scolaire &#8211; Ann\u00e9e scolaire 2024-2025 7. Intervention musicale en milieu scolaire &#8211; Ann\u00e9e scolaire 2024-2025 8. Modification du r\u00e8glement des salles communales 9. Participation de la commune \u00e0 la classe de neige de l&rsquo;\u00e9cole Antoine de St-Exup\u00e9ry 10. Convention &#8211; Centre Local d&rsquo;Information et de Coordination (C.L.I.C.) de l&rsquo;association Flandre &amp; Lys Autonomie\" \/>\n<meta property=\"og:url\" content=\"https:\/\/www.haverskerque.fr\/index.php\/2024\/09\/18\/conseil-municipal-du-19-septembre-2024\/\" \/>\n<meta property=\"og:site_name\" content=\"Haverskerque, 100% Nature !*\" \/>\n<meta property=\"article:publisher\" content=\"https:\/\/www.facebook.com\/communehaverskerque\" \/>\n<meta property=\"article:published_time\" content=\"2024-09-18T09:48:42+00:00\" \/>\n<meta property=\"article:modified_time\" content=\"2024-10-08T08:54:54+00:00\" \/>\n<meta property=\"og:image\" content=\"https:\/\/www.haverskerque.fr\/wp-content\/uploads\/2023\/02\/conseil_municipal.jpg\" \/>\n\t<meta property=\"og:image:width\" content=\"1200\" \/>\n\t<meta property=\"og:image:height\" content=\"630\" \/>\n\t<meta property=\"og:image:type\" content=\"image\/jpeg\" \/>\n<meta name=\"author\" content=\"Communication\" \/>\n<meta name=\"twitter:card\" content=\"summary_large_image\" \/>\n<meta name=\"twitter:label1\" content=\"\u00c9crit par\" \/>\n\t<meta name=\"twitter:data1\" content=\"Communication\" \/>\n\t<meta name=\"twitter:label2\" content=\"Dur\u00e9e de lecture estim\u00e9e\" \/>\n\t<meta name=\"twitter:data2\" content=\"2 minutes\" \/>\n<script type=\"application\/ld+json\" class=\"yoast-schema-graph\">{\"@context\":\"https:\\\/\\\/schema.org\",\"@graph\":[{\"@type\":\"Article\",\"@id\":\"https:\\\/\\\/www.haverskerque.fr\\\/index.php\\\/2024\\\/09\\\/18\\\/conseil-municipal-du-19-septembre-2024\\\/#article\",\"isPartOf\":{\"@id\":\"https:\\\/\\\/www.haverskerque.fr\\\/index.php\\\/2024\\\/09\\\/18\\\/conseil-municipal-du-19-septembre-2024\\\/\"},\"author\":{\"name\":\"Communication\",\"@id\":\"https:\\\/\\\/haverskerque.fr\\\/#\\\/schema\\\/person\\\/aafb858b21dd4f2d37a7ab8c59b836ad\"},\"headline\":\"Conseil municipal du 19 septembre 2024\",\"datePublished\":\"2024-09-18T09:48:42+00:00\",\"dateModified\":\"2024-10-08T08:54:54+00:00\",\"mainEntityOfPage\":{\"@id\":\"https:\\\/\\\/www.haverskerque.fr\\\/index.php\\\/2024\\\/09\\\/18\\\/conseil-municipal-du-19-septembre-2024\\\/\"},\"wordCount\":330,\"publisher\":{\"@id\":\"https:\\\/\\\/haverskerque.fr\\\/#organization\"},\"image\":{\"@id\":\"https:\\\/\\\/www.haverskerque.fr\\\/index.php\\\/2024\\\/09\\\/18\\\/conseil-municipal-du-19-septembre-2024\\\/#primaryimage\"},\"thumbnailUrl\":\"https:\\\/\\\/www.haverskerque.fr\\\/wp-content\\\/uploads\\\/2023\\\/02\\\/conseil_municipal.jpg\",\"articleSection\":[\"Conseil municipal\"],\"inLanguage\":\"fr-FR\"},{\"@type\":\"WebPage\",\"@id\":\"https:\\\/\\\/www.haverskerque.fr\\\/index.php\\\/2024\\\/09\\\/18\\\/conseil-municipal-du-19-septembre-2024\\\/\",\"url\":\"https:\\\/\\\/www.haverskerque.fr\\\/index.php\\\/2024\\\/09\\\/18\\\/conseil-municipal-du-19-septembre-2024\\\/\",\"name\":\"Conseil municipal du 19 septembre 2024 * Haverskerque, 100% Nature !*\",\"isPartOf\":{\"@id\":\"https:\\\/\\\/haverskerque.fr\\\/#website\"},\"primaryImageOfPage\":{\"@id\":\"https:\\\/\\\/www.haverskerque.fr\\\/index.php\\\/2024\\\/09\\\/18\\\/conseil-municipal-du-19-septembre-2024\\\/#primaryimage\"},\"image\":{\"@id\":\"https:\\\/\\\/www.haverskerque.fr\\\/index.php\\\/2024\\\/09\\\/18\\\/conseil-municipal-du-19-septembre-2024\\\/#primaryimage\"},\"thumbnailUrl\":\"https:\\\/\\\/www.haverskerque.fr\\\/wp-content\\\/uploads\\\/2023\\\/02\\\/conseil_municipal.jpg\",\"datePublished\":\"2024-09-18T09:48:42+00:00\",\"dateModified\":\"2024-10-08T08:54:54+00:00\",\"breadcrumb\":{\"@id\":\"https:\\\/\\\/www.haverskerque.fr\\\/index.php\\\/2024\\\/09\\\/18\\\/conseil-municipal-du-19-septembre-2024\\\/#breadcrumb\"},\"inLanguage\":\"fr-FR\",\"potentialAction\":[{\"@type\":\"ReadAction\",\"target\":[\"https:\\\/\\\/www.haverskerque.fr\\\/index.php\\\/2024\\\/09\\\/18\\\/conseil-municipal-du-19-septembre-2024\\\/\"]}]},{\"@type\":\"BreadcrumbList\",\"@id\":\"https:\\\/\\\/www.haverskerque.fr\\\/index.php\\\/2024\\\/09\\\/18\\\/conseil-municipal-du-19-septembre-2024\\\/#breadcrumb\",\"itemListElement\":[{\"@type\":\"ListItem\",\"position\":1,\"name\":\"Accueil\",\"item\":\"https:\\\/\\\/www.haverskerque.fr\\\/\"},{\"@type\":\"ListItem\",\"position\":2,\"name\":\"Conseil municipal du 19 septembre 2024\"}]},{\"@type\":\"WebSite\",\"@id\":\"https:\\\/\\\/haverskerque.fr\\\/#website\",\"url\":\"https:\\\/\\\/haverskerque.fr\\\/\",\"name\":\"Haverskerque\",\"description\":\"Haverskerque, 100% Nature !\",\"publisher\":{\"@id\":\"https:\\\/\\\/haverskerque.fr\\\/#organization\"},\"alternateName\":\"Haverskerque\",\"potentialAction\":[{\"@type\":\"SearchAction\",\"target\":{\"@type\":\"EntryPoint\",\"urlTemplate\":\"https:\\\/\\\/haverskerque.fr\\\/?s={search_term_string}\"},\"query-input\":{\"@type\":\"PropertyValueSpecification\",\"valueRequired\":true,\"valueName\":\"search_term_string\"}}],\"inLanguage\":\"fr-FR\"},{\"@type\":\"Organization\",\"@id\":\"https:\\\/\\\/haverskerque.fr\\\/#organization\",\"name\":\"Commune d'Haverskerque\",\"alternateName\":\"Commune d'Haverskerque\",\"url\":\"https:\\\/\\\/haverskerque.fr\\\/\",\"logo\":{\"@type\":\"ImageObject\",\"inLanguage\":\"fr-FR\",\"@id\":\"https:\\\/\\\/haverskerque.fr\\\/#\\\/schema\\\/logo\\\/image\\\/\",\"url\":\"https:\\\/\\\/haverskerque.fr\\\/wp-content\\\/uploads\\\/2024\\\/01\\\/siteon0-e5814-1.png\",\"contentUrl\":\"https:\\\/\\\/haverskerque.fr\\\/wp-content\\\/uploads\\\/2024\\\/01\\\/siteon0-e5814-1.png\",\"width\":236,\"height\":102,\"caption\":\"Commune d'Haverskerque\"},\"image\":{\"@id\":\"https:\\\/\\\/haverskerque.fr\\\/#\\\/schema\\\/logo\\\/image\\\/\"},\"sameAs\":[\"https:\\\/\\\/www.facebook.com\\\/communehaverskerque\",\"https:\\\/\\\/www.instagram.com\\\/communehaverskerque\\\/\"]},{\"@type\":\"Person\",\"@id\":\"https:\\\/\\\/haverskerque.fr\\\/#\\\/schema\\\/person\\\/aafb858b21dd4f2d37a7ab8c59b836ad\",\"name\":\"Communication\",\"image\":{\"@type\":\"ImageObject\",\"inLanguage\":\"fr-FR\",\"@id\":\"https:\\\/\\\/secure.gravatar.com\\\/avatar\\\/f1f32f6a5fe89824a018e48a8d0132dc8a2017a5c81ea8ad1f3bdfd5fe9dddc4?s=96&d=mm&r=g\",\"url\":\"https:\\\/\\\/secure.gravatar.com\\\/avatar\\\/f1f32f6a5fe89824a018e48a8d0132dc8a2017a5c81ea8ad1f3bdfd5fe9dddc4?s=96&d=mm&r=g\",\"contentUrl\":\"https:\\\/\\\/secure.gravatar.com\\\/avatar\\\/f1f32f6a5fe89824a018e48a8d0132dc8a2017a5c81ea8ad1f3bdfd5fe9dddc4?s=96&d=mm&r=g\",\"caption\":\"Communication\"},\"url\":\"https:\\\/\\\/www.haverskerque.fr\\\/index.php\\\/author\\\/clement\\\/\"}]}<\/script>\n<!-- \/ Yoast SEO plugin. -->","yoast_head_json":{"title":"Conseil municipal du 19 septembre 2024 * Haverskerque, 100% Nature !*","robots":{"index":"index","follow":"follow","max-snippet":"max-snippet:-1","max-image-preview":"max-image-preview:large","max-video-preview":"max-video-preview:-1"},"canonical":"https:\/\/www.haverskerque.fr\/index.php\/2024\/09\/18\/conseil-municipal-du-19-septembre-2024\/","og_locale":"fr_FR","og_type":"article","og_title":"Conseil municipal du 19 septembre 2024 * Haverskerque, 100% Nature !*","og_description":"ORDRE DU JOUR INTERCOMMUNALIT\u00c9 1. Convention &#8211; conseillers num\u00e9riques 2. Modification des statuts de la CCFL URBANISME 3. Convention de mise \u00e0 disposition de personnel par la mairie de Saint-Venant RESSOURCES HUMAINES 4. Modification du tableau des effectifs DIVERS 5. Prise en charge de deux tours de tickets de man\u00e8ge par enfant demeurant ou scolaris\u00e9 \u00e0 Haverskerque 6. Intervention sportive en milieu scolaire &#8211; Ann\u00e9e scolaire 2024-2025 7. Intervention musicale en milieu scolaire &#8211; Ann\u00e9e scolaire 2024-2025 8. Modification du r\u00e8glement des salles communales 9. Participation de la commune \u00e0 la classe de neige de l&rsquo;\u00e9cole Antoine de St-Exup\u00e9ry 10. Convention &#8211; Centre Local d&rsquo;Information et de Coordination (C.L.I.C.) de l&rsquo;association Flandre &amp; Lys Autonomie","og_url":"https:\/\/www.haverskerque.fr\/index.php\/2024\/09\/18\/conseil-municipal-du-19-septembre-2024\/","og_site_name":"Haverskerque, 100% Nature !*","article_publisher":"https:\/\/www.facebook.com\/communehaverskerque","article_published_time":"2024-09-18T09:48:42+00:00","article_modified_time":"2024-10-08T08:54:54+00:00","og_image":[{"width":1200,"height":630,"url":"https:\/\/www.haverskerque.fr\/wp-content\/uploads\/2023\/02\/conseil_municipal.jpg","type":"image\/jpeg"}],"author":"Communication","twitter_card":"summary_large_image","twitter_misc":{"\u00c9crit par":"Communication","Dur\u00e9e de lecture estim\u00e9e":"2 minutes"},"schema":{"@context":"https:\/\/schema.org","@graph":[{"@type":"Article","@id":"https:\/\/www.haverskerque.fr\/index.php\/2024\/09\/18\/conseil-municipal-du-19-septembre-2024\/#article","isPartOf":{"@id":"https:\/\/www.haverskerque.fr\/index.php\/2024\/09\/18\/conseil-municipal-du-19-septembre-2024\/"},"author":{"name":"Communication","@id":"https:\/\/haverskerque.fr\/#\/schema\/person\/aafb858b21dd4f2d37a7ab8c59b836ad"},"headline":"Conseil municipal du 19 septembre 2024","datePublished":"2024-09-18T09:48:42+00:00","dateModified":"2024-10-08T08:54:54+00:00","mainEntityOfPage":{"@id":"https:\/\/www.haverskerque.fr\/index.php\/2024\/09\/18\/conseil-municipal-du-19-septembre-2024\/"},"wordCount":330,"publisher":{"@id":"https:\/\/haverskerque.fr\/#organization"},"image":{"@id":"https:\/\/www.haverskerque.fr\/index.php\/2024\/09\/18\/conseil-municipal-du-19-septembre-2024\/#primaryimage"},"thumbnailUrl":"https:\/\/www.haverskerque.fr\/wp-content\/uploads\/2023\/02\/conseil_municipal.jpg","articleSection":["Conseil municipal"],"inLanguage":"fr-FR"},{"@type":"WebPage","@id":"https:\/\/www.haverskerque.fr\/index.php\/2024\/09\/18\/conseil-municipal-du-19-septembre-2024\/","url":"https:\/\/www.haverskerque.fr\/index.php\/2024\/09\/18\/conseil-municipal-du-19-septembre-2024\/","name":"Conseil municipal du 19 septembre 2024 * Haverskerque, 100% Nature !*","isPartOf":{"@id":"https:\/\/haverskerque.fr\/#website"},"primaryImageOfPage":{"@id":"https:\/\/www.haverskerque.fr\/index.php\/2024\/09\/18\/conseil-municipal-du-19-septembre-2024\/#primaryimage"},"image":{"@id":"https:\/\/www.haverskerque.fr\/index.php\/2024\/09\/18\/conseil-municipal-du-19-septembre-2024\/#primaryimage"},"thumbnailUrl":"https:\/\/www.haverskerque.fr\/wp-content\/uploads\/2023\/02\/conseil_municipal.jpg","datePublished":"2024-09-18T09:48:42+00:00","dateModified":"2024-10-08T08:54:54+00:00","breadcrumb":{"@id":"https:\/\/www.haverskerque.fr\/index.php\/2024\/09\/18\/conseil-municipal-du-19-septembre-2024\/#breadcrumb"},"inLanguage":"fr-FR","potentialAction":[{"@type":"ReadAction","target":["https:\/\/www.haverskerque.fr\/index.php\/2024\/09\/18\/conseil-municipal-du-19-septembre-2024\/"]}]},{"@type":"BreadcrumbList","@id":"https:\/\/www.haverskerque.fr\/index.php\/2024\/09\/18\/conseil-municipal-du-19-septembre-2024\/#breadcrumb","itemListElement":[{"@type":"ListItem","position":1,"name":"Accueil","item":"https:\/\/www.haverskerque.fr\/"},{"@type":"ListItem","position":2,"name":"Conseil municipal du 19 septembre 2024"}]},{"@type":"WebSite","@id":"https:\/\/haverskerque.fr\/#website","url":"https:\/\/haverskerque.fr\/","name":"Haverskerque","description":"Haverskerque, 100% Nature !","publisher":{"@id":"https:\/\/haverskerque.fr\/#organization"},"alternateName":"Haverskerque","potentialAction":[{"@type":"SearchAction","target":{"@type":"EntryPoint","urlTemplate":"https:\/\/haverskerque.fr\/?s={search_term_string}"},"query-input":{"@type":"PropertyValueSpecification","valueRequired":true,"valueName":"search_term_string"}}],"inLanguage":"fr-FR"},{"@type":"Organization","@id":"https:\/\/haverskerque.fr\/#organization","name":"Commune d'Haverskerque","alternateName":"Commune d'Haverskerque","url":"https:\/\/haverskerque.fr\/","logo":{"@type":"ImageObject","inLanguage":"fr-FR","@id":"https:\/\/haverskerque.fr\/#\/schema\/logo\/image\/","url":"https:\/\/haverskerque.fr\/wp-content\/uploads\/2024\/01\/siteon0-e5814-1.png","contentUrl":"https:\/\/haverskerque.fr\/wp-content\/uploads\/2024\/01\/siteon0-e5814-1.png","width":236,"height":102,"caption":"Commune d'Haverskerque"},"image":{"@id":"https:\/\/haverskerque.fr\/#\/schema\/logo\/image\/"},"sameAs":["https:\/\/www.facebook.com\/communehaverskerque","https:\/\/www.instagram.com\/communehaverskerque\/"]},{"@type":"Person","@id":"https:\/\/haverskerque.fr\/#\/schema\/person\/aafb858b21dd4f2d37a7ab8c59b836ad","name":"Communication","image":{"@type":"ImageObject","inLanguage":"fr-FR","@id":"https:\/\/secure.gravatar.com\/avatar\/f1f32f6a5fe89824a018e48a8d0132dc8a2017a5c81ea8ad1f3bdfd5fe9dddc4?s=96&d=mm&r=g","url":"https:\/\/secure.gravatar.com\/avatar\/f1f32f6a5fe89824a018e48a8d0132dc8a2017a5c81ea8ad1f3bdfd5fe9dddc4?s=96&d=mm&r=g","contentUrl":"https:\/\/secure.gravatar.com\/avatar\/f1f32f6a5fe89824a018e48a8d0132dc8a2017a5c81ea8ad1f3bdfd5fe9dddc4?s=96&d=mm&r=g","caption":"Communication"},"url":"https:\/\/www.haverskerque.fr\/index.php\/author\/clement\/"}]}},"_links":{"self":[{"href":"https:\/\/www.haverskerque.fr\/index.php\/wp-json\/wp\/v2\/posts\/8664","targetHints":{"allow":["GET"]}}],"collection":[{"href":"https:\/\/www.haverskerque.fr\/index.php\/wp-json\/wp\/v2\/posts"}],"about":[{"href":"https:\/\/www.haverskerque.fr\/index.php\/wp-json\/wp\/v2\/types\/post"}],"author":[{"embeddable":true,"href":"https:\/\/www.haverskerque.fr\/index.php\/wp-json\/wp\/v2\/users\/2"}],"replies":[{"embeddable":true,"href":"https:\/\/www.haverskerque.fr\/index.php\/wp-json\/wp\/v2\/comments?post=8664"}],"version-history":[{"count":2,"href":"https:\/\/www.haverskerque.fr\/index.php\/wp-json\/wp\/v2\/posts\/8664\/revisions"}],"predecessor-version":[{"id":8764,"href":"https:\/\/www.haverskerque.fr\/index.php\/wp-json\/wp\/v2\/posts\/8664\/revisions\/8764"}],"wp:featuredmedia":[{"embeddable":true,"href":"https:\/\/www.haverskerque.fr\/index.php\/wp-json\/wp\/v2\/media\/568"}],"wp:attachment":[{"href":"https:\/\/www.haverskerque.fr\/index.php\/wp-json\/wp\/v2\/media?parent=8664"}],"wp:term":[{"taxonomy":"category","embeddable":true,"href":"https:\/\/www.haverskerque.fr\/index.php\/wp-json\/wp\/v2\/categories?post=8664"},{"taxonomy":"post_tag","embeddable":true,"href":"https:\/\/www.haverskerque.fr\/index.php\/wp-json\/wp\/v2\/tags?post=8664"}],"curies":[{"name":"wp","href":"https:\/\/api.w.org\/{rel}","templated":true}]}}