{"id":5076,"date":"2023-10-30T12:00:29","date_gmt":"2023-10-30T11:00:29","guid":{"rendered":"http:\/\/barbry.esy.es\/?p=5076"},"modified":"2024-11-22T14:19:05","modified_gmt":"2024-11-22T13:19:05","slug":"conseil-dadministration-du-13-avril-2023","status":"publish","type":"post","link":"https:\/\/www.haverskerque.fr\/index.php\/2023\/10\/30\/conseil-dadministration-du-13-avril-2023\/","title":{"rendered":"Conseil d&rsquo;administration du 13 avril 2023"},"content":{"rendered":"\n<h3 class=\"wp-block-heading\">ORDRE DU JOUR<\/h3>\n\n\n\n<ul class=\"wp-block-list\">\n<li><strong>Approbation du proc\u00e8s-verbal du Conseil d\u2019Administration du CCAS du 13\/02\/2023.<\/strong><\/li>\n<\/ul>\n\n\n\n<p>1. Vote du compte de gestion 2022.<\/p>\n\n\n\n<p>2. Vote du compte administratif 2022.<\/p>\n\n\n\n<p>3. Affectation des r\u00e9sultats 2022.<\/p>\n\n\n\n<p>4. Vote du budget 2023.<\/p>\n\n\n\n<p>5. Attribution de subventions aux associations 2023.<\/p>\n\n\n\n<p>6. Attribution des ch\u00e8ques CADHOC pour les f\u00eates de fin d\u2019ann\u00e9e \u00e0 destination des personnes \u00e2g\u00e9es et personnes en situation de handicap.<\/p>\n\n\n\n<div class=\"wp-block-file\"><a id=\"wp-block-file--media-53b5babf-580d-4bfb-90c5-9348c565cff7\" href=\"https:\/\/haverskerque.fr\/wp-content\/uploads\/2023\/10\/CACCAS-13042023.pdf\" target=\"_blank\" rel=\"noreferrer noopener\">CACCAS-13042023<\/a><a href=\"http:\/\/barbry.esy.es\/wp-content\/uploads\/2023\/10\/CACCAS-13042023.pdf\" class=\"wp-block-file__button wp-element-button\" download aria-describedby=\"wp-block-file--media-53b5babf-580d-4bfb-90c5-9348c565cff7\">T\u00e9l\u00e9charger<\/a><\/div>\n\n\n\n<div class=\"wp-block-file\"><a id=\"wp-block-file--media-8225c9b0-8c15-4c89-bd9b-4cf900d64f92\" href=\"https:\/\/haverskerque.fr\/wp-content\/uploads\/2023\/10\/VOTEDUCOMPTEDEGESTION2022-tamponne.pdf\" target=\"_blank\" rel=\"noreferrer noopener\">VOTEDUCOMPTEDEGESTION2022-tamponne<\/a><a href=\"http:\/\/barbry.esy.es\/wp-content\/uploads\/2023\/10\/VOTEDUCOMPTEDEGESTION2022-tamponne.pdf\" class=\"wp-block-file__button wp-element-button\" download aria-describedby=\"wp-block-file--media-8225c9b0-8c15-4c89-bd9b-4cf900d64f92\">T\u00e9l\u00e9charger<\/a><\/div>\n\n\n\n<div class=\"wp-block-file\"><a id=\"wp-block-file--media-357f126b-c468-49aa-9b29-ce1b479c7c28\" href=\"https:\/\/haverskerque.fr\/wp-content\/uploads\/2023\/10\/VOTEDUCOMPTEADMINISTRATIF2022-tamponne.pdf\" target=\"_blank\" rel=\"noreferrer noopener\">VOTEDUCOMPTEADMINISTRATIF2022-tamponne<\/a><a href=\"http:\/\/barbry.esy.es\/wp-content\/uploads\/2023\/10\/VOTEDUCOMPTEADMINISTRATIF2022-tamponne.pdf\" class=\"wp-block-file__button wp-element-button\" download aria-describedby=\"wp-block-file--media-357f126b-c468-49aa-9b29-ce1b479c7c28\">T\u00e9l\u00e9charger<\/a><\/div>\n\n\n\n<div class=\"wp-block-file\"><a id=\"wp-block-file--media-7ebc40d3-0202-4ab0-b9b8-d38113503f80\" href=\"https:\/\/haverskerque.fr\/wp-content\/uploads\/2023\/10\/AFFECTATIONDESRESULTATS-tamponne.pdf\" target=\"_blank\" rel=\"noreferrer noopener\">AFFECTATIONDESRESULTATS2022-tamponne<\/a><a href=\"http:\/\/barbry.esy.es\/wp-content\/uploads\/2023\/10\/AFFECTATIONDESRESULTATS-tamponne.pdf\" class=\"wp-block-file__button wp-element-button\" download aria-describedby=\"wp-block-file--media-7ebc40d3-0202-4ab0-b9b8-d38113503f80\">T\u00e9l\u00e9charger<\/a><\/div>\n\n\n\n<div class=\"wp-block-file\"><a id=\"wp-block-file--media-4d62b3fe-c6d9-4312-942b-13380646e782\" href=\"https:\/\/haverskerque.fr\/wp-content\/uploads\/2023\/10\/VOTEDUBP2023-tamponne.pdf\" target=\"_blank\" rel=\"noreferrer noopener\">VOTEDUBP2023-tamponne<\/a><a href=\"http:\/\/barbry.esy.es\/wp-content\/uploads\/2023\/10\/VOTEDUBP2023-tamponne.pdf\" class=\"wp-block-file__button wp-element-button\" download aria-describedby=\"wp-block-file--media-4d62b3fe-c6d9-4312-942b-13380646e782\">T\u00e9l\u00e9charger<\/a><\/div>\n","protected":false},"excerpt":{"rendered":"<p>ORDRE DU JOUR 1. Vote du compte de gestion 2022. 2. Vote du compte administratif 2022. 3. Affectation des r\u00e9sultats 2022. 4. Vote du budget 2023. 5. Attribution de subventions aux associations 2023. 6. Attribution des ch\u00e8ques CADHOC pour les f\u00eates de fin d\u2019ann\u00e9e \u00e0 destination des personnes \u00e2g\u00e9es et personnes en situation de handicap.<\/p>\n","protected":false},"author":2,"featured_media":0,"comment_status":"closed","ping_status":"closed","sticky":false,"template":"","format":"standard","meta":{"cybocfi_hide_featured_image":"","footnotes":""},"categories":[69],"tags":[],"class_list":["post-5076","post","type-post","status-publish","format-standard","hentry","category-ca-du-ccas"],"yoast_head":"<!-- This site is optimized with the Yoast SEO plugin v27.5 - https:\/\/yoast.com\/product\/yoast-seo-wordpress\/ -->\n<title>Conseil d&#039;administration du 13 avril 2023 * Haverskerque, 100% Nature !*<\/title>\n<meta name=\"robots\" content=\"index, follow, max-snippet:-1, max-image-preview:large, max-video-preview:-1\" \/>\n<link rel=\"canonical\" href=\"https:\/\/www.haverskerque.fr\/index.php\/2023\/10\/30\/conseil-dadministration-du-13-avril-2023\/\" \/>\n<meta property=\"og:locale\" content=\"fr_FR\" \/>\n<meta property=\"og:type\" content=\"article\" \/>\n<meta property=\"og:title\" content=\"Conseil d&#039;administration du 13 avril 2023 * Haverskerque, 100% Nature !*\" \/>\n<meta property=\"og:description\" content=\"ORDRE DU JOUR 1. Vote du compte de gestion 2022. 2. Vote du compte administratif 2022. 3. Affectation des r\u00e9sultats 2022. 4. Vote du budget 2023. 5. Attribution de subventions aux associations 2023. 6. Attribution des ch\u00e8ques CADHOC pour les f\u00eates de fin d\u2019ann\u00e9e \u00e0 destination des personnes \u00e2g\u00e9es et personnes en situation de handicap.\" \/>\n<meta property=\"og:url\" content=\"https:\/\/www.haverskerque.fr\/index.php\/2023\/10\/30\/conseil-dadministration-du-13-avril-2023\/\" \/>\n<meta property=\"og:site_name\" content=\"Haverskerque, 100% Nature !*\" \/>\n<meta property=\"article:publisher\" content=\"https:\/\/www.facebook.com\/communehaverskerque\" \/>\n<meta property=\"article:published_time\" content=\"2023-10-30T11:00:29+00:00\" \/>\n<meta property=\"article:modified_time\" content=\"2024-11-22T13:19:05+00:00\" \/>\n<meta property=\"og:image\" content=\"https:\/\/www.haverskerque.fr\/wp-content\/uploads\/2023\/12\/en-tete-inonrecentre.jpg\" \/>\n\t<meta property=\"og:image:width\" content=\"1300\" \/>\n\t<meta property=\"og:image:height\" content=\"300\" \/>\n\t<meta property=\"og:image:type\" content=\"image\/jpeg\" \/>\n<meta name=\"author\" content=\"Communication\" \/>\n<meta name=\"twitter:card\" content=\"summary_large_image\" \/>\n<meta name=\"twitter:label1\" content=\"\u00c9crit par\" \/>\n\t<meta name=\"twitter:data1\" content=\"Communication\" \/>\n\t<meta name=\"twitter:label2\" content=\"Dur\u00e9e de lecture estim\u00e9e\" \/>\n\t<meta name=\"twitter:data2\" content=\"1 minute\" \/>\n<script type=\"application\/ld+json\" class=\"yoast-schema-graph\">{\"@context\":\"https:\\\/\\\/schema.org\",\"@graph\":[{\"@type\":\"Article\",\"@id\":\"https:\\\/\\\/www.haverskerque.fr\\\/index.php\\\/2023\\\/10\\\/30\\\/conseil-dadministration-du-13-avril-2023\\\/#article\",\"isPartOf\":{\"@id\":\"https:\\\/\\\/www.haverskerque.fr\\\/index.php\\\/2023\\\/10\\\/30\\\/conseil-dadministration-du-13-avril-2023\\\/\"},\"author\":{\"name\":\"Communication\",\"@id\":\"https:\\\/\\\/haverskerque.fr\\\/#\\\/schema\\\/person\\\/aafb858b21dd4f2d37a7ab8c59b836ad\"},\"headline\":\"Conseil d&rsquo;administration du 13 avril 2023\",\"datePublished\":\"2023-10-30T11:00:29+00:00\",\"dateModified\":\"2024-11-22T13:19:05+00:00\",\"mainEntityOfPage\":{\"@id\":\"https:\\\/\\\/www.haverskerque.fr\\\/index.php\\\/2023\\\/10\\\/30\\\/conseil-dadministration-du-13-avril-2023\\\/\"},\"wordCount\":89,\"publisher\":{\"@id\":\"https:\\\/\\\/haverskerque.fr\\\/#organization\"},\"articleSection\":[\"CA du CCAS\"],\"inLanguage\":\"fr-FR\"},{\"@type\":\"WebPage\",\"@id\":\"https:\\\/\\\/www.haverskerque.fr\\\/index.php\\\/2023\\\/10\\\/30\\\/conseil-dadministration-du-13-avril-2023\\\/\",\"url\":\"https:\\\/\\\/www.haverskerque.fr\\\/index.php\\\/2023\\\/10\\\/30\\\/conseil-dadministration-du-13-avril-2023\\\/\",\"name\":\"Conseil d'administration du 13 avril 2023 * Haverskerque, 100% Nature !*\",\"isPartOf\":{\"@id\":\"https:\\\/\\\/haverskerque.fr\\\/#website\"},\"datePublished\":\"2023-10-30T11:00:29+00:00\",\"dateModified\":\"2024-11-22T13:19:05+00:00\",\"breadcrumb\":{\"@id\":\"https:\\\/\\\/www.haverskerque.fr\\\/index.php\\\/2023\\\/10\\\/30\\\/conseil-dadministration-du-13-avril-2023\\\/#breadcrumb\"},\"inLanguage\":\"fr-FR\",\"potentialAction\":[{\"@type\":\"ReadAction\",\"target\":[\"https:\\\/\\\/www.haverskerque.fr\\\/index.php\\\/2023\\\/10\\\/30\\\/conseil-dadministration-du-13-avril-2023\\\/\"]}]},{\"@type\":\"BreadcrumbList\",\"@id\":\"https:\\\/\\\/www.haverskerque.fr\\\/index.php\\\/2023\\\/10\\\/30\\\/conseil-dadministration-du-13-avril-2023\\\/#breadcrumb\",\"itemListElement\":[{\"@type\":\"ListItem\",\"position\":1,\"name\":\"Accueil\",\"item\":\"https:\\\/\\\/www.haverskerque.fr\\\/\"},{\"@type\":\"ListItem\",\"position\":2,\"name\":\"Conseil d&#8217;administration du 13 avril 2023\"}]},{\"@type\":\"WebSite\",\"@id\":\"https:\\\/\\\/haverskerque.fr\\\/#website\",\"url\":\"https:\\\/\\\/haverskerque.fr\\\/\",\"name\":\"Haverskerque\",\"description\":\"Haverskerque, 100% Nature !\",\"publisher\":{\"@id\":\"https:\\\/\\\/haverskerque.fr\\\/#organization\"},\"alternateName\":\"Haverskerque\",\"potentialAction\":[{\"@type\":\"SearchAction\",\"target\":{\"@type\":\"EntryPoint\",\"urlTemplate\":\"https:\\\/\\\/haverskerque.fr\\\/?s={search_term_string}\"},\"query-input\":{\"@type\":\"PropertyValueSpecification\",\"valueRequired\":true,\"valueName\":\"search_term_string\"}}],\"inLanguage\":\"fr-FR\"},{\"@type\":\"Organization\",\"@id\":\"https:\\\/\\\/haverskerque.fr\\\/#organization\",\"name\":\"Commune d'Haverskerque\",\"alternateName\":\"Commune d'Haverskerque\",\"url\":\"https:\\\/\\\/haverskerque.fr\\\/\",\"logo\":{\"@type\":\"ImageObject\",\"inLanguage\":\"fr-FR\",\"@id\":\"https:\\\/\\\/haverskerque.fr\\\/#\\\/schema\\\/logo\\\/image\\\/\",\"url\":\"https:\\\/\\\/haverskerque.fr\\\/wp-content\\\/uploads\\\/2024\\\/01\\\/siteon0-e5814-1.png\",\"contentUrl\":\"https:\\\/\\\/haverskerque.fr\\\/wp-content\\\/uploads\\\/2024\\\/01\\\/siteon0-e5814-1.png\",\"width\":236,\"height\":102,\"caption\":\"Commune d'Haverskerque\"},\"image\":{\"@id\":\"https:\\\/\\\/haverskerque.fr\\\/#\\\/schema\\\/logo\\\/image\\\/\"},\"sameAs\":[\"https:\\\/\\\/www.facebook.com\\\/communehaverskerque\",\"https:\\\/\\\/www.instagram.com\\\/communehaverskerque\\\/\"]},{\"@type\":\"Person\",\"@id\":\"https:\\\/\\\/haverskerque.fr\\\/#\\\/schema\\\/person\\\/aafb858b21dd4f2d37a7ab8c59b836ad\",\"name\":\"Communication\",\"image\":{\"@type\":\"ImageObject\",\"inLanguage\":\"fr-FR\",\"@id\":\"https:\\\/\\\/secure.gravatar.com\\\/avatar\\\/f1f32f6a5fe89824a018e48a8d0132dc8a2017a5c81ea8ad1f3bdfd5fe9dddc4?s=96&d=mm&r=g\",\"url\":\"https:\\\/\\\/secure.gravatar.com\\\/avatar\\\/f1f32f6a5fe89824a018e48a8d0132dc8a2017a5c81ea8ad1f3bdfd5fe9dddc4?s=96&d=mm&r=g\",\"contentUrl\":\"https:\\\/\\\/secure.gravatar.com\\\/avatar\\\/f1f32f6a5fe89824a018e48a8d0132dc8a2017a5c81ea8ad1f3bdfd5fe9dddc4?s=96&d=mm&r=g\",\"caption\":\"Communication\"},\"url\":\"https:\\\/\\\/www.haverskerque.fr\\\/index.php\\\/author\\\/clement\\\/\"}]}<\/script>\n<!-- \/ Yoast SEO plugin. -->","yoast_head_json":{"title":"Conseil d'administration du 13 avril 2023 * Haverskerque, 100% Nature !*","robots":{"index":"index","follow":"follow","max-snippet":"max-snippet:-1","max-image-preview":"max-image-preview:large","max-video-preview":"max-video-preview:-1"},"canonical":"https:\/\/www.haverskerque.fr\/index.php\/2023\/10\/30\/conseil-dadministration-du-13-avril-2023\/","og_locale":"fr_FR","og_type":"article","og_title":"Conseil d'administration du 13 avril 2023 * Haverskerque, 100% Nature !*","og_description":"ORDRE DU JOUR 1. Vote du compte de gestion 2022. 2. Vote du compte administratif 2022. 3. Affectation des r\u00e9sultats 2022. 4. Vote du budget 2023. 5. Attribution de subventions aux associations 2023. 6. Attribution des ch\u00e8ques CADHOC pour les f\u00eates de fin d\u2019ann\u00e9e \u00e0 destination des personnes \u00e2g\u00e9es et personnes en situation de handicap.","og_url":"https:\/\/www.haverskerque.fr\/index.php\/2023\/10\/30\/conseil-dadministration-du-13-avril-2023\/","og_site_name":"Haverskerque, 100% Nature !*","article_publisher":"https:\/\/www.facebook.com\/communehaverskerque","article_published_time":"2023-10-30T11:00:29+00:00","article_modified_time":"2024-11-22T13:19:05+00:00","og_image":[{"width":1300,"height":300,"url":"https:\/\/www.haverskerque.fr\/wp-content\/uploads\/2023\/12\/en-tete-inonrecentre.jpg","type":"image\/jpeg"}],"author":"Communication","twitter_card":"summary_large_image","twitter_misc":{"\u00c9crit par":"Communication","Dur\u00e9e de lecture estim\u00e9e":"1 minute"},"schema":{"@context":"https:\/\/schema.org","@graph":[{"@type":"Article","@id":"https:\/\/www.haverskerque.fr\/index.php\/2023\/10\/30\/conseil-dadministration-du-13-avril-2023\/#article","isPartOf":{"@id":"https:\/\/www.haverskerque.fr\/index.php\/2023\/10\/30\/conseil-dadministration-du-13-avril-2023\/"},"author":{"name":"Communication","@id":"https:\/\/haverskerque.fr\/#\/schema\/person\/aafb858b21dd4f2d37a7ab8c59b836ad"},"headline":"Conseil d&rsquo;administration du 13 avril 2023","datePublished":"2023-10-30T11:00:29+00:00","dateModified":"2024-11-22T13:19:05+00:00","mainEntityOfPage":{"@id":"https:\/\/www.haverskerque.fr\/index.php\/2023\/10\/30\/conseil-dadministration-du-13-avril-2023\/"},"wordCount":89,"publisher":{"@id":"https:\/\/haverskerque.fr\/#organization"},"articleSection":["CA du CCAS"],"inLanguage":"fr-FR"},{"@type":"WebPage","@id":"https:\/\/www.haverskerque.fr\/index.php\/2023\/10\/30\/conseil-dadministration-du-13-avril-2023\/","url":"https:\/\/www.haverskerque.fr\/index.php\/2023\/10\/30\/conseil-dadministration-du-13-avril-2023\/","name":"Conseil d'administration du 13 avril 2023 * Haverskerque, 100% Nature !*","isPartOf":{"@id":"https:\/\/haverskerque.fr\/#website"},"datePublished":"2023-10-30T11:00:29+00:00","dateModified":"2024-11-22T13:19:05+00:00","breadcrumb":{"@id":"https:\/\/www.haverskerque.fr\/index.php\/2023\/10\/30\/conseil-dadministration-du-13-avril-2023\/#breadcrumb"},"inLanguage":"fr-FR","potentialAction":[{"@type":"ReadAction","target":["https:\/\/www.haverskerque.fr\/index.php\/2023\/10\/30\/conseil-dadministration-du-13-avril-2023\/"]}]},{"@type":"BreadcrumbList","@id":"https:\/\/www.haverskerque.fr\/index.php\/2023\/10\/30\/conseil-dadministration-du-13-avril-2023\/#breadcrumb","itemListElement":[{"@type":"ListItem","position":1,"name":"Accueil","item":"https:\/\/www.haverskerque.fr\/"},{"@type":"ListItem","position":2,"name":"Conseil d&#8217;administration du 13 avril 2023"}]},{"@type":"WebSite","@id":"https:\/\/haverskerque.fr\/#website","url":"https:\/\/haverskerque.fr\/","name":"Haverskerque","description":"Haverskerque, 100% Nature !","publisher":{"@id":"https:\/\/haverskerque.fr\/#organization"},"alternateName":"Haverskerque","potentialAction":[{"@type":"SearchAction","target":{"@type":"EntryPoint","urlTemplate":"https:\/\/haverskerque.fr\/?s={search_term_string}"},"query-input":{"@type":"PropertyValueSpecification","valueRequired":true,"valueName":"search_term_string"}}],"inLanguage":"fr-FR"},{"@type":"Organization","@id":"https:\/\/haverskerque.fr\/#organization","name":"Commune d'Haverskerque","alternateName":"Commune d'Haverskerque","url":"https:\/\/haverskerque.fr\/","logo":{"@type":"ImageObject","inLanguage":"fr-FR","@id":"https:\/\/haverskerque.fr\/#\/schema\/logo\/image\/","url":"https:\/\/haverskerque.fr\/wp-content\/uploads\/2024\/01\/siteon0-e5814-1.png","contentUrl":"https:\/\/haverskerque.fr\/wp-content\/uploads\/2024\/01\/siteon0-e5814-1.png","width":236,"height":102,"caption":"Commune d'Haverskerque"},"image":{"@id":"https:\/\/haverskerque.fr\/#\/schema\/logo\/image\/"},"sameAs":["https:\/\/www.facebook.com\/communehaverskerque","https:\/\/www.instagram.com\/communehaverskerque\/"]},{"@type":"Person","@id":"https:\/\/haverskerque.fr\/#\/schema\/person\/aafb858b21dd4f2d37a7ab8c59b836ad","name":"Communication","image":{"@type":"ImageObject","inLanguage":"fr-FR","@id":"https:\/\/secure.gravatar.com\/avatar\/f1f32f6a5fe89824a018e48a8d0132dc8a2017a5c81ea8ad1f3bdfd5fe9dddc4?s=96&d=mm&r=g","url":"https:\/\/secure.gravatar.com\/avatar\/f1f32f6a5fe89824a018e48a8d0132dc8a2017a5c81ea8ad1f3bdfd5fe9dddc4?s=96&d=mm&r=g","contentUrl":"https:\/\/secure.gravatar.com\/avatar\/f1f32f6a5fe89824a018e48a8d0132dc8a2017a5c81ea8ad1f3bdfd5fe9dddc4?s=96&d=mm&r=g","caption":"Communication"},"url":"https:\/\/www.haverskerque.fr\/index.php\/author\/clement\/"}]}},"_links":{"self":[{"href":"https:\/\/www.haverskerque.fr\/index.php\/wp-json\/wp\/v2\/posts\/5076","targetHints":{"allow":["GET"]}}],"collection":[{"href":"https:\/\/www.haverskerque.fr\/index.php\/wp-json\/wp\/v2\/posts"}],"about":[{"href":"https:\/\/www.haverskerque.fr\/index.php\/wp-json\/wp\/v2\/types\/post"}],"author":[{"embeddable":true,"href":"https:\/\/www.haverskerque.fr\/index.php\/wp-json\/wp\/v2\/users\/2"}],"replies":[{"embeddable":true,"href":"https:\/\/www.haverskerque.fr\/index.php\/wp-json\/wp\/v2\/comments?post=5076"}],"version-history":[{"count":8,"href":"https:\/\/www.haverskerque.fr\/index.php\/wp-json\/wp\/v2\/posts\/5076\/revisions"}],"predecessor-version":[{"id":8934,"href":"https:\/\/www.haverskerque.fr\/index.php\/wp-json\/wp\/v2\/posts\/5076\/revisions\/8934"}],"wp:attachment":[{"href":"https:\/\/www.haverskerque.fr\/index.php\/wp-json\/wp\/v2\/media?parent=5076"}],"wp:term":[{"taxonomy":"category","embeddable":true,"href":"https:\/\/www.haverskerque.fr\/index.php\/wp-json\/wp\/v2\/categories?post=5076"},{"taxonomy":"post_tag","embeddable":true,"href":"https:\/\/www.haverskerque.fr\/index.php\/wp-json\/wp\/v2\/tags?post=5076"}],"curies":[{"name":"wp","href":"https:\/\/api.w.org\/{rel}","templated":true}]}}