{"id":10234,"date":"2026-03-17T11:13:50","date_gmt":"2026-03-17T10:13:50","guid":{"rendered":"https:\/\/www.haverskerque.fr\/?p=10234"},"modified":"2026-03-26T11:29:58","modified_gmt":"2026-03-26T10:29:58","slug":"conseil-municipal-du-22-mars-2026","status":"publish","type":"post","link":"https:\/\/www.haverskerque.fr\/index.php\/2026\/03\/17\/conseil-municipal-du-22-mars-2026\/","title":{"rendered":"Conseil municipal du 22 mars 2026"},"content":{"rendered":"\n<h3 class=\"wp-block-heading\">ORDRE DU JOUR<\/h3>\n\n\n\n<figure class=\"wp-block-image size-full\"><img loading=\"lazy\" decoding=\"async\" width=\"593\" height=\"45\" src=\"https:\/\/haverskerque.fr\/wp-content\/uploads\/2023\/02\/bandeblanche.jpg\" alt=\"\" class=\"wp-image-381\" srcset=\"https:\/\/www.haverskerque.fr\/wp-content\/uploads\/2023\/02\/bandeblanche.jpg 593w, https:\/\/www.haverskerque.fr\/wp-content\/uploads\/2023\/02\/bandeblanche-300x23.jpg 300w\" sizes=\"auto, (max-width: 593px) 100vw, 593px\" \/><\/figure>\n\n\n\n<p><strong>MUNICIPALIT\u00c9<\/strong><\/p>\n\n\n\n<p>1. Installation du Conseil municipal \u00e9lu lors des \u00e9lections du 15 mars 2026.<\/p>\n\n\n\n<p>2. \u00c9lection du Maire.<\/p>\n\n\n\n<p>3. D\u00e9termination du nombre d&rsquo;adjoints.<\/p>\n\n\n\n<p>4. \u00c9lection des adjoints.<\/p>\n\n\n\n<p>5. Lecture de la charte de l&rsquo;\u00e9lu local.<\/p>\n\n\n\n<p>6. Cr\u00e9ation de postes de conseillers municipaux d\u00e9l\u00e9gu\u00e9s.<\/p>\n\n\n\n<p>7. Cr\u00e9ation de poste de conseillers municipaux sans d\u00e9l\u00e9gation.<\/p>\n\n\n\n<p>8. Indemnit\u00e9 de fonction du Maire, des Adjoints, des Conseillers Municipaux D\u00e9l\u00e9gu\u00e9s et des Conseillers Municipaux sans d\u00e9l\u00e9gation.<\/p>\n\n\n\n<p>9. D\u00e9lib\u00e9ration relative aux d\u00e9l\u00e9gations consenties au Maire par le Conseil municipal.<\/p>\n\n\n\n<p>10. Commissions communales.<\/p>\n\n\n\n<p>11. D\u00e9signation de d\u00e9l\u00e9gu\u00e9s aupr\u00e8s des instances partenariales et syndicats.<\/p>\n\n\n\n<p>12. Adoption r\u00e8glement int\u00e9rieur du Conseil municipal.<\/p>\n\n\n\n<p>13. Questions diverses.<\/p>\n\n\n\n<div class=\"wp-block-file\"><a id=\"wp-block-file--media-915fa0c4-56b7-4777-a0f7-1ea387c33e5d\" href=\"https:\/\/www.haverskerque.fr\/wp-content\/uploads\/2026\/03\/ODJ-CM-22-03-2026.pdf\" target=\"_blank\" rel=\"noreferrer noopener\">ODJ CM 22-03-2026<\/a><a href=\"https:\/\/www.haverskerque.fr\/wp-content\/uploads\/2026\/03\/ODJ-CM-22-03-2026.pdf\" class=\"wp-block-file__button wp-element-button\" download aria-describedby=\"wp-block-file--media-915fa0c4-56b7-4777-a0f7-1ea387c33e5d\">T\u00e9l\u00e9charger<\/a><\/div>\n\n\n\n<div class=\"wp-block-file\"><a id=\"wp-block-file--media-b04226f2-5867-4a1f-a21d-bd77ba7be4c3\" href=\"https:\/\/www.haverskerque.fr\/wp-content\/uploads\/2026\/03\/PV-CONSEIL-DU-22-03-26-tampon.pdf\" target=\"_blank\" rel=\"noreferrer noopener\">PV CONSEIL DU 22-03-26-tampon<\/a><a href=\"https:\/\/www.haverskerque.fr\/wp-content\/uploads\/2026\/03\/PV-CONSEIL-DU-22-03-26-tampon.pdf\" class=\"wp-block-file__button wp-element-button\" download aria-describedby=\"wp-block-file--media-b04226f2-5867-4a1f-a21d-bd77ba7be4c3\">T\u00e9l\u00e9charger<\/a><\/div>\n\n\n\n<div class=\"wp-block-file\"><a id=\"wp-block-file--media-3bd60985-9bd3-4e57-b46d-6a488b7ce067\" href=\"https:\/\/www.haverskerque.fr\/wp-content\/uploads\/2026\/03\/013-2026-Deliberation-du-conseil-municipal-en-vue-de-lelection-du-maire-tampon.pdf\" target=\"_blank\" rel=\"noreferrer noopener\">013-2026 D\u00e9lib\u00e9ration du conseil municipal en vue de l&rsquo;\u00e9lection du maire tampon<\/a><a href=\"https:\/\/www.haverskerque.fr\/wp-content\/uploads\/2026\/03\/013-2026-Deliberation-du-conseil-municipal-en-vue-de-lelection-du-maire-tampon.pdf\" class=\"wp-block-file__button wp-element-button\" download aria-describedby=\"wp-block-file--media-3bd60985-9bd3-4e57-b46d-6a488b7ce067\">T\u00e9l\u00e9charger<\/a><\/div>\n\n\n\n<div class=\"wp-block-file\"><a id=\"wp-block-file--media-ab2577d2-2f52-4ec8-baf3-82f5aca5e9f2\" href=\"https:\/\/www.haverskerque.fr\/wp-content\/uploads\/2026\/03\/014-2026-Creation-des-postes-dadjoints-tampon.pdf\" target=\"_blank\" rel=\"noreferrer noopener\">014-2026 Cr\u00e9ation des postes d&rsquo;adjoints tampon<\/a><a href=\"https:\/\/www.haverskerque.fr\/wp-content\/uploads\/2026\/03\/014-2026-Creation-des-postes-dadjoints-tampon.pdf\" class=\"wp-block-file__button wp-element-button\" download aria-describedby=\"wp-block-file--media-ab2577d2-2f52-4ec8-baf3-82f5aca5e9f2\">T\u00e9l\u00e9charger<\/a><\/div>\n\n\n\n<div class=\"wp-block-file\"><a id=\"wp-block-file--media-36d8bb2c-2dd2-4516-b247-77b0d62029d2\" href=\"https:\/\/www.haverskerque.fr\/wp-content\/uploads\/2026\/03\/015-2026-Deliberation-du-conseil-municipal-en-vue-de-lelection-des-adjoints-tampon.pdf\" target=\"_blank\" rel=\"noreferrer noopener\">015-2026 D\u00e9lib\u00e9ration du conseil municipal en vue de l&rsquo;\u00e9lection des adjoints tampon<\/a><a href=\"https:\/\/www.haverskerque.fr\/wp-content\/uploads\/2026\/03\/015-2026-Deliberation-du-conseil-municipal-en-vue-de-lelection-des-adjoints-tampon.pdf\" class=\"wp-block-file__button wp-element-button\" download aria-describedby=\"wp-block-file--media-36d8bb2c-2dd2-4516-b247-77b0d62029d2\">T\u00e9l\u00e9charger<\/a><\/div>\n\n\n\n<div class=\"wp-block-file\"><a id=\"wp-block-file--media-3e12c575-bd30-42ad-af13-e357a761c573\" href=\"https:\/\/www.haverskerque.fr\/wp-content\/uploads\/2026\/03\/016-2026-Lecture-de-la-charte-de-l-Elu-local-tampon.pdf\" target=\"_blank\" rel=\"noreferrer noopener\">016-2026 Lecture de la charte de l Elu local tampon<\/a><a href=\"https:\/\/www.haverskerque.fr\/wp-content\/uploads\/2026\/03\/016-2026-Lecture-de-la-charte-de-l-Elu-local-tampon.pdf\" class=\"wp-block-file__button wp-element-button\" download aria-describedby=\"wp-block-file--media-3e12c575-bd30-42ad-af13-e357a761c573\">T\u00e9l\u00e9charger<\/a><\/div>\n\n\n\n<div class=\"wp-block-file\"><a id=\"wp-block-file--media-a04746d0-fded-4d4b-b9a6-e28b391a6300\" href=\"https:\/\/www.haverskerque.fr\/wp-content\/uploads\/2026\/03\/017-2026-CrEation-de-postes-de-conseillers-municipaux-avec-dElEgation-Designation-des-titulaires-tampon.pdf\" target=\"_blank\" rel=\"noreferrer noopener\">017-2026 CrEation de postes de conseillers municipaux avec dElEgation D\u00e9signation des titulaires tampon<\/a><a href=\"https:\/\/www.haverskerque.fr\/wp-content\/uploads\/2026\/03\/017-2026-CrEation-de-postes-de-conseillers-municipaux-avec-dElEgation-Designation-des-titulaires-tampon.pdf\" class=\"wp-block-file__button wp-element-button\" download aria-describedby=\"wp-block-file--media-a04746d0-fded-4d4b-b9a6-e28b391a6300\">T\u00e9l\u00e9charger<\/a><\/div>\n\n\n\n<div class=\"wp-block-file\"><a id=\"wp-block-file--media-f976bb45-0ae7-470c-82ca-43b67d5eb254\" href=\"https:\/\/www.haverskerque.fr\/wp-content\/uploads\/2026\/03\/018-2026-Creation-dun-poste-de-conseiller-municipal-sans-delegation-Designation-du-titulaire-tampon.pdf\" target=\"_blank\" rel=\"noreferrer noopener\">018-2026 Cr\u00e9ation d&rsquo;un poste de conseiller municipal sans d\u00e9l\u00e9gation D\u00e9signation du titulaire tampon<\/a><a href=\"https:\/\/www.haverskerque.fr\/wp-content\/uploads\/2026\/03\/018-2026-Creation-dun-poste-de-conseiller-municipal-sans-delegation-Designation-du-titulaire-tampon.pdf\" class=\"wp-block-file__button wp-element-button\" download aria-describedby=\"wp-block-file--media-f976bb45-0ae7-470c-82ca-43b67d5eb254\">T\u00e9l\u00e9charger<\/a><\/div>\n\n\n\n<div class=\"wp-block-file\"><a id=\"wp-block-file--media-34144de6-0013-4e5c-8c08-649ba6689507\" href=\"https:\/\/www.haverskerque.fr\/wp-content\/uploads\/2026\/03\/019-2026-Indemnite-de-fonction-du-Maire-des-Adjoints-des-Conseillers-Municipaux-Delegues-et-du-Conseiller-Municipal-sans-delegation-tampon.pdf\" target=\"_blank\" rel=\"noreferrer noopener\">019-2026 Indemnit\u00e9 de fonction du Maire, des Adjoints, des Conseillers Municipaux D\u00e9l\u00e9gu\u00e9s et du Conseiller Municipal sans d\u00e9l\u00e9gation tampon<\/a><a href=\"https:\/\/www.haverskerque.fr\/wp-content\/uploads\/2026\/03\/019-2026-Indemnite-de-fonction-du-Maire-des-Adjoints-des-Conseillers-Municipaux-Delegues-et-du-Conseiller-Municipal-sans-delegation-tampon.pdf\" class=\"wp-block-file__button wp-element-button\" download aria-describedby=\"wp-block-file--media-34144de6-0013-4e5c-8c08-649ba6689507\">T\u00e9l\u00e9charger<\/a><\/div>\n\n\n\n<div class=\"wp-block-file\"><a id=\"wp-block-file--media-79ba3d73-8991-434f-b3c4-d67d3c51c5f7\" href=\"https:\/\/www.haverskerque.fr\/wp-content\/uploads\/2026\/03\/020-2026-Attribution-de-delegations-du-Conseil-Municipal-au-Maire-tampon.pdf\" target=\"_blank\" rel=\"noreferrer noopener\">020-2026 Attribution de d\u00e9l\u00e9gations du Conseil Municipal au Maire tampon<\/a><a href=\"https:\/\/www.haverskerque.fr\/wp-content\/uploads\/2026\/03\/020-2026-Attribution-de-delegations-du-Conseil-Municipal-au-Maire-tampon.pdf\" class=\"wp-block-file__button wp-element-button\" download aria-describedby=\"wp-block-file--media-79ba3d73-8991-434f-b3c4-d67d3c51c5f7\">T\u00e9l\u00e9charger<\/a><\/div>\n\n\n\n<div class=\"wp-block-file\"><a id=\"wp-block-file--media-bd50fa93-464f-43d6-b3db-849da8b88a27\" href=\"https:\/\/www.haverskerque.fr\/wp-content\/uploads\/2026\/03\/021-2026-Fixation-du-nombre-de-membres-du-conseil-dadministration-du-centre-communal-daction-sociale-CCAS-tampon.pdf\" target=\"_blank\" rel=\"noreferrer noopener\">021-2026 Fixation du nombre de membres du conseil d&rsquo;administration du centre communal d&rsquo;action sociale CCAS tampon<\/a><a href=\"https:\/\/www.haverskerque.fr\/wp-content\/uploads\/2026\/03\/021-2026-Fixation-du-nombre-de-membres-du-conseil-dadministration-du-centre-communal-daction-sociale-CCAS-tampon.pdf\" class=\"wp-block-file__button wp-element-button\" download aria-describedby=\"wp-block-file--media-bd50fa93-464f-43d6-b3db-849da8b88a27\">T\u00e9l\u00e9charger<\/a><\/div>\n\n\n\n<div class=\"wp-block-file\"><a id=\"wp-block-file--media-71389d73-71f6-47d7-b75e-430fd5df2a8e\" href=\"https:\/\/www.haverskerque.fr\/wp-content\/uploads\/2026\/03\/022-2026-Election-des-membres-elus-du-conseil-dadministration-du-centre-communal-dactions-sociale-CCAS-tampon.pdf\" target=\"_blank\" rel=\"noreferrer noopener\">022-2026 Election des membres \u00e9lus du conseil d&rsquo;administration du centre communal d&rsquo;actions sociale CCAS tampon<\/a><a href=\"https:\/\/www.haverskerque.fr\/wp-content\/uploads\/2026\/03\/022-2026-Election-des-membres-elus-du-conseil-dadministration-du-centre-communal-dactions-sociale-CCAS-tampon.pdf\" class=\"wp-block-file__button wp-element-button\" download aria-describedby=\"wp-block-file--media-71389d73-71f6-47d7-b75e-430fd5df2a8e\">T\u00e9l\u00e9charger<\/a><\/div>\n\n\n\n<div class=\"wp-block-file\"><a id=\"wp-block-file--media-113b820d-0b05-42e8-b7da-6c801cc797cb\" href=\"https:\/\/www.haverskerque.fr\/wp-content\/uploads\/2026\/03\/023-2026-Designation-des-deux-delegues-titulaires-et-des-deux-delegues-suppleants-au-Territoire-dEnergie-Flandre-tampon.pdf\" target=\"_blank\" rel=\"noreferrer noopener\">023-2026 D\u00e9signation des deux d\u00e9l\u00e9gu\u00e9s titulaires et des deux d\u00e9l\u00e9gu\u00e9s suppl\u00e9ants au Territoire d&rsquo;Energie Flandre tampon<\/a><a href=\"https:\/\/www.haverskerque.fr\/wp-content\/uploads\/2026\/03\/023-2026-Designation-des-deux-delegues-titulaires-et-des-deux-delegues-suppleants-au-Territoire-dEnergie-Flandre-tampon.pdf\" class=\"wp-block-file__button wp-element-button\" download aria-describedby=\"wp-block-file--media-113b820d-0b05-42e8-b7da-6c801cc797cb\">T\u00e9l\u00e9charger<\/a><\/div>\n\n\n\n<div class=\"wp-block-file\"><a id=\"wp-block-file--media-0606d9cc-5ace-436f-ad4d-9261c5f28a72\" href=\"https:\/\/www.haverskerque.fr\/wp-content\/uploads\/2026\/03\/024-2026-Lecture-et-examen-du-reglement-interieur-du-conseil-municipal-tampon.pdf\" target=\"_blank\" rel=\"noreferrer noopener\">024-2026 Lecture et examen du r\u00e8glement int\u00e9rieur du conseil municipal tampon<\/a><a href=\"https:\/\/www.haverskerque.fr\/wp-content\/uploads\/2026\/03\/024-2026-Lecture-et-examen-du-reglement-interieur-du-conseil-municipal-tampon.pdf\" class=\"wp-block-file__button wp-element-button\" download aria-describedby=\"wp-block-file--media-0606d9cc-5ace-436f-ad4d-9261c5f28a72\">T\u00e9l\u00e9charger<\/a><\/div>\n","protected":false},"excerpt":{"rendered":"<p>ORDRE DU JOUR MUNICIPALIT\u00c9 1. Installation du Conseil municipal \u00e9lu lors des \u00e9lections du 15 mars 2026. 2. \u00c9lection du Maire. 3. D\u00e9termination du nombre d&rsquo;adjoints. 4. \u00c9lection des adjoints. 5. Lecture de la charte de l&rsquo;\u00e9lu local. 6. Cr\u00e9ation de postes de conseillers municipaux d\u00e9l\u00e9gu\u00e9s. 7. Cr\u00e9ation de poste de conseillers municipaux sans d\u00e9l\u00e9gation. 8. Indemnit\u00e9 de fonction du Maire, des Adjoints, des Conseillers Municipaux D\u00e9l\u00e9gu\u00e9s et des Conseillers Municipaux sans d\u00e9l\u00e9gation. 9. D\u00e9lib\u00e9ration relative aux d\u00e9l\u00e9gations consenties au Maire par le Conseil municipal. 10. Commissions communales. 11. D\u00e9signation de d\u00e9l\u00e9gu\u00e9s aupr\u00e8s des instances partenariales et syndicats. 12. Adoption r\u00e8glement int\u00e9rieur du Conseil municipal. 13. Questions diverses.<\/p>\n","protected":false},"author":2,"featured_media":568,"comment_status":"closed","ping_status":"closed","sticky":false,"template":"","format":"standard","meta":{"cybocfi_hide_featured_image":"yes","footnotes":""},"categories":[10],"tags":[],"class_list":["post-10234","post","type-post","status-publish","format-standard","has-post-thumbnail","hentry","category-conseil-mnicipal"],"yoast_head":"<!-- This site is optimized with the Yoast SEO plugin v27.5 - https:\/\/yoast.com\/product\/yoast-seo-wordpress\/ -->\n<title>Conseil municipal du 22 mars 2026 * Haverskerque, 100% Nature !*<\/title>\n<meta name=\"robots\" content=\"index, follow, max-snippet:-1, max-image-preview:large, max-video-preview:-1\" \/>\n<link rel=\"canonical\" href=\"https:\/\/www.haverskerque.fr\/index.php\/2026\/03\/17\/conseil-municipal-du-22-mars-2026\/\" \/>\n<meta property=\"og:locale\" content=\"fr_FR\" \/>\n<meta property=\"og:type\" content=\"article\" \/>\n<meta property=\"og:title\" content=\"Conseil municipal du 22 mars 2026 * Haverskerque, 100% Nature !*\" \/>\n<meta property=\"og:description\" content=\"ORDRE DU JOUR MUNICIPALIT\u00c9 1. Installation du Conseil municipal \u00e9lu lors des \u00e9lections du 15 mars 2026. 2. \u00c9lection du Maire. 3. D\u00e9termination du nombre d&rsquo;adjoints. 4. \u00c9lection des adjoints. 5. Lecture de la charte de l&rsquo;\u00e9lu local. 6. Cr\u00e9ation de postes de conseillers municipaux d\u00e9l\u00e9gu\u00e9s. 7. Cr\u00e9ation de poste de conseillers municipaux sans d\u00e9l\u00e9gation. 8. Indemnit\u00e9 de fonction du Maire, des Adjoints, des Conseillers Municipaux D\u00e9l\u00e9gu\u00e9s et des Conseillers Municipaux sans d\u00e9l\u00e9gation. 9. D\u00e9lib\u00e9ration relative aux d\u00e9l\u00e9gations consenties au Maire par le Conseil municipal. 10. Commissions communales. 11. D\u00e9signation de d\u00e9l\u00e9gu\u00e9s aupr\u00e8s des instances partenariales et syndicats. 12. Adoption r\u00e8glement int\u00e9rieur du Conseil municipal. 13. Questions diverses.\" \/>\n<meta property=\"og:url\" content=\"https:\/\/www.haverskerque.fr\/index.php\/2026\/03\/17\/conseil-municipal-du-22-mars-2026\/\" \/>\n<meta property=\"og:site_name\" content=\"Haverskerque, 100% Nature !*\" \/>\n<meta property=\"article:publisher\" content=\"https:\/\/www.facebook.com\/communehaverskerque\" \/>\n<meta property=\"article:published_time\" content=\"2026-03-17T10:13:50+00:00\" \/>\n<meta property=\"article:modified_time\" content=\"2026-03-26T10:29:58+00:00\" \/>\n<meta property=\"og:image\" content=\"https:\/\/www.haverskerque.fr\/wp-content\/uploads\/2023\/02\/conseil_municipal.jpg\" \/>\n\t<meta property=\"og:image:width\" content=\"1200\" \/>\n\t<meta property=\"og:image:height\" content=\"630\" \/>\n\t<meta property=\"og:image:type\" content=\"image\/jpeg\" \/>\n<meta name=\"author\" content=\"Communication\" \/>\n<meta name=\"twitter:card\" content=\"summary_large_image\" \/>\n<meta name=\"twitter:label1\" content=\"\u00c9crit par\" \/>\n\t<meta name=\"twitter:data1\" content=\"Communication\" \/>\n\t<meta name=\"twitter:label2\" content=\"Dur\u00e9e de lecture estim\u00e9e\" \/>\n\t<meta name=\"twitter:data2\" content=\"2 minutes\" \/>\n<script type=\"application\/ld+json\" class=\"yoast-schema-graph\">{\"@context\":\"https:\\\/\\\/schema.org\",\"@graph\":[{\"@type\":\"Article\",\"@id\":\"https:\\\/\\\/www.haverskerque.fr\\\/index.php\\\/2026\\\/03\\\/17\\\/conseil-municipal-du-22-mars-2026\\\/#article\",\"isPartOf\":{\"@id\":\"https:\\\/\\\/www.haverskerque.fr\\\/index.php\\\/2026\\\/03\\\/17\\\/conseil-municipal-du-22-mars-2026\\\/\"},\"author\":{\"name\":\"Communication\",\"@id\":\"https:\\\/\\\/haverskerque.fr\\\/#\\\/schema\\\/person\\\/aafb858b21dd4f2d37a7ab8c59b836ad\"},\"headline\":\"Conseil municipal du 22 mars 2026\",\"datePublished\":\"2026-03-17T10:13:50+00:00\",\"dateModified\":\"2026-03-26T10:29:58+00:00\",\"mainEntityOfPage\":{\"@id\":\"https:\\\/\\\/www.haverskerque.fr\\\/index.php\\\/2026\\\/03\\\/17\\\/conseil-municipal-du-22-mars-2026\\\/\"},\"wordCount\":364,\"publisher\":{\"@id\":\"https:\\\/\\\/haverskerque.fr\\\/#organization\"},\"image\":{\"@id\":\"https:\\\/\\\/www.haverskerque.fr\\\/index.php\\\/2026\\\/03\\\/17\\\/conseil-municipal-du-22-mars-2026\\\/#primaryimage\"},\"thumbnailUrl\":\"https:\\\/\\\/www.haverskerque.fr\\\/wp-content\\\/uploads\\\/2023\\\/02\\\/conseil_municipal.jpg\",\"articleSection\":[\"Conseil municipal\"],\"inLanguage\":\"fr-FR\"},{\"@type\":\"WebPage\",\"@id\":\"https:\\\/\\\/www.haverskerque.fr\\\/index.php\\\/2026\\\/03\\\/17\\\/conseil-municipal-du-22-mars-2026\\\/\",\"url\":\"https:\\\/\\\/www.haverskerque.fr\\\/index.php\\\/2026\\\/03\\\/17\\\/conseil-municipal-du-22-mars-2026\\\/\",\"name\":\"Conseil municipal du 22 mars 2026 * Haverskerque, 100% Nature !*\",\"isPartOf\":{\"@id\":\"https:\\\/\\\/haverskerque.fr\\\/#website\"},\"primaryImageOfPage\":{\"@id\":\"https:\\\/\\\/www.haverskerque.fr\\\/index.php\\\/2026\\\/03\\\/17\\\/conseil-municipal-du-22-mars-2026\\\/#primaryimage\"},\"image\":{\"@id\":\"https:\\\/\\\/www.haverskerque.fr\\\/index.php\\\/2026\\\/03\\\/17\\\/conseil-municipal-du-22-mars-2026\\\/#primaryimage\"},\"thumbnailUrl\":\"https:\\\/\\\/www.haverskerque.fr\\\/wp-content\\\/uploads\\\/2023\\\/02\\\/conseil_municipal.jpg\",\"datePublished\":\"2026-03-17T10:13:50+00:00\",\"dateModified\":\"2026-03-26T10:29:58+00:00\",\"breadcrumb\":{\"@id\":\"https:\\\/\\\/www.haverskerque.fr\\\/index.php\\\/2026\\\/03\\\/17\\\/conseil-municipal-du-22-mars-2026\\\/#breadcrumb\"},\"inLanguage\":\"fr-FR\",\"potentialAction\":[{\"@type\":\"ReadAction\",\"target\":[\"https:\\\/\\\/www.haverskerque.fr\\\/index.php\\\/2026\\\/03\\\/17\\\/conseil-municipal-du-22-mars-2026\\\/\"]}]},{\"@type\":\"BreadcrumbList\",\"@id\":\"https:\\\/\\\/www.haverskerque.fr\\\/index.php\\\/2026\\\/03\\\/17\\\/conseil-municipal-du-22-mars-2026\\\/#breadcrumb\",\"itemListElement\":[{\"@type\":\"ListItem\",\"position\":1,\"name\":\"Accueil\",\"item\":\"https:\\\/\\\/www.haverskerque.fr\\\/\"},{\"@type\":\"ListItem\",\"position\":2,\"name\":\"Conseil municipal du 22 mars 2026\"}]},{\"@type\":\"WebSite\",\"@id\":\"https:\\\/\\\/haverskerque.fr\\\/#website\",\"url\":\"https:\\\/\\\/haverskerque.fr\\\/\",\"name\":\"Haverskerque\",\"description\":\"Haverskerque, 100% Nature !\",\"publisher\":{\"@id\":\"https:\\\/\\\/haverskerque.fr\\\/#organization\"},\"alternateName\":\"Haverskerque\",\"potentialAction\":[{\"@type\":\"SearchAction\",\"target\":{\"@type\":\"EntryPoint\",\"urlTemplate\":\"https:\\\/\\\/haverskerque.fr\\\/?s={search_term_string}\"},\"query-input\":{\"@type\":\"PropertyValueSpecification\",\"valueRequired\":true,\"valueName\":\"search_term_string\"}}],\"inLanguage\":\"fr-FR\"},{\"@type\":\"Organization\",\"@id\":\"https:\\\/\\\/haverskerque.fr\\\/#organization\",\"name\":\"Commune d'Haverskerque\",\"alternateName\":\"Commune d'Haverskerque\",\"url\":\"https:\\\/\\\/haverskerque.fr\\\/\",\"logo\":{\"@type\":\"ImageObject\",\"inLanguage\":\"fr-FR\",\"@id\":\"https:\\\/\\\/haverskerque.fr\\\/#\\\/schema\\\/logo\\\/image\\\/\",\"url\":\"https:\\\/\\\/haverskerque.fr\\\/wp-content\\\/uploads\\\/2024\\\/01\\\/siteon0-e5814-1.png\",\"contentUrl\":\"https:\\\/\\\/haverskerque.fr\\\/wp-content\\\/uploads\\\/2024\\\/01\\\/siteon0-e5814-1.png\",\"width\":236,\"height\":102,\"caption\":\"Commune d'Haverskerque\"},\"image\":{\"@id\":\"https:\\\/\\\/haverskerque.fr\\\/#\\\/schema\\\/logo\\\/image\\\/\"},\"sameAs\":[\"https:\\\/\\\/www.facebook.com\\\/communehaverskerque\",\"https:\\\/\\\/www.instagram.com\\\/communehaverskerque\\\/\"]},{\"@type\":\"Person\",\"@id\":\"https:\\\/\\\/haverskerque.fr\\\/#\\\/schema\\\/person\\\/aafb858b21dd4f2d37a7ab8c59b836ad\",\"name\":\"Communication\",\"image\":{\"@type\":\"ImageObject\",\"inLanguage\":\"fr-FR\",\"@id\":\"https:\\\/\\\/secure.gravatar.com\\\/avatar\\\/f1f32f6a5fe89824a018e48a8d0132dc8a2017a5c81ea8ad1f3bdfd5fe9dddc4?s=96&d=mm&r=g\",\"url\":\"https:\\\/\\\/secure.gravatar.com\\\/avatar\\\/f1f32f6a5fe89824a018e48a8d0132dc8a2017a5c81ea8ad1f3bdfd5fe9dddc4?s=96&d=mm&r=g\",\"contentUrl\":\"https:\\\/\\\/secure.gravatar.com\\\/avatar\\\/f1f32f6a5fe89824a018e48a8d0132dc8a2017a5c81ea8ad1f3bdfd5fe9dddc4?s=96&d=mm&r=g\",\"caption\":\"Communication\"},\"url\":\"https:\\\/\\\/www.haverskerque.fr\\\/index.php\\\/author\\\/clement\\\/\"}]}<\/script>\n<!-- \/ Yoast SEO plugin. -->","yoast_head_json":{"title":"Conseil municipal du 22 mars 2026 * Haverskerque, 100% Nature !*","robots":{"index":"index","follow":"follow","max-snippet":"max-snippet:-1","max-image-preview":"max-image-preview:large","max-video-preview":"max-video-preview:-1"},"canonical":"https:\/\/www.haverskerque.fr\/index.php\/2026\/03\/17\/conseil-municipal-du-22-mars-2026\/","og_locale":"fr_FR","og_type":"article","og_title":"Conseil municipal du 22 mars 2026 * Haverskerque, 100% Nature !*","og_description":"ORDRE DU JOUR MUNICIPALIT\u00c9 1. Installation du Conseil municipal \u00e9lu lors des \u00e9lections du 15 mars 2026. 2. \u00c9lection du Maire. 3. D\u00e9termination du nombre d&rsquo;adjoints. 4. \u00c9lection des adjoints. 5. Lecture de la charte de l&rsquo;\u00e9lu local. 6. Cr\u00e9ation de postes de conseillers municipaux d\u00e9l\u00e9gu\u00e9s. 7. Cr\u00e9ation de poste de conseillers municipaux sans d\u00e9l\u00e9gation. 8. Indemnit\u00e9 de fonction du Maire, des Adjoints, des Conseillers Municipaux D\u00e9l\u00e9gu\u00e9s et des Conseillers Municipaux sans d\u00e9l\u00e9gation. 9. D\u00e9lib\u00e9ration relative aux d\u00e9l\u00e9gations consenties au Maire par le Conseil municipal. 10. Commissions communales. 11. D\u00e9signation de d\u00e9l\u00e9gu\u00e9s aupr\u00e8s des instances partenariales et syndicats. 12. Adoption r\u00e8glement int\u00e9rieur du Conseil municipal. 13. Questions diverses.","og_url":"https:\/\/www.haverskerque.fr\/index.php\/2026\/03\/17\/conseil-municipal-du-22-mars-2026\/","og_site_name":"Haverskerque, 100% Nature !*","article_publisher":"https:\/\/www.facebook.com\/communehaverskerque","article_published_time":"2026-03-17T10:13:50+00:00","article_modified_time":"2026-03-26T10:29:58+00:00","og_image":[{"width":1200,"height":630,"url":"https:\/\/www.haverskerque.fr\/wp-content\/uploads\/2023\/02\/conseil_municipal.jpg","type":"image\/jpeg"}],"author":"Communication","twitter_card":"summary_large_image","twitter_misc":{"\u00c9crit par":"Communication","Dur\u00e9e de lecture estim\u00e9e":"2 minutes"},"schema":{"@context":"https:\/\/schema.org","@graph":[{"@type":"Article","@id":"https:\/\/www.haverskerque.fr\/index.php\/2026\/03\/17\/conseil-municipal-du-22-mars-2026\/#article","isPartOf":{"@id":"https:\/\/www.haverskerque.fr\/index.php\/2026\/03\/17\/conseil-municipal-du-22-mars-2026\/"},"author":{"name":"Communication","@id":"https:\/\/haverskerque.fr\/#\/schema\/person\/aafb858b21dd4f2d37a7ab8c59b836ad"},"headline":"Conseil municipal du 22 mars 2026","datePublished":"2026-03-17T10:13:50+00:00","dateModified":"2026-03-26T10:29:58+00:00","mainEntityOfPage":{"@id":"https:\/\/www.haverskerque.fr\/index.php\/2026\/03\/17\/conseil-municipal-du-22-mars-2026\/"},"wordCount":364,"publisher":{"@id":"https:\/\/haverskerque.fr\/#organization"},"image":{"@id":"https:\/\/www.haverskerque.fr\/index.php\/2026\/03\/17\/conseil-municipal-du-22-mars-2026\/#primaryimage"},"thumbnailUrl":"https:\/\/www.haverskerque.fr\/wp-content\/uploads\/2023\/02\/conseil_municipal.jpg","articleSection":["Conseil municipal"],"inLanguage":"fr-FR"},{"@type":"WebPage","@id":"https:\/\/www.haverskerque.fr\/index.php\/2026\/03\/17\/conseil-municipal-du-22-mars-2026\/","url":"https:\/\/www.haverskerque.fr\/index.php\/2026\/03\/17\/conseil-municipal-du-22-mars-2026\/","name":"Conseil municipal du 22 mars 2026 * Haverskerque, 100% Nature !*","isPartOf":{"@id":"https:\/\/haverskerque.fr\/#website"},"primaryImageOfPage":{"@id":"https:\/\/www.haverskerque.fr\/index.php\/2026\/03\/17\/conseil-municipal-du-22-mars-2026\/#primaryimage"},"image":{"@id":"https:\/\/www.haverskerque.fr\/index.php\/2026\/03\/17\/conseil-municipal-du-22-mars-2026\/#primaryimage"},"thumbnailUrl":"https:\/\/www.haverskerque.fr\/wp-content\/uploads\/2023\/02\/conseil_municipal.jpg","datePublished":"2026-03-17T10:13:50+00:00","dateModified":"2026-03-26T10:29:58+00:00","breadcrumb":{"@id":"https:\/\/www.haverskerque.fr\/index.php\/2026\/03\/17\/conseil-municipal-du-22-mars-2026\/#breadcrumb"},"inLanguage":"fr-FR","potentialAction":[{"@type":"ReadAction","target":["https:\/\/www.haverskerque.fr\/index.php\/2026\/03\/17\/conseil-municipal-du-22-mars-2026\/"]}]},{"@type":"BreadcrumbList","@id":"https:\/\/www.haverskerque.fr\/index.php\/2026\/03\/17\/conseil-municipal-du-22-mars-2026\/#breadcrumb","itemListElement":[{"@type":"ListItem","position":1,"name":"Accueil","item":"https:\/\/www.haverskerque.fr\/"},{"@type":"ListItem","position":2,"name":"Conseil municipal du 22 mars 2026"}]},{"@type":"WebSite","@id":"https:\/\/haverskerque.fr\/#website","url":"https:\/\/haverskerque.fr\/","name":"Haverskerque","description":"Haverskerque, 100% Nature !","publisher":{"@id":"https:\/\/haverskerque.fr\/#organization"},"alternateName":"Haverskerque","potentialAction":[{"@type":"SearchAction","target":{"@type":"EntryPoint","urlTemplate":"https:\/\/haverskerque.fr\/?s={search_term_string}"},"query-input":{"@type":"PropertyValueSpecification","valueRequired":true,"valueName":"search_term_string"}}],"inLanguage":"fr-FR"},{"@type":"Organization","@id":"https:\/\/haverskerque.fr\/#organization","name":"Commune d'Haverskerque","alternateName":"Commune d'Haverskerque","url":"https:\/\/haverskerque.fr\/","logo":{"@type":"ImageObject","inLanguage":"fr-FR","@id":"https:\/\/haverskerque.fr\/#\/schema\/logo\/image\/","url":"https:\/\/haverskerque.fr\/wp-content\/uploads\/2024\/01\/siteon0-e5814-1.png","contentUrl":"https:\/\/haverskerque.fr\/wp-content\/uploads\/2024\/01\/siteon0-e5814-1.png","width":236,"height":102,"caption":"Commune d'Haverskerque"},"image":{"@id":"https:\/\/haverskerque.fr\/#\/schema\/logo\/image\/"},"sameAs":["https:\/\/www.facebook.com\/communehaverskerque","https:\/\/www.instagram.com\/communehaverskerque\/"]},{"@type":"Person","@id":"https:\/\/haverskerque.fr\/#\/schema\/person\/aafb858b21dd4f2d37a7ab8c59b836ad","name":"Communication","image":{"@type":"ImageObject","inLanguage":"fr-FR","@id":"https:\/\/secure.gravatar.com\/avatar\/f1f32f6a5fe89824a018e48a8d0132dc8a2017a5c81ea8ad1f3bdfd5fe9dddc4?s=96&d=mm&r=g","url":"https:\/\/secure.gravatar.com\/avatar\/f1f32f6a5fe89824a018e48a8d0132dc8a2017a5c81ea8ad1f3bdfd5fe9dddc4?s=96&d=mm&r=g","contentUrl":"https:\/\/secure.gravatar.com\/avatar\/f1f32f6a5fe89824a018e48a8d0132dc8a2017a5c81ea8ad1f3bdfd5fe9dddc4?s=96&d=mm&r=g","caption":"Communication"},"url":"https:\/\/www.haverskerque.fr\/index.php\/author\/clement\/"}]}},"_links":{"self":[{"href":"https:\/\/www.haverskerque.fr\/index.php\/wp-json\/wp\/v2\/posts\/10234","targetHints":{"allow":["GET"]}}],"collection":[{"href":"https:\/\/www.haverskerque.fr\/index.php\/wp-json\/wp\/v2\/posts"}],"about":[{"href":"https:\/\/www.haverskerque.fr\/index.php\/wp-json\/wp\/v2\/types\/post"}],"author":[{"embeddable":true,"href":"https:\/\/www.haverskerque.fr\/index.php\/wp-json\/wp\/v2\/users\/2"}],"replies":[{"embeddable":true,"href":"https:\/\/www.haverskerque.fr\/index.php\/wp-json\/wp\/v2\/comments?post=10234"}],"version-history":[{"count":3,"href":"https:\/\/www.haverskerque.fr\/index.php\/wp-json\/wp\/v2\/posts\/10234\/revisions"}],"predecessor-version":[{"id":10367,"href":"https:\/\/www.haverskerque.fr\/index.php\/wp-json\/wp\/v2\/posts\/10234\/revisions\/10367"}],"wp:featuredmedia":[{"embeddable":true,"href":"https:\/\/www.haverskerque.fr\/index.php\/wp-json\/wp\/v2\/media\/568"}],"wp:attachment":[{"href":"https:\/\/www.haverskerque.fr\/index.php\/wp-json\/wp\/v2\/media?parent=10234"}],"wp:term":[{"taxonomy":"category","embeddable":true,"href":"https:\/\/www.haverskerque.fr\/index.php\/wp-json\/wp\/v2\/categories?post=10234"},{"taxonomy":"post_tag","embeddable":true,"href":"https:\/\/www.haverskerque.fr\/index.php\/wp-json\/wp\/v2\/tags?post=10234"}],"curies":[{"name":"wp","href":"https:\/\/api.w.org\/{rel}","templated":true}]}}