{"id":10226,"date":"2026-04-27T11:01:44","date_gmt":"2026-04-27T09:01:44","guid":{"rendered":"https:\/\/www.haverskerque.fr\/?p=10226"},"modified":"2026-04-27T11:01:46","modified_gmt":"2026-04-27T09:01:46","slug":"passerelle-de-franchissement-de-la-lys-aux-ecluses-haverskerque-saint-venant","status":"publish","type":"post","link":"https:\/\/www.haverskerque.fr\/index.php\/2026\/04\/27\/passerelle-de-franchissement-de-la-lys-aux-ecluses-haverskerque-saint-venant\/","title":{"rendered":"Passerelle de franchissement de la Lys aux \u00e9cluses Haverskerque\/Saint-Venant"},"content":{"rendered":"<div class=\"wp-block-image\">\n<figure class=\"aligncenter size-large\"><img loading=\"lazy\" decoding=\"async\" width=\"1024\" height=\"576\" src=\"https:\/\/www.haverskerque.fr\/wp-content\/uploads\/2026\/03\/ecluse-1024x576.jpg\" alt=\"\" class=\"wp-image-10227\" srcset=\"https:\/\/www.haverskerque.fr\/wp-content\/uploads\/2026\/03\/ecluse-1024x576.jpg 1024w, https:\/\/www.haverskerque.fr\/wp-content\/uploads\/2026\/03\/ecluse-300x169.jpg 300w, https:\/\/www.haverskerque.fr\/wp-content\/uploads\/2026\/03\/ecluse-768x432.jpg 768w, https:\/\/www.haverskerque.fr\/wp-content\/uploads\/2026\/03\/ecluse-1140x641.jpg 1140w, https:\/\/www.haverskerque.fr\/wp-content\/uploads\/2026\/03\/ecluse.jpg 1350w\" sizes=\"auto, (max-width: 1024px) 100vw, 1024px\" \/><\/figure>\n<\/div>\n\n\n<figure class=\"wp-block-image size-full\"><img loading=\"lazy\" decoding=\"async\" width=\"593\" height=\"45\" src=\"https:\/\/haverskerque.fr\/wp-content\/uploads\/2023\/02\/bandeblanche.jpg\" alt=\"\" class=\"wp-image-381\" srcset=\"https:\/\/www.haverskerque.fr\/wp-content\/uploads\/2023\/02\/bandeblanche.jpg 593w, https:\/\/www.haverskerque.fr\/wp-content\/uploads\/2023\/02\/bandeblanche-300x23.jpg 300w\" sizes=\"auto, (max-width: 593px) 100vw, 593px\" \/><\/figure>\n\n\n\n<p>La passerelle est en cours de fabrication et devrait arriver sur site fin avril, puis essais jusque mi-mai avec pour ambition une mise en service fin mai \/ d\u00e9but juin.<\/p>\n\n\n\n<p>L&rsquo;entreprise arrive sur site le mardi 17 mars pour installer sa base vie, Impasse ancienne RN 16, entre la sortie de parking [c\u00f4t\u00e9 Terrasses du port] et le bras de d\u00e9charge de la Lys.<\/p>\n\n\n\n<p>Les premiers travaux consistent en la r\u00e9alisation des massifs de fondations et de ma\u00e7onnerie de part et d&rsquo;autre.<\/p>\n\n\n\n<p>Pour des raisons de s\u00e9curit\u00e9, la travers\u00e9e pi\u00e9tonne sera strictement interdite (mise en place de barri\u00e8res H\u00e9ras), les pi\u00e9tons ne pourront plus le temps du chantier traverser sur la passerelle de service de la porte amont de l&rsquo;\u00e9cluse, comme la r\u00e9glementation l&rsquo;impose actuellement (panneaux acc\u00e8s interdit) mais contraire \u00e0 l&rsquo;usage de la population.<\/p>\n\n\n\n<p>Merci de votre compr\u00e9hension.<\/p>\n","protected":false},"excerpt":{"rendered":"<p>La passerelle est en cours de fabrication et devrait arriver sur site fin avril, puis essais jusque mi-mai avec pour ambition une mise en service fin mai \/ d\u00e9but juin. L&rsquo;entreprise arrive sur site le mardi 17 mars pour installer sa base vie, Impasse ancienne RN 16, entre la sortie de parking [c\u00f4t\u00e9 Terrasses du port] et le bras de d\u00e9charge de la Lys. Les premiers travaux consistent en la r\u00e9alisation des massifs de fondations et de ma\u00e7onnerie de part et d&rsquo;autre. Pour des raisons de s\u00e9curit\u00e9, la travers\u00e9e pi\u00e9tonne sera strictement interdite (mise en place de barri\u00e8res H\u00e9ras), les pi\u00e9tons ne pourront plus le temps du chantier traverser sur la passerelle de service de la porte amont de l&rsquo;\u00e9cluse, comme la r\u00e9glementation l&rsquo;impose actuellement (panneaux acc\u00e8s interdit) mais contraire \u00e0 l&rsquo;usage de la population. Merci de votre compr\u00e9hension.<\/p>\n","protected":false},"author":2,"featured_media":10227,"comment_status":"closed","ping_status":"closed","sticky":false,"template":"","format":"standard","meta":{"cybocfi_hide_featured_image":"yes","footnotes":""},"categories":[60,63],"tags":[],"class_list":["post-10226","post","type-post","status-publish","format-standard","has-post-thumbnail","hentry","category-a-la-une","category-actualites"],"yoast_head":"<!-- This site is optimized with the Yoast SEO plugin v27.5 - https:\/\/yoast.com\/product\/yoast-seo-wordpress\/ -->\n<title>Passerelle de franchissement de la Lys aux \u00e9cluses Haverskerque\/Saint-Venant * Haverskerque, 100% Nature !*<\/title>\n<meta name=\"robots\" content=\"index, follow, max-snippet:-1, max-image-preview:large, max-video-preview:-1\" \/>\n<link rel=\"canonical\" href=\"https:\/\/www.haverskerque.fr\/index.php\/2026\/04\/27\/passerelle-de-franchissement-de-la-lys-aux-ecluses-haverskerque-saint-venant\/\" \/>\n<meta property=\"og:locale\" content=\"fr_FR\" \/>\n<meta property=\"og:type\" content=\"article\" \/>\n<meta property=\"og:title\" content=\"Passerelle de franchissement de la Lys aux \u00e9cluses Haverskerque\/Saint-Venant * Haverskerque, 100% Nature !*\" \/>\n<meta property=\"og:description\" content=\"La passerelle est en cours de fabrication et devrait arriver sur site fin avril, puis essais jusque mi-mai avec pour ambition une mise en service fin mai \/ d\u00e9but juin. L&rsquo;entreprise arrive sur site le mardi 17 mars pour installer sa base vie, Impasse ancienne RN 16, entre la sortie de parking [c\u00f4t\u00e9 Terrasses du port] et le bras de d\u00e9charge de la Lys. Les premiers travaux consistent en la r\u00e9alisation des massifs de fondations et de ma\u00e7onnerie de part et d&rsquo;autre. Pour des raisons de s\u00e9curit\u00e9, la travers\u00e9e pi\u00e9tonne sera strictement interdite (mise en place de barri\u00e8res H\u00e9ras), les pi\u00e9tons ne pourront plus le temps du chantier traverser sur la passerelle de service de la porte amont de l&rsquo;\u00e9cluse, comme la r\u00e9glementation l&rsquo;impose actuellement (panneaux acc\u00e8s interdit) mais contraire \u00e0 l&rsquo;usage de la population. Merci de votre compr\u00e9hension.\" \/>\n<meta property=\"og:url\" content=\"https:\/\/www.haverskerque.fr\/index.php\/2026\/04\/27\/passerelle-de-franchissement-de-la-lys-aux-ecluses-haverskerque-saint-venant\/\" \/>\n<meta property=\"og:site_name\" content=\"Haverskerque, 100% Nature !*\" \/>\n<meta property=\"article:publisher\" content=\"https:\/\/www.facebook.com\/communehaverskerque\" \/>\n<meta property=\"article:published_time\" content=\"2026-04-27T09:01:44+00:00\" \/>\n<meta property=\"article:modified_time\" content=\"2026-04-27T09:01:46+00:00\" \/>\n<meta property=\"og:image\" content=\"https:\/\/www.haverskerque.fr\/wp-content\/uploads\/2026\/03\/ecluse.jpg\" \/>\n\t<meta property=\"og:image:width\" content=\"1350\" \/>\n\t<meta property=\"og:image:height\" content=\"759\" \/>\n\t<meta property=\"og:image:type\" content=\"image\/jpeg\" \/>\n<meta name=\"author\" content=\"Communication\" \/>\n<meta name=\"twitter:card\" content=\"summary_large_image\" \/>\n<meta name=\"twitter:label1\" content=\"\u00c9crit par\" \/>\n\t<meta name=\"twitter:data1\" content=\"Communication\" \/>\n\t<meta name=\"twitter:label2\" content=\"Dur\u00e9e de lecture estim\u00e9e\" \/>\n\t<meta name=\"twitter:data2\" content=\"2 minutes\" \/>\n<script type=\"application\/ld+json\" class=\"yoast-schema-graph\">{\"@context\":\"https:\\\/\\\/schema.org\",\"@graph\":[{\"@type\":\"Article\",\"@id\":\"https:\\\/\\\/www.haverskerque.fr\\\/index.php\\\/2026\\\/04\\\/27\\\/passerelle-de-franchissement-de-la-lys-aux-ecluses-haverskerque-saint-venant\\\/#article\",\"isPartOf\":{\"@id\":\"https:\\\/\\\/www.haverskerque.fr\\\/index.php\\\/2026\\\/04\\\/27\\\/passerelle-de-franchissement-de-la-lys-aux-ecluses-haverskerque-saint-venant\\\/\"},\"author\":{\"name\":\"Communication\",\"@id\":\"https:\\\/\\\/haverskerque.fr\\\/#\\\/schema\\\/person\\\/aafb858b21dd4f2d37a7ab8c59b836ad\"},\"headline\":\"Passerelle de franchissement de la Lys aux \u00e9cluses Haverskerque\\\/Saint-Venant\",\"datePublished\":\"2026-04-27T09:01:44+00:00\",\"dateModified\":\"2026-04-27T09:01:46+00:00\",\"mainEntityOfPage\":{\"@id\":\"https:\\\/\\\/www.haverskerque.fr\\\/index.php\\\/2026\\\/04\\\/27\\\/passerelle-de-franchissement-de-la-lys-aux-ecluses-haverskerque-saint-venant\\\/\"},\"wordCount\":164,\"publisher\":{\"@id\":\"https:\\\/\\\/haverskerque.fr\\\/#organization\"},\"image\":{\"@id\":\"https:\\\/\\\/www.haverskerque.fr\\\/index.php\\\/2026\\\/04\\\/27\\\/passerelle-de-franchissement-de-la-lys-aux-ecluses-haverskerque-saint-venant\\\/#primaryimage\"},\"thumbnailUrl\":\"https:\\\/\\\/www.haverskerque.fr\\\/wp-content\\\/uploads\\\/2026\\\/03\\\/ecluse.jpg\",\"articleSection\":[\"A la Une\",\"Actualit\u00e9s\"],\"inLanguage\":\"fr-FR\"},{\"@type\":\"WebPage\",\"@id\":\"https:\\\/\\\/www.haverskerque.fr\\\/index.php\\\/2026\\\/04\\\/27\\\/passerelle-de-franchissement-de-la-lys-aux-ecluses-haverskerque-saint-venant\\\/\",\"url\":\"https:\\\/\\\/www.haverskerque.fr\\\/index.php\\\/2026\\\/04\\\/27\\\/passerelle-de-franchissement-de-la-lys-aux-ecluses-haverskerque-saint-venant\\\/\",\"name\":\"Passerelle de franchissement de la Lys aux \u00e9cluses Haverskerque\\\/Saint-Venant * Haverskerque, 100% Nature !*\",\"isPartOf\":{\"@id\":\"https:\\\/\\\/haverskerque.fr\\\/#website\"},\"primaryImageOfPage\":{\"@id\":\"https:\\\/\\\/www.haverskerque.fr\\\/index.php\\\/2026\\\/04\\\/27\\\/passerelle-de-franchissement-de-la-lys-aux-ecluses-haverskerque-saint-venant\\\/#primaryimage\"},\"image\":{\"@id\":\"https:\\\/\\\/www.haverskerque.fr\\\/index.php\\\/2026\\\/04\\\/27\\\/passerelle-de-franchissement-de-la-lys-aux-ecluses-haverskerque-saint-venant\\\/#primaryimage\"},\"thumbnailUrl\":\"https:\\\/\\\/www.haverskerque.fr\\\/wp-content\\\/uploads\\\/2026\\\/03\\\/ecluse.jpg\",\"datePublished\":\"2026-04-27T09:01:44+00:00\",\"dateModified\":\"2026-04-27T09:01:46+00:00\",\"breadcrumb\":{\"@id\":\"https:\\\/\\\/www.haverskerque.fr\\\/index.php\\\/2026\\\/04\\\/27\\\/passerelle-de-franchissement-de-la-lys-aux-ecluses-haverskerque-saint-venant\\\/#breadcrumb\"},\"inLanguage\":\"fr-FR\",\"potentialAction\":[{\"@type\":\"ReadAction\",\"target\":[\"https:\\\/\\\/www.haverskerque.fr\\\/index.php\\\/2026\\\/04\\\/27\\\/passerelle-de-franchissement-de-la-lys-aux-ecluses-haverskerque-saint-venant\\\/\"]}]},{\"@type\":\"BreadcrumbList\",\"@id\":\"https:\\\/\\\/www.haverskerque.fr\\\/index.php\\\/2026\\\/04\\\/27\\\/passerelle-de-franchissement-de-la-lys-aux-ecluses-haverskerque-saint-venant\\\/#breadcrumb\",\"itemListElement\":[{\"@type\":\"ListItem\",\"position\":1,\"name\":\"Accueil\",\"item\":\"https:\\\/\\\/www.haverskerque.fr\\\/\"},{\"@type\":\"ListItem\",\"position\":2,\"name\":\"Passerelle de franchissement de la Lys aux \u00e9cluses Haverskerque\\\/Saint-Venant\"}]},{\"@type\":\"WebSite\",\"@id\":\"https:\\\/\\\/haverskerque.fr\\\/#website\",\"url\":\"https:\\\/\\\/haverskerque.fr\\\/\",\"name\":\"Haverskerque\",\"description\":\"Haverskerque, 100% Nature !\",\"publisher\":{\"@id\":\"https:\\\/\\\/haverskerque.fr\\\/#organization\"},\"alternateName\":\"Haverskerque\",\"potentialAction\":[{\"@type\":\"SearchAction\",\"target\":{\"@type\":\"EntryPoint\",\"urlTemplate\":\"https:\\\/\\\/haverskerque.fr\\\/?s={search_term_string}\"},\"query-input\":{\"@type\":\"PropertyValueSpecification\",\"valueRequired\":true,\"valueName\":\"search_term_string\"}}],\"inLanguage\":\"fr-FR\"},{\"@type\":\"Organization\",\"@id\":\"https:\\\/\\\/haverskerque.fr\\\/#organization\",\"name\":\"Commune d'Haverskerque\",\"alternateName\":\"Commune d'Haverskerque\",\"url\":\"https:\\\/\\\/haverskerque.fr\\\/\",\"logo\":{\"@type\":\"ImageObject\",\"inLanguage\":\"fr-FR\",\"@id\":\"https:\\\/\\\/haverskerque.fr\\\/#\\\/schema\\\/logo\\\/image\\\/\",\"url\":\"https:\\\/\\\/haverskerque.fr\\\/wp-content\\\/uploads\\\/2024\\\/01\\\/siteon0-e5814-1.png\",\"contentUrl\":\"https:\\\/\\\/haverskerque.fr\\\/wp-content\\\/uploads\\\/2024\\\/01\\\/siteon0-e5814-1.png\",\"width\":236,\"height\":102,\"caption\":\"Commune d'Haverskerque\"},\"image\":{\"@id\":\"https:\\\/\\\/haverskerque.fr\\\/#\\\/schema\\\/logo\\\/image\\\/\"},\"sameAs\":[\"https:\\\/\\\/www.facebook.com\\\/communehaverskerque\",\"https:\\\/\\\/www.instagram.com\\\/communehaverskerque\\\/\"]},{\"@type\":\"Person\",\"@id\":\"https:\\\/\\\/haverskerque.fr\\\/#\\\/schema\\\/person\\\/aafb858b21dd4f2d37a7ab8c59b836ad\",\"name\":\"Communication\",\"image\":{\"@type\":\"ImageObject\",\"inLanguage\":\"fr-FR\",\"@id\":\"https:\\\/\\\/secure.gravatar.com\\\/avatar\\\/f1f32f6a5fe89824a018e48a8d0132dc8a2017a5c81ea8ad1f3bdfd5fe9dddc4?s=96&d=mm&r=g\",\"url\":\"https:\\\/\\\/secure.gravatar.com\\\/avatar\\\/f1f32f6a5fe89824a018e48a8d0132dc8a2017a5c81ea8ad1f3bdfd5fe9dddc4?s=96&d=mm&r=g\",\"contentUrl\":\"https:\\\/\\\/secure.gravatar.com\\\/avatar\\\/f1f32f6a5fe89824a018e48a8d0132dc8a2017a5c81ea8ad1f3bdfd5fe9dddc4?s=96&d=mm&r=g\",\"caption\":\"Communication\"},\"url\":\"https:\\\/\\\/www.haverskerque.fr\\\/index.php\\\/author\\\/clement\\\/\"}]}<\/script>\n<!-- \/ Yoast SEO plugin. -->","yoast_head_json":{"title":"Passerelle de franchissement de la Lys aux \u00e9cluses Haverskerque\/Saint-Venant * Haverskerque, 100% Nature !*","robots":{"index":"index","follow":"follow","max-snippet":"max-snippet:-1","max-image-preview":"max-image-preview:large","max-video-preview":"max-video-preview:-1"},"canonical":"https:\/\/www.haverskerque.fr\/index.php\/2026\/04\/27\/passerelle-de-franchissement-de-la-lys-aux-ecluses-haverskerque-saint-venant\/","og_locale":"fr_FR","og_type":"article","og_title":"Passerelle de franchissement de la Lys aux \u00e9cluses Haverskerque\/Saint-Venant * Haverskerque, 100% Nature !*","og_description":"La passerelle est en cours de fabrication et devrait arriver sur site fin avril, puis essais jusque mi-mai avec pour ambition une mise en service fin mai \/ d\u00e9but juin. L&rsquo;entreprise arrive sur site le mardi 17 mars pour installer sa base vie, Impasse ancienne RN 16, entre la sortie de parking [c\u00f4t\u00e9 Terrasses du port] et le bras de d\u00e9charge de la Lys. Les premiers travaux consistent en la r\u00e9alisation des massifs de fondations et de ma\u00e7onnerie de part et d&rsquo;autre. Pour des raisons de s\u00e9curit\u00e9, la travers\u00e9e pi\u00e9tonne sera strictement interdite (mise en place de barri\u00e8res H\u00e9ras), les pi\u00e9tons ne pourront plus le temps du chantier traverser sur la passerelle de service de la porte amont de l&rsquo;\u00e9cluse, comme la r\u00e9glementation l&rsquo;impose actuellement (panneaux acc\u00e8s interdit) mais contraire \u00e0 l&rsquo;usage de la population. Merci de votre compr\u00e9hension.","og_url":"https:\/\/www.haverskerque.fr\/index.php\/2026\/04\/27\/passerelle-de-franchissement-de-la-lys-aux-ecluses-haverskerque-saint-venant\/","og_site_name":"Haverskerque, 100% Nature !*","article_publisher":"https:\/\/www.facebook.com\/communehaverskerque","article_published_time":"2026-04-27T09:01:44+00:00","article_modified_time":"2026-04-27T09:01:46+00:00","og_image":[{"width":1350,"height":759,"url":"https:\/\/www.haverskerque.fr\/wp-content\/uploads\/2026\/03\/ecluse.jpg","type":"image\/jpeg"}],"author":"Communication","twitter_card":"summary_large_image","twitter_misc":{"\u00c9crit par":"Communication","Dur\u00e9e de lecture estim\u00e9e":"2 minutes"},"schema":{"@context":"https:\/\/schema.org","@graph":[{"@type":"Article","@id":"https:\/\/www.haverskerque.fr\/index.php\/2026\/04\/27\/passerelle-de-franchissement-de-la-lys-aux-ecluses-haverskerque-saint-venant\/#article","isPartOf":{"@id":"https:\/\/www.haverskerque.fr\/index.php\/2026\/04\/27\/passerelle-de-franchissement-de-la-lys-aux-ecluses-haverskerque-saint-venant\/"},"author":{"name":"Communication","@id":"https:\/\/haverskerque.fr\/#\/schema\/person\/aafb858b21dd4f2d37a7ab8c59b836ad"},"headline":"Passerelle de franchissement de la Lys aux \u00e9cluses Haverskerque\/Saint-Venant","datePublished":"2026-04-27T09:01:44+00:00","dateModified":"2026-04-27T09:01:46+00:00","mainEntityOfPage":{"@id":"https:\/\/www.haverskerque.fr\/index.php\/2026\/04\/27\/passerelle-de-franchissement-de-la-lys-aux-ecluses-haverskerque-saint-venant\/"},"wordCount":164,"publisher":{"@id":"https:\/\/haverskerque.fr\/#organization"},"image":{"@id":"https:\/\/www.haverskerque.fr\/index.php\/2026\/04\/27\/passerelle-de-franchissement-de-la-lys-aux-ecluses-haverskerque-saint-venant\/#primaryimage"},"thumbnailUrl":"https:\/\/www.haverskerque.fr\/wp-content\/uploads\/2026\/03\/ecluse.jpg","articleSection":["A la Une","Actualit\u00e9s"],"inLanguage":"fr-FR"},{"@type":"WebPage","@id":"https:\/\/www.haverskerque.fr\/index.php\/2026\/04\/27\/passerelle-de-franchissement-de-la-lys-aux-ecluses-haverskerque-saint-venant\/","url":"https:\/\/www.haverskerque.fr\/index.php\/2026\/04\/27\/passerelle-de-franchissement-de-la-lys-aux-ecluses-haverskerque-saint-venant\/","name":"Passerelle de franchissement de la Lys aux \u00e9cluses Haverskerque\/Saint-Venant * Haverskerque, 100% Nature !*","isPartOf":{"@id":"https:\/\/haverskerque.fr\/#website"},"primaryImageOfPage":{"@id":"https:\/\/www.haverskerque.fr\/index.php\/2026\/04\/27\/passerelle-de-franchissement-de-la-lys-aux-ecluses-haverskerque-saint-venant\/#primaryimage"},"image":{"@id":"https:\/\/www.haverskerque.fr\/index.php\/2026\/04\/27\/passerelle-de-franchissement-de-la-lys-aux-ecluses-haverskerque-saint-venant\/#primaryimage"},"thumbnailUrl":"https:\/\/www.haverskerque.fr\/wp-content\/uploads\/2026\/03\/ecluse.jpg","datePublished":"2026-04-27T09:01:44+00:00","dateModified":"2026-04-27T09:01:46+00:00","breadcrumb":{"@id":"https:\/\/www.haverskerque.fr\/index.php\/2026\/04\/27\/passerelle-de-franchissement-de-la-lys-aux-ecluses-haverskerque-saint-venant\/#breadcrumb"},"inLanguage":"fr-FR","potentialAction":[{"@type":"ReadAction","target":["https:\/\/www.haverskerque.fr\/index.php\/2026\/04\/27\/passerelle-de-franchissement-de-la-lys-aux-ecluses-haverskerque-saint-venant\/"]}]},{"@type":"BreadcrumbList","@id":"https:\/\/www.haverskerque.fr\/index.php\/2026\/04\/27\/passerelle-de-franchissement-de-la-lys-aux-ecluses-haverskerque-saint-venant\/#breadcrumb","itemListElement":[{"@type":"ListItem","position":1,"name":"Accueil","item":"https:\/\/www.haverskerque.fr\/"},{"@type":"ListItem","position":2,"name":"Passerelle de franchissement de la Lys aux \u00e9cluses Haverskerque\/Saint-Venant"}]},{"@type":"WebSite","@id":"https:\/\/haverskerque.fr\/#website","url":"https:\/\/haverskerque.fr\/","name":"Haverskerque","description":"Haverskerque, 100% Nature !","publisher":{"@id":"https:\/\/haverskerque.fr\/#organization"},"alternateName":"Haverskerque","potentialAction":[{"@type":"SearchAction","target":{"@type":"EntryPoint","urlTemplate":"https:\/\/haverskerque.fr\/?s={search_term_string}"},"query-input":{"@type":"PropertyValueSpecification","valueRequired":true,"valueName":"search_term_string"}}],"inLanguage":"fr-FR"},{"@type":"Organization","@id":"https:\/\/haverskerque.fr\/#organization","name":"Commune d'Haverskerque","alternateName":"Commune d'Haverskerque","url":"https:\/\/haverskerque.fr\/","logo":{"@type":"ImageObject","inLanguage":"fr-FR","@id":"https:\/\/haverskerque.fr\/#\/schema\/logo\/image\/","url":"https:\/\/haverskerque.fr\/wp-content\/uploads\/2024\/01\/siteon0-e5814-1.png","contentUrl":"https:\/\/haverskerque.fr\/wp-content\/uploads\/2024\/01\/siteon0-e5814-1.png","width":236,"height":102,"caption":"Commune d'Haverskerque"},"image":{"@id":"https:\/\/haverskerque.fr\/#\/schema\/logo\/image\/"},"sameAs":["https:\/\/www.facebook.com\/communehaverskerque","https:\/\/www.instagram.com\/communehaverskerque\/"]},{"@type":"Person","@id":"https:\/\/haverskerque.fr\/#\/schema\/person\/aafb858b21dd4f2d37a7ab8c59b836ad","name":"Communication","image":{"@type":"ImageObject","inLanguage":"fr-FR","@id":"https:\/\/secure.gravatar.com\/avatar\/f1f32f6a5fe89824a018e48a8d0132dc8a2017a5c81ea8ad1f3bdfd5fe9dddc4?s=96&d=mm&r=g","url":"https:\/\/secure.gravatar.com\/avatar\/f1f32f6a5fe89824a018e48a8d0132dc8a2017a5c81ea8ad1f3bdfd5fe9dddc4?s=96&d=mm&r=g","contentUrl":"https:\/\/secure.gravatar.com\/avatar\/f1f32f6a5fe89824a018e48a8d0132dc8a2017a5c81ea8ad1f3bdfd5fe9dddc4?s=96&d=mm&r=g","caption":"Communication"},"url":"https:\/\/www.haverskerque.fr\/index.php\/author\/clement\/"}]}},"_links":{"self":[{"href":"https:\/\/www.haverskerque.fr\/index.php\/wp-json\/wp\/v2\/posts\/10226","targetHints":{"allow":["GET"]}}],"collection":[{"href":"https:\/\/www.haverskerque.fr\/index.php\/wp-json\/wp\/v2\/posts"}],"about":[{"href":"https:\/\/www.haverskerque.fr\/index.php\/wp-json\/wp\/v2\/types\/post"}],"author":[{"embeddable":true,"href":"https:\/\/www.haverskerque.fr\/index.php\/wp-json\/wp\/v2\/users\/2"}],"replies":[{"embeddable":true,"href":"https:\/\/www.haverskerque.fr\/index.php\/wp-json\/wp\/v2\/comments?post=10226"}],"version-history":[{"count":1,"href":"https:\/\/www.haverskerque.fr\/index.php\/wp-json\/wp\/v2\/posts\/10226\/revisions"}],"predecessor-version":[{"id":10228,"href":"https:\/\/www.haverskerque.fr\/index.php\/wp-json\/wp\/v2\/posts\/10226\/revisions\/10228"}],"wp:featuredmedia":[{"embeddable":true,"href":"https:\/\/www.haverskerque.fr\/index.php\/wp-json\/wp\/v2\/media\/10227"}],"wp:attachment":[{"href":"https:\/\/www.haverskerque.fr\/index.php\/wp-json\/wp\/v2\/media?parent=10226"}],"wp:term":[{"taxonomy":"category","embeddable":true,"href":"https:\/\/www.haverskerque.fr\/index.php\/wp-json\/wp\/v2\/categories?post=10226"},{"taxonomy":"post_tag","embeddable":true,"href":"https:\/\/www.haverskerque.fr\/index.php\/wp-json\/wp\/v2\/tags?post=10226"}],"curies":[{"name":"wp","href":"https:\/\/api.w.org\/{rel}","templated":true}]}}